{"id":15892,"date":"2019-12-03T13:17:07","date_gmt":"2019-12-03T12:17:07","guid":{"rendered":"https:\/\/www.sage.com\/es-es\/blog\/?p=15892"},"modified":"2026-02-04T17:58:28","modified_gmt":"2026-02-04T16:58:28","slug":"revolucion-digital-obstaculos-y-oportunidades-para-espana","status":"publish","type":"post","link":"https:\/\/www.sage.com\/es-es\/blog\/revolucion-digital-obstaculos-y-oportunidades-para-espana\/","title":{"rendered":"Revoluci\u00f3n digital: obst\u00e1culos y oportunidades para Espa\u00f1a"},"content":{"rendered":"<header class=\"entry-header has-dark-background-color entry-header--has-illustration entry-header--has-illustration--generic\">\n\t<div class=\"container\">\n\t\t<div class=\"entry-header__row row align-center\">\n\t\t\t<div class=\"col col-lg-7 col-xlg-6 entry-header__content\">\n\t\t\t\t\t\t\t<div class=\"component component-single-header\">\n\t\t\t\t\t\t\t\t\t\t<div class=\"entry-header__misc text--subtitle text--uppercase text--small\">\n\t\t\t\t\t\t\t<a href=\"https:\/\/www.sage.com\/es-es\/blog\/categoria\/estrategia-gestion\/\" class=\"entry-header__link\">Estrategia y Gesti\u00f3n<\/a>\t\t\t\t\t\t<\/div>\n\t\t\t\t\n\t\t\t\t<div class=\"entry-title-wrapper\">\n\t\t\t\t\t<h1 class=\"entry-title\">\n\t\t\t\t\t\tRevoluci\u00f3n digital: obst\u00e1culos y oportunidades para Espa\u00f1a\t\t\t\t\t<\/h1>\n\t\t\t\t<\/div>\n\n\t\t\t\t\t\t\t\t\t<p class=\"entry-header__description\">\n\t\t\t\t\t\t\t\t\t\t\t<\/p>\n\t\t\t\t\n\t\t\t\t\n\t\t\t\t\n\t\t\t<\/div>\n\n\t\t\t\t\t<\/div>\n\t\t\t\t\t<\/div>\n\t<\/div>\n\t<div class=\"single-post-details container\">\n\t\t<div class=\"col\">\n\t\t\t<span class=\"posted-on \"><time class=\"entry-date published\" datetime=\"2019-12-03T13:17:07+01:00\">3 December, 2019<\/time><\/span><span class=\"reading-time\"> minutos de lectura<\/span>\n\t\t<button\n\t\t\ttype=\"button\"\n\t\t\tclass=\"social-share-button button button--icon button--secondary js-social-share-button\"\n\t\t\tdata-share-title=\"Revoluci\u00f3n digital: obst\u00e1culos y oportunidades para Espa\u00f1a\"\n\t\t\tdata-share-url=\"https:\/\/www.sage.com\/es-es\/blog\/revolucion-digital-obstaculos-y-oportunidades-para-espana\/\"\n\t\t\tdata-share-text=\"Please read this interesting article\"\n\t\t>\n\t\t\t<span class=\"social-share-button__share-label\">Compartir<\/span>\n\t\t\t<span class=\"social-share-button__copy-label\" hidden>Copiar enlace<\/span>\n\t\t\t<span class=\"social-share-button__copy-tooltip\" aria-hidden=\"true\" hidden>Copiado<\/span>\n\t\t<\/button>\n\n\t\t\t\t<\/div>\n\t<\/div>\n<\/header>\n\n\n\n<div class=\"wp-block-post-author has-dark-background-color alignfull\">\n\t<div class=\"container\">\n\t\t<div class=\"col\">\n\t\t\t\t\t\t\t<div class=\"co-authors\">\n\t\t\t\t\t\n\t\t<div class=\"entry-author-wrapper\">\n\t\t\t<a class=\"entry-author\" href=\"https:\/\/www.sage.com\/es-es\/blog\/author\/hernanrodriguez\/\">\n\t\t\t\t<img loading=\"lazy\" decoding=\"async\" width=\"40\" height=\"40\" src=\"https:\/\/www.sage.com\/es-es\/blog\/wp-content\/uploads\/sites\/8\/2019\/02\/portrait_1117-350x350.jpg\" class=\"entry-author__image\" alt=\"Sage\" srcset=\"https:\/\/www.sage.com\/es-es\/blog\/wp-content\/uploads\/sites\/8\/2019\/02\/portrait_1117-350x350.jpg 350w, https:\/\/www.sage.com\/es-es\/blog\/wp-content\/uploads\/sites\/8\/2019\/02\/portrait_1117-768x768.jpg 768w, https:\/\/www.sage.com\/es-es\/blog\/wp-content\/uploads\/sites\/8\/2019\/02\/portrait_1117-810x810.jpg 810w, https:\/\/www.sage.com\/es-es\/blog\/wp-content\/uploads\/sites\/8\/2019\/02\/portrait_1117.jpg 1080w\" sizes=\"auto, (max-width: 40px) 100vw, 40px\" \/>\t\t\t\t<span class=\"entry-author__name\">Hern\u00e1n Rodr\u00edguez<\/span>\n\t\t\t<\/a>\n\n\t\t\t\t\t<\/div>\n\n\t\t\t\t\t\t<\/div>\n\t\t\t\t\t<\/div>\n\t<\/div>\n<\/div>\n\n\n\n<p><span data-contrast=\"auto\">A punto de entrar en la segunda d\u00e9cada del siglo XXI y en pleno despegue de la cuarta revoluci\u00f3n industrial, nos enfrentamos a un futuro de grandes cambios en todos lo<\/span><span data-contrast=\"auto\">s<\/span><span data-contrast=\"auto\">&nbsp;\u00e1mbitos de nuestra sociedad<\/span><span data-contrast=\"auto\">.&nbsp;<\/span><span data-ccp-props=\"{&quot;201341983&quot;:0,&quot;335559739&quot;:160,&quot;335559740&quot;:259}\">&nbsp;<\/span><\/p>\n\n\n\n<p><span data-contrast=\"auto\">Estos cambios impulsados por el <strong>desarrollo&nbsp;<\/strong><\/span><strong>tecnol\u00f3gico<\/strong><span data-contrast=\"auto\">&nbsp;no solo impactan de una forma significativa, como&nbsp;<\/span><span data-contrast=\"auto\">nunca<\/span><span data-contrast=\"auto\">&nbsp;hab\u00edamos visto en la historia de la humanidad, en la econom\u00eda, en las empresas, en los mercados y en la vida de los ciudadanos de los pa\u00edses de todo el&nbsp;<\/span><span data-contrast=\"auto\">mundo,<\/span><span data-contrast=\"auto\">&nbsp;sino que adem\u00e1s lo hace<\/span><span data-contrast=\"auto\">&nbsp;a una velocidad que se acelera a un ritmo exponencial.&nbsp;<\/span><span data-ccp-props=\"{&quot;201341983&quot;:0,&quot;335559739&quot;:160,&quot;335559740&quot;:259}\">&nbsp;<\/span><\/p>\n\n\n\n<p><span data-contrast=\"auto\">Este entorno supone un tremendo reto de adaptaci\u00f3n y transformaci\u00f3n, no solo para las empresas, sino tambi\u00e9n para los pa\u00edses y sus sistemas pol\u00edtico, econ\u00f3mico y social.&nbsp;<\/span><span data-contrast=\"auto\">Retos que pueden convertirse en <strong>obst\u00e1culos u oportunidades<\/strong> para liderar esta revoluci\u00f3n digital y, aunque a muchos pueda resultar extra\u00f1o, Espa\u00f1a se encuentra en una posici\u00f3n destacada dentro de la Uni\u00f3n Europea para hacer frente a estas oportunidades.<\/span><span data-ccp-props=\"{&quot;201341983&quot;:0,&quot;335559739&quot;:160,&quot;335559740&quot;:259}\">&nbsp;<\/span><\/p>\n\n\n\n<h2 class=\"wp-block-heading\" id=\"h-situ-acion-de-espana-en-el-ultimo-indicador-de-economia-y-sociedad-digital\"><span data-contrast=\"auto\">Situ<\/span><span data-contrast=\"auto\">aci\u00f3n de Espa\u00f1a en el \u00faltimo Indicador de Econom\u00eda y Sociedad Digital<\/span><\/h2>\n\n\n\n<p><span data-contrast=\"auto\">Al menos eso dicen las cifras del \u00faltimo&nbsp;<\/span><strong><span data-contrast=\"auto\">Indicador de Econom\u00eda y Sociedad Digital<\/span><\/strong><span data-contrast=\"auto\">&nbsp;(DESI en sus siglas en ingl\u00e9s) que public\u00f3 la&nbsp;<\/span><strong><span data-contrast=\"auto\">Comisi\u00f3n Europea<\/span><\/strong><span data-contrast=\"auto\">&nbsp;el pasado mes de junio. Este \u00edndice muestra el grado de competitividad de los Estados miembros en lo relativo a Econom\u00eda y Sociedad Digital analizando los valores de hasta 44 indicadores relacionados con la conectividad, el capital humano, los servicios de internet, la integraci\u00f3n digital y los servicios p\u00fablicos digitales.<\/span><span data-ccp-props=\"{&quot;201341983&quot;:0,&quot;335559739&quot;:160,&quot;335559740&quot;:259}\">&nbsp;<\/span><br>\n<span data-contrast=\"auto\">Espa\u00f1a<\/span><span data-contrast=\"auto\">&nbsp;ocupa&nbsp;<\/span><span data-contrast=\"auto\">en el 2019&nbsp;<\/span><span data-contrast=\"auto\">el puesto und\u00e9cimo del \u00edndice&nbsp;<\/span><b><span data-contrast=\"auto\">DESI<\/span><span data-contrast=\"auto\">&nbsp;de los 28 Estados miembros, <\/span><\/b>la misma&nbsp;posici\u00f3n&nbsp;que en 2018 pero mejorando su puntuaci\u00f3n, que pasa de 53,2 a 56,1, superando la media de la UE que se sit\u00faa en 52,5.<\/p>\n\n\n\n<p>De entre las grandes potencias europeas, Espa\u00f1a se sit\u00faa solo por detr\u00e1s del Reino Unido y por delante de Alemania, Francia e Italia.<\/p>\n\n\n\n<h3 class=\"wp-block-heading\" id=\"h-servicios-publicos-digitales\">Servicios P\u00fablicos Digitales<\/h3>\n\n\n\n<p>De&nbsp;los cinco&nbsp;aspectos&nbsp;o dimensiones&nbsp;analizadas,&nbsp;Espa\u00f1a destaca en&nbsp;Servicios P\u00fablicos Digitales, <strong>ocupando la cuarta posici\u00f3n y subiendo dos<\/strong> con respecto al a\u00f1o pasado.<\/p>\n\n\n\n<ul class=\"wp-block-list\">\n<li>Esta dimensi\u00f3n refleja un alto nivel e interacci\u00f3n electr\u00f3nica entre las administraciones p\u00fablicas y los ciudadanos, destacando los indicadores sobre\u00a0datos abiertos\u00a0(2\u00aa posici\u00f3n),\u00a0servicios de sanidad electr\u00f3nica\u00a0(5\u00aa posici\u00f3n) e\u00a0intercambio de datos m\u00e9dicos\u00a0(6\u00aa posici\u00f3n).<\/li>\n<\/ul>\n\n\n\n<h3 class=\"wp-block-heading\" id=\"h-conectividad\">Conectividad<\/h3>\n\n\n\n<p>Espa\u00f1a tambi\u00e9n destaca en la dimensi\u00f3n&nbsp;Conectividad&nbsp;pasando de la posici\u00f3n 10 a la 9 en 2019.<\/p>\n\n\n\n<ul class=\"wp-block-list\">\n<li>Esta dimensi\u00f3n hace referencia al <strong>despliegue de infraestructura de banda ancha fija y m\u00f3vil<\/strong>, su calidad y su precio, donde destaca en preparaci\u00f3n para las redes\u00a05G\u00a0(8\u00aa posici\u00f3n),\u00a0cobertura\u00a0(7\u00aa posici\u00f3n) y\u00a0penetraci\u00f3n\u00a0(9\u00aa posici\u00f3n). En 2018, el 87% de los hogares ten\u00edan disponibilidad de acceso a redes ultrarr\u00e1pidas y el 94% de los hogares ten\u00edan cobertura 4G.<\/li>\n\n\n\n<li>Respecto a la adopci\u00f3n de estas tecnolog\u00edas, el 77% de los hogares dispon\u00edan de acceso a banda ancha fija y el 97% de los subscriptores de telefon\u00eda m\u00f3vil ten\u00edan acceso a banda ancha m\u00f3vil.<\/li>\n<\/ul>\n\n\n\n<h3 class=\"wp-block-heading\" id=\"h-servicios-de-internet\">Servicios de Internet<\/h3>\n\n\n\n<p>El uso de&nbsp;servicios de internet&nbsp;por parte de los ciudadanos <strong>mide el uso de los contenidos, comunicaciones y transacciones en l\u00ednea<\/strong> por parte de los ciudadanos.<\/p>\n\n\n\n<ul class=\"wp-block-list\">\n<li>En esta dimensi\u00f3n,\u00a0Espa\u00f1a mantiene el puesto 11 del a\u00f1o 2018. Seg\u00fan el \u00edndice DESI, el 83% de los espa\u00f1oles utilizaron regularmente Internet en 2018, un\u00a0indicador que incluye lectura de noticias online, uso de redes sociales o banca en l\u00ednea,\u00a0cuyo valor\u00a0se sit\u00faa en la media de la Uni\u00f3n Europea.<\/li>\n\n\n\n<li>Destaca en esta dimensi\u00f3n el indicador de personas que utilizan internet para\u00a0realizar cursos online\u00a0(3\u00aa posici\u00f3n) y por el contrario el indicador de\u00a0uso de video llamadas\u00a0cae a la posici\u00f3n 27.<\/li>\n<\/ul>\n\n\n\n<p>\u00a1Comparte! <mark class=\"highlight-and-share\">Cu\u00e1les son los obst\u00e1culos y oportunidades que pueden llevar a convertir a Espa\u00f1a en un l\u00edder de la revoluci\u00f3n digital.&nbsp;&nbsp;<\/mark><\/p>\n\n\n\n<h3 class=\"wp-block-heading\" id=\"h-tecnologia-digital\">Tecnolog\u00eda digital<\/h3>\n\n\n\n<p>La&nbsp;integraci\u00f3n de tecnolog\u00eda digital&nbsp;en Espa\u00f1a, que mide la <strong>eficiencia y la reducci\u00f3n de costes que experimentan las empresas<\/strong> que utilizan herramientas digitales, pierde un puesto con respecto al a\u00f1o pasado quedando en la 10\u00aa posici\u00f3n.<\/p>\n\n\n\n<ul class=\"wp-block-list\">\n<li>Cabe destacar en esta dimensi\u00f3n el indicador sobre\u00a0comercio electr\u00f3nico\u00a0de las pymes, que se sit\u00faa con un 18% por encima del 17% de la media de la Uni\u00f3n Europea de pymes que venden online.<\/li>\n\n\n\n<li>Tambi\u00e9n destacamos en uso de\u00a0redes sociales\u00a0por parte de las empresas (7\u00aa posici\u00f3n) y en el intercambio electr\u00f3nico de datos (4\u00aa posici\u00f3n).<\/li>\n\n\n\n<li>Por el contrario, nos encontramos con que las pymes espa\u00f1olas no realizan\u00a0ventas online\u00a0a otros pa\u00edses miembros, quedando este indicador en la posici\u00f3n 20.<\/li>\n<\/ul>\n\n\n\n<h3 class=\"wp-block-heading\" id=\"h-capital-humano\">Capital humano<\/h3>\n\n\n\n<p>El peor resultado&nbsp;de&nbsp;Espa\u00f1a, de las cinco dimensiones analizadas, y que puede suponer una <strong>gran barrera para el futuro desarrollo de la econom\u00eda digital<\/strong> en nuestro pa\u00eds es el&nbsp;capital humano.<\/p>\n\n\n\n<ul class=\"wp-block-list\">\n<li>Este indicador mide las habilidades necesarias para provechar las posibilidades que ofrece el mundo digital y Espa\u00f1a se sit\u00faa en la posici\u00f3n 17.<\/li>\n\n\n\n<li>Dentro de esta dimensi\u00f3n el peor\u00a0indicador es el porcentaje de\u00a0especialista TIC\u00a0(18\u00aa posici\u00f3n) y el porcentaje de mujeres especialistas TIC (18\u00aa posici\u00f3n).<\/li>\n\n\n\n<li>Tambi\u00e9n, seg\u00fan el informe, los niveles de\u00a0habilidades digitales\u00a0de los ciudadanos siguen siendo inferiores a la media de la UE. S\u00f3lo el 55% de las personas entre 16 y 74 a\u00f1os tienen capacidades digitales b\u00e1sicas, frente al 57% de la media europea.<\/li>\n<\/ul>\n\n\n\n<h2 class=\"wp-block-heading\" id=\"h-conclusion-es-necesario-trabajar-en-el-desarrollo-del-talento-digital\">Conclusi\u00f3n: es necesario trabajar en el desarrollo del talento digital<\/h2>\n\n\n\n<p>Muchas veces la operativa del d\u00eda a d\u00eda nos lleva a ver solo los problemas, inconvenientes o fallos de los sistemas, ya sean&nbsp;de la administraci\u00f3n p\u00fablica, los servicios p\u00fablicos, servicios digitales y de comunicaci\u00f3n de operadores de telecomunicaciones o de terceras empresas. \u00cdndices como el DESI n<strong>os permiten ver estas mismas situaciones desde una perspectiva m\u00e1s elevada<\/strong>&nbsp;y con un contexto m\u00e1s espec\u00edfico, comparando y midiendo las m\u00e9tricas de proyectos de inversi\u00f3n, campa\u00f1as de formaci\u00f3n, despliegue de infraestructuras, etc. que nos permiten valorar los resultados obtenidos y ajustar los planes y estrategias para la consecuci\u00f3n de los objetivos deseados a medio\/largo plazo.<\/p>\n\n\n\n<p>El \u00cdndice de Econom\u00eda y Sociedad Digital 2019 nos muestra un&nbsp;ligero avance de Espa\u00f1a con respecto a la media de la Uni\u00f3n Europea&nbsp;y una cierta ventaja en indicadores relevantes como la conectividad, el uso de servicios de internet y la integraci\u00f3n de la tecnolog\u00eda digital en las empresas. Sin embargo, es necesario y&nbsp;urge, trabajar en la creaci\u00f3n y formaci\u00f3n de talento digital con las habilidades necesarias para impulsar y desarrollar&nbsp;los procesos de transformaci\u00f3n digital en las empresas y administraciones p\u00fablicas.<\/p>\n\n\n\n<p>Todo ello&nbsp;con el&nbsp;fin&nbsp;de aprovechar las ventajas y beneficios que la cuarta revoluci\u00f3n industrial trae consigo.<\/p>\n\n\n<div class=\"single-cta\">\n\t<div class=\"single-cta__positioner\">\n\t\t<div class=\"single-cta__wrapper has-dark-background-color\">\n\t\t\t<div class=\"single-cta__content\">\n\t\t\t\t\t\t\t\t<h2 class=\"single-cta__title h3\">Subscr\u00edbete a la newsletter de Sage Advice<\/h2>\n\n\t\t\t\t\t\t\t\t\t<div class=\"single-cta__description\">\n\t\t\t\t\t\t<p>Recibe nuestros consejos m\u00e1s recientes directamente en la bandeja de entrada de tu correo electr\u00f3nico.<\/p>\n\t\t\t\t\t<\/div>\n\t\t\t\t\n\t\t\t\t\t\t\t\t\t\t\t\t\t\t<a\n\t\t\t\t\t\thref=\"#gate-263a5c00-99e4-4e71-8421-469deda8e674\"\n\t\t\t\t\t\tclass=\"single-cta__button button button--primary\"\n\t\t\t\t\t\t\t\t\t\t\t\t\t\t\t\t\t>Suscr\u00edbete<\/a>\n\t\t\t\t\t\t\t<\/div>\n\n\t\t\t\t\t<\/div>\n\n\t\t\t\t\t<img decoding=\"async\" width=\"1440\" height=\"810\" src=\"https:\/\/www.sage.com\/es-es\/blog\/wp-content\/uploads\/sites\/8\/2022\/04\/GettyImages-1171960556-1440x810.jpg\" class=\"single-cta__image\" alt=\"Sage\" loading=\"lazy\" srcset=\"https:\/\/www.sage.com\/es-es\/blog\/wp-content\/uploads\/sites\/8\/2022\/04\/GettyImages-1171960556-1440x810.jpg 1440w\" sizes=\"auto, (min-width: 48em) 33vw, 100vw\" \/>\t\t\t<\/div>\n<\/div>\n","protected":false},"excerpt":{"rendered":"<p>A punto de entrar en la segunda d\u00e9cada del siglo XXI y en pleno despegue de la cuarta revoluci\u00f3n industrial, nos enfrentamos a un futuro de grandes cambios en todos los&nbsp;\u00e1mbitos de nuestra sociedad.&nbsp;&nbsp; Estos cambios impulsados por el desarrollo&nbsp;tecnol\u00f3gico&nbsp;no solo impactan de una forma significativa, como&nbsp;nunca&nbsp;hab\u00edamos visto en la historia de la humanidad, en [&hellip;]<\/p>\n","protected":false},"author":719,"featured_media":9176,"comment_status":"open","ping_status":"closed","sticky":false,"template":"","format":"standard","meta":{"_sage_video":false,"post_featured_image_hide":false,"footnotes":""},"categories":[3,5],"tags":[168,237],"business_type":[10,11],"lilypad":[],"context":[],"industry":[],"persona":[],"imagine_tag":[263],"coauthors":[773],"class_list":["post-15892","post","type-post","status-publish","format-standard","has-post-thumbnail","hentry","category-estrategia-gestion","category-tecnologia-innovacion","tag-internet","tag-transformacion-digital","business_type-pequena-empresa","business_type-mediana-empresa"],"sage_meta":{"region":"es-es","author_name":"Hern\u00e1n Rodr\u00edguez","featured_image":"https:\/\/www.sage.com\/es-es\/blog\/wp-content\/uploads\/sites\/8\/2018\/01\/1675w-x-1275h_0008_Layer-2.jpg","imagine_tags":{"263":"Tecnolog\u00eda"}},"distributor_meta":false,"distributor_terms":false,"distributor_media":false,"distributor_original_site_name":"Sage Advice Espa\u00f1a","distributor_original_site_url":"https:\/\/www.sage.com\/es-es\/blog","push-errors":false,"_links":{"self":[{"href":"https:\/\/www.sage.com\/es-es\/blog\/api\/wp\/v2\/posts\/15892","targetHints":{"allow":["GET"]}}],"collection":[{"href":"https:\/\/www.sage.com\/es-es\/blog\/api\/wp\/v2\/posts"}],"about":[{"href":"https:\/\/www.sage.com\/es-es\/blog\/api\/wp\/v2\/types\/post"}],"author":[{"embeddable":true,"href":"https:\/\/www.sage.com\/es-es\/blog\/api\/wp\/v2\/users\/719"}],"replies":[{"embeddable":true,"href":"https:\/\/www.sage.com\/es-es\/blog\/api\/wp\/v2\/comments?post=15892"}],"version-history":[{"count":0,"href":"https:\/\/www.sage.com\/es-es\/blog\/api\/wp\/v2\/posts\/15892\/revisions"}],"wp:featuredmedia":[{"embeddable":true,"href":"https:\/\/www.sage.com\/es-es\/blog\/api\/wp\/v2\/media\/9176"}],"wp:attachment":[{"href":"https:\/\/www.sage.com\/es-es\/blog\/api\/wp\/v2\/media?parent=15892"}],"wp:term":[{"taxonomy":"category","embeddable":true,"href":"https:\/\/www.sage.com\/es-es\/blog\/api\/wp\/v2\/categories?post=15892"},{"taxonomy":"post_tag","embeddable":true,"href":"https:\/\/www.sage.com\/es-es\/blog\/api\/wp\/v2\/tags?post=15892"},{"taxonomy":"business_type","embeddable":true,"href":"https:\/\/www.sage.com\/es-es\/blog\/api\/wp\/v2\/business_type?post=15892"},{"taxonomy":"lilypad","embeddable":true,"href":"https:\/\/www.sage.com\/es-es\/blog\/api\/wp\/v2\/lilypad?post=15892"},{"taxonomy":"context","embeddable":true,"href":"https:\/\/www.sage.com\/es-es\/blog\/api\/wp\/v2\/context?post=15892"},{"taxonomy":"industry","embeddable":true,"href":"https:\/\/www.sage.com\/es-es\/blog\/api\/wp\/v2\/industry?post=15892"},{"taxonomy":"persona","embeddable":true,"href":"https:\/\/www.sage.com\/es-es\/blog\/api\/wp\/v2\/persona?post=15892"},{"taxonomy":"imagine_tag","embeddable":true,"href":"https:\/\/www.sage.com\/es-es\/blog\/api\/wp\/v2\/imagine_tag?post=15892"},{"taxonomy":"author","embeddable":true,"href":"https:\/\/www.sage.com\/es-es\/blog\/api\/wp\/v2\/coauthors?post=15892"}],"curies":[{"name":"wp","href":"https:\/\/api.w.org\/{rel}","templated":true}]}}