{"id":16170,"date":"2020-02-06T16:34:28","date_gmt":"2020-02-06T15:34:28","guid":{"rendered":"https:\/\/www.sage.com\/es-es\/blog\/?p=16170"},"modified":"2026-03-13T14:22:04","modified_gmt":"2026-03-13T13:22:04","slug":"riva-2020-modificacion-del-reglamento-del-iva-relativa-a-la-regulacion-de-los-acuerdos-de-ventas-en-consigna","status":"publish","type":"post","link":"https:\/\/www.sage.com\/es-es\/blog\/riva-2020-modificacion-del-reglamento-del-iva-relativa-a-la-regulacion-de-los-acuerdos-de-ventas-en-consigna\/","title":{"rendered":"RIVA (2020) \u2013 Modificaci\u00f3n del Reglamento del IVA relativa a la regulaci\u00f3n de los acuerdos de ventas en consigna"},"content":{"rendered":"<header class=\"entry-header has-dark-background-color entry-header--has-illustration entry-header--has-illustration--generic\">\n\t<div class=\"container\">\n\t\t<div class=\"entry-header__row row align-center\">\n\t\t\t<div class=\"col col-lg-7 col-xlg-6 entry-header__content\">\n\t\t\t\t\t\t\t<div class=\"component component-single-header\">\n\t\t\t\t\t\t\t\t\t\t<div class=\"entry-header__misc text--subtitle text--uppercase text--small\">\n\t\t\t\t\t\t\t<a href=\"https:\/\/www.sage.com\/es-es\/blog\/categoria\/legal\/\" class=\"entry-header__link\">Legal<\/a>\t\t\t\t\t\t<\/div>\n\t\t\t\t\n\t\t\t\t<div class=\"entry-title-wrapper\">\n\t\t\t\t\t<h1 class=\"entry-title\">\n\t\t\t\t\t\tRIVA (2020) \u2013 Modificaci\u00f3n del Reglamento del IVA relativa a la regulaci\u00f3n de los acuerdos de ventas en consigna\t\t\t\t\t<\/h1>\n\t\t\t\t<\/div>\n\n\t\t\t\t\t\t\t\t\t<p class=\"entry-header__description\">\n\t\t\t\t\t\t\t\t\t\t\t<\/p>\n\t\t\t\t\n\t\t\t\t\n\t\t\t\t\n\t\t\t<\/div>\n\n\t\t\t\t\t<\/div>\n\t\t\t\t\t<\/div>\n\t<\/div>\n\t<div class=\"single-post-details container\">\n\t\t<div class=\"col\">\n\t\t\t<span class=\"posted-on \"><time class=\"entry-date published\" datetime=\"2020-02-06T16:34:28+01:00\">6 February, 2020<\/time><\/span><span class=\"reading-time\"> minutos de lectura<\/span>\n\t\t<button\n\t\t\ttype=\"button\"\n\t\t\tclass=\"social-share-button button button--icon button--secondary js-social-share-button\"\n\t\t\tdata-share-title=\"RIVA (2020) \u2013 Modificaci\u00f3n del Reglamento del IVA relativa a la regulaci\u00f3n de los acuerdos de ventas en consigna\"\n\t\t\tdata-share-url=\"https:\/\/www.sage.com\/es-es\/blog\/riva-2020-modificacion-del-reglamento-del-iva-relativa-a-la-regulacion-de-los-acuerdos-de-ventas-en-consigna\/\"\n\t\t\tdata-share-text=\"Please read this interesting article\"\n\t\t>\n\t\t\t<span class=\"social-share-button__share-label\">Compartir<\/span>\n\t\t\t<span class=\"social-share-button__copy-label\" hidden>Copiar enlace<\/span>\n\t\t\t<span class=\"social-share-button__copy-tooltip\" aria-hidden=\"true\" hidden>Copiado<\/span>\n\t\t<\/button>\n\n\t\t\t\t<\/div>\n\t<\/div>\n<\/header>\n\n\n<div class=\"wp-block-post-author has-dark-background-color alignfull\">\n\t<div class=\"container\">\n\t\t<div class=\"col\">\n\t\t\t\t\t\t\t<div class=\"co-authors\">\n\t\t\t\t\t\n\t\t<div class=\"entry-author-wrapper\">\n\t\t\t<a class=\"entry-author\" href=\"https:\/\/www.sage.com\/es-es\/blog\/author\/ronald-lozano\/\">\n\t\t\t\t<img loading=\"lazy\" decoding=\"async\" width=\"40\" height=\"40\" src=\"https:\/\/www.sage.com\/es-es\/blog\/wp-content\/uploads\/sites\/8\/2025\/02\/Ronald-Lozano-350x350.jpg\" class=\"entry-author__image\" alt=\"Sage\" srcset=\"https:\/\/www.sage.com\/es-es\/blog\/wp-content\/uploads\/sites\/8\/2025\/02\/Ronald-Lozano-350x350.jpg 350w, https:\/\/www.sage.com\/es-es\/blog\/wp-content\/uploads\/sites\/8\/2025\/02\/Ronald-Lozano.jpg 600w\" sizes=\"auto, (max-width: 40px) 100vw, 40px\" \/>\t\t\t\t<span class=\"entry-author__name\">Ronald Lozano<\/span>\n\t\t\t<\/a>\n\n\t\t\t\t\t<\/div>\n\n\t\t\t\t\t\t<\/div>\n\t\t\t\t\t<\/div>\n\t<\/div>\n<\/div>\n\n\n\n<h2 class=\"wp-block-heading\" id=\"h-a-que-afecta\"><strong>\u00bfA qu\u00e9 afecta?<\/strong><\/h2>\n\n\n\n<p>A la adaptaci\u00f3n del Reglamento del IVA como consecuencia de la regulaci\u00f3n de los acuerdos de ventas en consigna.<\/p>\n\n\n\n<h2 class=\"wp-block-heading\" id=\"h-a-quien-afecta\"><strong>\u00bfA qui\u00e9n afecta?<\/strong><\/h2>\n\n\n\n<p>A operadores intracomunitarios que expidan o transporten bienes de un Estado miembro, los depositen en un Estado miembro diferente del de origen, y, a posteriori, realicen la entrega de los mismos, dentro del plazo no superior a 12 meses desde que se depositan los bienes.<\/p>\n\n\n\n<h2 class=\"wp-block-heading\" id=\"h-como-afecta\"><strong>\u00bfC\u00f3mo afecta?<\/strong><\/h2>\n\n\n\n<ul class=\"wp-block-list\">\n<li>Las operaciones de acuerdos de venta en consigna pasan a tener tratamiento de operaciones intracomunitarias, tanto para el vendedor como para el adquirente.<\/li>\n\n\n\n<li>En el momento de la adquisici\u00f3n de los bienes depositados, se produce:\n<ul class=\"wp-block-list\">\n<li>Entrega intracomunitaria en el Estado miembro de partida<\/li>\n\n\n\n<li>Adquisici\u00f3n intracomunitaria de bienes en el Estado de destino.<\/li>\n<\/ul>\n<\/li>\n<\/ul>\n\n\n\n<p>Cuando exista un acuerdo de venta en consigna, el vendedor que expida o transporte deber\u00e1:<\/p>\n\n\n\n<ul class=\"wp-block-list\">\n<li>Registrar en el Libro de determinadas operaciones intracomunitarias todos los movimientos que afecten a ese bien (transporte, entrega, cambio de destinatario\u2026).\n<ul class=\"wp-block-list\">\n<li>Supone modificar el Libro de determinadas operaciones intracomunitarias, a\u00f1adiendo campos para registrar todos estos flujos.<\/li>\n<\/ul>\n<\/li>\n\n\n\n<li>Declarar estas operaciones en el modelo 349 identificando:\n<ul class=\"wp-block-list\">\n<li>Destinatario de los bienes<\/li>\n\n\n\n<li>Caso que cambie el destinatario, deber\u00e1 informarlo tambi\u00e9n.<\/li>\n<\/ul>\n<\/li>\n\n\n\n<li>Se suprime la presentaci\u00f3n anual del modelo 349.<\/li>\n<\/ul>\n\n\n\n<h2 class=\"wp-block-heading\" id=\"h-cuando-afecta\"><strong>\u00bfCu\u00e1ndo afecta?<\/strong><\/h2>\n\n\n\n<ul class=\"wp-block-list\">\n<li>Entrada en vigor el 01\/03\/2020.<\/li>\n\n\n\n<li><a href=\"https:\/\/www.boe.es\/boe\/dias\/2020\/02\/05\/pdfs\/BOE-A-2020-1651.pdf\">Para el Libro registro de determinadas operaciones intracomunitarias, la obligaci\u00f3n de suministrarse a trav\u00e9s de la Sede Electr\u00f3nica de la AEAT a partir del 01\/01\/2021.<strong>\u00a0<\/strong><\/a><\/li>\n<\/ul>\n\n\n<div class=\"single-cta\">\n\t<div class=\"single-cta__positioner\">\n\t\t<div class=\"single-cta__wrapper has-dark-background-color\">\n\t\t\t<div class=\"single-cta__content\">\n\t\t\t\t\t\t\t\t<h2 class=\"single-cta__title h3\">Subscr\u00edbete a la newsletter de Sage Advice<\/h2>\n\n\t\t\t\t\t\t\t\t\t<div class=\"single-cta__description\">\n\t\t\t\t\t\t<p>Recibe nuestros consejos m\u00e1s recientes directamente en la bandeja de entrada de tu correo electr\u00f3nico.<\/p>\n\t\t\t\t\t<\/div>\n\t\t\t\t\n\t\t\t\t\t\t\t\t\t\t\t\t\t\t<a\n\t\t\t\t\t\thref=\"#gate-263a5c00-99e4-4e71-8421-469deda8e674\"\n\t\t\t\t\t\tclass=\"single-cta__button button button--primary\"\n\t\t\t\t\t\t\t\t\t\t\t\t\t\t\t\t\t>Suscr\u00edbete<\/a>\n\t\t\t\t\t\t\t<\/div>\n\n\t\t\t\t\t<\/div>\n\n\t\t\t\t\t<img decoding=\"async\" width=\"1440\" height=\"810\" src=\"https:\/\/www.sage.com\/es-es\/blog\/wp-content\/uploads\/sites\/8\/2022\/04\/GettyImages-1171960556-1440x810.jpg\" class=\"single-cta__image\" alt=\"Sage\" loading=\"lazy\" srcset=\"https:\/\/www.sage.com\/es-es\/blog\/wp-content\/uploads\/sites\/8\/2022\/04\/GettyImages-1171960556-1440x810.jpg 1440w\" sizes=\"auto, (min-width: 48em) 33vw, 100vw\" \/>\t\t\t<\/div>\n<\/div>\n","protected":false},"excerpt":{"rendered":"<p>\u00bfA qu\u00e9 afecta? A la adaptaci\u00f3n del Reglamento del IVA como consecuencia de la regulaci\u00f3n de los acuerdos de ventas en consigna. \u00bfA qui\u00e9n afecta? A operadores intracomunitarios que expidan o transporten bienes de un Estado miembro, los depositen en un Estado miembro diferente del de origen, y, a posteriori, realicen la entrega de los [&hellip;]<\/p>\n","protected":false},"author":248,"featured_media":10159,"comment_status":"open","ping_status":"closed","sticky":false,"template":"","format":"standard","meta":{"_sage_video":false,"post_featured_image_hide":false,"footnotes":""},"categories":[6],"tags":[201],"business_type":[],"lilypad":[],"context":[],"industry":[],"persona":[],"imagine_tag":[],"coauthors":[670],"class_list":["post-16170","post","type-post","status-publish","format-standard","has-post-thumbnail","hentry","category-legal","tag-normativa-legal"],"sage_meta":{"region":"es-es","author_name":"Ronald Lozano","featured_image":"https:\/\/www.sage.com\/es-es\/blog\/wp-content\/uploads\/sites\/8\/2018\/02\/legal-image-chevron_Amethyst.png","imagine_tags":[]},"distributor_meta":false,"distributor_terms":false,"distributor_media":false,"distributor_original_site_name":"Sage Advice Espa\u00f1a","distributor_original_site_url":"https:\/\/www.sage.com\/es-es\/blog","push-errors":false,"_links":{"self":[{"href":"https:\/\/www.sage.com\/es-es\/blog\/api\/wp\/v2\/posts\/16170","targetHints":{"allow":["GET"]}}],"collection":[{"href":"https:\/\/www.sage.com\/es-es\/blog\/api\/wp\/v2\/posts"}],"about":[{"href":"https:\/\/www.sage.com\/es-es\/blog\/api\/wp\/v2\/types\/post"}],"author":[{"embeddable":true,"href":"https:\/\/www.sage.com\/es-es\/blog\/api\/wp\/v2\/users\/248"}],"replies":[{"embeddable":true,"href":"https:\/\/www.sage.com\/es-es\/blog\/api\/wp\/v2\/comments?post=16170"}],"version-history":[{"count":1,"href":"https:\/\/www.sage.com\/es-es\/blog\/api\/wp\/v2\/posts\/16170\/revisions"}],"predecessor-version":[{"id":37306,"href":"https:\/\/www.sage.com\/es-es\/blog\/api\/wp\/v2\/posts\/16170\/revisions\/37306"}],"wp:featuredmedia":[{"embeddable":true,"href":"https:\/\/www.sage.com\/es-es\/blog\/api\/wp\/v2\/media\/10159"}],"wp:attachment":[{"href":"https:\/\/www.sage.com\/es-es\/blog\/api\/wp\/v2\/media?parent=16170"}],"wp:term":[{"taxonomy":"category","embeddable":true,"href":"https:\/\/www.sage.com\/es-es\/blog\/api\/wp\/v2\/categories?post=16170"},{"taxonomy":"post_tag","embeddable":true,"href":"https:\/\/www.sage.com\/es-es\/blog\/api\/wp\/v2\/tags?post=16170"},{"taxonomy":"business_type","embeddable":true,"href":"https:\/\/www.sage.com\/es-es\/blog\/api\/wp\/v2\/business_type?post=16170"},{"taxonomy":"lilypad","embeddable":true,"href":"https:\/\/www.sage.com\/es-es\/blog\/api\/wp\/v2\/lilypad?post=16170"},{"taxonomy":"context","embeddable":true,"href":"https:\/\/www.sage.com\/es-es\/blog\/api\/wp\/v2\/context?post=16170"},{"taxonomy":"industry","embeddable":true,"href":"https:\/\/www.sage.com\/es-es\/blog\/api\/wp\/v2\/industry?post=16170"},{"taxonomy":"persona","embeddable":true,"href":"https:\/\/www.sage.com\/es-es\/blog\/api\/wp\/v2\/persona?post=16170"},{"taxonomy":"imagine_tag","embeddable":true,"href":"https:\/\/www.sage.com\/es-es\/blog\/api\/wp\/v2\/imagine_tag?post=16170"},{"taxonomy":"author","embeddable":true,"href":"https:\/\/www.sage.com\/es-es\/blog\/api\/wp\/v2\/coauthors?post=16170"}],"curies":[{"name":"wp","href":"https:\/\/api.w.org\/{rel}","templated":true}]}}