{"id":16408,"date":"2020-04-01T11:19:51","date_gmt":"2020-04-01T09:19:51","guid":{"rendered":"https:\/\/www.sage.com\/es-es\/blog\/?p=16408"},"modified":"2026-03-13T14:21:42","modified_gmt":"2026-03-13T13:21:42","slug":"covid-19-nuevo-procedimiento-para-la-solicitud-colectiva-de-la-prestacion-de-desempleo-en-nombre-de-los-trabajadores","status":"publish","type":"post","link":"https:\/\/www.sage.com\/es-es\/blog\/covid-19-nuevo-procedimiento-para-la-solicitud-colectiva-de-la-prestacion-de-desempleo-en-nombre-de-los-trabajadores\/","title":{"rendered":"COVID- 19 \u2013 Nuevo procedimiento para la solicitud colectiva de la prestaci\u00f3n de desempleo en nombre de los trabajadores"},"content":{"rendered":"<header class=\"entry-header has-dark-background-color entry-header--has-illustration entry-header--has-illustration--generic\">\n\t<div class=\"container\">\n\t\t<div class=\"entry-header__row row align-center\">\n\t\t\t<div class=\"col col-lg-7 col-xlg-6 entry-header__content\">\n\t\t\t\t\t\t\t<div class=\"component component-single-header\">\n\t\t\t\t\t\t\t\t\t\t<div class=\"entry-header__misc text--subtitle text--uppercase text--small\">\n\t\t\t\t\t\t\t<a href=\"https:\/\/www.sage.com\/es-es\/blog\/categoria\/legal\/\" class=\"entry-header__link\">Legal<\/a>\t\t\t\t\t\t<\/div>\n\t\t\t\t\n\t\t\t\t<div class=\"entry-title-wrapper\">\n\t\t\t\t\t<h1 class=\"entry-title\">\n\t\t\t\t\t\tCOVID- 19 \u2013 Nuevo procedimiento para la solicitud colectiva de la prestaci\u00f3n de desempleo en nombre de los trabajadores\t\t\t\t\t<\/h1>\n\t\t\t\t<\/div>\n\n\t\t\t\t\t\t\t\t\t<p class=\"entry-header__description\">\n\t\t\t\t\t\t\t\t\t\t\t<\/p>\n\t\t\t\t\n\t\t\t\t\n\t\t\t\t\n\t\t\t<\/div>\n\n\t\t\t\t\t<\/div>\n\t\t\t\t\t<\/div>\n\t<\/div>\n\t<div class=\"single-post-details container\">\n\t\t<div class=\"col\">\n\t\t\t<span class=\"posted-on \"><time class=\"entry-date published\" datetime=\"2020-04-01T11:19:51+02:00\">1 April, 2020<\/time><\/span><span class=\"reading-time\"> minutos de lectura<\/span>\n\t\t<button\n\t\t\ttype=\"button\"\n\t\t\tclass=\"social-share-button button button--icon button--secondary js-social-share-button\"\n\t\t\tdata-share-title=\"COVID- 19 \u2013 Nuevo procedimiento para la solicitud colectiva de la prestaci\u00f3n de desempleo en nombre de los trabajadores\"\n\t\t\tdata-share-url=\"https:\/\/www.sage.com\/es-es\/blog\/covid-19-nuevo-procedimiento-para-la-solicitud-colectiva-de-la-prestacion-de-desempleo-en-nombre-de-los-trabajadores\/\"\n\t\t\tdata-share-text=\"Please read this interesting article\"\n\t\t>\n\t\t\t<span class=\"social-share-button__share-label\">Compartir<\/span>\n\t\t\t<span class=\"social-share-button__copy-label\" hidden>Copiar enlace<\/span>\n\t\t\t<span class=\"social-share-button__copy-tooltip\" aria-hidden=\"true\" hidden>Copiado<\/span>\n\t\t<\/button>\n\n\t\t\t\t<\/div>\n\t<\/div>\n<\/header>\n\n\n\n<div class=\"wp-block-post-author has-dark-background-color alignfull\">\n\t<div class=\"container\">\n\t\t<div class=\"col\">\n\t\t\t\t\t\t\t<div class=\"co-authors\">\n\t\t\t\t\t\n\t\t<div class=\"entry-author-wrapper\">\n\t\t\t<a class=\"entry-author\" href=\"https:\/\/www.sage.com\/es-es\/blog\/author\/ronald-lozano\/\">\n\t\t\t\t<img loading=\"lazy\" decoding=\"async\" width=\"40\" height=\"40\" src=\"https:\/\/www.sage.com\/es-es\/blog\/wp-content\/uploads\/sites\/8\/2025\/02\/Ronald-Lozano-350x350.jpg\" class=\"entry-author__image\" alt=\"Sage\" srcset=\"https:\/\/www.sage.com\/es-es\/blog\/wp-content\/uploads\/sites\/8\/2025\/02\/Ronald-Lozano-350x350.jpg 350w, https:\/\/www.sage.com\/es-es\/blog\/wp-content\/uploads\/sites\/8\/2025\/02\/Ronald-Lozano.jpg 600w\" sizes=\"auto, (max-width: 40px) 100vw, 40px\" \/>\t\t\t\t<span class=\"entry-author__name\">Ronald Lozano<\/span>\n\t\t\t<\/a>\n\n\t\t\t\t\t<\/div>\n\n\t\t\t\t\t\t<\/div>\n\t\t\t\t\t<\/div>\n\t<\/div>\n<\/div>\n\n\n\n<p><strong>\u00bfA qu\u00e9 afecta?<\/strong><\/p>\n\n\n\n<p>Al procedimiento actual ERTEs.<\/p>\n\n\n\n<p><strong>&nbsp;<\/strong><strong>\u00bfA qui\u00e9n afecta?<\/strong><\/p>\n\n\n\n<p>A todas las empresas y aut\u00f3nomos empleadores.<\/p>\n\n\n\n<p><strong>&nbsp;<\/strong><strong>\u00bfC\u00f3mo afecta?<\/strong><\/p>\n\n\n\n<p><strong>&nbsp;<\/strong>La prestaci\u00f3n de desempleo de trabajadores afectados por un ERTE debido a COVID-19 debe ser solicitada por la empresa y no por el trabajador.<\/p>\n\n\n\n<p>Para ello las empresas, han de enviar un fichero por cada C\u00f3digo de Cuenta de Cotizaci\u00f3n donde figuren los trabajadores en activo afectados por el ERTE al correo electr\u00f3nico de la Direcci\u00f3n Provincial del SEPEE de la provincia donde se encuentre el centro de trabajo.<\/p>\n\n\n\n<p>Una vez enviada la relaci\u00f3n de trabajadores, la empresa ha de enviar de urgencia el certificado de desempleo a trav\u00e9s de la aplicaci\u00f3n Certific@.<\/p>\n\n\n\n<p><strong>&nbsp;<\/strong><strong>\u00bfDesde cu\u00e1ndo afecta?<\/strong><\/p>\n\n\n\n<p>25\/03\/2020<\/p>\n\n\n\n<p><strong>URL_Origen:<\/strong> ,<a href=\"http:\/\/www.sepe.es\/HomeSepe\/que-es-el-sepe\/comunicacion-institucional\/noticias\/detalle-noticia.html?folder=\/2020\/Marzo\/&amp;detail=solicitud-prestacion-desempleo-en-nombre-trabajadores\">http:\/\/www.sepe.es\/HomeSepe\/que-es-el-sepe\/comunicacion-institucional\/noticias\/detalle-noticia.html?folder=\/2020\/Marzo\/&amp;detail=solicitud-prestacion-desempleo-en-nombre-trabajadores<\/a>.<\/p>\n\n\n<div class=\"single-cta\">\n\t<div class=\"single-cta__positioner\">\n\t\t<div class=\"single-cta__wrapper has-dark-background-color\">\n\t\t\t<div class=\"single-cta__content\">\n\t\t\t\t\t\t\t\t<h2 class=\"single-cta__title h3\">Subscr\u00edbete a la newsletter de Sage Advice<\/h2>\n\n\t\t\t\t\t\t\t\t\t<div class=\"single-cta__description\">\n\t\t\t\t\t\t<p>Recibe nuestros consejos m\u00e1s recientes directamente en la bandeja de entrada de tu correo electr\u00f3nico.<\/p>\n\t\t\t\t\t<\/div>\n\t\t\t\t\n\t\t\t\t\t\t\t\t\t\t\t\t\t\t<a\n\t\t\t\t\t\thref=\"#gate-263a5c00-99e4-4e71-8421-469deda8e674\"\n\t\t\t\t\t\tclass=\"single-cta__button button button--primary\"\n\t\t\t\t\t\t\t\t\t\t\t\t\t\t\t\t\t>Suscr\u00edbete<\/a>\n\t\t\t\t\t\t\t<\/div>\n\n\t\t\t\t\t<\/div>\n\n\t\t\t\t\t<img decoding=\"async\" width=\"1440\" height=\"810\" src=\"https:\/\/www.sage.com\/es-es\/blog\/wp-content\/uploads\/sites\/8\/2022\/04\/GettyImages-1171960556-1440x810.jpg\" class=\"single-cta__image\" alt=\"Sage\" loading=\"lazy\" srcset=\"https:\/\/www.sage.com\/es-es\/blog\/wp-content\/uploads\/sites\/8\/2022\/04\/GettyImages-1171960556-1440x810.jpg 1440w\" sizes=\"auto, (min-width: 48em) 33vw, 100vw\" \/>\t\t\t<\/div>\n<\/div>\n","protected":false},"excerpt":{"rendered":"<p>\u00bfA qu\u00e9 afecta? Al procedimiento actual ERTEs. &nbsp;\u00bfA qui\u00e9n afecta? A todas las empresas y aut\u00f3nomos empleadores. &nbsp;\u00bfC\u00f3mo afecta? &nbsp;La prestaci\u00f3n de desempleo de trabajadores afectados por un ERTE debido a COVID-19 debe ser solicitada por la empresa y no por el trabajador. Para ello las empresas, han de enviar un fichero por cada C\u00f3digo [&hellip;]<\/p>\n","protected":false},"author":248,"featured_media":10160,"comment_status":"closed","ping_status":"closed","sticky":false,"template":"","format":"standard","meta":{"_sage_video":false,"post_featured_image_hide":false,"footnotes":""},"categories":[6],"tags":[201],"business_type":[],"lilypad":[],"context":[],"industry":[],"persona":[],"imagine_tag":[322],"coauthors":[670],"class_list":["post-16408","post","type-post","status-publish","format-standard","has-post-thumbnail","hentry","category-legal","tag-normativa-legal"],"sage_meta":{"region":"es-es","author_name":"Ronald Lozano","featured_image":"https:\/\/www.sage.com\/es-es\/blog\/wp-content\/uploads\/sites\/8\/2018\/02\/legal-image-chevron_Azul.png","imagine_tags":{"322":"Eventos"}},"distributor_meta":false,"distributor_terms":false,"distributor_media":false,"distributor_original_site_name":"Sage Advice Espa\u00f1a","distributor_original_site_url":"https:\/\/www.sage.com\/es-es\/blog","push-errors":false,"_links":{"self":[{"href":"https:\/\/www.sage.com\/es-es\/blog\/api\/wp\/v2\/posts\/16408","targetHints":{"allow":["GET"]}}],"collection":[{"href":"https:\/\/www.sage.com\/es-es\/blog\/api\/wp\/v2\/posts"}],"about":[{"href":"https:\/\/www.sage.com\/es-es\/blog\/api\/wp\/v2\/types\/post"}],"author":[{"embeddable":true,"href":"https:\/\/www.sage.com\/es-es\/blog\/api\/wp\/v2\/users\/248"}],"replies":[{"embeddable":true,"href":"https:\/\/www.sage.com\/es-es\/blog\/api\/wp\/v2\/comments?post=16408"}],"version-history":[{"count":0,"href":"https:\/\/www.sage.com\/es-es\/blog\/api\/wp\/v2\/posts\/16408\/revisions"}],"wp:featuredmedia":[{"embeddable":true,"href":"https:\/\/www.sage.com\/es-es\/blog\/api\/wp\/v2\/media\/10160"}],"wp:attachment":[{"href":"https:\/\/www.sage.com\/es-es\/blog\/api\/wp\/v2\/media?parent=16408"}],"wp:term":[{"taxonomy":"category","embeddable":true,"href":"https:\/\/www.sage.com\/es-es\/blog\/api\/wp\/v2\/categories?post=16408"},{"taxonomy":"post_tag","embeddable":true,"href":"https:\/\/www.sage.com\/es-es\/blog\/api\/wp\/v2\/tags?post=16408"},{"taxonomy":"business_type","embeddable":true,"href":"https:\/\/www.sage.com\/es-es\/blog\/api\/wp\/v2\/business_type?post=16408"},{"taxonomy":"lilypad","embeddable":true,"href":"https:\/\/www.sage.com\/es-es\/blog\/api\/wp\/v2\/lilypad?post=16408"},{"taxonomy":"context","embeddable":true,"href":"https:\/\/www.sage.com\/es-es\/blog\/api\/wp\/v2\/context?post=16408"},{"taxonomy":"industry","embeddable":true,"href":"https:\/\/www.sage.com\/es-es\/blog\/api\/wp\/v2\/industry?post=16408"},{"taxonomy":"persona","embeddable":true,"href":"https:\/\/www.sage.com\/es-es\/blog\/api\/wp\/v2\/persona?post=16408"},{"taxonomy":"imagine_tag","embeddable":true,"href":"https:\/\/www.sage.com\/es-es\/blog\/api\/wp\/v2\/imagine_tag?post=16408"},{"taxonomy":"author","embeddable":true,"href":"https:\/\/www.sage.com\/es-es\/blog\/api\/wp\/v2\/coauthors?post=16408"}],"curies":[{"name":"wp","href":"https:\/\/api.w.org\/{rel}","templated":true}]}}