{"id":16552,"date":"2020-04-24T13:55:03","date_gmt":"2020-04-24T11:55:03","guid":{"rendered":"https:\/\/www.sage.com\/es-es\/blog\/?p=16552"},"modified":"2026-03-13T14:21:34","modified_gmt":"2026-03-13T13:21:34","slug":"covid-19-novedades-respecto-el-metodo-de-estimacion-objetiva-del-irpf-y-de-la-cuota-trimestral-del-regimen-simplificado-del-iva","status":"publish","type":"post","link":"https:\/\/www.sage.com\/es-es\/blog\/covid-19-novedades-respecto-el-metodo-de-estimacion-objetiva-del-irpf-y-de-la-cuota-trimestral-del-regimen-simplificado-del-iva\/","title":{"rendered":"COVID-19: Novedades respecto el m\u00e9todo de estimaci\u00f3n objetiva del IRPF y de la cuota trimestral del r\u00e9gimen simplificado del IVA"},"content":{"rendered":"<header class=\"entry-header has-dark-background-color entry-header--has-illustration entry-header--has-illustration--generic\">\n\t<div class=\"container\">\n\t\t<div class=\"entry-header__row row align-center\">\n\t\t\t<div class=\"col col-lg-7 col-xlg-6 entry-header__content\">\n\t\t\t\t\t\t\t<div class=\"component component-single-header\">\n\t\t\t\t\t\t\t\t\t\t<div class=\"entry-header__misc text--subtitle text--uppercase text--small\">\n\t\t\t\t\t\t\t<a href=\"https:\/\/www.sage.com\/es-es\/blog\/categoria\/legal\/\" class=\"entry-header__link\">Legal<\/a>\t\t\t\t\t\t<\/div>\n\t\t\t\t\n\t\t\t\t<div class=\"entry-title-wrapper\">\n\t\t\t\t\t<h1 class=\"entry-title\">\n\t\t\t\t\t\tCOVID-19: Novedades respecto el m\u00e9todo de estimaci\u00f3n objetiva del IRPF y de la cuota trimestral del r\u00e9gimen simplificado del IVA\t\t\t\t\t<\/h1>\n\t\t\t\t<\/div>\n\n\t\t\t\t\t\t\t\t\t<p class=\"entry-header__description\">\n\t\t\t\t\t\t\t\t\t\t\t<\/p>\n\t\t\t\t\n\t\t\t\t\n\t\t\t\t\n\t\t\t<\/div>\n\n\t\t\t\t\t<\/div>\n\t\t\t\t\t<\/div>\n\t<\/div>\n\t<div class=\"single-post-details container\">\n\t\t<div class=\"col\">\n\t\t\t<span class=\"posted-on \"><time class=\"entry-date published\" datetime=\"2020-04-24T13:55:03+02:00\">24 April, 2020<\/time><\/span><span class=\"reading-time\"> minutos de lectura<\/span>\n\t\t<button\n\t\t\ttype=\"button\"\n\t\t\tclass=\"social-share-button button button--icon button--secondary js-social-share-button\"\n\t\t\tdata-share-title=\"COVID-19: Novedades respecto el m\u00e9todo de estimaci\u00f3n objetiva del IRPF y de la cuota trimestral del r\u00e9gimen simplificado del IVA\"\n\t\t\tdata-share-url=\"https:\/\/www.sage.com\/es-es\/blog\/covid-19-novedades-respecto-el-metodo-de-estimacion-objetiva-del-irpf-y-de-la-cuota-trimestral-del-regimen-simplificado-del-iva\/\"\n\t\t\tdata-share-text=\"Please read this interesting article\"\n\t\t>\n\t\t\t<span class=\"social-share-button__share-label\">Compartir<\/span>\n\t\t\t<span class=\"social-share-button__copy-label\" hidden>Copiar enlace<\/span>\n\t\t\t<span class=\"social-share-button__copy-tooltip\" aria-hidden=\"true\" hidden>Copiado<\/span>\n\t\t<\/button>\n\n\t\t\t\t<\/div>\n\t<\/div>\n<\/header>\n\n\n\n<div class=\"wp-block-post-author has-dark-background-color alignfull\">\n\t<div class=\"container\">\n\t\t<div class=\"col\">\n\t\t\t\t\t\t\t<div class=\"co-authors\">\n\t\t\t\t\t\n\t\t<div class=\"entry-author-wrapper\">\n\t\t\t<a class=\"entry-author\" href=\"https:\/\/www.sage.com\/es-es\/blog\/author\/ronald-lozano\/\">\n\t\t\t\t<img loading=\"lazy\" decoding=\"async\" width=\"40\" height=\"40\" src=\"https:\/\/www.sage.com\/es-es\/blog\/wp-content\/uploads\/sites\/8\/2025\/02\/Ronald-Lozano-350x350.jpg\" class=\"entry-author__image\" alt=\"Sage\" srcset=\"https:\/\/www.sage.com\/es-es\/blog\/wp-content\/uploads\/sites\/8\/2025\/02\/Ronald-Lozano-350x350.jpg 350w, https:\/\/www.sage.com\/es-es\/blog\/wp-content\/uploads\/sites\/8\/2025\/02\/Ronald-Lozano.jpg 600w\" sizes=\"auto, (max-width: 40px) 100vw, 40px\" \/>\t\t\t\t<span class=\"entry-author__name\">Ronald Lozano<\/span>\n\t\t\t<\/a>\n\n\t\t\t\t\t<\/div>\n\n\t\t\t\t\t\t<\/div>\n\t\t\t\t\t<\/div>\n\t<\/div>\n<\/div>\n\n\n\n<p>Con motivo del estado de alarma provocado por COVID-19 se ha decretado lo siguiente:<\/p>\n\n\n\n<ul class=\"wp-block-list\">\n<li>Para flexibilizar el r\u00e9gimen de pymes y aut\u00f3nomos se elimina la vinculaci\u00f3n obligatoria que durante tres a\u00f1os se establece legalmente para la renuncia al <a href=\"https:\/\/www.sage.com\/es-es\/blog\/cambios-en-el-regimen-de-estimacion-objetiva-o-de-modulos-para-los-autonomos-infografia\/\">m\u00e9todo de estimaci\u00f3n objetiva del IRPF<\/a>, el r\u00e9gimen simplificado y el de agricultura, ganader\u00eda y pesca del IVA.<\/li>\n\n\n\n<li>Los contribuyentes en r\u00e9gimen de estimaci\u00f3n objetiva para el IRPF y en plazo de presentaci\u00f3n de pago fraccionado podr\u00e1n renunciar a su aplicaci\u00f3n para este a\u00f1o 2020.<\/li>\n<\/ul>\n\n\n\n<p>Podr\u00e1n volver a determinar el rendimiento neto de su actividad en el ejercicio 2021 siempre que cumplan los requisitos para su aplicaci\u00f3n y revoquen la renuncia al m\u00e9todo de estimaci\u00f3n objetiva en el plazo previsto.<\/p>\n\n\n\n<ul class=\"wp-block-list\">\n<li>Esta renuncia y su posterior revocaci\u00f3n tendr\u00e1 los mismos efectos respecto de los reg\u00edmenes especiales establecidos en <a href=\"https:\/\/www.sage.com\/es-es\/blog\/todo-lo-que-necesitas-saber-sobre-el-nuevo-borrador-del-iva\/\">IVA<\/a> e IGIC.<\/li>\n\n\n\n<li>Para el c\u00e1lculo a ingresar del pago fraccionado en m\u00e9todo de estimaci\u00f3n objetiva del IRPF, no computar\u00e1n, en cada trimestre natural, como d\u00edas de ejercicio de la actividad, los d\u00edas naturales en los que hubiera estado declarado el estado de alarma en dicho trimestre.<\/li>\n\n\n\n<li>Los sujetos pasivos en m\u00e9todo de estimaci\u00f3n objetiva del IRPF y del r\u00e9gimen simplificado de IVA para el 2020, en su c\u00e1lculo del ingreso a cuenta en el a\u00f1o 2020 no computar\u00e1n los d\u00edas naturales en que se estuviera bajo el estado de alarma.<\/li>\n\n\n\n<li>Para el primer trimestre se deber\u00e1 restar a los 91 d\u00edas naturales \u2013 18 d\u00edas en estado de alarma (del 14 de marzo al 31 de marzo). Lo que se computar\u00e1n 73 d\u00edas naturales.<\/li>\n\n\n\n<li>Para el segundo se deber\u00e1 restar 91 d\u00edas \u2013 39 d\u00edas naturales (del 1 de abril al 9 de mayo, <em>en el caso hipot\u00e9tico que el estado de alarma finalizase esa fecha<\/em>). Lo que se computar\u00e1n 52 d\u00edas naturales.<\/li>\n\n\n\n<li>AEAT adaptar\u00e1 su sistema de presentaci\u00f3n a aquellos interesados de beneficairse de estas medidas por si se quisiera optar por volver a presentar sus declaraciones y\/o modelos si ya los hubiera presentado previamente.<\/li>\n<\/ul>\n\n\n<div class=\"single-cta\">\n\t<div class=\"single-cta__positioner\">\n\t\t<div class=\"single-cta__wrapper has-dark-background-color\">\n\t\t\t<div class=\"single-cta__content\">\n\t\t\t\t\t\t\t\t<h2 class=\"single-cta__title h3\">Subscr\u00edbete a la newsletter de Sage Advice<\/h2>\n\n\t\t\t\t\t\t\t\t\t<div class=\"single-cta__description\">\n\t\t\t\t\t\t<p>Recibe nuestros consejos m\u00e1s recientes directamente en la bandeja de entrada de tu correo electr\u00f3nico.<\/p>\n\t\t\t\t\t<\/div>\n\t\t\t\t\n\t\t\t\t\t\t\t\t\t\t\t\t\t\t<a\n\t\t\t\t\t\thref=\"#gate-263a5c00-99e4-4e71-8421-469deda8e674\"\n\t\t\t\t\t\tclass=\"single-cta__button button button--primary\"\n\t\t\t\t\t\t\t\t\t\t\t\t\t\t\t\t\t>Suscr\u00edbete<\/a>\n\t\t\t\t\t\t\t<\/div>\n\n\t\t\t\t\t<\/div>\n\n\t\t\t\t\t<img decoding=\"async\" width=\"1440\" height=\"810\" src=\"https:\/\/www.sage.com\/es-es\/blog\/wp-content\/uploads\/sites\/8\/2022\/04\/GettyImages-1171960556-1440x810.jpg\" class=\"single-cta__image\" alt=\"Sage\" loading=\"lazy\" srcset=\"https:\/\/www.sage.com\/es-es\/blog\/wp-content\/uploads\/sites\/8\/2022\/04\/GettyImages-1171960556-1440x810.jpg 1440w\" sizes=\"auto, (min-width: 48em) 33vw, 100vw\" \/>\t\t\t<\/div>\n<\/div>\n","protected":false},"excerpt":{"rendered":"<p>Con motivo del estado de alarma provocado por COVID-19 se ha decretado lo siguiente: Podr\u00e1n volver a determinar el rendimiento neto de su actividad en el ejercicio 2021 siempre que cumplan los requisitos para su aplicaci\u00f3n y revoquen la renuncia al m\u00e9todo de estimaci\u00f3n objetiva en el plazo previsto.<\/p>\n","protected":false},"author":248,"featured_media":10163,"comment_status":"closed","ping_status":"closed","sticky":false,"template":"","format":"standard","meta":{"_sage_video":false,"post_featured_image_hide":false,"footnotes":""},"categories":[6],"tags":[187,201],"business_type":[10,8],"lilypad":[],"context":[],"industry":[],"persona":[],"imagine_tag":[322],"coauthors":[670],"class_list":["post-16552","post","type-post","status-publish","format-standard","has-post-thumbnail","hentry","category-legal","tag-asesorias-y-despachos-profesionales","tag-normativa-legal","business_type-pequena-empresa","business_type-asesorias-despachos-profesionales"],"sage_meta":{"region":"es-es","author_name":"Ronald Lozano","featured_image":"https:\/\/www.sage.com\/es-es\/blog\/wp-content\/uploads\/sites\/8\/2018\/02\/legal-image-chevron_Slate.png","imagine_tags":{"322":"Eventos"}},"distributor_meta":false,"distributor_terms":false,"distributor_media":false,"distributor_original_site_name":"Sage Advice Espa\u00f1a","distributor_original_site_url":"https:\/\/www.sage.com\/es-es\/blog","push-errors":false,"_links":{"self":[{"href":"https:\/\/www.sage.com\/es-es\/blog\/api\/wp\/v2\/posts\/16552","targetHints":{"allow":["GET"]}}],"collection":[{"href":"https:\/\/www.sage.com\/es-es\/blog\/api\/wp\/v2\/posts"}],"about":[{"href":"https:\/\/www.sage.com\/es-es\/blog\/api\/wp\/v2\/types\/post"}],"author":[{"embeddable":true,"href":"https:\/\/www.sage.com\/es-es\/blog\/api\/wp\/v2\/users\/248"}],"replies":[{"embeddable":true,"href":"https:\/\/www.sage.com\/es-es\/blog\/api\/wp\/v2\/comments?post=16552"}],"version-history":[{"count":0,"href":"https:\/\/www.sage.com\/es-es\/blog\/api\/wp\/v2\/posts\/16552\/revisions"}],"wp:featuredmedia":[{"embeddable":true,"href":"https:\/\/www.sage.com\/es-es\/blog\/api\/wp\/v2\/media\/10163"}],"wp:attachment":[{"href":"https:\/\/www.sage.com\/es-es\/blog\/api\/wp\/v2\/media?parent=16552"}],"wp:term":[{"taxonomy":"category","embeddable":true,"href":"https:\/\/www.sage.com\/es-es\/blog\/api\/wp\/v2\/categories?post=16552"},{"taxonomy":"post_tag","embeddable":true,"href":"https:\/\/www.sage.com\/es-es\/blog\/api\/wp\/v2\/tags?post=16552"},{"taxonomy":"business_type","embeddable":true,"href":"https:\/\/www.sage.com\/es-es\/blog\/api\/wp\/v2\/business_type?post=16552"},{"taxonomy":"lilypad","embeddable":true,"href":"https:\/\/www.sage.com\/es-es\/blog\/api\/wp\/v2\/lilypad?post=16552"},{"taxonomy":"context","embeddable":true,"href":"https:\/\/www.sage.com\/es-es\/blog\/api\/wp\/v2\/context?post=16552"},{"taxonomy":"industry","embeddable":true,"href":"https:\/\/www.sage.com\/es-es\/blog\/api\/wp\/v2\/industry?post=16552"},{"taxonomy":"persona","embeddable":true,"href":"https:\/\/www.sage.com\/es-es\/blog\/api\/wp\/v2\/persona?post=16552"},{"taxonomy":"imagine_tag","embeddable":true,"href":"https:\/\/www.sage.com\/es-es\/blog\/api\/wp\/v2\/imagine_tag?post=16552"},{"taxonomy":"author","embeddable":true,"href":"https:\/\/www.sage.com\/es-es\/blog\/api\/wp\/v2\/coauthors?post=16552"}],"curies":[{"name":"wp","href":"https:\/\/api.w.org\/{rel}","templated":true}]}}