{"id":16553,"date":"2020-04-24T14:03:16","date_gmt":"2020-04-24T12:03:16","guid":{"rendered":"https:\/\/www.sage.com\/es-es\/blog\/?p=16553"},"modified":"2026-03-13T14:21:33","modified_gmt":"2026-03-13T13:21:33","slug":"modelo-202-1p-2020","status":"publish","type":"post","link":"https:\/\/www.sage.com\/es-es\/blog\/modelo-202-1p-2020\/","title":{"rendered":"COVID-19: Modelo 202 &#8211; 1P\/2020"},"content":{"rendered":"<header class=\"entry-header has-dark-background-color entry-header--has-illustration entry-header--has-illustration--generic\">\n\t<div class=\"container\">\n\t\t<div class=\"entry-header__row row align-center\">\n\t\t\t<div class=\"col col-lg-7 col-xlg-6 entry-header__content\">\n\t\t\t\t\t\t\t<div class=\"component component-single-header\">\n\t\t\t\t\t\t\t\t\t\t<div class=\"entry-header__misc text--subtitle text--uppercase text--small\">\n\t\t\t\t\t\t\t<a href=\"https:\/\/www.sage.com\/es-es\/blog\/categoria\/legal\/\" class=\"entry-header__link\">Legal<\/a>\t\t\t\t\t\t<\/div>\n\t\t\t\t\n\t\t\t\t<div class=\"entry-title-wrapper\">\n\t\t\t\t\t<h1 class=\"entry-title\">\n\t\t\t\t\t\tCOVID-19: Modelo 202 &#8211; 1P\/2020\t\t\t\t\t<\/h1>\n\t\t\t\t<\/div>\n\n\t\t\t\t\t\t\t\t\t<p class=\"entry-header__description\">\n\t\t\t\t\t\t\t\t\t\t\t<\/p>\n\t\t\t\t\n\t\t\t\t\n\t\t\t\t\n\t\t\t<\/div>\n\n\t\t\t\t\t<\/div>\n\t\t\t\t\t<\/div>\n\t<\/div>\n\t<div class=\"single-post-details container\">\n\t\t<div class=\"col\">\n\t\t\t<span class=\"posted-on \"><time class=\"entry-date published\" datetime=\"2020-04-24T14:03:16+02:00\">24 April, 2020<\/time><\/span><span class=\"reading-time\"> minutos de lectura<\/span>\n\t\t<button\n\t\t\ttype=\"button\"\n\t\t\tclass=\"social-share-button button button--icon button--secondary js-social-share-button\"\n\t\t\tdata-share-title=\"COVID-19: Modelo 202 &#8211; 1P\/2020\"\n\t\t\tdata-share-url=\"https:\/\/www.sage.com\/es-es\/blog\/modelo-202-1p-2020\/\"\n\t\t\tdata-share-text=\"Please read this interesting article\"\n\t\t>\n\t\t\t<span class=\"social-share-button__share-label\">Compartir<\/span>\n\t\t\t<span class=\"social-share-button__copy-label\" hidden>Copiar enlace<\/span>\n\t\t\t<span class=\"social-share-button__copy-tooltip\" aria-hidden=\"true\" hidden>Copiado<\/span>\n\t\t<\/button>\n\n\t\t\t\t<\/div>\n\t<\/div>\n<\/header>\n\n\n\n<div class=\"wp-block-post-author has-dark-background-color alignfull\">\n\t<div class=\"container\">\n\t\t<div class=\"col\">\n\t\t\t\t\t\t\t<div class=\"co-authors\">\n\t\t\t\t\t\n\t\t<div class=\"entry-author-wrapper\">\n\t\t\t<a class=\"entry-author\" href=\"https:\/\/www.sage.com\/es-es\/blog\/author\/ronald-lozano\/\">\n\t\t\t\t<img loading=\"lazy\" decoding=\"async\" width=\"40\" height=\"40\" src=\"https:\/\/www.sage.com\/es-es\/blog\/wp-content\/uploads\/sites\/8\/2025\/02\/Ronald-Lozano-350x350.jpg\" class=\"entry-author__image\" alt=\"Sage\" srcset=\"https:\/\/www.sage.com\/es-es\/blog\/wp-content\/uploads\/sites\/8\/2025\/02\/Ronald-Lozano-350x350.jpg 350w, https:\/\/www.sage.com\/es-es\/blog\/wp-content\/uploads\/sites\/8\/2025\/02\/Ronald-Lozano.jpg 600w\" sizes=\"auto, (max-width: 40px) 100vw, 40px\" \/>\t\t\t\t<span class=\"entry-author__name\">Ronald Lozano<\/span>\n\t\t\t<\/a>\n\n\t\t\t\t\t<\/div>\n\n\t\t\t\t\t\t<\/div>\n\t\t\t\t\t<\/div>\n\t<\/div>\n<\/div>\n\n\n\n<p><strong>\u00bfA qu\u00e9 afecta?<\/strong><\/p>\n\n\n\n<p>Pago fraccionado Impuesto sobre Sociedades<\/p>\n\n\n\n<p><strong>\u00bfA qui\u00e9n afecta?<\/strong><\/p>\n\n\n\n<p>Periodo 1: Contribuyentes cuyo volumen de operaciones sea inferior a 600.000<\/p>\n\n\n\n<p>Periodo 2: Contribuyentes cuyo volumen de operaciones sea inferior a 6.000.000<\/p>\n\n\n\n<p><strong>\u00bfC\u00f3mo afecta?<\/strong><\/p>\n\n\n\n<ol class=\"wp-block-list\">\n<li>En el primer pago fraccionado (1P\/2020): Los contribuyentes cuyo plazo de presentaci\u00f3n de la autoliquidaci\u00f3n correspondiente a pagos fraccionados (modelo 202) se haya extendido hasta el 20 de mayo, y cuyo periodo impositivo se haya iniciado a partir del 1 de enero de 2020, podr\u00e1n optar por la modalidad de pagos fraccionados (Opci\u00f3n b), sobre la parte de la base imponible del per\u00edodo de los 3, 9 u 11 primeros meses, mediante la presentaci\u00f3n en el citado plazo extendido de la autoliquidaci\u00f3n correspondiente al primer pago fraccionado aplicando esta modalidad.<\/li>\n\n\n\n<li>En el segundo pago fraccionado (2P\/2020): Los contribuyentes cuyo periodo impositivo se haya iniciado a partir del 1 de enero de 2020, que no hayan tenido derecho a la opci\u00f3n extraordinaria anterior en el primer pago fraccionado, siempre que su cifra de negocios no supere la los 6 millones de euros durante los 12 meses anteriores a la fecha en la que se inici\u00f3 su periodo impositivo, podr\u00e1n optar por la modalidad de pagos fraccionados prevista en el art\u00edculo 40.3 de la Ley del Impuesto mediante la presentaci\u00f3n en plazo del segundo pago fraccionado aplicando esta modalidad.<\/li>\n<\/ol>\n\n\n\n<p>Esta opci\u00f3n extraordinaria no resulta de aplicaci\u00f3n a los grupos fiscales que apliquen el r\u00e9gimen especial de consolidaci\u00f3n fiscal.<\/p>\n\n\n\n<p><strong>\u00bfC\u00faando afecta?<\/strong><\/p>\n\n\n\n<p>A partir del d\u00eda 23 abril (primer pago fraccionado)<\/p>\n\n\n\n<p><strong>Referencia normativa<\/strong>: <a href=\"https:\/\/www.boe.es\/boe\/dias\/2020\/04\/22\/pdfs\/BOE-A-2020-4554.pdf\">https:\/\/www.boe.es\/boe\/dias\/2020\/04\/22\/pdfs\/BOE-A-2020-4554.pdf<\/a><\/p>\n\n\n<div class=\"single-cta\">\n\t<div class=\"single-cta__positioner\">\n\t\t<div class=\"single-cta__wrapper has-dark-background-color\">\n\t\t\t<div class=\"single-cta__content\">\n\t\t\t\t\t\t\t\t<h2 class=\"single-cta__title h3\">Subscr\u00edbete a la newsletter de Sage Advice<\/h2>\n\n\t\t\t\t\t\t\t\t\t<div class=\"single-cta__description\">\n\t\t\t\t\t\t<p>Recibe nuestros consejos m\u00e1s recientes directamente en la bandeja de entrada de tu correo electr\u00f3nico.<\/p>\n\t\t\t\t\t<\/div>\n\t\t\t\t\n\t\t\t\t\t\t\t\t\t\t\t\t\t\t<a\n\t\t\t\t\t\thref=\"#gate-263a5c00-99e4-4e71-8421-469deda8e674\"\n\t\t\t\t\t\tclass=\"single-cta__button button button--primary\"\n\t\t\t\t\t\t\t\t\t\t\t\t\t\t\t\t\t>Suscr\u00edbete<\/a>\n\t\t\t\t\t\t\t<\/div>\n\n\t\t\t\t\t<\/div>\n\n\t\t\t\t\t<img decoding=\"async\" width=\"1440\" height=\"810\" src=\"https:\/\/www.sage.com\/es-es\/blog\/wp-content\/uploads\/sites\/8\/2022\/04\/GettyImages-1171960556-1440x810.jpg\" class=\"single-cta__image\" alt=\"Sage\" loading=\"lazy\" srcset=\"https:\/\/www.sage.com\/es-es\/blog\/wp-content\/uploads\/sites\/8\/2022\/04\/GettyImages-1171960556-1440x810.jpg 1440w\" sizes=\"auto, (min-width: 48em) 33vw, 100vw\" \/>\t\t\t<\/div>\n<\/div>\n","protected":false},"excerpt":{"rendered":"<p>\u00bfA qu\u00e9 afecta? Pago fraccionado Impuesto sobre Sociedades \u00bfA qui\u00e9n afecta? Periodo 1: Contribuyentes cuyo volumen de operaciones sea inferior a 600.000 Periodo 2: Contribuyentes cuyo volumen de operaciones sea inferior a 6.000.000 \u00bfC\u00f3mo afecta? Esta opci\u00f3n extraordinaria no resulta de aplicaci\u00f3n a los grupos fiscales que apliquen el r\u00e9gimen especial de consolidaci\u00f3n fiscal. \u00bfC\u00faando [&hellip;]<\/p>\n","protected":false},"author":248,"featured_media":10159,"comment_status":"closed","ping_status":"closed","sticky":false,"template":"","format":"standard","meta":{"_sage_video":false,"post_featured_image_hide":false,"footnotes":""},"categories":[6],"tags":[187,201],"business_type":[10,11,8],"lilypad":[],"context":[],"industry":[],"persona":[],"imagine_tag":[260],"coauthors":[670],"class_list":["post-16553","post","type-post","status-publish","format-standard","has-post-thumbnail","hentry","category-legal","tag-asesorias-y-despachos-profesionales","tag-normativa-legal","business_type-pequena-empresa","business_type-mediana-empresa","business_type-asesorias-despachos-profesionales"],"sage_meta":{"region":"es-es","author_name":"Ronald Lozano","featured_image":"https:\/\/www.sage.com\/es-es\/blog\/wp-content\/uploads\/sites\/8\/2018\/02\/legal-image-chevron_Amethyst.png","imagine_tags":{"260":"Legal"}},"distributor_meta":false,"distributor_terms":false,"distributor_media":false,"distributor_original_site_name":"Sage Advice Espa\u00f1a","distributor_original_site_url":"https:\/\/www.sage.com\/es-es\/blog","push-errors":false,"_links":{"self":[{"href":"https:\/\/www.sage.com\/es-es\/blog\/api\/wp\/v2\/posts\/16553","targetHints":{"allow":["GET"]}}],"collection":[{"href":"https:\/\/www.sage.com\/es-es\/blog\/api\/wp\/v2\/posts"}],"about":[{"href":"https:\/\/www.sage.com\/es-es\/blog\/api\/wp\/v2\/types\/post"}],"author":[{"embeddable":true,"href":"https:\/\/www.sage.com\/es-es\/blog\/api\/wp\/v2\/users\/248"}],"replies":[{"embeddable":true,"href":"https:\/\/www.sage.com\/es-es\/blog\/api\/wp\/v2\/comments?post=16553"}],"version-history":[{"count":0,"href":"https:\/\/www.sage.com\/es-es\/blog\/api\/wp\/v2\/posts\/16553\/revisions"}],"wp:featuredmedia":[{"embeddable":true,"href":"https:\/\/www.sage.com\/es-es\/blog\/api\/wp\/v2\/media\/10159"}],"wp:attachment":[{"href":"https:\/\/www.sage.com\/es-es\/blog\/api\/wp\/v2\/media?parent=16553"}],"wp:term":[{"taxonomy":"category","embeddable":true,"href":"https:\/\/www.sage.com\/es-es\/blog\/api\/wp\/v2\/categories?post=16553"},{"taxonomy":"post_tag","embeddable":true,"href":"https:\/\/www.sage.com\/es-es\/blog\/api\/wp\/v2\/tags?post=16553"},{"taxonomy":"business_type","embeddable":true,"href":"https:\/\/www.sage.com\/es-es\/blog\/api\/wp\/v2\/business_type?post=16553"},{"taxonomy":"lilypad","embeddable":true,"href":"https:\/\/www.sage.com\/es-es\/blog\/api\/wp\/v2\/lilypad?post=16553"},{"taxonomy":"context","embeddable":true,"href":"https:\/\/www.sage.com\/es-es\/blog\/api\/wp\/v2\/context?post=16553"},{"taxonomy":"industry","embeddable":true,"href":"https:\/\/www.sage.com\/es-es\/blog\/api\/wp\/v2\/industry?post=16553"},{"taxonomy":"persona","embeddable":true,"href":"https:\/\/www.sage.com\/es-es\/blog\/api\/wp\/v2\/persona?post=16553"},{"taxonomy":"imagine_tag","embeddable":true,"href":"https:\/\/www.sage.com\/es-es\/blog\/api\/wp\/v2\/imagine_tag?post=16553"},{"taxonomy":"author","embeddable":true,"href":"https:\/\/www.sage.com\/es-es\/blog\/api\/wp\/v2\/coauthors?post=16553"}],"curies":[{"name":"wp","href":"https:\/\/api.w.org\/{rel}","templated":true}]}}