{"id":16885,"date":"2020-07-02T14:49:02","date_gmt":"2020-07-02T12:49:02","guid":{"rendered":"https:\/\/www.sage.com\/es-es\/blog\/?p=16885"},"modified":"2026-03-13T14:17:35","modified_gmt":"2026-03-13T13:17:35","slug":"modelo-200-impuesto-sobre-sociedades","status":"publish","type":"post","link":"https:\/\/www.sage.com\/es-es\/blog\/modelo-200-impuesto-sobre-sociedades\/","title":{"rendered":"Modelo 200: Impuesto sobre Sociedades"},"content":{"rendered":"<header class=\"entry-header has-dark-background-color entry-header--has-illustration entry-header--has-illustration--generic\">\n\t<div class=\"container\">\n\t\t<div class=\"entry-header__row row align-center\">\n\t\t\t<div class=\"col col-lg-7 col-xlg-6 entry-header__content\">\n\t\t\t\t\t\t\t<div class=\"component component-single-header\">\n\t\t\t\t\t\t\t\t\t\t<div class=\"entry-header__misc text--subtitle text--uppercase text--small\">\n\t\t\t\t\t\t\t<a href=\"https:\/\/www.sage.com\/es-es\/blog\/categoria\/legal\/\" class=\"entry-header__link\">Legal<\/a>\t\t\t\t\t\t<\/div>\n\t\t\t\t\n\t\t\t\t<div class=\"entry-title-wrapper\">\n\t\t\t\t\t<h1 class=\"entry-title\">\n\t\t\t\t\t\tModelo 200: Impuesto sobre Sociedades\t\t\t\t\t<\/h1>\n\t\t\t\t<\/div>\n\n\t\t\t\t\t\t\t\t\t<p class=\"entry-header__description\">\n\t\t\t\t\t\t\t\t\t\t\t<\/p>\n\t\t\t\t\n\t\t\t\t\n\t\t\t\t\n\t\t\t<\/div>\n\n\t\t\t\t\t<\/div>\n\t\t\t\t\t<\/div>\n\t<\/div>\n\t<div class=\"single-post-details container\">\n\t\t<div class=\"col\">\n\t\t\t<span class=\"posted-on \"><time class=\"entry-date published\" datetime=\"2020-07-02T14:49:02+02:00\">2 July, 2020<\/time><\/span><span class=\"reading-time\"> minutos de lectura<\/span>\n\t\t<button\n\t\t\ttype=\"button\"\n\t\t\tclass=\"social-share-button button button--icon button--secondary js-social-share-button\"\n\t\t\tdata-share-title=\"Modelo 200: Impuesto sobre Sociedades\"\n\t\t\tdata-share-url=\"https:\/\/www.sage.com\/es-es\/blog\/modelo-200-impuesto-sobre-sociedades\/\"\n\t\t\tdata-share-text=\"Please read this interesting article\"\n\t\t>\n\t\t\t<span class=\"social-share-button__share-label\">Compartir<\/span>\n\t\t\t<span class=\"social-share-button__copy-label\" hidden>Copiar enlace<\/span>\n\t\t\t<span class=\"social-share-button__copy-tooltip\" aria-hidden=\"true\" hidden>Copiado<\/span>\n\t\t<\/button>\n\n\t\t\t\t<\/div>\n\t<\/div>\n<\/header>\n\n\n\n<div class=\"wp-block-post-author has-dark-background-color alignfull\">\n\t<div class=\"container\">\n\t\t<div class=\"col\">\n\t\t\t\t\t\t\t<div class=\"co-authors\">\n\t\t\t\t\t\n\t\t<div class=\"entry-author-wrapper\">\n\t\t\t<a class=\"entry-author\" href=\"https:\/\/www.sage.com\/es-es\/blog\/author\/ronald-lozano\/\">\n\t\t\t\t<img loading=\"lazy\" decoding=\"async\" width=\"40\" height=\"40\" src=\"https:\/\/www.sage.com\/es-es\/blog\/wp-content\/uploads\/sites\/8\/2025\/02\/Ronald-Lozano-350x350.jpg\" class=\"entry-author__image\" alt=\"Sage\" srcset=\"https:\/\/www.sage.com\/es-es\/blog\/wp-content\/uploads\/sites\/8\/2025\/02\/Ronald-Lozano-350x350.jpg 350w, https:\/\/www.sage.com\/es-es\/blog\/wp-content\/uploads\/sites\/8\/2025\/02\/Ronald-Lozano.jpg 600w\" sizes=\"auto, (max-width: 40px) 100vw, 40px\" \/>\t\t\t\t<span class=\"entry-author__name\">Ronald Lozano<\/span>\n\t\t\t<\/a>\n\n\t\t\t\t\t<\/div>\n\n\t\t\t\t\t\t<\/div>\n\t\t\t\t\t<\/div>\n\t<\/div>\n<\/div>\n\n\n\n<p><strong>\u00bfA qu\u00e9 afecta?<\/strong><\/p>\n\n\n\n<p>Impuesto sobre Sociedades<\/p>\n\n\n\n<p><strong>\u00bfA qui\u00e9n afecta?<\/strong><\/p>\n\n\n\n<p>Aquellos contribuyentes que deban presentar el <a href=\"https:\/\/www.sage.com\/es-es\/blog\/conoce-el-impuesto-de-sociedades-con-el-ebook-gratuito-de-sage\/\">Impuesto sobre Sociedades<\/a><\/p>\n\n\n\n<p><strong>\u00bfC\u00f3mo afecta?<\/strong><\/p>\n\n\n\n<ul class=\"wp-block-list\">\n<li>Se habilita la presentaci\u00f3n de una nueva declaraci\u00f3n hasta el 30 de noviembre como consecuencia de no haber aprobado las cuentas en el plazo voluntario de declaraci\u00f3n. Por ello se hace necesario introducir en los modelos 200 y 220 que se aprueban en esta orden, unas nuevas casillas denominadas \u00abDeclaraci\u00f3n correspondiente al art\u00edculo 124.1 LIS sin aprobar cuentas anuales\u00bb y \u00abNueva declaraci\u00f3n art\u00edculo 12.2 Real Decreto-ley 19\/2020\u00bb.<\/li>\n\n\n\n<li>Como novedad funcional de mayor calado, este a\u00f1o se ofrecer\u00e1n para el modelo 200 de los per\u00edodos impositivos que se inicien entre el 1 de enero y el 31 de diciembre de 2019, datos fiscales. Estos datos fiscales tendr\u00e1n car\u00e1cter informativo y su objetivo es asistir en la correcta cumplimentaci\u00f3n de la autoliquidaci\u00f3n del Impuesto sobre Sociedades<\/li>\n\n\n\n<li>Modificaci\u00f3n del cuadro de detalle de las correcciones al resultado de la cuenta de p\u00e9rdidas y ganancias (excluida la correcci\u00f3n por Impuesto sobre Sociedades) de la p\u00e1gina 19 del modelo 200 que, excepcionalmente para esta campa\u00f1a tendr\u00e1 car\u00e1cter voluntario para todos los ajustes de las p\u00e1ginas 12 y 13 de dicho modelo, incorporando as\u00ed un desglose que deriva de la informaci\u00f3n contable y fiscal del contribuyente<\/li>\n\n\n\n<li>Por otra parte, en el modelo 200 se han introducido nuevos caracteres en la p\u00e1gina 1:\n<ul class=\"wp-block-list\">\n<li>Un car\u00e1cter \u00abEntidad ZEC en consolidaci\u00f3n fiscal\u00bb<\/li>\n\n\n\n<li>Un nuevo car\u00e1cter \u00abDi\u00f3cesis, provincia religiosa o entidad eclesi\u00e1stica que integra entidades menores de ellas dependientes\u00bb<\/li>\n\n\n\n<li>Un nuevo car\u00e1cter \u00abUniones, federaciones y confederaciones de cooperativas\u00bb<\/li>\n\n\n\n<li>\u00abFilial grupo multinacional\u00bb<\/li>\n\n\n\n<li>\u00abSociedad matriz \u00faltima grupo multinacional\u00bb<\/li>\n<\/ul>\n<\/li>\n\n\n\n<li>Se han incorporado en los modelos nuevos datos que no se visualizaban el a\u00f1o pasado: son el importe neto de la cifra de negocios de los doce meses anteriores a la fecha de inicio del per\u00edodo impositivo y la deducci\u00f3n por investigaci\u00f3n, desarrollo e innovaci\u00f3n tecnol\u00f3gica en Canarias.<\/li>\n\n\n\n<li>P\u00e1gina 23 Operaciones de escisi\u00f3n, fusi\u00f3n, canje de valores\u2026 se a\u00f1ade nuevo campo en el que solicitan la fecha de comunicaci\u00f3n de la operaci\u00f3n<\/li>\n<\/ul>\n\n\n\n<p><strong>\u00bfCu\u00e1ndo afecta?<\/strong><\/p>\n\n\n\n<p>A partir del 1 de julio 2020<\/p>\n\n\n\n<p><strong>Fuente URL:<\/strong> <a href=\"https:\/\/www.boe.es\/boe\/dias\/2020\/06\/26\/pdfs\/BOE-A-2020-6743.pdf\">https:\/\/www.boe.es\/boe\/dias\/2020\/06\/26\/pdfs\/BOE-A-2020-6743.pdf<\/a><\/p>\n\n\n<div class=\"single-cta\">\n\t<div class=\"single-cta__positioner\">\n\t\t<div class=\"single-cta__wrapper has-dark-background-color\">\n\t\t\t<div class=\"single-cta__content\">\n\t\t\t\t\t\t\t\t<h2 class=\"single-cta__title h3\">Subscr\u00edbete a la newsletter de Sage Advice<\/h2>\n\n\t\t\t\t\t\t\t\t\t<div class=\"single-cta__description\">\n\t\t\t\t\t\t<p>Recibe nuestros consejos m\u00e1s recientes directamente en la bandeja de entrada de tu correo electr\u00f3nico.<\/p>\n\t\t\t\t\t<\/div>\n\t\t\t\t\n\t\t\t\t\t\t\t\t\t\t\t\t\t\t<a\n\t\t\t\t\t\thref=\"#gate-263a5c00-99e4-4e71-8421-469deda8e674\"\n\t\t\t\t\t\tclass=\"single-cta__button button button--primary\"\n\t\t\t\t\t\t\t\t\t\t\t\t\t\t\t\t\t>Suscr\u00edbete<\/a>\n\t\t\t\t\t\t\t<\/div>\n\n\t\t\t\t\t<\/div>\n\n\t\t\t\t\t<img decoding=\"async\" width=\"1440\" height=\"810\" src=\"https:\/\/www.sage.com\/es-es\/blog\/wp-content\/uploads\/sites\/8\/2022\/04\/GettyImages-1171960556-1440x810.jpg\" class=\"single-cta__image\" alt=\"Sage\" loading=\"lazy\" srcset=\"https:\/\/www.sage.com\/es-es\/blog\/wp-content\/uploads\/sites\/8\/2022\/04\/GettyImages-1171960556-1440x810.jpg 1440w\" sizes=\"auto, (min-width: 48em) 33vw, 100vw\" \/>\t\t\t<\/div>\n<\/div>\n","protected":false},"excerpt":{"rendered":"<p>\u00bfA qu\u00e9 afecta? Impuesto sobre Sociedades \u00bfA qui\u00e9n afecta? Aquellos contribuyentes que deban presentar el Impuesto sobre Sociedades \u00bfC\u00f3mo afecta? \u00bfCu\u00e1ndo afecta? A partir del 1 de julio 2020 Fuente URL: https:\/\/www.boe.es\/boe\/dias\/2020\/06\/26\/pdfs\/BOE-A-2020-6743.pdf<\/p>\n","protected":false},"author":248,"featured_media":10161,"comment_status":"closed","ping_status":"closed","sticky":false,"template":"","format":"standard","meta":{"_sage_video":false,"post_featured_image_hide":false,"footnotes":""},"categories":[6],"tags":[201],"business_type":[10,11,8],"lilypad":[],"context":[],"industry":[],"persona":[],"imagine_tag":[260],"coauthors":[670],"class_list":["post-16885","post","type-post","status-publish","format-standard","has-post-thumbnail","hentry","category-legal","tag-normativa-legal","business_type-pequena-empresa","business_type-mediana-empresa","business_type-asesorias-despachos-profesionales"],"sage_meta":{"region":"es-es","author_name":"Ronald Lozano","featured_image":"https:\/\/www.sage.com\/es-es\/blog\/wp-content\/uploads\/sites\/8\/2018\/02\/legal-image-chevron_Fuchsia.png","imagine_tags":{"260":"Legal"}},"distributor_meta":false,"distributor_terms":false,"distributor_media":false,"distributor_original_site_name":"Sage Advice Espa\u00f1a","distributor_original_site_url":"https:\/\/www.sage.com\/es-es\/blog","push-errors":false,"_links":{"self":[{"href":"https:\/\/www.sage.com\/es-es\/blog\/api\/wp\/v2\/posts\/16885","targetHints":{"allow":["GET"]}}],"collection":[{"href":"https:\/\/www.sage.com\/es-es\/blog\/api\/wp\/v2\/posts"}],"about":[{"href":"https:\/\/www.sage.com\/es-es\/blog\/api\/wp\/v2\/types\/post"}],"author":[{"embeddable":true,"href":"https:\/\/www.sage.com\/es-es\/blog\/api\/wp\/v2\/users\/248"}],"replies":[{"embeddable":true,"href":"https:\/\/www.sage.com\/es-es\/blog\/api\/wp\/v2\/comments?post=16885"}],"version-history":[{"count":0,"href":"https:\/\/www.sage.com\/es-es\/blog\/api\/wp\/v2\/posts\/16885\/revisions"}],"wp:featuredmedia":[{"embeddable":true,"href":"https:\/\/www.sage.com\/es-es\/blog\/api\/wp\/v2\/media\/10161"}],"wp:attachment":[{"href":"https:\/\/www.sage.com\/es-es\/blog\/api\/wp\/v2\/media?parent=16885"}],"wp:term":[{"taxonomy":"category","embeddable":true,"href":"https:\/\/www.sage.com\/es-es\/blog\/api\/wp\/v2\/categories?post=16885"},{"taxonomy":"post_tag","embeddable":true,"href":"https:\/\/www.sage.com\/es-es\/blog\/api\/wp\/v2\/tags?post=16885"},{"taxonomy":"business_type","embeddable":true,"href":"https:\/\/www.sage.com\/es-es\/blog\/api\/wp\/v2\/business_type?post=16885"},{"taxonomy":"lilypad","embeddable":true,"href":"https:\/\/www.sage.com\/es-es\/blog\/api\/wp\/v2\/lilypad?post=16885"},{"taxonomy":"context","embeddable":true,"href":"https:\/\/www.sage.com\/es-es\/blog\/api\/wp\/v2\/context?post=16885"},{"taxonomy":"industry","embeddable":true,"href":"https:\/\/www.sage.com\/es-es\/blog\/api\/wp\/v2\/industry?post=16885"},{"taxonomy":"persona","embeddable":true,"href":"https:\/\/www.sage.com\/es-es\/blog\/api\/wp\/v2\/persona?post=16885"},{"taxonomy":"imagine_tag","embeddable":true,"href":"https:\/\/www.sage.com\/es-es\/blog\/api\/wp\/v2\/imagine_tag?post=16885"},{"taxonomy":"author","embeddable":true,"href":"https:\/\/www.sage.com\/es-es\/blog\/api\/wp\/v2\/coauthors?post=16885"}],"curies":[{"name":"wp","href":"https:\/\/api.w.org\/{rel}","templated":true}]}}