{"id":16907,"date":"2020-07-09T09:32:19","date_gmt":"2020-07-09T07:32:19","guid":{"rendered":"https:\/\/www.sage.com\/es-es\/blog\/?p=16907"},"modified":"2026-02-04T17:39:32","modified_gmt":"2026-02-04T16:39:32","slug":"escapada-de-verano-aqui-tienes-3-consejos-veraniegos-para-preparar-tu-negocio","status":"publish","type":"post","link":"https:\/\/www.sage.com\/es-es\/blog\/escapada-de-verano-aqui-tienes-3-consejos-veraniegos-para-preparar-tu-negocio\/","title":{"rendered":"\u00bfEscapada de verano? Aqu\u00ed tienes 3 consejos veraniegos para preparar tu negocio"},"content":{"rendered":"<header class=\"entry-header has-dark-background-color entry-header--has-illustration entry-header--has-illustration--generic\">\n\t<div class=\"container\">\n\t\t<div class=\"entry-header__row row align-center\">\n\t\t\t<div class=\"col col-lg-7 col-xlg-6 entry-header__content\">\n\t\t\t\t\t\t\t<div class=\"component component-single-header\">\n\t\t\t\t\t\t\t\t\t\t<div class=\"entry-header__misc text--subtitle text--uppercase text--small\">\n\t\t\t\t\t\t\t<a href=\"https:\/\/www.sage.com\/es-es\/blog\/categoria\/estrategia-gestion\/\" class=\"entry-header__link\">Estrategia y Gesti\u00f3n<\/a>\t\t\t\t\t\t<\/div>\n\t\t\t\t\n\t\t\t\t<div class=\"entry-title-wrapper\">\n\t\t\t\t\t<h1 class=\"entry-title\">\n\t\t\t\t\t\t\u00bfEscapada de verano? Aqu\u00ed tienes 3 consejos veraniegos para preparar tu negocio\t\t\t\t\t<\/h1>\n\t\t\t\t<\/div>\n\n\t\t\t\t\t\t\t\t\t<p class=\"entry-header__description\">\n\t\t\t\t\t\t\t\t\t\t\t<\/p>\n\t\t\t\t\n\t\t\t\t\n\t\t\t\t\n\t\t\t<\/div>\n\n\t\t\t\t\t<\/div>\n\t\t\t\t\t<\/div>\n\t<\/div>\n\t<div class=\"single-post-details container\">\n\t\t<div class=\"col\">\n\t\t\t<span class=\"posted-on \"><time class=\"entry-date published\" datetime=\"2020-07-09T09:32:19+02:00\">9 July, 2020<\/time><\/span><span class=\"reading-time\"> minutos de lectura<\/span>\n\t\t<button\n\t\t\ttype=\"button\"\n\t\t\tclass=\"social-share-button button button--icon button--secondary js-social-share-button\"\n\t\t\tdata-share-title=\"\u00bfEscapada de verano? Aqu\u00ed tienes 3 consejos veraniegos para preparar tu negocio\"\n\t\t\tdata-share-url=\"https:\/\/www.sage.com\/es-es\/blog\/escapada-de-verano-aqui-tienes-3-consejos-veraniegos-para-preparar-tu-negocio\/\"\n\t\t\tdata-share-text=\"Please read this interesting article\"\n\t\t>\n\t\t\t<span class=\"social-share-button__share-label\">Compartir<\/span>\n\t\t\t<span class=\"social-share-button__copy-label\" hidden>Copiar enlace<\/span>\n\t\t\t<span class=\"social-share-button__copy-tooltip\" aria-hidden=\"true\" hidden>Copiado<\/span>\n\t\t<\/button>\n\n\t\t\t\t<\/div>\n\t<\/div>\n<\/header>\n\n\n\n<div class=\"wp-block-post-author has-dark-background-color alignfull\">\n\t<div class=\"container\">\n\t\t<div class=\"col\">\n\t\t\t\t\t\t\t<div class=\"co-authors\">\n\t\t\t\t\t\n\t\t<div class=\"entry-author-wrapper\">\n\t\t\t<a class=\"entry-author\" href=\"https:\/\/www.sage.com\/es-es\/blog\/author\/pilar-villanueva\/\">\n\t\t\t\t<img loading=\"lazy\" decoding=\"async\" width=\"40\" height=\"40\" src=\"https:\/\/www.sage.com\/es-es\/blog\/wp-content\/uploads\/sites\/8\/2021\/11\/Pilar-Villanueva-Miniatura-350x350.jpeg\" class=\"entry-author__image\" alt=\"Sage\" \/>\t\t\t\t<span class=\"entry-author__name\">Pilar Villanueva<\/span>\n\t\t\t<\/a>\n\n\t\t\t\t\t<\/div>\n\n\t\t\t\t\t\t<\/div>\n\t\t\t\t\t<\/div>\n\t<\/div>\n<\/div>\n\n\n\n<p>Tras pasar d\u00edas, semanas y meses interminables de quedarnos en casa cumpliendo con las \u00f3rdenes del <a href=\"https:\/\/www.sage.com\/es-es\/covid-19\/\">COVID-19<\/a>, todo peque\u00f1o empresario so\u00f1ar\u00e1 con una escapada de verano. Aunque solo sea por un corto fin de semana o \u201cpuente\u201d improvisado. En este post te damos algunos consejos para preparar la gesti\u00f3n empresarial de tu negocio antes de tus vacaciones.<\/p>\n\n\n\n<ul class=\"wp-block-list\">\n<li>Seg\u00fan el \u00faltimo bar\u00f3metro del CIS, el 65,7% de los espa\u00f1oles no tiene pensado irse de vacaciones este verano.<\/li>\n\n\n\n<li>Si te encuentras dentro del % restante y sue\u00f1as con pasear por la orilla del mar o perderte en la monta\u00f1a, te interesan estos consejos empresariales.<\/li>\n<\/ul>\n\n\n\n<p><mark class=\"highlight-and-share\">\u00a1Comparte! El post con nuestros 3 consejos veraniegos para preparar tu negocio ante una escapada de verano.<\/mark><\/p>\n\n\n\n<h2 class=\"wp-block-heading\" id=\"h-tip-veraniego-1-encuentra-el-proveedor-adecuado-para-tu-pyme\">Tip veraniego 1. Encuentra el proveedor adecuado para tu pyme<\/h2>\n\n\n\n<h3 class=\"wp-block-heading\" id=\"h-recuerda\">RECUERDA<\/h3>\n\n\n\n<p><strong><em>Si eliges bien a tus proveedores ahorrar\u00e1s dinero y tiempo<\/em><\/strong><\/p>\n\n\n\n<p>Tanto si acabas de emprender tu negocio como si tu pyme ya tiene cierta experiencia, elegir a un <a href=\"https:\/\/www.sage.com\/es-es\/blog\/diccionario-empresarial\/proveedor\/\">proveedor<\/a> adecuado para cada necesidad es fundamental para tener \u00e9xito.<\/p>\n\n\n\n<p>La elecci\u00f3n de proveedores ser\u00e1 esencial en las siguientes situaciones.<\/p>\n\n\n\n<ul class=\"wp-block-list\">\n<li>En el <strong>inicio de tu actividad<\/strong>: ya que tendr\u00e1s que hacer una importante inversi\u00f3n en productos y servicios (inform\u00e1tica, maquinaria, etc.)<\/li>\n\n\n\n<li>Al <strong>realizar compras de gran volumen<\/strong>: de vital importancia en tiendas o restaurantes, donde se producen grandes compras de forma continuada.<\/li>\n<\/ul>\n\n\n\n<h4 class=\"wp-block-heading\" id=\"h-cuando-revisar-la-relacion-con-tus-proveedores\">\u00bfCu\u00e1ndo revisar la relaci\u00f3n con tus proveedores?<\/h4>\n\n\n\n<p>El verano puede ser un buen momento, en el caso de que tu actividad empresarial est\u00e9 m\u00e1s relajada. Por eso, y para <a href=\"https:\/\/www.sage.com\/es-es\/blog\/7-cosas-que-organizar-antes-de-que-el-personal-de-administracion-se-vaya-de-vacaciones\/\">irte tranquilo en tu escapada<\/a>, es aconsejable dejar revisada esa relaci\u00f3n, as\u00ed como los contratos que tienes firmados.<\/p>\n\n\n\n<p>As\u00ed no perder\u00e1s buenas oportunidades de <strong>reducir costes o de mejorar el servicio<\/strong> que te prestan (sobre todo durante los d\u00edas que no estar\u00e1s operativo).<\/p>\n\n\n\n<figure class=\"wp-block-image aligncenter size-full wp-image-16908\"><img loading=\"lazy\" decoding=\"async\" width=\"1024\" height=\"683\" src=\"https:\/\/www.sage.com\/es-es\/blog\/wp-content\/uploads\/sites\/8\/2020\/07\/1024_Tip-1.jpg\" alt=\"Sage\" class=\"wp-image-16908\" srcset=\"https:\/\/www.sage.com\/es-es\/blog\/wp-content\/uploads\/sites\/8\/2020\/07\/1024_Tip-1.jpg 1024w, https:\/\/www.sage.com\/es-es\/blog\/wp-content\/uploads\/sites\/8\/2020\/07\/1024_Tip-1-768x512.jpg 768w\" sizes=\"auto, (max-width: 1024px) 100vw, 1024px\" \/><figcaption class=\"wp-element-caption\">A la hora de elegir el proveedor perfecto no solo importa el precio, sino tambi\u00e9n las garant\u00edas que pueda ofrecerte.<\/figcaption><\/figure>\n\n\n\n<h2 class=\"wp-block-heading\" id=\"h-tip-veraniego-2-ahorra-tiempo-declarando-tus-impuestos\">Tip veraniego 2. Ahorra tiempo declarando tus impuestos<\/h2>\n\n\n\n<h3 class=\"wp-block-heading\" id=\"h-recuerda-0\">RECUERDA<\/h3>\n\n\n\n<p><strong><em>La gesti\u00f3n eficaz del tiempo te permitir\u00e1 centrarte en tu negocio.<\/em><\/strong><\/p>\n\n\n\n<p>Una <a href=\"https:\/\/www.sage.com\/es-es\/blog\/estas-creciendo-mas-de-lo-que-tu-actual-solucion-de-gestion-empresarial-puede-gestionar\/\">gesti\u00f3n empresarial<\/a> eficaz requiere ahorro de tiempo. Y no solo en aspectos como los <a href=\"https:\/\/www.sage.com\/es-es\/blog\/covid-19-digitalizacion-financiera-y-de-recursos-humanos-tras-el-coronavirus\/\">recursos humanos<\/a> o la <a href=\"https:\/\/www.sage.com\/es-es\/blog\/gestion-financiera-pequenas-empresas\/\">gesti\u00f3n financiera<\/a>. La preparaci\u00f3n de los documentos necesarios para la declaraci\u00f3n de impuestos, la cumplimentaci\u00f3n de los formularios y la presentaci\u00f3n de los impuestos, son actividades que requieren tiempo.<\/p>\n\n\n\n<h4 class=\"wp-block-heading\" id=\"h-quieres-saber-como-ahorrar-horas-y-horas\">\u00bfQuieres saber c\u00f3mo ahorrar horas y horas?<\/h4>\n\n\n\n<p>Te dejamos unas sencillas ideas a seguir para economizar tu tiempo en la declaraci\u00f3n de<a href=\"https:\/\/www.sage.com\/es-es\/blog\/robots-en-el-trabajo-impuestos\/\"> impuestos<\/a>:<\/p>\n\n\n\n<p><strong>Inf\u00f3rmate sobre el calendario fiscal<\/strong><\/p>\n\n\n\n<ul class=\"wp-block-list\">\n<li>Si conoces los plazos que debes cumplir desde el punto de vista fiscal, podr\u00e1s organizar las tareas necesarias para tener la documentaci\u00f3n lista. As\u00ed podr\u00e1s preparar las declaraciones con la antelaci\u00f3n suficiente.<\/li>\n<\/ul>\n\n\n\n<p><strong>Haz tus previsiones de tesorer\u00eda<\/strong><\/p>\n\n\n\n<ul class=\"wp-block-list\">\n<li>En funci\u00f3n de los resultados de los impuestos podr\u00e1s hacer tus previsiones de <a href=\"https:\/\/www.sage.com\/es-es\/tesoreria\/\">tesorer\u00eda<\/a> para hacer frente a futuros ingresos y gastos, y tomar decisiones financieras.<\/li>\n<\/ul>\n\n\n\n<p><strong>Utiliza una herramienta tecnol\u00f3gica<\/strong><\/p>\n\n\n\n<ul class=\"wp-block-list\">\n<li>Un <a href=\"https:\/\/www.sage.com\/es-es\/productos\/sage-50cloud\/\">software de contabilidad<\/a> te permitir\u00e1 hacer las declaraciones autom\u00e1ticamente con la informaci\u00f3n de las facturas, y los tiempos de preparaci\u00f3n de cada declaraci\u00f3n se reducir\u00e1n notablemente.<\/li>\n<\/ul>\n\n\n\n<figure class=\"wp-block-image aligncenter size-full wp-image-16909\"><img loading=\"lazy\" decoding=\"async\" width=\"1024\" height=\"683\" src=\"https:\/\/www.sage.com\/es-es\/blog\/wp-content\/uploads\/sites\/8\/2020\/07\/1024_Tip-2.jpg\" alt=\"Sage\" class=\"wp-image-16909\" srcset=\"https:\/\/www.sage.com\/es-es\/blog\/wp-content\/uploads\/sites\/8\/2020\/07\/1024_Tip-2.jpg 1024w, https:\/\/www.sage.com\/es-es\/blog\/wp-content\/uploads\/sites\/8\/2020\/07\/1024_Tip-2-768x512.jpg 768w\" sizes=\"auto, (max-width: 1024px) 100vw, 1024px\" \/><figcaption class=\"wp-element-caption\">Usar un software de contabilidad para presentar tus impuestos es una de las f\u00f3rmulas m\u00e1s efectivas de ahorrar tiempo y dinero.<\/figcaption><\/figure>\n\n\n\n<h2 class=\"wp-block-heading\" id=\"h-tip-veraniego-3-descubre-la-inspiracion-en-tus-vacaciones\">Tip veraniego 3. Descubre la inspiraci\u00f3n en tus vacaciones<\/h2>\n\n\n\n<h3 class=\"wp-block-heading\" id=\"h-recuerda-1\">RECUERDA<\/h3>\n\n\n\n<p><em><strong>Unos d\u00edas de descanso pueden ser una fuente de inspiraci\u00f3n para tu gesti\u00f3n empresarial.<br>\n<\/strong><\/em><\/p>\n\n\n\n<p>Tras meses complicados, de intenso trabajo, de incertidumbre\u2026el verano puede servirte para abrir la mente. Para encontrar nuevas ideas de negocio, estrategias innovadoras o formas diferentes de trabajar.<\/p>\n\n\n\n<p>Tambi\u00e9n podr\u00e1s hacer una reflexi\u00f3n sobre tus metas, analizar lo que has logrado, ver lo que te queda por alcanzar o pensar en los aspectos que necesitas mejorar.<\/p>\n\n\n\n<h4 class=\"wp-block-heading\" id=\"h-donde-buscar-inspiracion\">\u00bfD\u00f3nde buscar inspiraci\u00f3n?<\/h4>\n\n\n\n<p>La inspiraci\u00f3n para tu gesti\u00f3n empresarial est\u00e1 en todas partes, \u00a1solo tienes que encontrarla!<\/p>\n\n\n\n<h5 class=\"wp-block-heading\" id=\"h-busca-companeros-de-camino\">Busca compa\u00f1eros de camino<\/h5>\n\n\n\n<ul class=\"wp-block-list\">\n<li>En las cenas con amigos, adem\u00e1s de disfrutar de la compa\u00f1\u00eda y de la buena comida, puedes comentar tus proyectos y escuchar sus ideas. Puede que alg\u00fan amigo quiera contratarte o incluso invertir en tu empresa.<\/li>\n<\/ul>\n\n\n\n<h5 class=\"wp-block-heading\" id=\"h-preparate-para-la-aventura\">Prep\u00e1rate para la aventura<\/h5>\n\n\n\n<ul class=\"wp-block-list\">\n<li>\u00bfHay un libro que quieres leer o un curso que quieres hacer? El verano es el momento oportuno para hacerlo y completar tus conocimientos. Busca <a href=\"https:\/\/www.sage.com\/es-es\/blog\/retos-debera-afrontar-la-digitalizacion-de-la-formacion-profesional\/\">cursos de formaci\u00f3n<\/a> de verano, hay muchos y de diferentes tem\u00e1ticas.<\/li>\n<\/ul>\n\n\n\n<h5 class=\"wp-block-heading\" id=\"h-que-ocurre-si-juntas-trabajo-y-vacaciones-coworkation\">\u00bfQu\u00e9 ocurre si juntas trabajo y vacaciones? <em>Coworkation<\/em><\/h5>\n\n\n\n<ul class=\"wp-block-list\">\n<li>Fusiona colaboraci\u00f3n, trabajo y vacaciones y vete con tu equipo a Bali, Portugal o Barcelona a dar rienda suelta a vuestra creatividad.<\/li>\n<\/ul>\n\n\n\n<h5 class=\"wp-block-heading\" id=\"h-viaja-hasta-las-nubes\">Viaja hasta las nubes<\/h5>\n\n\n\n<ul class=\"wp-block-list\">\n<li><a href=\"https:\/\/www.sage.com\/es-es\/blog\/que-son-los-erps-basados-en-la-nube\/\">Trabajar en la nube<\/a> te ayudar\u00e1 a disfrutar m\u00e1s de tus vacaciones. Trabaja con un <a href=\"https:\/\/www.sage.com\/es-es\/erp\/gestion-empresarial\/\">software de gesti\u00f3n empresarial <\/a>que te permita acceder a los datos de tu empresa desde cualquier lugar.<\/li>\n<\/ul>\n\n\n\n<h5 class=\"wp-block-heading\" id=\"h-llena-tu-maleta-de-ideas\">Llena tu maleta de ideas<\/h5>\n\n\n\n<ul class=\"wp-block-list\">\n<li>Abre tu mente, escucha, habla con la gente, descubre lugares desconocidos. Encontrar\u00e1s una nueva perspectiva para tu negocio, nuevas formas de trabajar y de <a href=\"https:\/\/es.wikipedia.org\/wiki\/Emprendedor\" target=\"_blank\" rel=\"noopener noreferrer\">emprender<\/a>. M\u00e9telas en tu maleta y apl\u00edcalas cuando llegue el momento.<\/li>\n<\/ul>\n\n\n\n<h5 class=\"wp-block-heading\" id=\"h-descubre-formas-de-crecer\">Descubre formas de crecer<\/h5>\n\n\n\n<ul class=\"wp-block-list\">\n<li>Descubre nuevos nichos de mercado, nuevos clientes, formas de internacionalizar tu empresa o de vender productos online. No pares de crecer.<\/li>\n<\/ul>\n\n\n\n<figure class=\"wp-block-image aligncenter size-full wp-image-16910\"><img loading=\"lazy\" decoding=\"async\" width=\"1024\" height=\"683\" src=\"https:\/\/www.sage.com\/es-es\/blog\/wp-content\/uploads\/sites\/8\/2020\/07\/1024_Tip-3.jpg\" alt=\"Sage\" class=\"wp-image-16910\" srcset=\"https:\/\/www.sage.com\/es-es\/blog\/wp-content\/uploads\/sites\/8\/2020\/07\/1024_Tip-3.jpg 1024w, https:\/\/www.sage.com\/es-es\/blog\/wp-content\/uploads\/sites\/8\/2020\/07\/1024_Tip-3-768x512.jpg 768w\" sizes=\"auto, (max-width: 1024px) 100vw, 1024px\" \/><figcaption class=\"wp-element-caption\">Las vacaciones son para disfrutar, pero tambi\u00e9n para encontrar ideas creativas para tu empresa.<\/figcaption><\/figure>\n\n\n\n<p>Por \u00faltimo, espero que estos consejos te sean de utilidad y puedas aplicarlos. Pero, sobre todo, que puedas disfrutar de esa escapada (por peque\u00f1a que sea).<\/p>\n\n\n\n<p>Y no olvides que has trabajado duro, que has superado algunos desaf\u00edos sin precedentes en estos \u00faltimos meses. Y, \u00a1te mereces un descanso!<\/p>\n\n\n<div class=\"single-cta\">\n\t<div class=\"single-cta__positioner\">\n\t\t<div class=\"single-cta__wrapper has-dark-background-color\">\n\t\t\t<div class=\"single-cta__content\">\n\t\t\t\t\t\t\t\t<h2 class=\"single-cta__title h3\">Subscr\u00edbete a la newsletter de Sage Advice<\/h2>\n\n\t\t\t\t\t\t\t\t\t<div class=\"single-cta__description\">\n\t\t\t\t\t\t<p>Recibe nuestros consejos m\u00e1s recientes directamente en la bandeja de entrada de tu correo electr\u00f3nico.<\/p>\n\t\t\t\t\t<\/div>\n\t\t\t\t\n\t\t\t\t\t\t\t\t\t\t\t\t\t\t<a\n\t\t\t\t\t\thref=\"#gate-263a5c00-99e4-4e71-8421-469deda8e674\"\n\t\t\t\t\t\tclass=\"single-cta__button button button--primary\"\n\t\t\t\t\t\t\t\t\t\t\t\t\t\t\t\t\t>Suscr\u00edbete<\/a>\n\t\t\t\t\t\t\t<\/div>\n\n\t\t\t\t\t<\/div>\n\n\t\t\t\t\t<img decoding=\"async\" width=\"1440\" height=\"810\" src=\"https:\/\/www.sage.com\/es-es\/blog\/wp-content\/uploads\/sites\/8\/2022\/04\/GettyImages-1171960556-1440x810.jpg\" class=\"single-cta__image\" alt=\"Sage\" loading=\"lazy\" srcset=\"https:\/\/www.sage.com\/es-es\/blog\/wp-content\/uploads\/sites\/8\/2022\/04\/GettyImages-1171960556-1440x810.jpg 1440w\" sizes=\"auto, (min-width: 48em) 33vw, 100vw\" \/>\t\t\t<\/div>\n<\/div>\n","protected":false},"excerpt":{"rendered":"<p>Tras pasar d\u00edas, semanas y meses interminables de quedarnos en casa cumpliendo con las \u00f3rdenes del COVID-19, todo peque\u00f1o empresario so\u00f1ar\u00e1 con una escapada de verano. Aunque solo sea por un corto fin de semana o \u201cpuente\u201d improvisado. En este post te damos algunos consejos para preparar la gesti\u00f3n empresarial de tu negocio antes de [&hellip;]<\/p>\n","protected":false},"author":316,"featured_media":16286,"comment_status":"closed","ping_status":"closed","sticky":false,"template":"","format":"standard","meta":{"_sage_video":false,"post_featured_image_hide":false,"footnotes":""},"categories":[3,5],"tags":[27,37],"business_type":[10],"lilypad":[],"context":[],"industry":[],"persona":[],"imagine_tag":[285,281],"coauthors":[397],"class_list":["post-16907","post","type-post","status-publish","format-standard","has-post-thumbnail","hentry","category-estrategia-gestion","category-tecnologia-innovacion","tag-emprendedores","tag-gestion-empresarial","business_type-pequena-empresa"],"sage_meta":{"region":"es-es","author_name":"Pilar Villanueva","featured_image":"https:\/\/www.sage.com\/es-es\/blog\/wp-content\/uploads\/sites\/8\/2020\/02\/GettyImages-1142425798.jpg","imagine_tags":{"285":"Emprendedores","281":"Gesti\u00f3n empresarial"}},"distributor_meta":false,"distributor_terms":false,"distributor_media":false,"distributor_original_site_name":"Sage Advice Espa\u00f1a","distributor_original_site_url":"https:\/\/www.sage.com\/es-es\/blog","push-errors":false,"_links":{"self":[{"href":"https:\/\/www.sage.com\/es-es\/blog\/api\/wp\/v2\/posts\/16907","targetHints":{"allow":["GET"]}}],"collection":[{"href":"https:\/\/www.sage.com\/es-es\/blog\/api\/wp\/v2\/posts"}],"about":[{"href":"https:\/\/www.sage.com\/es-es\/blog\/api\/wp\/v2\/types\/post"}],"author":[{"embeddable":true,"href":"https:\/\/www.sage.com\/es-es\/blog\/api\/wp\/v2\/users\/316"}],"replies":[{"embeddable":true,"href":"https:\/\/www.sage.com\/es-es\/blog\/api\/wp\/v2\/comments?post=16907"}],"version-history":[{"count":0,"href":"https:\/\/www.sage.com\/es-es\/blog\/api\/wp\/v2\/posts\/16907\/revisions"}],"wp:featuredmedia":[{"embeddable":true,"href":"https:\/\/www.sage.com\/es-es\/blog\/api\/wp\/v2\/media\/16286"}],"wp:attachment":[{"href":"https:\/\/www.sage.com\/es-es\/blog\/api\/wp\/v2\/media?parent=16907"}],"wp:term":[{"taxonomy":"category","embeddable":true,"href":"https:\/\/www.sage.com\/es-es\/blog\/api\/wp\/v2\/categories?post=16907"},{"taxonomy":"post_tag","embeddable":true,"href":"https:\/\/www.sage.com\/es-es\/blog\/api\/wp\/v2\/tags?post=16907"},{"taxonomy":"business_type","embeddable":true,"href":"https:\/\/www.sage.com\/es-es\/blog\/api\/wp\/v2\/business_type?post=16907"},{"taxonomy":"lilypad","embeddable":true,"href":"https:\/\/www.sage.com\/es-es\/blog\/api\/wp\/v2\/lilypad?post=16907"},{"taxonomy":"context","embeddable":true,"href":"https:\/\/www.sage.com\/es-es\/blog\/api\/wp\/v2\/context?post=16907"},{"taxonomy":"industry","embeddable":true,"href":"https:\/\/www.sage.com\/es-es\/blog\/api\/wp\/v2\/industry?post=16907"},{"taxonomy":"persona","embeddable":true,"href":"https:\/\/www.sage.com\/es-es\/blog\/api\/wp\/v2\/persona?post=16907"},{"taxonomy":"imagine_tag","embeddable":true,"href":"https:\/\/www.sage.com\/es-es\/blog\/api\/wp\/v2\/imagine_tag?post=16907"},{"taxonomy":"author","embeddable":true,"href":"https:\/\/www.sage.com\/es-es\/blog\/api\/wp\/v2\/coauthors?post=16907"}],"curies":[{"name":"wp","href":"https:\/\/api.w.org\/{rel}","templated":true}]}}