{"id":17346,"date":"2020-11-06T15:17:27","date_gmt":"2020-11-06T14:17:27","guid":{"rendered":"https:\/\/www.sage.com\/es-es\/blog\/?p=17346"},"modified":"2025-11-14T14:20:36","modified_gmt":"2025-11-14T13:20:36","slug":"novedades-sage-despachos-por-que-debes-asistir-al-evento-exclusivo-para-despachos","status":"publish","type":"post","link":"https:\/\/www.sage.com\/es-es\/blog\/novedades-sage-despachos-por-que-debes-asistir-al-evento-exclusivo-para-despachos\/","title":{"rendered":"Novedades Sage Despachos 2020-21: \u00bfpor qu\u00e9 debes asistir al evento exclusivo para despachos?"},"content":{"rendered":"<header class=\"entry-header has-dark-background-color entry-header--has-illustration entry-header--has-illustration--generic\">\n\t<div class=\"container\">\n\t\t<div class=\"entry-header__row row align-center\">\n\t\t\t<div class=\"col col-lg-7 col-xlg-6 entry-header__content\">\n\t\t\t\t\t\t\t<div class=\"component component-single-header\">\n\t\t\t\t\t\t\t\t\t\t<div class=\"entry-header__misc text--subtitle text--uppercase text--small\">\n\t\t\t\t\t\t\t<a href=\"https:\/\/www.sage.com\/es-es\/blog\/categoria\/asesorias-despachos-profesionales\/\" class=\"entry-header__link\">Asesor\u00edas y Despachos Profesionales<\/a>\t\t\t\t\t\t<\/div>\n\t\t\t\t\n\t\t\t\t<div class=\"entry-title-wrapper\">\n\t\t\t\t\t<h1 class=\"entry-title\">\n\t\t\t\t\t\tNovedades Sage Despachos 2020-21: \u00bfpor qu\u00e9 debes asistir al evento exclusivo para despachos?\t\t\t\t\t<\/h1>\n\t\t\t\t<\/div>\n\n\t\t\t\t\t\t\t\t\t<p class=\"entry-header__description\">\n\t\t\t\t\t\t\t\t\t\t\t<\/p>\n\t\t\t\t\n\t\t\t\t\n\t\t\t\t\n\t\t\t<\/div>\n\n\t\t\t\t\t<\/div>\n\t\t\t\t\t<\/div>\n\t<\/div>\n\t<div class=\"single-post-details container\">\n\t\t<div class=\"col\">\n\t\t\t<span class=\"posted-on \"><time class=\"entry-date published\" datetime=\"2020-11-06T15:17:27+01:00\">6 November, 2020<\/time><\/span><span class=\"reading-time\"> minutos de lectura<\/span>\n\t\t<button\n\t\t\ttype=\"button\"\n\t\t\tclass=\"social-share-button button button--icon button--secondary js-social-share-button\"\n\t\t\tdata-share-title=\"Novedades Sage Despachos 2020-21: \u00bfpor qu\u00e9 debes asistir al evento exclusivo para despachos?\"\n\t\t\tdata-share-url=\"https:\/\/www.sage.com\/es-es\/blog\/novedades-sage-despachos-por-que-debes-asistir-al-evento-exclusivo-para-despachos\/\"\n\t\t\tdata-share-text=\"Please read this interesting article\"\n\t\t>\n\t\t\t<span class=\"social-share-button__share-label\">Compartir<\/span>\n\t\t\t<span class=\"social-share-button__copy-label\" hidden>Copiar enlace<\/span>\n\t\t\t<span class=\"social-share-button__copy-tooltip\" aria-hidden=\"true\" hidden>Copiado<\/span>\n\t\t<\/button>\n\n\t\t\t\t<\/div>\n\t<\/div>\n<\/header>\n\n\n\n<div class=\"wp-block-post-author has-dark-background-color alignfull\">\n\t<div class=\"container\">\n\t\t<div class=\"col\">\n\t\t\t\t\t\t\t<div class=\"co-authors\">\n\t\t\t\t\t\n\t\t<div class=\"entry-author-wrapper\">\n\t\t\t<a class=\"entry-author\" href=\"https:\/\/www.sage.com\/es-es\/blog\/author\/marcrius\/\">\n\t\t\t\t<img decoding=\"async\" alt=\"\" src=\"https:\/\/www.sage.com\/es-es\/blog\/wp-content\/uploads\/sites\/8\/2018\/10\/Marc-Rius-25.jpg\" class=\"entry-author__image\" height=\"40\" width=\"40\" fetchpriority=\"high\" \/>\t\t\t\t<span class=\"entry-author__name\">Marc Rius<\/span>\n\t\t\t<\/a>\n\n\t\t\t\t\t<\/div>\n\n\t\t\t\t\t\t<\/div>\n\t\t\t\t\t<\/div>\n\t<\/div>\n<\/div>\n\n\n\n\n\n<p>Se avistan vientos de cambio en el sector profesional de las asesor\u00edas y despachos. Algunas de las causas son que solo el 30% de los despachos est\u00e1 creciendo en facturaci\u00f3n o que solo un 40% cierra sus cuentas con beneficios.<\/p>\n\n\n\n<p>Adem\u00e1s, habr\u00eda que a\u00f1adir que la COVID-19 est\u00e1 impactando negativamente. Sobre todo en los <a href=\"https:\/\/www.sage.com\/es-es\/asesorias-y-despachos\/\">despachos profesionales<\/a>, provocando un decrecimiento del volumen de negocio de hasta un 25% en gestor\u00edas peque\u00f1as y medianas, y un 10% en asesor\u00edas medianas y grandes.<\/p>\n\n\n\n<h2 class=\"wp-block-heading\" id=\"h-deberes-pendientes\">Deberes pendientes<\/h2>\n\n\n\n<p>La pandemia del <a href=\"https:\/\/www.sage.com\/es-es\/covid-19\/\">COVID-19<\/a> no ha hecho m\u00e1s que acelerar la necesidad de afrontar el principal reto pendiente del sector. <strong>No es otro que la digitalizaci\u00f3n.<\/strong> Y es que m\u00e1s del 80% de los <strong>despachos profesionales tiene pendiente afrontar un proceso de transformaci\u00f3n digital<\/strong> real. Un proceso que les permita no solo estar informatizados, que ya lo est\u00e1n, si no convertir realmente sus negocios al digital, automatizar procesos y ofrecer una experiencia digital a sus clientes que les fidelice. Y, principalmente, que les ayude a generar un valor diferencial que marque la diferencia en el mercado.<\/p>\n\n\n\n<h2 class=\"wp-block-heading\" id=\"h-tecnologia-como-palanca-de-la-transformacion-digital\">Tecnolog\u00eda como palanca de la transformaci\u00f3n digital<\/h2>\n\n\n\n<p>Para ello ser\u00e1 necesario que el <a href=\"https:\/\/www.sage.com\/es-es\/blog\/despachos-covid19-todo-lo-que-necesitas-para-vender-la-pandemia\/\">despacho profesional<\/a> entienda la <strong>necesidad de, ahora m\u00e1s que nunca, invertir en tecnolog\u00eda.<\/strong> Para, como m\u00ednimo, situarse en los mismos porcentajes de inversi\u00f3n que la media de la PYME en Espa\u00f1a (solo un 3,3% de inversi\u00f3n en tecnolog\u00eda sobre el total de la facturaci\u00f3n por parte de los despachos vs. el 8,2% de la PYME).<\/p>\n\n\n\n<p>Esta transici\u00f3n se estima clave para garantizar el \u00e9xito futuro de las asesor\u00edas y despachos profesionales del pa\u00eds. Y es que el sector contin\u00faa perdiendo rentabilidad a\u00f1o tras a\u00f1o al tener el 90% del negocio basado en servicios cada vez m\u00e1s intensivos en precio (como por ejemplo contabilidades, impuestos o nominas entre otros). Y, a la vez, basar la prestaci\u00f3n de dichos servicios en horas persona.<\/p>\n\n\n\n<h2 class=\"wp-block-heading\" id=\"h-hoja-de-ruta-para-el-asesor\">Hoja de ruta para el asesor<\/h2>\n\n\n\n<p>Ante esta encrucijada, desde Sage queremos ayudar a fijar una <strong>hoja de ruta clara para nuestros despachos profesionales.<\/strong> Un plan de trabajo apalancado en dar respuesta a los 7 retos que el despacho debe afrontar con garant\u00edas para continuar construyendo un proyecto de futuro.<\/p>\n\n\n\n<p>Estos son:<\/p>\n\n\n\n<ol class=\"wp-block-list\">\n<li>Generaci\u00f3n de Negocio<\/li>\n\n\n\n<li>Experiencia de Cliente<\/li>\n\n\n\n<li>Automatizaci\u00f3n de Procesos<\/li>\n\n\n\n<li>Gesti\u00f3n de Datos<\/li>\n\n\n\n<li>Pasar del commodity al valor a\u00f1adido<\/li>\n\n\n\n<li>Econom\u00edas de Escala y Tama\u00f1o<\/li>\n\n\n\n<li>Gesti\u00f3n del Cambio<\/li>\n<\/ol>\n\n\n\n<h3 class=\"wp-block-heading\" id=\"h-respuesta-a-los-7-retos\">Respuesta a los 7 retos<\/h3>\n\n\n\n<p>Y para dar respuesta a los puntos anteriores, desde Sage hemos desarrollado la plataforma Sage Despachos. Una <strong>herramienta que se constituye en base a tres grandes pilares orientados a dar respuesta<\/strong> a los 7 retos del Despacho del Futuro:<\/p>\n\n\n\n<ul class=\"wp-block-list\">\n<li><strong>Sage Despachos Connected<\/strong>, herramientas de back office para el despacho. Mediante un ERP modular e integral, que junto con el ecosistema de soluciones conectadas aporta automatizaci\u00f3n y gesti\u00f3n de datos en Contabilidad y Finanzas, Fiscal, Laboral y Gesti\u00f3n del Despacho.<\/li>\n\n\n\n<li><strong>Sage Conecta<\/strong>, plataforma cloud que aporta al despacho profesional la posibilidad de digitalizar, desde el inicio hasta su fin, todo el flujo de trabajo y negocio con su cliente. Desde la captaci\u00f3n digital de la mano de Sage de nuevo cliente, a su contacto, comunicaci\u00f3n y prestaci\u00f3n de servicio. Adem\u00e1s, Sage Conecta aporta a la asesor\u00eda la posibilidad de participar en la mayor comunidad de despachos profesionales de Espa\u00f1a, gozando gracias a Sage de networking y negocio entre despachos.<\/li>\n\n\n\n<li><strong>Sage Escuela de Despachos<\/strong>, plataforma de elarning online, 24\/7. Para que todos los colaboradores del despacho puedan formarse y desarrollarse en tecnolog\u00eda, competencias de negocio y reciclaje t\u00e9cnico a nivel legal, fiscal, contable y laboral.<\/li>\n<\/ul>\n\n\n\n<p>Es un momento de cambio. Y en Sage queremos liderarlo <strong>digitalizando el sector profesional a nivel nacional<\/strong> con Sage Despachos y nuestra nueva plataforma Sage Conecta. Por ello te espero el <strong>pr\u00f3ximo d\u00eda 11 de noviembre a las 9:30 horas en nuestro evento online<\/strong> exclusivo para asesores y despachos profesionales. \u00a1No te lo pierdas!<\/p>\n\n\n<div class=\"single-cta\">\n\t<div class=\"single-cta__positioner\">\n\t\t<div class=\"single-cta__wrapper has-dark-background-color\">\n\t\t\t<div class=\"single-cta__content\">\n\t\t\t\t\t\t\t\t<h2 class=\"single-cta__title h3\">Subscr\u00edbete a la newsletter de Sage Advice<\/h2>\n\n\t\t\t\t\t\t\t\t\t<div class=\"single-cta__description\">\n\t\t\t\t\t\t<p>Recibe nuestros consejos m\u00e1s recientes directamente en la bandeja de entrada de tu correo electr\u00f3nico.<\/p>\n\t\t\t\t\t<\/div>\n\t\t\t\t\n\t\t\t\t\t\t\t\t\t\t\t\t\t\t<a\n\t\t\t\t\t\thref=\"#gate-263a5c00-99e4-4e71-8421-469deda8e674\"\n\t\t\t\t\t\tclass=\"single-cta__button button button--primary\"\n\t\t\t\t\t\t\t\t\t\t\t\t\t\t\t\t\t>Suscr\u00edbete<\/a>\n\t\t\t\t\t\t\t<\/div>\n\n\t\t\t\t\t<\/div>\n\n\t\t\t\t\t<img decoding=\"async\" width=\"1440\" height=\"810\" src=\"https:\/\/www.sage.com\/es-es\/blog\/wp-content\/uploads\/sites\/8\/2022\/04\/GettyImages-1171960556-1440x810.jpg\" class=\"single-cta__image\" alt=\"Sage\" loading=\"lazy\" srcset=\"https:\/\/www.sage.com\/es-es\/blog\/wp-content\/uploads\/sites\/8\/2022\/04\/GettyImages-1171960556-1440x810.jpg 1440w\" sizes=\"auto, (min-width: 48em) 33vw, 100vw\" \/>\t\t\t<\/div>\n<\/div>\n","protected":false},"excerpt":{"rendered":"<p>Se avistan vientos de cambio en el sector profesional de las asesor\u00edas y despachos. Algunas de las causas son que solo el 30% de los despachos est\u00e1 creciendo en facturaci\u00f3n o que solo un 40% cierra sus cuentas con beneficios. Adem\u00e1s, habr\u00eda que a\u00f1adir que la COVID-19 est\u00e1 impactando negativamente. Sobre todo en los despachos [&hellip;]<\/p>\n","protected":false},"author":679,"featured_media":18269,"comment_status":"closed","ping_status":"closed","sticky":false,"template":"","format":"standard","meta":{"_sage_video":false,"post_featured_image_hide":false,"footnotes":""},"categories":[7],"tags":[187,237],"business_type":[8],"lilypad":[],"context":[],"industry":[],"persona":[],"imagine_tag":[263],"coauthors":[796],"class_list":["post-17346","post","type-post","status-publish","format-standard","has-post-thumbnail","hentry","category-asesorias-despachos-profesionales","tag-asesorias-y-despachos-profesionales","tag-transformacion-digital","business_type-asesorias-despachos-profesionales"],"sage_meta":{"region":"es-es","author_name":"Marc Rius","featured_image":"https:\/\/www.sage.com\/es-es\/blog\/wp-content\/uploads\/sites\/8\/2021\/03\/GettyImages-1214306852-11.jpg","imagine_tags":{"263":"Tecnolog\u00eda"}},"distributor_meta":false,"distributor_terms":false,"distributor_media":false,"distributor_original_site_name":"Sage Advice Espa\u00f1a","distributor_original_site_url":"https:\/\/www.sage.com\/es-es\/blog","push-errors":false,"_links":{"self":[{"href":"https:\/\/www.sage.com\/es-es\/blog\/api\/wp\/v2\/posts\/17346","targetHints":{"allow":["GET"]}}],"collection":[{"href":"https:\/\/www.sage.com\/es-es\/blog\/api\/wp\/v2\/posts"}],"about":[{"href":"https:\/\/www.sage.com\/es-es\/blog\/api\/wp\/v2\/types\/post"}],"author":[{"embeddable":true,"href":"https:\/\/www.sage.com\/es-es\/blog\/api\/wp\/v2\/users\/679"}],"replies":[{"embeddable":true,"href":"https:\/\/www.sage.com\/es-es\/blog\/api\/wp\/v2\/comments?post=17346"}],"version-history":[{"count":0,"href":"https:\/\/www.sage.com\/es-es\/blog\/api\/wp\/v2\/posts\/17346\/revisions"}],"wp:featuredmedia":[{"embeddable":true,"href":"https:\/\/www.sage.com\/es-es\/blog\/api\/wp\/v2\/media\/18269"}],"wp:attachment":[{"href":"https:\/\/www.sage.com\/es-es\/blog\/api\/wp\/v2\/media?parent=17346"}],"wp:term":[{"taxonomy":"category","embeddable":true,"href":"https:\/\/www.sage.com\/es-es\/blog\/api\/wp\/v2\/categories?post=17346"},{"taxonomy":"post_tag","embeddable":true,"href":"https:\/\/www.sage.com\/es-es\/blog\/api\/wp\/v2\/tags?post=17346"},{"taxonomy":"business_type","embeddable":true,"href":"https:\/\/www.sage.com\/es-es\/blog\/api\/wp\/v2\/business_type?post=17346"},{"taxonomy":"lilypad","embeddable":true,"href":"https:\/\/www.sage.com\/es-es\/blog\/api\/wp\/v2\/lilypad?post=17346"},{"taxonomy":"context","embeddable":true,"href":"https:\/\/www.sage.com\/es-es\/blog\/api\/wp\/v2\/context?post=17346"},{"taxonomy":"industry","embeddable":true,"href":"https:\/\/www.sage.com\/es-es\/blog\/api\/wp\/v2\/industry?post=17346"},{"taxonomy":"persona","embeddable":true,"href":"https:\/\/www.sage.com\/es-es\/blog\/api\/wp\/v2\/persona?post=17346"},{"taxonomy":"imagine_tag","embeddable":true,"href":"https:\/\/www.sage.com\/es-es\/blog\/api\/wp\/v2\/imagine_tag?post=17346"},{"taxonomy":"author","embeddable":true,"href":"https:\/\/www.sage.com\/es-es\/blog\/api\/wp\/v2\/coauthors?post=17346"}],"curies":[{"name":"wp","href":"https:\/\/api.w.org\/{rel}","templated":true}]}}