{"id":17600,"date":"2021-01-08T13:42:46","date_gmt":"2021-01-08T12:42:46","guid":{"rendered":"https:\/\/www.sage.com\/es-es\/blog\/?p=17600"},"modified":"2026-04-23T14:45:13","modified_gmt":"2026-04-23T12:45:13","slug":"covid-19-canarias-reduccion-del-calculo-de-la-cuota-devengada-por-operaciones-corrientes-en-el-regimen-simplificado-de-igic","status":"publish","type":"post","link":"https:\/\/www.sage.com\/es-es\/blog\/covid-19-canarias-reduccion-del-calculo-de-la-cuota-devengada-por-operaciones-corrientes-en-el-regimen-simplificado-de-igic\/","title":{"rendered":"COVID-19 Canarias \u2013 Reducci\u00f3n del c\u00e1lculo de la cuota devengada por operaciones corrientes en el R\u00e9gimen Simplificado de IGIC."},"content":{"rendered":"<header class=\"entry-header has-dark-background-color entry-header--standard entry-header--has-illustration entry-header--has-illustration--standard\">\n\t<div class=\"container\">\n\t\t<div class=\"entry-header__row row align-center\">\n\t\t\t<div class=\"col col-lg-7 col-xlg-6 entry-header__content\">\n\t\t\t\t\t\t\t<div class=\"component component-single-header\">\n\t\t\t\t\t\t\t\t\t\t<div class=\"entry-header__misc text--subtitle text--uppercase text--small\">\n\t\t\t\t\t\t\t<a href=\"https:\/\/www.sage.com\/es-es\/blog\/categoria\/legal\/\" class=\"entry-header__link\">Legal<\/a>\t\t\t\t\t\t<\/div>\n\t\t\t\t\n\t\t\t\t<div class=\"entry-title-wrapper\">\n\t\t\t\t\t<h1 class=\"entry-title\">\n\t\t\t\t\t\tCOVID-19 Canarias \u2013 Reducci\u00f3n del c\u00e1lculo de la cuota devengada por operaciones corrientes en el R\u00e9gimen Simplificado de IGIC.\t\t\t\t\t<\/h1>\n\t\t\t\t<\/div>\n\n\t\t\t\t\t\t\t\t\t<p class=\"entry-header__description\">\n\t\t\t\t\t\t\t\t\t\t\t<\/p>\n\t\t\t\t\n\t\t\t\t\n\t\t\t\t\n\t\t\t<\/div>\n\n\t\t\t\t\t<\/div>\n\t\t\t\t\t<\/div>\n\t<\/div>\n\t<div class=\"single-post-details container\">\n\t\t<div class=\"col\">\n\t\t\t<span class=\"posted-on \"><time class=\"entry-date published\" datetime=\"2021-01-08T13:42:46+01:00\">8 January, 2021<\/time><\/span><span class=\"reading-time\"> minutos de lectura<\/span>\n\t\t<button\n\t\t\ttype=\"button\"\n\t\t\tclass=\"social-share-button button button--icon button--secondary js-social-share-button\"\n\t\t\tdata-share-title=\"COVID-19 Canarias \u2013 Reducci\u00f3n del c\u00e1lculo de la cuota devengada por operaciones corrientes en el R\u00e9gimen Simplificado de IGIC.\"\n\t\t\tdata-share-url=\"https:\/\/www.sage.com\/es-es\/blog\/covid-19-canarias-reduccion-del-calculo-de-la-cuota-devengada-por-operaciones-corrientes-en-el-regimen-simplificado-de-igic\/\"\n\t\t\tdata-share-text=\"Please read this interesting article\"\n\t\t>\n\t\t\t<span class=\"social-share-button__share-label\">Compartir<\/span>\n\t\t\t<span class=\"social-share-button__copy-label\" hidden>Copiar enlace<\/span>\n\t\t\t<span class=\"social-share-button__copy-tooltip\" aria-hidden=\"true\" hidden>Copiado<\/span>\n\t\t<\/button>\n\n\t\t\t\t<\/div>\n\t<\/div>\n<\/header>\n\n\n\n<div class=\"wp-block-post-author has-dark-background-color alignfull\">\n\t<div class=\"container\">\n\t\t<div class=\"col\">\n\t\t\t\t\t\t\t<div class=\"co-authors\">\n\t\t\t\t\t\n\t\t<div class=\"entry-author-wrapper\">\n\t\t\t<a class=\"entry-author\" href=\"https:\/\/www.sage.com\/es-es\/blog\/author\/ronald-lozano\/\">\n\t\t\t\t<img loading=\"lazy\" decoding=\"async\" width=\"40\" height=\"40\" src=\"https:\/\/www.sage.com\/es-es\/blog\/wp-content\/uploads\/sites\/8\/2025\/02\/Ronald-Lozano-350x350.jpg\" class=\"entry-author__image\" alt=\"Sage\" srcset=\"https:\/\/www.sage.com\/es-es\/blog\/wp-content\/uploads\/sites\/8\/2025\/02\/Ronald-Lozano-350x350.jpg 350w, https:\/\/www.sage.com\/es-es\/blog\/wp-content\/uploads\/sites\/8\/2025\/02\/Ronald-Lozano.jpg 600w\" sizes=\"auto, (max-width: 40px) 100vw, 40px\" \/>\t\t\t\t<span class=\"entry-author__name\">Ronald Lozano<\/span>\n\t\t\t<\/a>\n\n\t\t\t\t\t<\/div>\n\n\t\t\t\t\t\t<\/div>\n\t\t\t\t\t<\/div>\n\t<\/div>\n<\/div>\n\n\n\n<p><strong>\u00bfA qu\u00e9 afecta?<\/strong><\/p>\n\n\n\n<ul class=\"wp-block-list\">\n<li>Pr\u00f3rroga para el a\u00f1o 2021 de los m\u00f3dulos.<\/li>\n\n\n\n<li>Reducciones sobre el pago fraccionado del 1T\/21<\/li>\n\n\n\n<li>Ajustes para la determinaci\u00f3n del importe en el a\u00f1o 2020 de las cuotas devengadas por operaciones corrientes<\/li>\n\n\n\n<li>Efectos de la revocaci\u00f3n excepcional de la renuncia a m\u00f3dulos <a href=\"https:\/\/www.sage.com\/es-es\/blog\/irpf-alava-tabla-general-de-porcentajes-de-retencion-para-rendimientos-del-trabajo-para-el-ejercicio-2021\/\">IRPF<\/a> seg\u00fan RD 35\/2020<\/li>\n<\/ul>\n\n\n\n<p><strong>\u00bfA qui\u00e9n afecta?<\/strong><\/p>\n\n\n\n<p>A los contribuyentes que est\u00e1n sujetos a m\u00f3dulos del R\u00e9gimen Simplificado del IGIC y a los m\u00f3dulos de IRPF.<\/p>\n\n\n\n<p><strong>\u00bfC\u00f3mo afecta?<\/strong><\/p>\n\n\n\n<ul class=\"wp-block-list\">\n<li>Se prorroga la aplicaci\u00f3n de la orden de m\u00f3dulos actual para el ejercicio 2021.<\/li>\n\n\n\n<li>Reducciones en el importe de la cuota devengada por operaciones corrientes correspondientes al ejercicio 2020.\n<ul class=\"wp-block-list\">\n<li>Para el c\u00e1lculo de la cuota anual del R\u00e9gimen Simplificado, se podr\u00e1 aplicar una reducci\u00f3n del:\n<ul class=\"wp-block-list\">\n<li>Reducci\u00f3n del 20%<\/li>\n\n\n\n<li>Reducci\u00f3n del 35% para actividades relacionadas con el sector tur\u00edstico, de la hosteler\u00eda y el comercio.<\/li>\n<\/ul>\n<\/li>\n\n\n\n<li>No debe computarse como per\u00edodo en que se haya ejercicio la actividad:\n<ul class=\"wp-block-list\">\n<li>Los d\u00edas comprendidos durante el estado de alarma del 1T\/20<\/li>\n\n\n\n<li>Los d\u00edas comprendidos durante el estado de alarma del 2T\/20 y aquellos que, no estando dentro de estado de alarma se hubiera suspendido la actividad como consecuencia de las medidas adoptadas por la autoridad competente.<\/li>\n\n\n\n<li>Para la cuantificaci\u00f3n de los m\u00f3dulos \u00abpersonal asalariado\u00bb, \u00abpersonal no asalariado\u00bb y \u00abpersonal empleado\u00bb, en su caso, no se computar\u00e1n como horas trabajadas las correspondientes a los d\u00edas comprendidos en el estado de alarma o de cierre y para la cuantificaci\u00f3n de los m\u00f3dulos \u00abdistancia recorrida\u00bb y \u00abconsumo de energ\u00eda el\u00e9ctrica\u00bb no se computar\u00e1n los kil\u00f3metros recorridos ni los kilovatios\/hora que proporcionalmente correspondan a estos d\u00edas.<\/li>\n<\/ul>\n<\/li>\n<\/ul>\n<\/li>\n<\/ul>\n\n\n\n<ul class=\"wp-block-list\">\n<li>Reducciones para aplicar al porcentaje de ingreso a cuenta para el 1T\/2021:\n<ul class=\"wp-block-list\">\n<li>Para el R\u00e9gimen Simplificado:\n<ul class=\"wp-block-list\">\n<li>Reducci\u00f3n del 20%<\/li>\n\n\n\n<li>Reducci\u00f3n del 35% para actividades relacionadas con el sector tur\u00edstico, de la hosteler\u00eda y el comercio.<\/li>\n<\/ul>\n<\/li>\n<\/ul>\n<\/li>\n\n\n\n<li>La revocaci\u00f3n excepcional de la renuncia a m\u00f3dulos de IRPF, supone la inclusi\u00f3n en el R\u00e9gimen Simplificado del IGIC.<\/li>\n<\/ul>\n\n\n\n<p><strong>\u00bfCu\u00e1ndo afecta?<\/strong><\/p>\n\n\n\n<ul class=\"wp-block-list\">\n<li>En vigor, 01\/01\/2021<\/li>\n\n\n\n<li>Liquidaciones afectadas 421 (4T\/20 y 1T\/21); 425 (2020).<\/li>\n<\/ul>\n\n\n\n<p>Orden de 28 de diciembre por la que se prorroga para el a\u00f1o 2021 la aplicaci\u00f3n de la Orden de 23 de diciembre de 2019, que fija los \u00edndices, m\u00f3dulos y dem\u00e1s par\u00e1metros del r\u00e9gimen simplificado del Impuesto General Indirecto Canario para el a\u00f1o 2020, se establecen reducciones y ajustes para la determinaci\u00f3n del importe en el a\u00f1o 2020 de las cuotas devengadas por operaciones corrientes y reducciones del porcentaje de ingreso a cuenta correspondiente al primer trimestre del a\u00f1o 2021, as\u00ed como los efectos de la revocaci\u00f3n excepcional de la renuncia al m\u00e9todo de estimaci\u00f3n objetiva en el Impuesto sobre la Renta de las Personas F\u00edsicas, prevista en el Real Decreto-ley 35\/2020, de 22 de diciembre, de medidas urgentes de apoyo al sector tur\u00edstico, la hosteler\u00eda y el comercio y en materia tributaria.<\/p>\n","protected":false},"excerpt":{"rendered":"<p>\u00bfA qu\u00e9 afecta? \u00bfA qui\u00e9n afecta? A los contribuyentes que est\u00e1n sujetos a m\u00f3dulos del R\u00e9gimen Simplificado del IGIC y a los m\u00f3dulos de IRPF. \u00bfC\u00f3mo afecta? \u00bfCu\u00e1ndo afecta? Orden de 28 de diciembre por la que se prorroga para el a\u00f1o 2021 la aplicaci\u00f3n de la Orden de 23 de diciembre de 2019, que [&hellip;]<\/p>\n","protected":false},"author":248,"featured_media":10162,"comment_status":"closed","ping_status":"closed","sticky":false,"template":"","format":"standard","meta":{"_sage_video":false,"post_featured_image_hide":false,"footnotes":""},"categories":[6],"tags":[201],"business_type":[10,11,8],"lilypad":[],"context":[],"industry":[],"persona":[],"imagine_tag":[260],"coauthors":[670],"class_list":["post-17600","post","type-post","status-publish","format-standard","has-post-thumbnail","hentry","category-legal","tag-normativa-legal","business_type-pequena-empresa","business_type-mediana-empresa","business_type-asesorias-despachos-profesionales"],"sage_meta":{"region":"es-es","author_name":"Ronald Lozano","featured_image":"https:\/\/www.sage.com\/es-es\/blog\/wp-content\/uploads\/sites\/8\/2018\/02\/legal-image-chevron_Plum.png","imagine_tags":{"260":"Legal"}},"distributor_meta":false,"distributor_terms":false,"distributor_media":false,"distributor_original_site_name":"Sage Advice Espa\u00f1a","distributor_original_site_url":"https:\/\/www.sage.com\/es-es\/blog","push-errors":false,"_links":{"self":[{"href":"https:\/\/www.sage.com\/es-es\/blog\/api\/wp\/v2\/posts\/17600","targetHints":{"allow":["GET"]}}],"collection":[{"href":"https:\/\/www.sage.com\/es-es\/blog\/api\/wp\/v2\/posts"}],"about":[{"href":"https:\/\/www.sage.com\/es-es\/blog\/api\/wp\/v2\/types\/post"}],"author":[{"embeddable":true,"href":"https:\/\/www.sage.com\/es-es\/blog\/api\/wp\/v2\/users\/248"}],"replies":[{"embeddable":true,"href":"https:\/\/www.sage.com\/es-es\/blog\/api\/wp\/v2\/comments?post=17600"}],"version-history":[{"count":1,"href":"https:\/\/www.sage.com\/es-es\/blog\/api\/wp\/v2\/posts\/17600\/revisions"}],"predecessor-version":[{"id":37629,"href":"https:\/\/www.sage.com\/es-es\/blog\/api\/wp\/v2\/posts\/17600\/revisions\/37629"}],"wp:featuredmedia":[{"embeddable":true,"href":"https:\/\/www.sage.com\/es-es\/blog\/api\/wp\/v2\/media\/10162"}],"wp:attachment":[{"href":"https:\/\/www.sage.com\/es-es\/blog\/api\/wp\/v2\/media?parent=17600"}],"wp:term":[{"taxonomy":"category","embeddable":true,"href":"https:\/\/www.sage.com\/es-es\/blog\/api\/wp\/v2\/categories?post=17600"},{"taxonomy":"post_tag","embeddable":true,"href":"https:\/\/www.sage.com\/es-es\/blog\/api\/wp\/v2\/tags?post=17600"},{"taxonomy":"business_type","embeddable":true,"href":"https:\/\/www.sage.com\/es-es\/blog\/api\/wp\/v2\/business_type?post=17600"},{"taxonomy":"lilypad","embeddable":true,"href":"https:\/\/www.sage.com\/es-es\/blog\/api\/wp\/v2\/lilypad?post=17600"},{"taxonomy":"context","embeddable":true,"href":"https:\/\/www.sage.com\/es-es\/blog\/api\/wp\/v2\/context?post=17600"},{"taxonomy":"industry","embeddable":true,"href":"https:\/\/www.sage.com\/es-es\/blog\/api\/wp\/v2\/industry?post=17600"},{"taxonomy":"persona","embeddable":true,"href":"https:\/\/www.sage.com\/es-es\/blog\/api\/wp\/v2\/persona?post=17600"},{"taxonomy":"imagine_tag","embeddable":true,"href":"https:\/\/www.sage.com\/es-es\/blog\/api\/wp\/v2\/imagine_tag?post=17600"},{"taxonomy":"author","embeddable":true,"href":"https:\/\/www.sage.com\/es-es\/blog\/api\/wp\/v2\/coauthors?post=17600"}],"curies":[{"name":"wp","href":"https:\/\/api.w.org\/{rel}","templated":true}]}}