{"id":17823,"date":"2023-04-06T12:39:52","date_gmt":"2023-04-06T10:39:52","guid":{"rendered":"https:\/\/www.sage.com\/es-es\/blog\/?p=17823"},"modified":"2025-05-07T15:45:58","modified_gmt":"2025-05-07T13:45:58","slug":"diferencias-entre-un-trabajador-por-cuenta-ajena-y-por-cuenta-propia","status":"publish","type":"post","link":"https:\/\/www.sage.com\/es-es\/blog\/diferencias-entre-un-trabajador-por-cuenta-ajena-y-por-cuenta-propia\/","title":{"rendered":"Diferencias entre un trabajador por cuenta ajena y por cuenta propia"},"content":{"rendered":"<header class=\"entry-header has-dark-background-color entry-header--has-illustration entry-header--has-illustration--generic\">\n\t<div class=\"container\">\n\t\t<div class=\"entry-header__row row align-center\">\n\t\t\t<div class=\"col col-lg-7 col-xlg-6 entry-header__content\">\n\t\t\t\t\t\t\t<div class=\"component component-single-header\">\n\t\t\t\t\t\t\t\t\t\t<div class=\"entry-header__misc text--subtitle text--uppercase text--small\">\n\t\t\t\t\t\t\t<a href=\"https:\/\/www.sage.com\/es-es\/blog\/categoria\/finanzas\/\" class=\"entry-header__link\">Finanzas<\/a>\t\t\t\t\t\t<\/div>\n\t\t\t\t\n\t\t\t\t<div class=\"entry-title-wrapper\">\n\t\t\t\t\t<h1 class=\"entry-title\">\n\t\t\t\t\t\tDiferencias entre un trabajador por cuenta ajena y por cuenta propia\t\t\t\t\t<\/h1>\n\t\t\t\t<\/div>\n\n\t\t\t\t\t\t\t\t\t<p class=\"entry-header__description\">\n\t\t\t\t\t\t\t\t\t\t\t<\/p>\n\t\t\t\t\n\t\t\t\t\n\t\t\t\t\n\t\t\t<\/div>\n\n\t\t\t\t\t<\/div>\n\t\t\t\t\t<\/div>\n\t<\/div>\n\t<div class=\"single-post-details container\">\n\t\t<div class=\"col\">\n\t\t\t<span class=\"posted-on \"><time class=\"entry-date published\" datetime=\"2023-04-06T12:39:52+02:00\">6 April, 2023<\/time><\/span><span class=\"reading-time\"> minutos de lectura<\/span>\n\t\t<button\n\t\t\ttype=\"button\"\n\t\t\tclass=\"social-share-button button button--icon button--secondary js-social-share-button\"\n\t\t\tdata-share-title=\"Diferencias entre un trabajador por cuenta ajena y por cuenta propia\"\n\t\t\tdata-share-url=\"https:\/\/www.sage.com\/es-es\/blog\/diferencias-entre-un-trabajador-por-cuenta-ajena-y-por-cuenta-propia\/\"\n\t\t\tdata-share-text=\"Please read this interesting article\"\n\t\t>\n\t\t\t<span class=\"social-share-button__share-label\">Compartir<\/span>\n\t\t\t<span class=\"social-share-button__copy-label\" hidden>Copiar enlace<\/span>\n\t\t\t<span class=\"social-share-button__copy-tooltip\" aria-hidden=\"true\" hidden>Copiado<\/span>\n\t\t<\/button>\n\n\t\t\t\t<\/div>\n\t<\/div>\n<\/header>\n\n\n<div class=\"wp-block-post-author has-dark-background-color alignfull\">\n\t<div class=\"container\">\n\t\t<div class=\"col\">\n\t\t\t\t\t\t\t<div class=\"co-authors\">\n\t\t\t\t\t\n\t\t<div class=\"entry-author-wrapper\">\n\t\t\t<a class=\"entry-author\" href=\"https:\/\/www.sage.com\/es-es\/blog\/author\/joseantoniocalvo\/\">\n\t\t\t\t<img loading=\"lazy\" decoding=\"async\" width=\"40\" height=\"40\" src=\"https:\/\/www.sage.com\/es-es\/blog\/wp-content\/uploads\/sites\/8\/2021\/10\/Foto_Jose-Antonio-Calvo_800x800-350x350.jpg\" class=\"entry-author__image\" alt=\"Sage\" srcset=\"https:\/\/www.sage.com\/es-es\/blog\/wp-content\/uploads\/sites\/8\/2021\/10\/Foto_Jose-Antonio-Calvo_800x800-350x350.jpg 350w, https:\/\/www.sage.com\/es-es\/blog\/wp-content\/uploads\/sites\/8\/2021\/10\/Foto_Jose-Antonio-Calvo_800x800-768x768.jpg 768w, https:\/\/www.sage.com\/es-es\/blog\/wp-content\/uploads\/sites\/8\/2021\/10\/Foto_Jose-Antonio-Calvo_800x800.jpg 800w\" sizes=\"auto, (max-width: 40px) 100vw, 40px\" \/>\t\t\t\t<span class=\"entry-author__name\">Jose Antonio Calvo<\/span>\n\t\t\t<\/a>\n\n\t\t\t\t\t<\/div>\n\n\t\t\t\t\t\t<\/div>\n\t\t\t\t\t<\/div>\n\t<\/div>\n<\/div>\n\n\n\n<h4 class=\"wp-block-heading\" id=\"h-conoce-las-diferencias-entre-un-trabajador-por-cuenta-ajena-y-uno-por-cuenta-propia-a-la-hora-de-cotizar-trabajar-y-responder-ante-la-administracion-publica\" style=\"font-style:normal;font-weight:100\">Conoce las diferencias entre un trabajador por cuenta ajena y uno por cuenta propia a la hora de cotizar, trabajar y responder ante la Administraci\u00f3n P\u00fablica.<\/h4>\n\n\n\n<ul class=\"wp-block-list\">\n<li>Te explicamos las diferencias entre asalariados y aut\u00f3nomos, as\u00ed como los tipos de trabajador por cuenta ajena que existen.<\/li>\n\n\n\n<li>Tener un contrato de trabajo por cuenta ajena y ejercer otras actividades econ\u00f3micas por cuenta propia es compatible.<\/li>\n<\/ul>\n\n\n\n<p>Todos nos hacemos una idea general de las diferencias entre un <a href=\"https:\/\/www.sage.com\/es-es\/perfil\/pequena-empresa\/\">aut\u00f3nomo<\/a> y un trabajador por cuenta ajena. Pero, \u00bfen qu\u00e9 difieren sus respectivos reg\u00edmenes de aportaci\u00f3n a la Seguridad Social? \u00bfC\u00f3mo declaran sus ingresos uno y otro? \u00bfDe qu\u00e9 forma organizan su trabajo? En este post, te damos todas las <strong>claves que diferencian <\/strong>a estos dos profesionales.<\/p>\n\n\n\n<h2 class=\"wp-block-heading\" id=\"h-que-es-un-trabajador-por-cuenta-ajena\">\u00bfQu\u00e9 es un trabajador por cuenta ajena?<\/h2>\n\n\n\n<p>Mientras que el aut\u00f3nomo, por norma general, no tiene sujeci\u00f3n a contrato de trabajo, el trabajador por cuenta ajena trabaja con contrato y bajo las directrices de una empresa. Entre los principales <strong>rasgos que definen al trabajador por cuenta ajena<\/strong> se encuentran los siguientes:<\/p>\n\n\n\n<ul class=\"wp-block-list\">\n<li>Est\u00e1 sujeto a horarios, descansos y lugar de trabajo determinados por la direcci\u00f3n de la empresa, independientemente de que hayan trabajado de forma ocasional o espor\u00e1dica.<\/li>\n\n\n\n<li>Depende al 100% de su empleador, de manera que es este \u00faltimo quien le proporciona los medios para llevar a cabo sus actividades.<\/li>\n\n\n\n<li>No participa ni de los beneficios ni de los riesgos de la actividad de la empresa, de manera que percibe el salario pactado previamente.<a><\/a><\/li>\n<\/ul>\n\n\n\n<h2 class=\"wp-block-heading\" id=\"h-que-es-un-trabajador-por-cuenta-propia\">\u00bfQu\u00e9 es un trabajador por cuenta propia?<\/h2>\n\n\n\n<p>Tal y como lo define la Seguridad Social, un trabajador por cuenta propia (tambi\u00e9n conocido como aut\u00f3nomo) es la persona f\u00edsica que realiza de forma habitual, personal y directa una actividad profesional con fines lucrativos.<\/p>\n\n\n\n<p>Entre sus <strong>caracter\u00edsticas principales<\/strong> se encuentran las siguientes:<\/p>\n\n\n\n<ul class=\"wp-block-list\">\n<li>El aut\u00f3nomo puede utilizar, de manera eventual, el servicio remunerado de otras personas, sea o no titular de empresa individual o familiar, lo que puede llevar a confusi\u00f3n con respecto al empresario individual. En principio, ostenta la titularidad de un establecimiento abierto al p\u00fablico, ya sea como propietario o inquilino del local.<\/li>\n\n\n\n<li>Su responsabilidad es ilimitada, por lo que responde de sus actividades profesionales con todos sus bienes, de manera que la l\u00ednea que separa su patrimonio personal y empresarial se disipa.<\/li>\n\n\n\n<li>A diferencia del trabajador por cuenta ajena, no est\u00e1 sujeto a contrato de trabajo.<a><\/a><\/li>\n<\/ul>\n\n\n\n<h2 class=\"wp-block-heading\" id=\"h-tipos-de-autonomo-en-espana\">Tipos de aut\u00f3nomo en Espa\u00f1a<\/h2>\n\n\n\n<p>Existen <strong>factores relacionados<\/strong> con el tipo de actividad, gesti\u00f3n o cotizaci\u00f3n de los aut\u00f3nomos que dan lugar a diferentes tipos de trabajadores por cuenta propia.<\/p>\n\n\n\n<h3 class=\"wp-block-heading\" id=\"h-1-autonomos\">1. <strong>Aut\u00f3nomos<\/strong><\/h3>\n\n\n\n<p>Estos profesionales gestionan un peque\u00f1o negocio f\u00edsico o trabajan en <a href=\"https:\/\/www.sage.com\/es-es\/blog\/que-es-el-iae-y-como-se-selecciona-el-epigrafe-de-la-empresa-o-autonomo\/\">actividades profesionales sujetas a IAE<\/a>. Los pertenecientes a este grupo cotizan por m\u00f3dulos.<\/p>\n\n\n\n<h3 class=\"wp-block-heading\" id=\"h-2-profesionales-liberales\">2. <strong>Profesionales liberales<\/strong><\/h3>\n\n\n\n<p>Aqu\u00ed incluimos a profesionales colegiados, como m\u00e9dicos, abogados o psic\u00f3logos; y no colegiados, como redactores o programadores. Estos retienen el IRPF de sus <a href=\"https:\/\/www.sage.com\/es-es\/productos\/sage-50cloud\/\">facturas<\/a>. Eso s\u00ed, generalmente lo hacen en caso de que el destinatario de dichas facturas sea persona jur\u00eddica.<\/p>\n\n\n\n<h3 class=\"wp-block-heading\" id=\"h-3-autonomos-societarios\">3. <strong>Aut\u00f3nomos societarios<\/strong><\/h3>\n\n\n\n<p>Desde el momento en el que el profesional se constituye en sociedad mercantil, pasa a convertirse en aut\u00f3nomo societario. Y debe darse de alta como tal cuando tenga el control efectivo de la sociedad y\/o realice funciones dentro de esta.<\/p>\n\n\n\n<p>A diferencia de otros aut\u00f3nomos, los societarios tienen responsabilidad limitada, de manera que no responden de sus propios bienes en caso de deuda. No obstante, su base de cotizaci\u00f3n es m\u00e1s alta que la de los aut\u00f3nomos \u201cpersona f\u00edsica\u201d.<\/p>\n\n\n\n<h3 class=\"wp-block-heading\" id=\"h-4-autonomos-trade-o-economicamente-dependientes\">4. <strong>Aut\u00f3nomos TRADE o econ\u00f3micamente dependientes<\/strong><\/h3>\n\n\n\n<p>Los aut\u00f3nomos econ\u00f3micamente dependientes son aquellos cuyo volumen de facturaci\u00f3n depende, al menos, en un 75%, de un solo cliente. Se trata de una modalidad que ha dado lugar a situaciones controvertidas que a todos nos sonar\u00e1n.<\/p>\n\n\n\n<p>Es el caso de los \u201cfalsos aut\u00f3nomos\u201d, una figura a la que algunas empresas acuden para evitar gastos de seguro social.<\/p>\n\n\n\n<h3 class=\"wp-block-heading\" id=\"h-5-otros-autonomos\">5. <strong>Otros aut\u00f3nomos<\/strong><\/h3>\n\n\n\n<p>Adem\u00e1s de los mencionados trabajadores por cuenta propia, existen otros, como los siguientes:<\/p>\n\n\n\n<ul class=\"wp-block-list\">\n<li>Aut\u00f3nomos en r\u00e9gimen colaborativo: Trabajan de forma habitual con familiares directos. Su principal caracter\u00edstica es que no declaran el <a href=\"https:\/\/www.sage.com\/es-es\/blog\/que-es-el-iva-devengado-y-cuando-debes-declararlo\/\">IVA<\/a> ni el pago fraccionado del IRPF.<\/li>\n\n\n\n<li>Aut\u00f3nomos en r\u00e9gimen agrario: Estos profesionales trabajan en el sector agr\u00edcola y cotizan en un sistema espec\u00edfico (SETA).<a><\/a><\/li>\n<\/ul>\n\n\n\n<figure class=\"wp-block-image size-full\"><img loading=\"lazy\" decoding=\"async\" width=\"1675\" height=\"1117\" src=\"https:\/\/www.sage.com\/es-es\/blog\/wp-content\/uploads\/sites\/8\/2023\/04\/BrandShootSA_Apr2022_Small-Retail_1743-original_LOW.jpg\" alt=\"Mujer trabajando en una cafeter\u00eda\" class=\"wp-image-21810\" srcset=\"https:\/\/www.sage.com\/es-es\/blog\/wp-content\/uploads\/sites\/8\/2023\/04\/BrandShootSA_Apr2022_Small-Retail_1743-original_LOW.jpg 1675w, https:\/\/www.sage.com\/es-es\/blog\/wp-content\/uploads\/sites\/8\/2023\/04\/BrandShootSA_Apr2022_Small-Retail_1743-original_LOW-768x512.jpg 768w, https:\/\/www.sage.com\/es-es\/blog\/wp-content\/uploads\/sites\/8\/2023\/04\/BrandShootSA_Apr2022_Small-Retail_1743-original_LOW-1215x810.jpg 1215w, https:\/\/www.sage.com\/es-es\/blog\/wp-content\/uploads\/sites\/8\/2023\/04\/BrandShootSA_Apr2022_Small-Retail_1743-original_LOW-1536x1024.jpg 1536w\" sizes=\"auto, (max-width: 1675px) 100vw, 1675px\" \/><figcaption class=\"wp-element-caption\">Una de las claves que diferencian a un aut\u00f3nomo de un trabajador por cuenta ajena es la forma de cotizaci\u00f3n.<\/figcaption><\/figure>\n\n\n\n<h2 class=\"wp-block-heading\" id=\"h-como-aportan-a-la-seguridad-social-los-autonomos-y-los-trabajadores-por-cuenta-ajena\">\u00bfC\u00f3mo aportan a la Seguridad social los aut\u00f3nomos y los trabajadores por cuenta ajena?<\/h2>\n\n\n\n<p>Como ya hemos adelantado, una de las <strong>diferencias m\u00e1s conocidas entre aut\u00f3nomos y asalariados<\/strong> es c\u00f3mo cotizan a la Seguridad Social.<\/p>\n\n\n\n<h3 class=\"wp-block-heading\" id=\"h-trabajador-por-cuenta-ajena-como-cotiza\">Trabajador por cuenta ajena, \u00bfc\u00f3mo cotiza?<\/h3>\n\n\n\n<p>Los trabajadores por cuenta ajena aportan, junto con la empresa, <a href=\"https:\/\/www.sage.com\/es-es\/blog\/autonomo-por-que-cambiar-tu-base-de-cotizacion\/\">la base de cotizaci\u00f3n<\/a>. Por supuesto, esta var\u00eda en funci\u00f3n del salario, e incluye diferentes conceptos, como contingencias comunes, horas extraordinarias, maternidad, accidentes laborales, etc.<a><\/a><\/p>\n\n\n\n<h3 class=\"wp-block-heading\" id=\"h-autonomos-como-cotizan\">Aut\u00f3nomos, \u00bfc\u00f3mo cotizan?<\/h3>\n\n\n\n<p>Los trabajadores por cuenta propia cotizan en <a href=\"https:\/\/www.sage.com\/es-es\/blog\/cotizacion-autonomos-para-el-2021-por-ingresos-reales-sage-advice\/\">el R\u00e9gimen Especial de Trabajadores Aut\u00f3nomos (RETA)<\/a>, cuya cuota a la Seguridad Social solo la abona el propio trabajador.<\/p>\n\n\n\n<p>En 2023 se ha <strong>activado un nuevo sistema de cotizaciones<\/strong> para estos profesionales.<\/p>\n\n\n\n<p>Este nuevo sistema cuenta con 15 tramos en funci\u00f3n de los rendimientos netos del trabajador. Es decir, dependiendo de los ingresos que tenga un aut\u00f3nomo, pagar\u00e1 una cuota u otra.<\/p>\n\n\n\n<p>Adem\u00e1s, estas bases y cuotas ir\u00e1n variando en los pr\u00f3ximos a\u00f1os, de manera que en 2024 y en 2025 los aut\u00f3nomos que menos cobren vayan pagando una cuota menor y los que m\u00e1s ingresen tengan una cuant\u00eda mayor que pagar cada mes. <a><\/a><\/p>\n\n\n\n<h4 class=\"wp-block-heading\" id=\"h-tabla-de-cotizaciones-y-cuota-de-los-autonomos-actualmente\">Tabla de cotizaciones y cuota de los aut\u00f3nomos actualmente<\/h4>\n\n\n\n<p>En el siguiente cuadro podemos ver todos los tramos de los ingresos netos, as\u00ed como las bases de cotizaci\u00f3n y las cuotas mensuales que deben pagar seg\u00fan el tramo que le corresponda.<\/p>\n\n\n\n<figure class=\"wp-block-image aligncenter size-full\"><img loading=\"lazy\" decoding=\"async\" width=\"928\" height=\"486\" src=\"https:\/\/www.sage.com\/es-es\/blog\/wp-content\/uploads\/sites\/8\/2023\/04\/imagen.png\" alt=\"\" class=\"wp-image-21806\" srcset=\"https:\/\/www.sage.com\/es-es\/blog\/wp-content\/uploads\/sites\/8\/2023\/04\/imagen.png 928w, https:\/\/www.sage.com\/es-es\/blog\/wp-content\/uploads\/sites\/8\/2023\/04\/imagen-768x402.png 768w\" sizes=\"auto, (max-width: 928px) 100vw, 928px\" \/><\/figure>\n\n\n\n<p>Como aparece en la tabla, un aut\u00f3nomo que actualmente tenga unos ingresos de 1.400 euros al mes, este a\u00f1o pagar\u00e1 un m\u00ednimo de 294\u20ac euros mensuales y su base m\u00ednima de cotizaci\u00f3n ser\u00e1 de 960,78. <\/p>\n\n\n\n<h4 class=\"wp-block-heading\" id=\"h-como-funciona-este-nuevo-sistema\">\u00bfC\u00f3mo funciona este nuevo sistema?<\/h4>\n\n\n\n<p>Cada trabajador por cuenta propia debe <strong>calcular los ingresos<\/strong> que tendr\u00e1 cada mes y comunicarlo a la Seguridad Social para ubicarle en el tramo que le corresponda.<\/p>\n\n\n\n<p>Cada dos meses, el aut\u00f3nomo puede<strong> modificar sus rendimiento<\/strong>s estimados. Esta gesti\u00f3n se puede hacer de manera telem\u00e1tica a trav\u00e9s de la web de la Seguridad Social.<\/p>\n\n\n\n<p>Con el fin de facilitar a los aut\u00f3nomos esta tarea, la Seguridad Social ha activado un <a href=\"https:\/\/portal.seg-social.gob.es\/wps\/portal\/importass\/importass\/tramites\/simuladorRETAPublico\" target=\"_blank\" rel=\"noreferrer noopener\">simulador en su p\u00e1gina web oficial<\/a>.<\/p>\n\n\n\n<p>Las estimaciones presentadas ser\u00e1n cotejadas despu\u00e9s con los ingresos reales obtenidos, a partir de los datos presentados por estos profesionales a la <a href=\"https:\/\/www.sage.com\/es-es\/blog\/diccionario-empresarial\/sede-electronica\/\">Agencia Tributaria<\/a>. En el caso de que el <strong>aut\u00f3nomo haya pagado de m\u00e1s<\/strong>, la Seguridad Social devolver\u00e1 la diferencia. Y, del mismo modo, si el aut\u00f3nomo estim\u00f3 menos ingresos de los que ha tenido, tendr\u00e1 que ajustar esa diferencia.<\/p>\n\n\n\n<h2 class=\"wp-block-heading\" id=\"h-se-puede-trabajar-como-autonomo-y-por-cuenta-ajena-al-mismo-tiempo\">\u00bfSe puede trabajar como aut\u00f3nomo y por cuenta ajena al mismo tiempo?<\/h2>\n\n\n\n<p>Tener un contrato de trabajo por cuenta ajena y ejercer otras actividades econ\u00f3micas por cuenta propia es compatible. Esta <strong>situaci\u00f3n laboral se conoce como pluriactividad.<\/strong><\/p>\n\n\n\n<p>El \u201cpluriactivo\u201d, al mismo tiempo y de forma continuada, desarrolla actividades por cuenta ajena, debiendo estar dado de alta en el R\u00e9gimen General de la Seguridad social, pero tambi\u00e9n por cuenta propia, por lo que ha de darse de alta en el RETA.<\/p>\n\n\n\n<p>No debemos <strong>confundir la pluriactividad con el pluriempleo.<\/strong> En la primera, el profesional est\u00e1 dado de alta en el R\u00e9gimen General y el RETA al mismo tiempo. En cambio, cuando hablamos de pluriempleo, la persona trabajadora realiza actividades para dos o m\u00e1s empresas a la vez, pero se mantiene en un solo r\u00e9gimen: el General de la Seguridad Social.<\/p>\n\n\n\n<p>Preparaci\u00f3n de cuentas anuales y libros contables, presentaci\u00f3n autom\u00e1tica de impuestos, gesti\u00f3n de facturas electr\u00f3nicas\u2026 Tanto si eres trabajador por cuenta ajena como si eres aut\u00f3nomo, puedes <strong>ayudarte de tecnolog\u00eda de \u00faltima generaci\u00f3n<\/strong> para llevar la contabilidad de tus actividades profesionales al d\u00eda y sin errores.<\/p>\n\n\n\n<p><em>Nota del editor: Este art\u00edculo fue publicado con anterioridad y actualizado a 2023 por su relevancia.<\/em><\/p>\n \n<div class=\"single-cta\">\n\t<div class=\"single-cta__positioner\">\n\t\t<div class=\"single-cta__wrapper has-dark-background-color\">\n\t\t\t<div class=\"single-cta__content\">\n\t\t\t\t\t\t\t\t<h2 class=\"single-cta__title h3\">Sage Conecta<\/h2>\n\n\t\t\t\t\t\t\t\t\t<div class=\"single-cta__description\">\n\t\t\t\t\t\t<p><strong>\u00bfHora de hablar con tu despacho profesional?<\/strong><br \/>\n<span style=\"font-size: larger\">ENCUENTRA, COMPARA, \u00a1CONECTA!<\/span><\/p>\n<ul>\n<li><span style=\"font-size: 11pt\">Conoce ya Sage Conecta, el mayor directorio de asesor\u00edas y despachos profesionales de Espa\u00f1a <\/span><\/li>\n<\/ul>\n\t\t\t\t\t<\/div>\n\t\t\t\t\n\t\t\t\t\t\t\t\t\t\t\t\t\t\t<a\n\t\t\t\t\t\thref=\"https:\/\/www.sageconecta.com\/pymes-offices-searcher\"\n\t\t\t\t\t\tclass=\"single-cta__button button button--primary\"\n\t\t\t\t\t\t\t\t\t\t\t\t\tid=\"cta-id-19380\"\n\t\t\t\t\t\t\t\t\t\t\t\t\t\t\t\t\t\t\tdata-button-location=\"cta_box\"\n\t\t\t\t\t\t\t\t\t\t\t>Quiero m\u00e1s informaci\u00f3n<\/a>\n\t\t\t\t\t\t\t<\/div>\n\n\t\t\t\t\t<\/div>\n\n\t\t\t\t\t<img decoding=\"async\" width=\"1215\" height=\"810\" src=\"https:\/\/www.sage.com\/es-es\/blog\/wp-content\/uploads\/sites\/8\/2022\/05\/BrandShootSF_Oct2021_ProfSvcs_A6747-OK-1215x810.jpg\" class=\"single-cta__image\" alt=\"Sage\" loading=\"lazy\" srcset=\"https:\/\/www.sage.com\/es-es\/blog\/wp-content\/uploads\/sites\/8\/2022\/05\/BrandShootSF_Oct2021_ProfSvcs_A6747-OK-1215x810.jpg 1215w\" sizes=\"auto, (min-width: 48em) 33vw, 100vw\" \/>\t\t\t<\/div>\n<\/div>\n","protected":false},"excerpt":{"rendered":"<p>\u00bfQuieres saber cu\u00e1les son las principales diferencias entre un aut\u00f3nomo y un trabajador por cuenta ajena? \u00a1Te lo explicamos en este post!<\/p>\n","protected":false},"author":1305,"featured_media":21809,"comment_status":"open","ping_status":"open","sticky":false,"template":"","format":"standard","meta":{"_sage_video":false,"post_featured_image_hide":false,"footnotes":""},"categories":[3,2],"tags":[23,29,243],"business_type":[10,8],"lilypad":[],"context":[],"industry":[],"persona":[],"imagine_tag":[280],"coauthors":[560],"class_list":["post-17823","post","type-post","status-publish","format-standard","has-post-thumbnail","hentry","category-estrategia-gestion","category-finanzas","tag-contabilidad","tag-facturacion","tag-software-contabilidad","business_type-pequena-empresa","business_type-asesorias-despachos-profesionales"],"sage_meta":{"region":"es-es","author_name":"Jose Antonio Calvo","featured_image":"https:\/\/www.sage.com\/es-es\/blog\/wp-content\/uploads\/sites\/8\/2021\/02\/BrandShootUK_Dec2022_SmallAccounting_0105-original_LOW.jpg","imagine_tags":{"280":"Asesor\u00edas y despachos"}},"distributor_meta":false,"distributor_terms":false,"distributor_media":false,"distributor_original_site_name":"Sage Advice Espa\u00f1a","distributor_original_site_url":"https:\/\/www.sage.com\/es-es\/blog","push-errors":false,"_links":{"self":[{"href":"https:\/\/www.sage.com\/es-es\/blog\/api\/wp\/v2\/posts\/17823","targetHints":{"allow":["GET"]}}],"collection":[{"href":"https:\/\/www.sage.com\/es-es\/blog\/api\/wp\/v2\/posts"}],"about":[{"href":"https:\/\/www.sage.com\/es-es\/blog\/api\/wp\/v2\/types\/post"}],"author":[{"embeddable":true,"href":"https:\/\/www.sage.com\/es-es\/blog\/api\/wp\/v2\/users\/1305"}],"replies":[{"embeddable":true,"href":"https:\/\/www.sage.com\/es-es\/blog\/api\/wp\/v2\/comments?post=17823"}],"version-history":[{"count":0,"href":"https:\/\/www.sage.com\/es-es\/blog\/api\/wp\/v2\/posts\/17823\/revisions"}],"wp:featuredmedia":[{"embeddable":true,"href":"https:\/\/www.sage.com\/es-es\/blog\/api\/wp\/v2\/media\/21809"}],"wp:attachment":[{"href":"https:\/\/www.sage.com\/es-es\/blog\/api\/wp\/v2\/media?parent=17823"}],"wp:term":[{"taxonomy":"category","embeddable":true,"href":"https:\/\/www.sage.com\/es-es\/blog\/api\/wp\/v2\/categories?post=17823"},{"taxonomy":"post_tag","embeddable":true,"href":"https:\/\/www.sage.com\/es-es\/blog\/api\/wp\/v2\/tags?post=17823"},{"taxonomy":"business_type","embeddable":true,"href":"https:\/\/www.sage.com\/es-es\/blog\/api\/wp\/v2\/business_type?post=17823"},{"taxonomy":"lilypad","embeddable":true,"href":"https:\/\/www.sage.com\/es-es\/blog\/api\/wp\/v2\/lilypad?post=17823"},{"taxonomy":"context","embeddable":true,"href":"https:\/\/www.sage.com\/es-es\/blog\/api\/wp\/v2\/context?post=17823"},{"taxonomy":"industry","embeddable":true,"href":"https:\/\/www.sage.com\/es-es\/blog\/api\/wp\/v2\/industry?post=17823"},{"taxonomy":"persona","embeddable":true,"href":"https:\/\/www.sage.com\/es-es\/blog\/api\/wp\/v2\/persona?post=17823"},{"taxonomy":"imagine_tag","embeddable":true,"href":"https:\/\/www.sage.com\/es-es\/blog\/api\/wp\/v2\/imagine_tag?post=17823"},{"taxonomy":"author","embeddable":true,"href":"https:\/\/www.sage.com\/es-es\/blog\/api\/wp\/v2\/coauthors?post=17823"}],"curies":[{"name":"wp","href":"https:\/\/api.w.org\/{rel}","templated":true}]}}