{"id":18631,"date":"2021-07-02T00:00:18","date_gmt":"2021-07-01T22:00:18","guid":{"rendered":"https:\/\/www.sage.com\/es-es\/blog\/?p=18631"},"modified":"2026-02-04T17:08:05","modified_gmt":"2026-02-04T16:08:05","slug":"en-que-consiste-la-nueva-normativa-del-iva-para-el-ecommerce","status":"publish","type":"post","link":"https:\/\/www.sage.com\/es-es\/blog\/en-que-consiste-la-nueva-normativa-del-iva-para-el-ecommerce\/","title":{"rendered":"\u00bfEn qu\u00e9 consiste la nueva normativa del IVA para el ecommerce?"},"content":{"rendered":"<header class=\"entry-header has-dark-background-color entry-header--has-illustration entry-header--has-illustration--generic\">\n\t<div class=\"container\">\n\t\t<div class=\"entry-header__row row align-center\">\n\t\t\t<div class=\"col col-lg-7 col-xlg-6 entry-header__content\">\n\t\t\t\t\t\t\t<div class=\"component component-single-header\">\n\t\t\t\t\t\t\t\t\t\t<div class=\"entry-header__misc text--subtitle text--uppercase text--small\">\n\t\t\t\t\t\t\t<a href=\"https:\/\/www.sage.com\/es-es\/blog\/categoria\/asesorias-despachos-profesionales\/\" class=\"entry-header__link\">Asesor\u00edas y Despachos Profesionales<\/a>\t\t\t\t\t\t<\/div>\n\t\t\t\t\n\t\t\t\t<div class=\"entry-title-wrapper\">\n\t\t\t\t\t<h1 class=\"entry-title\">\n\t\t\t\t\t\t\u00bfEn qu\u00e9 consiste la nueva normativa del IVA para el ecommerce?\t\t\t\t\t<\/h1>\n\t\t\t\t<\/div>\n\n\t\t\t\t\t\t\t\t\t<p class=\"entry-header__description\">\n\t\t\t\t\t\t\t\t\t\t\t<\/p>\n\t\t\t\t\n\t\t\t\t\n\t\t\t\t\n\t\t\t<\/div>\n\n\t\t\t\t\t<\/div>\n\t\t\t\t\t<\/div>\n\t<\/div>\n\t<div class=\"single-post-details container\">\n\t\t<div class=\"col\">\n\t\t\t<span class=\"posted-on \"><time class=\"entry-date published\" datetime=\"2021-07-02T00:00:18+02:00\">2 July, 2021<\/time><\/span><span class=\"reading-time\"> minutos de lectura<\/span>\n\t\t<button\n\t\t\ttype=\"button\"\n\t\t\tclass=\"social-share-button button button--icon button--secondary js-social-share-button\"\n\t\t\tdata-share-title=\"\u00bfEn qu\u00e9 consiste la nueva normativa del IVA para el ecommerce?\"\n\t\t\tdata-share-url=\"https:\/\/www.sage.com\/es-es\/blog\/en-que-consiste-la-nueva-normativa-del-iva-para-el-ecommerce\/\"\n\t\t\tdata-share-text=\"Please read this interesting article\"\n\t\t>\n\t\t\t<span class=\"social-share-button__share-label\">Compartir<\/span>\n\t\t\t<span class=\"social-share-button__copy-label\" hidden>Copiar enlace<\/span>\n\t\t\t<span class=\"social-share-button__copy-tooltip\" aria-hidden=\"true\" hidden>Copiado<\/span>\n\t\t<\/button>\n\n\t\t\t\t<\/div>\n\t<\/div>\n<\/header>\n\n\n\n<div class=\"wp-block-post-author has-dark-background-color alignfull\">\n\t<div class=\"container\">\n\t\t<div class=\"col\">\n\t\t\t\t\t\t\t<div class=\"co-authors\">\n\t\t\t\t\t\n\t\t<div class=\"entry-author-wrapper\">\n\t\t\t<a class=\"entry-author\" href=\"https:\/\/www.sage.com\/es-es\/blog\/author\/jose-ramon-fernandez-de-la-cigona\/\">\n\t\t\t\t<img loading=\"lazy\" decoding=\"async\" width=\"40\" height=\"40\" src=\"https:\/\/www.sage.com\/es-es\/blog\/wp-content\/uploads\/sites\/8\/2024\/02\/foto_jose-ramon_400x400-350x350.jpg\" class=\"entry-author__image\" alt=\"Sage\" srcset=\"https:\/\/www.sage.com\/es-es\/blog\/wp-content\/uploads\/sites\/8\/2024\/02\/foto_jose-ramon_400x400-350x350.jpg 350w, https:\/\/www.sage.com\/es-es\/blog\/wp-content\/uploads\/sites\/8\/2024\/02\/foto_jose-ramon_400x400.jpg 585w\" sizes=\"auto, (max-width: 40px) 100vw, 40px\" \/>\t\t\t\t<span class=\"entry-author__name\">Jose Ram\u00f3n Fern\u00e1ndez de la Cigo\u00f1a<\/span>\n\t\t\t<\/a>\n\n\t\t\t\t\t<\/div>\n\n\t\t\t\t\t\t<\/div>\n\t\t\t\t\t<\/div>\n\t<\/div>\n<\/div>\n<div class=\"sage-block-classic-wrapper\">\n\n<p>El comercio electr\u00f3nico est\u00e1 creciendo de manera exponencial, lo que ha propiciado una nueva normativa del IVA para el ecommerce. \u00a1Te contamos en qu\u00e9 consiste!<\/p>\n<ul>\n<li>Conoce a qui\u00e9n afecta esta modificaci\u00f3n del IVA.<\/li>\n<li>Te explicamos las principales novedades y los objetivos que persigue el nuevo IVA aplicable a las ecommerce.<\/li>\n<\/ul>\n<p>Mediante el <strong>Real Decreto-ley 7\/2021, de 27 de abril<\/strong>, publicado en el BOE de 28 de abril de 2021, se incorpora al ordenamiento jur\u00eddico espa\u00f1ol, entre otras Directicas de la Uni\u00f3n Europea (UE), la Directiva (UE) 2017\/2455, que <strong>entr\u00f3 en vigor el 1 de julio de 2021<\/strong>.<\/p>\n<p><!--more--><\/p>\n<p>Con la normativa actual, las empresas que venden a clientes de los Estados miembros mediante plataformas de <a href=\"https:\/\/www.sage.com\/es-es\/blog\/todo-lo-que-necesitas-para-calcular-y-presentar-el-iva\/\">ecommerce<\/a> incluyen en su factura el IVA del pa\u00eds en el que venden sus productos. Siempre que sus ventas sobrepasen unos determinados l\u00edmites que decide cada pa\u00eds. Si se sobrepasan estos l\u00edmites, hay que darse de alta ante los organismos fiscales de cada pa\u00eds y hacer all\u00ed la <a href=\"https:\/\/www.sage.com\/es-es\/blog\/nueve-cosas-que-revisar-antes-de-presentar-la-liquidacion-de-iva-y-el-resumen-anual\/\">liquidaci\u00f3n del IVA<\/a>. Pero, si no se sobrepasan, se factura con el tipo de IVA del pa\u00eds de origen.<\/p>\n<p>Con la entrada en vigor de la nueva normativa, cualquier empresa que facture <strong>m\u00e1s de 10.000 euros<\/strong> a nivel comunitario tendr\u00e1 que facturar con el tipo de IVA correspondiente a ese pa\u00eds.<\/p>\n<p>Asimismo, las importaciones con un coste inferior a 22 euros se encuentran exentas de pagos de IVA. Una situaci\u00f3n que puede dejar abierta la posibilidad de fraude en la declaraci\u00f3n de los productos adquiridos.<\/p>\n<p><a id=\"gate-gate-ffabad26-25d2-42df-b1e9-bf3b47c5d3f9\" class=\"button simple-button\" role=\"button\" href=\"https:\/\/www.sage.com\/es-es\/blog\/wp-content\/uploads\/sites\/8\/2021\/08\/INFG_SAGE_En-que-consiste-la-nueva-normativa-IVA-ecommerce_v41-scaled.jpg\" target=\"_blank\" rel=\"noopener\" data-button-location=\"content_area\">\u00a1INFOGRAF\u00cdA!\u00a0 Descarga una copia gratis de la infograf\u00eda <em>\u00bfEn qu\u00e9 consiste la nueva normativa del IVA para e-commerce?<\/em> <\/a><\/p>\n<h2>\u00bfA qui\u00e9n afecta la modificaci\u00f3n del IVA para el ecommerce?<\/h2>\n<p>Las modificaciones que introduce la transposici\u00f3n de la segunda parte de la Directiva 2017\/2455, afectan principalmente a la tributaci\u00f3n de las siguientes entregas y prestaciones de servicios:<\/p>\n<ul>\n<li><strong>Entregas de bienes adquiridos por consumidores finales, generalmente a trav\u00e9s de internet y plataformas digitales<\/strong>, que son enviados por el proveedor desde otro Estado miembro o un pa\u00eds o territorio tercero.<\/li>\n<li><strong>Prestaciones de servicios efectuadas a favor de consumidores finales por empresarios no establecidos en el Estado miembro<\/strong> donde, conforme a las reglas de localizaci\u00f3n del hecho imponible, quedan sujetas a IVA.<\/li>\n<\/ul>\n<h2>\u00bfCu\u00e1les son los objetivos de la modificaci\u00f3n del IVA para el ecommerce?<\/h2>\n<ul>\n<li>Adaptar el contenido de las Directivas 2006\/112\/CE y 2009\/132\/CE al <strong>crecimiento exponencial del comercio electr\u00f3nico,<\/strong> derivado de la globalizaci\u00f3n y de los cambios tecnol\u00f3gicos.<\/li>\n<li>Reducir el fraude que se produce en las ventas online <a href=\"https:\/\/www.sage.com\/es-es\/blog\/operaciones-intracomunitarias-los-secretos-del-modelo-349\/\">intracomunitarias<\/a>, que se ven\u00eda incrementando a la par del vertiginoso auge del comercio electr\u00f3nico.<\/li>\n<li>Reforzar el principio de imposici\u00f3n en el lugar de destino ante la necesidad de proteger los ingresos fiscales de los Estados miembros.<\/li>\n<li>Establecer unas condiciones de competencia equitativas para las empresas afectadas.<\/li>\n<\/ul>\n<p><img loading=\"lazy\" decoding=\"async\" class=\"aligncenter size-full wp-image-18655\" src=\"https:\/\/www.sage.com\/es-es\/blog\/wp-content\/uploads\/sites\/8\/2021\/07\/1_En-que-consiste-la-nueva-normativa-IVA-ecommerce.jpg\" alt=\"Sage\" width=\"1200\" height=\"886\" srcset=\"https:\/\/www.sage.com\/es-es\/blog\/wp-content\/uploads\/sites\/8\/2021\/07\/1_En-que-consiste-la-nueva-normativa-IVA-ecommerce.jpg 1200w, https:\/\/www.sage.com\/es-es\/blog\/wp-content\/uploads\/sites\/8\/2021\/07\/1_En-que-consiste-la-nueva-normativa-IVA-ecommerce-768x567.jpg 768w, https:\/\/www.sage.com\/es-es\/blog\/wp-content\/uploads\/sites\/8\/2021\/07\/1_En-que-consiste-la-nueva-normativa-IVA-ecommerce-1097x810.jpg 1097w\" sizes=\"auto, (max-width: 1200px) 100vw, 1200px\" \/><\/p>\n<h2>Principales novedades del IVA comunitario a partir del 1 de julio de 2021<\/h2>\n<p>Con la entrada en vigor de esta Directiva el 1 de julio de 2021, los <a href=\"https:\/\/www.sage.com\/es-es\/blog\/todo-lo-que-necesitas-para-calcular-y-presentar-el-iva\/\">principales cambios que se producen en el IVA<\/a> son los siguientes:<\/p>\n<h3>Unificaci\u00f3n de umbrales de venta<\/h3>\n<p>Se establece un importe \u00fanico de 10.000 euros al a\u00f1o a nivel comunitario. Por lo que si las ventas son iguales o superiores a esa cantidad se deber\u00e1n gravar los productos con el IVA del pa\u00eds de destino. Por debajo de este umbral, se puede continuar aplicando la tasa impositiva del lugar de origen.<\/p>\n<h3>Ventanilla \u00fanica<\/h3>\n<p>Se establece una <a href=\"https:\/\/www.sage.com\/es-es\/blog\/diccionario-empresarial\/ventanilla-unica\/\">ventanilla \u00fanica<\/a> en la que se puede declarar y pagar el IVA de forma electr\u00f3nica. Este sistema se encarga de remitir la tributaci\u00f3n recaudada al Estado comunitario que corresponda.<\/p>\n<p>Gracias a la ventanilla \u00fanica se evita tener que darse de alta ante la administraci\u00f3n fiscal de cada pa\u00eds en el que se alcance el l\u00edmite de ventas. De esta forma se facilita a los ecommerce poder cumplir con la legislaci\u00f3n.<\/p>\n<h3>Eliminaci\u00f3n de la exenci\u00f3n del IVA en importaciones<\/h3>\n<p>Todas las <a href=\"https:\/\/www.sage.com\/es-es\/blog\/importaciones-y-exportaciones-como-contabilizarlas-en-tu-empresa\/\">importaciones<\/a> que se hagan desde fuera de la UE ser\u00e1n gravadas con el impuesto del pa\u00eds de destino, independientemente de su valor. As\u00ed, se suprime la exenci\u00f3n a las importaciones con un valor de hasta 22 euros. Sin embargo, se mantiene la exenci\u00f3n del pago de derechos de aduana para aquellas que no alcancen los 150 euros.<\/p>\n<h3>Gesti\u00f3n de impuestos de los marketplace<\/h3>\n<p>Las plataformas de\u00a0mercados en l\u00ednea pasar\u00e1n a tener un papel m\u00e1s destacado. Tendr\u00e1n que ocuparse de la <strong>recaudaci\u00f3n y pago del IVA<\/strong>\u00a0a los Estados en los que vendan sus productos. Ser\u00e1 indiferente si son los proveedores directos o act\u00faan como intermediarios entre otros vendedores y el consumidor final. No obstante, la entrega del proveedor al titular de la interfaz estar\u00e1 exenta y no limitar\u00e1 el derecho a deducci\u00f3n.<\/p>\n<p>En definitiva, las empresas tendr\u00e1n que conocer los distintos tipos de IVA que se aplican a los productos que venden en los Estados miembros. La entrada en vigor de la nueva normativa es el 1 de julio de 2021.<\/p>\n<\/div>\n<div class=\"single-cta\">\n\t<div class=\"single-cta__positioner\">\n\t\t<div class=\"single-cta__wrapper has-dark-background-color\">\n\t\t\t<div class=\"single-cta__content\">\n\t\t\t\t\t\t\t\t<h2 class=\"single-cta__title h3\">Subscr\u00edbete a la newsletter de Sage Advice<\/h2>\n\n\t\t\t\t\t\t\t\t\t<div class=\"single-cta__description\">\n\t\t\t\t\t\t<p>Recibe nuestros consejos m\u00e1s recientes directamente en la bandeja de entrada de tu correo electr\u00f3nico.<\/p>\n\t\t\t\t\t<\/div>\n\t\t\t\t\n\t\t\t\t\t\t\t\t\t\t\t\t\t\t<a\n\t\t\t\t\t\thref=\"#gate-263a5c00-99e4-4e71-8421-469deda8e674\"\n\t\t\t\t\t\tclass=\"single-cta__button button button--primary\"\n\t\t\t\t\t\t\t\t\t\t\t\t\t\t\t\t\t>Suscr\u00edbete<\/a>\n\t\t\t\t\t\t\t<\/div>\n\n\t\t\t\t\t<\/div>\n\n\t\t\t\t\t<img decoding=\"async\" width=\"1440\" height=\"810\" src=\"https:\/\/www.sage.com\/es-es\/blog\/wp-content\/uploads\/sites\/8\/2022\/04\/GettyImages-1171960556-1440x810.jpg\" class=\"single-cta__image\" alt=\"Sage\" loading=\"lazy\" srcset=\"https:\/\/www.sage.com\/es-es\/blog\/wp-content\/uploads\/sites\/8\/2022\/04\/GettyImages-1171960556-1440x810.jpg 1440w\" sizes=\"auto, (min-width: 48em) 33vw, 100vw\" \/>\t\t\t<\/div>\n<\/div>\n","protected":false},"excerpt":{"rendered":"<p>El comercio electr\u00f3nico est\u00e1 creciendo de manera exponencial, lo que ha propiciado una nueva normativa del IVA para el ecommerce. \u00a1Te contamos en qu\u00e9 consiste! Conoce a qui\u00e9n afecta esta modificaci\u00f3n del IVA. Te explicamos las principales novedades y los objetivos que persigue el nuevo IVA aplicable a las ecommerce. Mediante el Real Decreto-ley 7\/2021, [&hellip;]<\/p>\n","protected":false},"author":238,"featured_media":17740,"comment_status":"closed","ping_status":"closed","sticky":false,"template":"","format":"standard","meta":{"_sage_video":false,"post_featured_image_hide":false,"footnotes":""},"categories":[7,3],"tags":[165,44,202],"business_type":[10,11,8],"lilypad":[],"context":[],"industry":[],"persona":[],"imagine_tag":[260],"coauthors":[396],"class_list":["post-18631","post","type-post","status-publish","format-standard","has-post-thumbnail","hentry","category-asesorias-despachos-profesionales","category-estrategia-gestion","tag-ecommerce","tag-iva","tag-novedades-legales","business_type-pequena-empresa","business_type-mediana-empresa","business_type-asesorias-despachos-profesionales"],"sage_meta":{"region":"es-es","author_name":"Jose Ram\u00f3n Fern\u00e1ndez de la Cigo\u00f1a","featured_image":"https:\/\/www.sage.com\/es-es\/blog\/wp-content\/uploads\/sites\/8\/2021\/02\/GettyImages-1282878673.jpg","imagine_tags":{"260":"Legal"}},"distributor_meta":false,"distributor_terms":false,"distributor_media":false,"distributor_original_site_name":"Sage Advice Espa\u00f1a","distributor_original_site_url":"https:\/\/www.sage.com\/es-es\/blog","push-errors":false,"_links":{"self":[{"href":"https:\/\/www.sage.com\/es-es\/blog\/api\/wp\/v2\/posts\/18631","targetHints":{"allow":["GET"]}}],"collection":[{"href":"https:\/\/www.sage.com\/es-es\/blog\/api\/wp\/v2\/posts"}],"about":[{"href":"https:\/\/www.sage.com\/es-es\/blog\/api\/wp\/v2\/types\/post"}],"author":[{"embeddable":true,"href":"https:\/\/www.sage.com\/es-es\/blog\/api\/wp\/v2\/users\/238"}],"replies":[{"embeddable":true,"href":"https:\/\/www.sage.com\/es-es\/blog\/api\/wp\/v2\/comments?post=18631"}],"version-history":[{"count":0,"href":"https:\/\/www.sage.com\/es-es\/blog\/api\/wp\/v2\/posts\/18631\/revisions"}],"wp:featuredmedia":[{"embeddable":true,"href":"https:\/\/www.sage.com\/es-es\/blog\/api\/wp\/v2\/media\/17740"}],"wp:attachment":[{"href":"https:\/\/www.sage.com\/es-es\/blog\/api\/wp\/v2\/media?parent=18631"}],"wp:term":[{"taxonomy":"category","embeddable":true,"href":"https:\/\/www.sage.com\/es-es\/blog\/api\/wp\/v2\/categories?post=18631"},{"taxonomy":"post_tag","embeddable":true,"href":"https:\/\/www.sage.com\/es-es\/blog\/api\/wp\/v2\/tags?post=18631"},{"taxonomy":"business_type","embeddable":true,"href":"https:\/\/www.sage.com\/es-es\/blog\/api\/wp\/v2\/business_type?post=18631"},{"taxonomy":"lilypad","embeddable":true,"href":"https:\/\/www.sage.com\/es-es\/blog\/api\/wp\/v2\/lilypad?post=18631"},{"taxonomy":"context","embeddable":true,"href":"https:\/\/www.sage.com\/es-es\/blog\/api\/wp\/v2\/context?post=18631"},{"taxonomy":"industry","embeddable":true,"href":"https:\/\/www.sage.com\/es-es\/blog\/api\/wp\/v2\/industry?post=18631"},{"taxonomy":"persona","embeddable":true,"href":"https:\/\/www.sage.com\/es-es\/blog\/api\/wp\/v2\/persona?post=18631"},{"taxonomy":"imagine_tag","embeddable":true,"href":"https:\/\/www.sage.com\/es-es\/blog\/api\/wp\/v2\/imagine_tag?post=18631"},{"taxonomy":"author","embeddable":true,"href":"https:\/\/www.sage.com\/es-es\/blog\/api\/wp\/v2\/coauthors?post=18631"}],"curies":[{"name":"wp","href":"https:\/\/api.w.org\/{rel}","templated":true}]}}