{"id":18711,"date":"2021-07-26T09:00:50","date_gmt":"2021-07-26T07:00:50","guid":{"rendered":"https:\/\/www.sage.com\/es-es\/blog\/?p=18711"},"modified":"2026-07-15T17:23:47","modified_gmt":"2026-07-15T15:23:47","slug":"novedades-sobre-la-tarifa-plana-de-autonomos-en-2021","status":"publish","type":"post","link":"https:\/\/www.sage.com\/es-es\/blog\/novedades-sobre-la-tarifa-plana-de-autonomos-en-2021\/","title":{"rendered":"Novedades sobre la tarifa plana de aut\u00f3nomos en 2021"},"content":{"rendered":"<header class=\"entry-header has-dark-background-color entry-header--standard entry-header--has-illustration entry-header--has-illustration--standard\">\n\t<div class=\"container\">\n\t\t<div class=\"entry-header__row row align-center\">\n\t\t\t<div class=\"col col-lg-7 col-xlg-6 entry-header__content\">\n\t\t\t\t\t\t\t<div class=\"component component-single-header\">\n\t\t\t\t\t\t\t\t\t\t<div class=\"entry-header__misc text--subtitle text--uppercase text--small\">\n\t\t\t\t\t\t\t<a href=\"https:\/\/www.sage.com\/es-es\/blog\/categoria\/estrategia-gestion\/\" class=\"entry-header__link\">Estrategia y Gesti\u00f3n<\/a>\t\t\t\t\t\t<\/div>\n\t\t\t\t\n\t\t\t\t<div class=\"entry-title-wrapper\">\n\t\t\t\t\t<h1 class=\"entry-title\">\n\t\t\t\t\t\tNovedades sobre la tarifa plana de aut\u00f3nomos en 2021\t\t\t\t\t<\/h1>\n\t\t\t\t<\/div>\n\n\t\t\t\t\t\t\t\t\t<p class=\"entry-header__description\">\n\t\t\t\t\t\t\t\t\t\t\t<\/p>\n\t\t\t\t\n\t\t\t\t\n\t\t\t\t\n\t\t\t<\/div>\n\n\t\t\t\t\t<\/div>\n\t\t\t\t\t<\/div>\n\t<\/div>\n\t\t<div class=\"single-post-details container\">\n\t\t<div class=\"col\">\n\t\t\t<span class=\"posted-on \">Publicado el <time class=\"entry-date published\" datetime=\"2021-07-26T09:00:50+02:00\">26 julio, 2021<\/time><\/span><span class=\"reading-time\"> minutos de lectura<\/span>\n\t\t<button\n\t\t\ttype=\"button\"\n\t\t\tclass=\"social-share-button button button--icon button--secondary js-social-share-button\"\n\t\t\tdata-share-title=\"Novedades sobre la tarifa plana de aut\u00f3nomos en 2021\"\n\t\t\tdata-share-url=\"https:\/\/www.sage.com\/es-es\/blog\/novedades-sobre-la-tarifa-plana-de-autonomos-en-2021\/\"\n\t\t\tdata-share-text=\"Please read this interesting article\"\n\t\t>\n\t\t\t<span class=\"social-share-button__share-label\">Compartir<\/span>\n\t\t\t<span class=\"social-share-button__copy-label\" hidden>Copy Link<\/span>\n\t\t\t<span class=\"social-share-button__copy-tooltip\" aria-hidden=\"true\" hidden>Copied<\/span>\n\t\t<\/button>\n\n\t\t\t\t<\/div>\n\t<\/div>\n\t<\/header>\n\n\n\n<div class=\"wp-block-post-author has-dark-background-color alignfull\">\n\t<div class=\"container\">\n\t\t<div class=\"col\">\n\t\t\t\t\t\t\t<div class=\"co-authors\">\n\t\t\t\t\t\n\t\t<div class=\"entry-author-wrapper\">\n\t\t\t<a class=\"entry-author\" href=\"https:\/\/www.sage.com\/es-es\/blog\/author\/gonzalo-garcia-abad\/\">\n\t\t\t\t<img loading=\"lazy\" decoding=\"async\" width=\"40\" height=\"40\" src=\"https:\/\/www.sage.com\/es-es\/blog\/wp-content\/uploads\/sites\/8\/2024\/02\/Gonzalo-Garcia_2024_600x600-350x350.jpg\" class=\"entry-author__image\" alt=\"\" srcset=\"https:\/\/www.sage.com\/es-es\/blog\/wp-content\/uploads\/sites\/8\/2024\/02\/Gonzalo-Garcia_2024_600x600-350x350.jpg 350w, https:\/\/www.sage.com\/es-es\/blog\/wp-content\/uploads\/sites\/8\/2024\/02\/Gonzalo-Garcia_2024_600x600.jpg 600w\" sizes=\"auto, (max-width: 40px) 100vw, 40px\" \/>\t\t\t\t<span class=\"entry-author__name\">Gonzalo Garc\u00eda Abad<\/span>\n\t\t\t<\/a>\n\n\t\t\t\t\t<\/div>\n\n\t\t\t\t\t\t<\/div>\n\t\t\t\t\t<\/div>\n\t<\/div>\n<\/div>\n<div class=\"sage-block-classic-wrapper mb-m\">\n\n<p>Descubre el futuro de la tarifa plana para aut\u00f3nomos que est\u00e1 planteando el Gobierno, c\u00f3mo podr\u00eda quedar y qu\u00e9 cambios se avecinan.<\/p>\n<ul>\n<li>UPTA se muestra muy cr\u00edtica con la tarifa plana de aut\u00f3nomos.<\/li>\n<li>El Gobierno est\u00e1 centrado en la reforma de la Seguridad Social y su equilibrio financiero.<\/li>\n<\/ul>\n<p>El <strong>futuro de la tarifa plana<\/strong> de los aut\u00f3nomos est\u00e1 en el aire. Hay mucho debate que se inserta en otro m\u00e1s amplio de reforma de la Seguridad Social en general y, en particular, de <a href=\"https:\/\/www.sage.com\/es-es\/perfil\/pequena-empresa\/\">la de los aut\u00f3nomos<\/a>. Adem\u00e1s, se entrecruza con nuevas medidas que podr\u00edan afectar a la fiscalidad de los trabajadores por cuenta propia.<\/p>\n<p><!--more--><\/p>\n<p><em><mark class=\"highlight-and-share\"><strong>\u00a1Comparte!<\/strong> \u00bfSe avecinan cambios en la tarifa plana de aut\u00f3nomos? Te contamos c\u00f3mo podr\u00eda quedar.<\/mark><\/em><\/p>\n<p>En cualquier caso, tenemos por delante unos meses de <strong>negociaci\u00f3n pol\u00edtica y de mesas sociales<\/strong>. Adem\u00e1s, hay que tener presente que <a href=\"https:\/\/www.sage.com\/es-es\/blog\/todo-lo-que-necesitas-saber-sobre-la-ley-de-reformas-urgentes-del-trabajo-autonomo\/\">en el pasado reciente se han alcanzado reformas con ampl\u00edsimo apoyo parlamentario<\/a>. Por lo tanto, es de esperar que las novedades que lleguen sean fruto de un punto de encuentro entre la variedad de visiones. Veamos c\u00f3mo est\u00e1n las posturas de las principales partes implicadas.<\/p>\n<h2>El planteamiento gubernamental sobre la tarifa plana de aut\u00f3nomos<\/h2>\n<p>La idea gubernamental es transitar hacia un modelo de Seguridad Social de aut\u00f3nomos <a href=\"https:\/\/www.sage.com\/es-es\/blog\/estos-son-los-nuevos-tramos-de-cotizacion-para-autonomos\/\"><strong>fijado por tramos<\/strong><\/a>. Es la l\u00ednea conocida popularmente como cotizaci\u00f3n por <strong>ingresos reales<\/strong>.<\/p>\n<p>De acuerdo con esta orientaci\u00f3n, los aut\u00f3nomos de bajos ingresos tendr\u00edan una <strong>cotizaci\u00f3n reducida<\/strong>. Se ha planteado, por ejemplo, que, con unos rendimientos menores de 3.000 euros anuales, la cotizaci\u00f3n se sit\u00fae dentro de unos a\u00f1os en el entorno de los 90 euros mensuales.<\/p>\n<p>Obs\u00e9rvese que esa cifra se sit\u00faa <strong>30 euros al mes por encima de la tarifa plana<\/strong>, pero que, a cambio, no estar\u00eda limitada en el tiempo. Tengamos en cuenta que, en la actualidad, dependiendo de las caracter\u00edsticas de la persona, puede disfrutar de un determinado per\u00edodo de tarifa plana.<\/p>\n<p>Por otro lado, algunos aut\u00f3nomos tendr\u00edan, ya desde el comienzo de su actividad, <strong>una cotizaci\u00f3n significativamente m\u00e1s elevada<\/strong>. Ser\u00eda el caso de aquellos con unos ingresos m\u00e1s altos, que hasta ahora han podido beneficiarse de la tarifa plana cuando se daban de alta.<\/p>\n<p>Previsiblemente, el nuevo sistema de cotizaci\u00f3n incluir\u00e1 un largo per\u00edodo transitorio de varios a\u00f1os. Quedan unos cuantos aspectos que negociar y uno de ellos ser\u00e1 qu\u00e9 pasar\u00e1 durante todo ese tiempo con la tarifa plana.<\/p>\n<p>En todo caso, hay una preocupaci\u00f3n por la financiaci\u00f3n de la Seguridad Social. Ello se traduce en que, si se quiere mejorar las prestaciones de los aut\u00f3nomos, <strong>previsiblemente se exigir\u00e1 un incremento de cotizaciones<\/strong>. La propia tarifa plana vio en 2018 un incremento de 50 a 60 a cambio de mejorar la protecci\u00f3n de los aut\u00f3nomos.<\/p>\n<p>Lo que no se excluye es la posibilidad de que existan incentivos semejantes a la tarifa plana de los aut\u00f3nomos, pero no financiados por la Seguridad Social.<\/p>\n<figure id=\"attachment_18486\" aria-describedby=\"caption-attachment-18486\" style=\"width: 1675px\" class=\"wp-caption aligncenter\"><img loading=\"lazy\" decoding=\"async\" class=\"size-full wp-image-18486\" src=\"https:\/\/www.sage.com\/es-es\/blog\/wp-content\/uploads\/sites\/8\/2021\/05\/GettyImages-12137863901.jpg\" alt=\"Teletrabajo\" width=\"1675\" height=\"1117\" srcset=\"https:\/\/www.sage.com\/es-es\/blog\/wp-content\/uploads\/sites\/8\/2021\/05\/GettyImages-12137863901.jpg 1675w, https:\/\/www.sage.com\/es-es\/blog\/wp-content\/uploads\/sites\/8\/2021\/05\/GettyImages-12137863901-768x512.jpg 768w, https:\/\/www.sage.com\/es-es\/blog\/wp-content\/uploads\/sites\/8\/2021\/05\/GettyImages-12137863901-1215x810.jpg 1215w, https:\/\/www.sage.com\/es-es\/blog\/wp-content\/uploads\/sites\/8\/2021\/05\/GettyImages-12137863901-1536x1024.jpg 1536w\" sizes=\"auto, (max-width: 1675px) 100vw, 1675px\" \/><figcaption id=\"caption-attachment-18486\" class=\"wp-caption-text\">Las personas interesadas en comenzar una actividad como aut\u00f3nomos deben permanecer atentos a las novedades sobre la tarifa plana.<\/figcaption><\/figure>\n<h2>La posici\u00f3n de las asociaciones de aut\u00f3nomos<\/h2>\n<p>Entre las asociaciones de aut\u00f3nomos podemos clasificar las posturas en dos grupos. Por un lado, algunas critican abiertamente la tarifa plana. Por otro, est\u00e1n aquellas que se muestran menos implicadas en este debate concreto.<\/p>\n<h3>Las posturas m\u00e1s cr\u00edticas sobre la tarifa plana de aut\u00f3nomos<\/h3>\n<p>La Uni\u00f3n de Profesionales y Trabajadores Aut\u00f3nomos (<strong>UPTA<\/strong>) <a href=\"https:\/\/upta.es\/la-tarifa-plana-una-carisima-estrategia-de-fomento-del-emprendimiento\/\" target=\"_blank\" rel=\"noopener\">aboga por la eliminaci\u00f3n de la tarifa plana<\/a>. De hecho, la califican como una pol\u00edtica de <strong>resultados \u201cp\u00edrricos\u201d<\/strong>. Ponen en contexto que solo un 13% de las actividades que se iniciaron en 2019 siguen en funcionamiento.<\/p>\n<p>Desde UPTA son tajantes al definir la tarifa plana como una \u201c<strong>car\u00edsima estrategia de fomento del emprendimiento<\/strong>\u201d. Entienden que estas reducciones y bonificaciones de las cuotas de la Seguridad Social deben centrarse en proyectos viables de personas necesitadas de apoyo. Por ejemplo, consideran que no tiene demasiado sentido que haya 57.000 aut\u00f3nomos con m\u00e1s de 20.000 euros de ingresos anuales y que, sin embargo, disfrutan de la tarifa plana.<\/p>\n<blockquote>\n<p>UPTA y UATAE se mantienen muy cr\u00edticas con la tarifa plana.<\/p>\n<\/blockquote>\n<p>Adem\u00e1s, creen que la tarifa plana incrementa los <strong>problemas de falsedad contractual<\/strong>. Estamos hablando de casos en los que hay una verdadera relaci\u00f3n laboral y no una de cliente y proveedor. Por eso se califica coloquialmente a los trabajadores afectados como falsos aut\u00f3nomos. Darse de alta en aut\u00f3nomos con una cotizaci\u00f3n reducida por la tarifa plana puede facilitar que se den con m\u00e1s frecuencia situaciones de este tipo.<\/p>\n<p>Por su parte, la Uni\u00f3n de Asociaciones de Trabajadores Aut\u00f3nomos y Emprendedores (<strong>UATAE<\/strong>) tambi\u00e9n se manifiesta en t\u00e9rminos muy cr\u00edticos. En concreto, piden \u201cterminar con la<strong> pol\u00edtica propagand\u00edstica de la tarifa plana <\/strong>y apostar por una reforma realmente justa, progresiva y solidaria del sistema de cotizaci\u00f3n a la seguridad social\u201d.<\/p>\n<h3>Otras posturas sobre la tarifa plana<\/h3>\n<p>Desde la Federaci\u00f3n Nacional de Asociaciones de Trabajadores <a href=\"https:\/\/www.sage.com\/es-es\/perfil\/pequena-empresa\/\">Aut\u00f3nomos<\/a> (<strong>ATA<\/strong>) vienen defendiendo desde hace tiempo que los <strong>aut\u00f3nomos con ingresos m\u00e1s bajos <\/strong>sean los principales beneficiarios de la tarifa plana. <a href=\"https:\/\/www.eleconomista.es\/gestion-empresarial\/noticias\/10125085\/10\/19\/ATA-pide-una-tarifa-de-60-euros-para-autonomos-con-ingresos-inferiores-al-SMI-y-un-subsidio-de-paro.html\" target=\"_blank\" rel=\"noopener\">En 2019<\/a>, ya pidieron que pudiese extenderse hasta cuatro a\u00f1os en caso de que los ingresos sean menores al <a href=\"https:\/\/www.sage.com\/es-es\/blog\/que-es-el-salario-minimo-interprofesional\/\">salario m\u00ednimo interprofesional<\/a>.<\/p>\n<p><a href=\"https:\/\/www.sage.com\/es-es\/blog\/cuales-son-las-medidas-urgentes-para-salvar-a-los-autonomos\/\">En los \u00faltimos meses<\/a>, no obstante, su postura se ha centrado en la <strong>necesidad gen\u00e9rica de que se bajen las cuotas de aut\u00f3nomos<\/strong>. Adem\u00e1s, en ATA mantienen <a href=\"https:\/\/www.europapress.es\/economia\/laboral-00346\/noticia-ata-dice-cotizacion-ingresos-reales-debe-ser-meta-no-imposicion-20201021122235.html\" target=\"_blank\" rel=\"noopener\">serias dudas<\/a> de que el sistema de cotizaci\u00f3n por ingresos reales no acabe siendo m\u00e1s bien una imposici\u00f3n que asfixie a muchos aut\u00f3nomos.<\/p>\n<h2>Otras propuestas pol\u00edticas<\/h2>\n<p>Algunos grupos parlamentarios de la oposici\u00f3n est\u00e1n reclamando <strong>que la tarifa plana se mantenga<\/strong>, aplique o extienda en casos como:<\/p>\n<ul>\n<li>Quienes reanudan su actividad tras el cese motivado por la situaci\u00f3n sanitaria.<\/li>\n<li>Personas que se reincorporan a la actividad como aut\u00f3nomos tras la maternidad o paternidad.<\/li>\n<li>Menores de treinta a\u00f1os.<\/li>\n<li>Personas con discapacidad.<\/li>\n<li>Madres aut\u00f3nomas.<\/li>\n<\/ul>\n<p>Por otro lado, <strong>algunas comunidades aut\u00f3nomas subvencionan una parte o todo el coste de determinadas cotizaciones<\/strong>. De este modo, por ejemplo, algunas personas pueden disfrutar de ventajas durante m\u00e1s tiempo. Sin embargo, no se trata de cambios en la cotizaci\u00f3n en s\u00ed ni influyen en las prestaciones.<\/p>\n<p>Es poco probable que estas propuestas se generalicen para todo el pa\u00eds a corto plazo. No obstante, son un<strong> punto de referencia en las negociaciones<\/strong>, sobre todo en el contexto de reg\u00edmenes transitorios.<\/p>\n\n<\/div>\n<div class=\"single-cta\">\n\t<div class=\"single-cta__positioner on-scroll-highlight__target\">\n\t\t<div class=\"single-cta__wrapper has-dark-background-color\">\n\t\t\t<div class=\"single-cta__content\">\n\t\t\t\t\t\t\t\t<h2 class=\"single-cta__title h3\">Subscr\u00edbete a la newsletter de Sage Advice<\/h2>\n\n\t\t\t\t\t\t\t\t\t<div class=\"single-cta__description\">\n\t\t\t\t\t\t<p>Recibe nuestros consejos m\u00e1s recientes directamente en la bandeja de entrada de tu correo electr\u00f3nico.<\/p>\n\t\t\t\t\t<\/div>\n\t\t\t\t\n\t\t\t\t\t\t\t\t\t\t\t\t\t\t<a\n\t\t\t\t\t\thref=\"#gate-263a5c00-99e4-4e71-8421-469deda8e674\"\n\t\t\t\t\t\tclass=\"single-cta__button button button--primary\"\n\t\t\t\t\t\t\t\t\t\t\t\t\t\t\t\t\t>Suscr\u00edbete<\/a>\n\t\t\t\t\t\t\t<\/div>\n\n\t\t\t\t\t<\/div>\n\n\t\t\t\t\t<img decoding=\"async\" width=\"1440\" height=\"810\" src=\"https:\/\/www.sage.com\/es-es\/blog\/wp-content\/uploads\/sites\/8\/2022\/04\/GettyImages-1171960556-1440x810.jpg\" class=\"single-cta__image\" alt=\"Sage\" loading=\"lazy\" srcset=\"https:\/\/www.sage.com\/es-es\/blog\/wp-content\/uploads\/sites\/8\/2022\/04\/GettyImages-1171960556-1440x810.jpg 1440w\" sizes=\"auto, (min-width: 48em) 33vw, 100vw\" \/>\t\t\t<\/div>\n<\/div>\n\n\n<section class=\"more-topics alignfull has-grey-light-background-color wp-block-sage-post-topics\">\n\t<div class=\"container\">\n\t\t<div class=\"row\">\n\t\t\t<div class=\"col col-12 col-lg-4\">\n\t\t\t\t<h3 class=\"more-topics__title h2\">Encuentra m\u00e1s art\u00edculos sobre estas tem\u00e1ticas<\/h3>\n\t\t\t<\/div>\n\t\t\t<div class=\"col col-12 col-lg-8\">\n\t\t\t\t<ul class=\"post-tags__list\">\n\t\t\t\t\t\t\t\t\t\t\t<li class=\"post-tags__item\">\n\t\t\t\t\t\t\t<a href=\"https:\/\/www.sage.com\/es-es\/blog\/tag\/asesorias-y-despachos-profesionales\/\" class=\"post-tags__link button button--secondary\">\n\t\t\t\t\t\t\t\tAsesor\u00edas y despachos profesionales\t\t\t\t\t\t\t<\/a>\n\t\t\t\t\t\t<\/li>\n\t\t\t\t\t\t\t\t\t\t\t<li class=\"post-tags__item\">\n\t\t\t\t\t\t\t<a href=\"https:\/\/www.sage.com\/es-es\/blog\/tag\/autonomos\/\" class=\"post-tags__link button button--secondary\">\n\t\t\t\t\t\t\t\tAut\u00f3nomos\t\t\t\t\t\t\t<\/a>\n\t\t\t\t\t\t<\/li>\n\t\t\t\t\t\t\t\t\t\t\t<li class=\"post-tags__item\">\n\t\t\t\t\t\t\t<a href=\"https:\/\/www.sage.com\/es-es\/blog\/tag\/novedades-legales\/\" class=\"post-tags__link button button--secondary\">\n\t\t\t\t\t\t\t\tNovedades legales\t\t\t\t\t\t\t<\/a>\n\t\t\t\t\t\t<\/li>\n\t\t\t\t\t\t\t\t\t<\/ul>\n\t\t\t<\/div>\n\t\t<\/div>\n\t<\/div>\n<\/section>\n\n\n<div class=\"alignfull wp-block-sage-related-posts\">\n\t<section class=\"related-posts card-grid has-dark-background-color\">\n\t<div class=\"container\">\n\t\t\t\t\t<div class=\"row\">\n\t\t\t\t<div class=\"col\">\n\t\t\t\t\t<h2 class=\"related-posts__heading related-posts__heading--featured h1\">Encuentra m\u00e1s consejos<\/h2>\n\t\t\t\t<\/div>\n\t\t\t<\/div>\n\n\t\t\t<div class=\"row related-posts__featured\">\n\t\t\t\t<div class=\"col card-grid__item\">\n\t\t\t\t\t<article\n\t\tclass=\"card-post related-post related-post-0 post-31836 post type-post status-publish format-standard has-post-thumbnail hentry category-asesorias-despachos-profesionales category-estrategia-gestion tag-asesorias-y-despachos-profesionales tag-factura-electronica tag-antifraude business_type-pequena-empresa business_type-mediana-empresa business_type-asesorias-despachos-profesionales card-post--is-clickable\"\n>\n\t<div class=\"card-post__media-wrapper\">\n\t\t<figure class=\"card-post__media\">\n\t\t\t\t\t\t\t<img decoding=\"async\" width=\"1440\" height=\"810\" src=\"https:\/\/www.sage.com\/es-es\/blog\/wp-content\/uploads\/sites\/8\/2022\/04\/GettyImages-1327494174-1440x810.jpg\" class=\"card-post__image\" alt=\"Chica haciendo una presentaci\u00f3n\" loading=\"lazy\" srcset=\"https:\/\/www.sage.com\/es-es\/blog\/wp-content\/uploads\/sites\/8\/2022\/04\/GettyImages-1327494174-684x384.jpg 684w, https:\/\/www.sage.com\/es-es\/blog\/wp-content\/uploads\/sites\/8\/2022\/04\/GettyImages-1327494174-768x432.jpg 768w, https:\/\/www.sage.com\/es-es\/blog\/wp-content\/uploads\/sites\/8\/2022\/04\/GettyImages-1327494174-1440x810.jpg 1440w\" sizes=\"auto, (min-width: 48em) 250px, (min-width: 30em) 100vw, 100vw\" \/>\t\t\t\n\t\t\t\n\t\t\t\t\t<\/figure>\n\t<\/div>\n\n\t<div class=\"card-post__content\">\n\t\t\t\t\t<div class=\"card-post__label\">Recomendado<\/div>\n\t\t\n\t\t\t\t\t<div class=\"card-post__meta\">\n\t\t\t\t\t\t\t\t\t\t\t\t\t\t\t\t\t\t\t<span class=\"card-post__meta-text\"><span class=\"posted-on \"><time class=\"entry-date published\" datetime=\"2026-08-28T10:47:27+02:00\">28 agosto, 2026<\/time><\/span><\/span>\n\t\t\t\t\t\t\t\t\t\t\t<span class=\"card-post__meta-text\"><span class=\"reading-time\">10 minutos de lectura<\/span><\/span>\n\t\t\t\t\t\t\t\t\t\t\t\t<\/div>\n\t\t\n\t\t<p class=\"card-post__title h3\">\n\t\t\t\t\t\t\t<a\n\t\t\t\t\tclass=\"card-post__title-link\"\n\t\t\t\t\thref=\"https:\/\/www.sage.com\/es-es\/blog\/entrada-en-vigor-por-que-usar-software-verifactu-ready\/\"\n\t\t\t\t>\n\t\t\t\n\t\t\tSoftware VERI*FACTU Ready: por qu\u00e9 conviene prepararse antes de 2027\n\t\t\t\t\t\t\t<\/a>\n\t\t\t\t\t<\/p>\n\n\t\t\n\t\t\t\t\t<p class=\"card-post__description\">\n\t\t\t\tPreparar con antelaci\u00f3n la adaptaci\u00f3n a VERI*FACTU permite revisar el software, las integraciones y los procesos internos antes de los plazos obligatorios de 2027.\t\t\t<\/p>\n\t\t\n\t\t\t<\/div>\n\n\t<\/article>\n\t\t\t\t<\/div>\n\t\t\t<\/div>\n\t\t\n\t\t\t\t\t<div class=\"row related-posts__non-featured\">\n\t\t\t\t<div class=\"col col-12\">\n\t\t\t\t\t<h2 class=\"related-posts__heading related-posts__heading--more h4\">M\u00e1s sobre esta tem\u00e1tica<\/h2>\n\t\t\t\t<\/div>\n\n\t\t\t\t\n\t\t\t\t\t<div class=\"col col-6 col-lg-3 card-grid__item\">\n\t\t\t\t\t\t<article\n\t\tclass=\"card-post related-post related-post-1 post-5755 post type-post status-publish format-standard has-post-thumbnail hentry category-asesorias-despachos-profesionales tag-asesorias-y-despachos-profesionales tag-iva tag-liquidez tag-modelos business_type-asesorias-despachos-profesionales\"\n>\n\t\t\t<a\n\t\t\tclass=\"card-post__link\"\n\t\t\thref=\"https:\/\/www.sage.com\/es-es\/blog\/como-preparar-la-liquidacion-trimestral-de-iva-irpf-y-pago-fraccionado-del-is\/\"\n\t\t\t\t\t>\n\t\t\t<figure class=\"card-post__media\">\n\t\t\t\t\t\t\t<img decoding=\"async\" width=\"684\" height=\"384\" src=\"https:\/\/www.sage.com\/es-es\/blog\/wp-content\/uploads\/sites\/8\/2021\/09\/GettyImages-625190832-OK-684x384.jpg\" class=\"card-post__image\" alt=\"Sage\" loading=\"lazy\" srcset=\"https:\/\/www.sage.com\/es-es\/blog\/wp-content\/uploads\/sites\/8\/2021\/09\/GettyImages-625190832-OK-684x384.jpg 684w, https:\/\/www.sage.com\/es-es\/blog\/wp-content\/uploads\/sites\/8\/2021\/09\/GettyImages-625190832-OK-768x513.jpg 768w, https:\/\/www.sage.com\/es-es\/blog\/wp-content\/uploads\/sites\/8\/2021\/09\/GettyImages-625190832-OK-1214x810.jpg 1214w\" sizes=\"auto, (min-width: 48em) 250px, (min-width: 30em) 100vw, 100vw\" \/>\t\t\t\n\t\t\t\n\t\t\t\t\t<\/figure>\n\n\t\t\n\t\t\t\t\t<div class=\"card-post__meta\">\n\t\t\t\t\t\t\t\t\t\t\t\t\t\t\t\t\t\t\t\t\t\t\t\t\t\t<span class=\"card-post__meta-text\"><span class=\"posted-on \"><time class=\"entry-date published\" datetime=\"2026-08-25T09:19:02+02:00\">25 agosto, 2026<\/time><\/span><\/span>\n\t\t\t\t\t\t\t\t\t\t\t\t\t\t\t\t\t\t\t\t\t\t\t\t<span class=\"card-post__meta-text\"><span class=\"reading-time\">9 minutos de lectura<\/span><\/span>\n\t\t\t\t\t\t\t\t\t\t\t\t\t\t\t\t\t\t<\/div>\n\t\t\n\t\t<p class=\"card-post__title h5\">\n\t\t\tC\u00f3mo preparar las liquidaciones trimestrales de IVA, IRPF e IS sin saturar tu despacho\t\t<\/p>\n\n\t\t\t<\/a>\n\t\n\t\n\t\t\n\t\n\t<\/article>\n\t\t\t\t\t<\/div>\n\t\t\t\t\n\t\t\t\t\t<div class=\"col col-6 col-lg-3 card-grid__item\">\n\t\t\t\t\t\t<article\n\t\tclass=\"card-post related-post related-post-2 post-15409 post type-post status-publish format-standard has-post-thumbnail hentry category-finanzas tag-asesorias-y-despachos-profesionales tag-contabilidad tag-flujo-de-caja tag-tesoreria business_type-pequena-empresa\"\n>\n\t\t\t<a\n\t\t\tclass=\"card-post__link\"\n\t\t\thref=\"https:\/\/www.sage.com\/es-es\/blog\/9-pasos-a-seguir-para-poner-la-contabilidad-al-dia-a-la-vuelta-de-vacaciones\/\"\n\t\t\t\t\t>\n\t\t\t<figure class=\"card-post__media\">\n\t\t\t\t\t\t\t<img decoding=\"async\" width=\"684\" height=\"384\" src=\"https:\/\/www.sage.com\/es-es\/blog\/wp-content\/uploads\/sites\/8\/2022\/04\/GettyImages-667613797-684x384.jpg\" class=\"card-post__image\" alt=\"Sage\" loading=\"lazy\" srcset=\"https:\/\/www.sage.com\/es-es\/blog\/wp-content\/uploads\/sites\/8\/2022\/04\/GettyImages-667613797-684x384.jpg 684w, https:\/\/www.sage.com\/es-es\/blog\/wp-content\/uploads\/sites\/8\/2022\/04\/GettyImages-667613797-768x432.jpg 768w, https:\/\/www.sage.com\/es-es\/blog\/wp-content\/uploads\/sites\/8\/2022\/04\/GettyImages-667613797-1440x810.jpg 1440w\" sizes=\"auto, (min-width: 48em) 250px, (min-width: 30em) 100vw, 100vw\" \/>\t\t\t\n\t\t\t\n\t\t\t\t\t<\/figure>\n\n\t\t\n\t\t\t\t\t<div class=\"card-post__meta\">\n\t\t\t\t\t\t\t\t\t\t\t\t\t\t\t\t\t\t\t\t\t\t\t\t\t\t<span class=\"card-post__meta-text\"><span class=\"posted-on \"><time class=\"entry-date published\" datetime=\"2026-08-18T09:08:13+02:00\">18 agosto, 2026<\/time><\/span><\/span>\n\t\t\t\t\t\t\t\t\t\t\t\t\t\t\t\t\t\t\t\t\t\t\t\t<span class=\"card-post__meta-text\"><span class=\"reading-time\">11 minutos de lectura<\/span><\/span>\n\t\t\t\t\t\t\t\t\t\t\t\t\t\t\t\t\t\t<\/div>\n\t\t\n\t\t<p class=\"card-post__title h5\">\n\t\t\tC\u00f3mo poner la contabilidad al d\u00eda despu\u00e9s de las vacaciones: 9 pasos\t\t<\/p>\n\n\t\t\t<\/a>\n\t\n\t\n\t\t\n\t\n\t<\/article>\n\t\t\t\t\t<\/div>\n\t\t\t\t\n\t\t\t\t\t<div class=\"col col-6 col-lg-3 card-grid__item\">\n\t\t\t\t\t\t<article\n\t\tclass=\"card-post related-post related-post-3 post-39265 post type-post status-publish format-standard has-post-thumbnail hentry category-asesorias-despachos-profesionales tag-asesorias-y-despachos-profesionales business_type-asesorias-despachos-profesionales\"\n>\n\t\t\t<a\n\t\t\tclass=\"card-post__link\"\n\t\t\thref=\"https:\/\/www.sage.com\/es-es\/blog\/software-para-asesorias-despacho-conectado\/\"\n\t\t\t\t\t>\n\t\t\t<figure class=\"card-post__media\">\n\t\t\t\t\t\t\t<img decoding=\"async\" width=\"684\" height=\"384\" src=\"https:\/\/www.sage.com\/es-es\/blog\/wp-content\/uploads\/sites\/8\/2021\/07\/BrandShootUK_Dec2022_SmallAccounting_0569-original_LOW-684x384.jpg\" class=\"card-post__image\" alt=\"Chica en la oficina hablando por tel\u00e9fono.\" loading=\"lazy\" srcset=\"https:\/\/www.sage.com\/es-es\/blog\/wp-content\/uploads\/sites\/8\/2021\/07\/BrandShootUK_Dec2022_SmallAccounting_0569-original_LOW-684x384.jpg 684w, https:\/\/www.sage.com\/es-es\/blog\/wp-content\/uploads\/sites\/8\/2021\/07\/BrandShootUK_Dec2022_SmallAccounting_0569-original_LOW-768x512.jpg 768w, https:\/\/www.sage.com\/es-es\/blog\/wp-content\/uploads\/sites\/8\/2021\/07\/BrandShootUK_Dec2022_SmallAccounting_0569-original_LOW-1215x810.jpg 1215w\" sizes=\"auto, (min-width: 48em) 250px, (min-width: 30em) 100vw, 100vw\" \/>\t\t\t\n\t\t\t\n\t\t\t\t\t<\/figure>\n\n\t\t\n\t\t\t\t\t<div class=\"card-post__meta\">\n\t\t\t\t\t\t\t\t\t\t\t\t\t\t\t\t\t\t\t\t\t\t\t\t\t\t<span class=\"card-post__meta-text\"><span class=\"posted-on \"><time class=\"entry-date published\" datetime=\"2026-08-10T10:50:21+02:00\">10 agosto, 2026<\/time><\/span><\/span>\n\t\t\t\t\t\t\t\t\t\t\t\t\t\t\t\t\t\t\t\t\t\t\t\t<span class=\"card-post__meta-text\"><span class=\"reading-time\">12 minutos de lectura<\/span><\/span>\n\t\t\t\t\t\t\t\t\t\t\t\t\t\t\t\t\t\t<\/div>\n\t\t\n\t\t<p class=\"card-post__title h5\">\n\t\t\tSoftware para asesor\u00edas: despacho conectado vs. modelo tradicional\t\t<\/p>\n\n\t\t\t<\/a>\n\t\n\t\n\t\t\n\t\n\t<\/article>\n\t\t\t\t\t<\/div>\n\t\t\t\t\n\t\t\t\t\t<div class=\"col col-6 col-lg-3 card-grid__item\">\n\t\t\t\t\t\t<article\n\t\tclass=\"card-post related-post related-post-4 post-39162 post type-post status-publish format-audio has-post-thumbnail hentry category-estrategia-gestion tag-autonomos tag-emprendedores tag-sage-advice-podcast post_format-post-format-audio business_type-pequena-empresa\"\n>\n\t\t\t<a\n\t\t\tclass=\"card-post__link\"\n\t\t\thref=\"https:\/\/www.sage.com\/es-es\/blog\/podcast-entrevista-teefactory-empresa-familiar-pivotar-modelo-negocio\/?scroll=1\"\n\t\t\t\t\t>\n\t\t\t<figure class=\"card-post__media\">\n\t\t\t\t\t\t\t<img decoding=\"async\" width=\"684\" height=\"384\" src=\"https:\/\/www.sage.com\/es-es\/blog\/wp-content\/uploads\/sites\/8\/2025\/08\/Mar2025_GB-Trucking-Logistics_0392-684x384.jpeg\" class=\"card-post__image\" alt=\"Sage\" loading=\"lazy\" srcset=\"https:\/\/www.sage.com\/es-es\/blog\/wp-content\/uploads\/sites\/8\/2025\/08\/Mar2025_GB-Trucking-Logistics_0392-684x384.jpeg 684w, https:\/\/www.sage.com\/es-es\/blog\/wp-content\/uploads\/sites\/8\/2025\/08\/Mar2025_GB-Trucking-Logistics_0392-768x512.jpeg 768w, https:\/\/www.sage.com\/es-es\/blog\/wp-content\/uploads\/sites\/8\/2025\/08\/Mar2025_GB-Trucking-Logistics_0392-1214x810.jpeg 1214w\" sizes=\"auto, (min-width: 48em) 250px, (min-width: 30em) 100vw, 100vw\" \/>\t\t\t\n\t\t\t\n\t\t\t\t\t<\/figure>\n\n\t\t\n\t\t\t\t\t<div class=\"card-post__meta\">\n\t\t\t\t\t\t\t\t\t<svg role=\"presentation\" aria-hidden=\"true\" focusable=\"false\" width=\"24\" height=\"24\" class=\"card-post__meta-icon svg-icon\" xmlns=\"http:\/\/www.w3.org\/2000\/svg\" viewbox=\"0 0 24 24\"><path d=\"M9.75 1.5C8.793 1.5 8 2.293 8 3.25v8.377a.8.8 0 0 0 0 .243v4.38c0 .957.793 1.75 1.75 1.75h5.5c.957 0 1.75-.792 1.75-1.75v-4.377a.8.8 0 0 0 0-.243V3.25c0-.957-.792-1.75-1.75-1.75zm0 1.5h5.5c.147 0 .25.102.25.25V11h-6V3.25c0-.148.102-.25.25-.25m-4.012 7.989a.75.75 0 0 0-.739.761v4.5A4.76 4.76 0 0 0 9.749 21h2v2a.76.76 0 0 0 .216.537.74.74 0 0 0 .534.223.76.76 0 0 0 .535-.223.74.74 0 0 0 .216-.537v-2h2A4.76 4.76 0 0 0 20 16.25v-4.5a.76.76 0 0 0-.216-.537.74.74 0 0 0-.535-.223.75.75 0 0 0-.75.76v4.5a3.24 3.24 0 0 1-3.25 3.25h-5.5a3.24 3.24 0 0 1-3.25-3.25v-4.5a.755.755 0 0 0-.469-.707.8.8 0 0 0-.293-.055zM9.5 12.5h6v3.75c0 .147-.102.25-.25.25h-5.5a.24.24 0 0 1-.25-.25zm3 1a.997.997 0 0 0-1 1 .997.997 0 0 0 1 1 .997.997 0 0 0 1-1 .997.997 0 0 0-1-1\" \/><\/svg>\t\t\t\t\t\t\t\t\t\t\t\t\t\t\t\t\t\t\t\t\t\t\t\t\t\t<span class=\"card-post__meta-text\"><span class=\"posted-on \"><time class=\"entry-date published\" datetime=\"2026-07-31T11:04:05+02:00\">31 julio, 2026<\/time><\/span><\/span>\n\t\t\t\t\t\t\t\t\t\t\t\t\t\t\t\t\t\t\t\t\t\t\t\t<span class=\"card-post__meta-text\"><span class=\"reading-time\">6 minutos de lectura<\/span><\/span>\n\t\t\t\t\t\t\t\t\t\t\t\t\t\t\t\t\t\t<\/div>\n\t\t\n\t\t<p class=\"card-post__title h5\">\n\t\t\t[PODCAST]\u00a0Teefactory: c\u00f3mo una empresa familiar puede crecer a escala internacional\t\t<\/p>\n\n\t\t\t<\/a>\n\t\n\t\n\t\t\n\t\n\t<\/article>\n\t\t\t\t\t<\/div>\n\t\t\t\t\t\t\t<\/div>\n\t\t\t<\/div>\n<\/section>\n<\/div>\n","protected":false},"excerpt":{"rendered":"<p>Descubre el futuro de la tarifa plana para aut\u00f3nomos que est\u00e1 planteando el Gobierno, c\u00f3mo podr\u00eda quedar y qu\u00e9 cambios se avecinan. UPTA se muestra muy cr\u00edtica con la tarifa plana de aut\u00f3nomos. El Gobierno est\u00e1 centrado en la reforma de la Seguridad Social y su equilibrio financiero. El futuro de la tarifa plana de [&hellip;]<\/p>\n","protected":false},"author":240,"featured_media":18713,"comment_status":"closed","ping_status":"closed","sticky":false,"template":"","format":"standard","meta":{"_yoast_wpseo_is_cornerstone":"","_yoast_wpseo_meta-robots-noindex":"","_yoast_wpseo_meta-robots-nofollow":"","_yoast_wpseo_opengraph-title":"","_yoast_wpseo_opengraph-description":"","_yoast_wpseo_opengraph-image":"","_yoast_wpseo_opengraph-image-id":"","_yoast_wpseo_twitter-title":"","_yoast_wpseo_twitter-description":"","_yoast_wpseo_twitter-image":"","_yoast_wpseo_twitter-image-id":"","_yoast_wpseo_schema_page_type":"","_yoast_wpseo_schema_article_type":"","_sage_video":false,"_yoast_wpseo_focuskeywords":"","_yoast_wpseo_keywordsynonyms":"","_yoast_wpseo_primary_category":"3","post_featured_image_hide":false,"sage_hide_published_date":false,"sage_hide_read_time":false,"sage_hide_share_buttons":false,"_pwl_sage_podcast_buzzsprout_src":"","footnotes":""},"categories":[7,3],"tags":[187,16,202],"business_type":[10,8],"lilypad":[],"context":[],"industry":[],"persona":[],"imagine_tag":[280,287],"coauthors":[412],"class_list":["post-18711","post","type-post","status-publish","format-standard","has-post-thumbnail","hentry","category-asesorias-despachos-profesionales","category-estrategia-gestion","tag-asesorias-y-despachos-profesionales","tag-autonomos","tag-novedades-legales","business_type-pequena-empresa","business_type-asesorias-despachos-profesionales"],"sage_meta":{"region":"es-es","author_name":"Gonzalo Garc\u00eda Abad","featured_image":"https:\/\/www.sage.com\/es-es\/blog\/wp-content\/uploads\/sites\/8\/2021\/07\/GettyImages-1279940759-ok.jpg","imagine_tags":{"280":"Asesor\u00edas y despachos","287":"Aut\u00f3nomos"}},"distributor_meta":false,"distributor_terms":false,"distributor_media":false,"distributor_original_site_name":"Sage Advice Espa\u00f1a","distributor_original_site_url":"https:\/\/www.sage.com\/es-es\/blog","push-errors":false,"_links":{"self":[{"href":"https:\/\/www.sage.com\/es-es\/blog\/api\/wp\/v2\/posts\/18711","targetHints":{"allow":["GET"]}}],"collection":[{"href":"https:\/\/www.sage.com\/es-es\/blog\/api\/wp\/v2\/posts"}],"about":[{"href":"https:\/\/www.sage.com\/es-es\/blog\/api\/wp\/v2\/types\/post"}],"author":[{"embeddable":true,"href":"https:\/\/www.sage.com\/es-es\/blog\/api\/wp\/v2\/users\/240"}],"replies":[{"embeddable":true,"href":"https:\/\/www.sage.com\/es-es\/blog\/api\/wp\/v2\/comments?post=18711"}],"version-history":[{"count":1,"href":"https:\/\/www.sage.com\/es-es\/blog\/api\/wp\/v2\/posts\/18711\/revisions"}],"predecessor-version":[{"id":38505,"href":"https:\/\/www.sage.com\/es-es\/blog\/api\/wp\/v2\/posts\/18711\/revisions\/38505"}],"wp:featuredmedia":[{"embeddable":true,"href":"https:\/\/www.sage.com\/es-es\/blog\/api\/wp\/v2\/media\/18713"}],"wp:attachment":[{"href":"https:\/\/www.sage.com\/es-es\/blog\/api\/wp\/v2\/media?parent=18711"}],"wp:term":[{"taxonomy":"category","embeddable":true,"href":"https:\/\/www.sage.com\/es-es\/blog\/api\/wp\/v2\/categories?post=18711"},{"taxonomy":"post_tag","embeddable":true,"href":"https:\/\/www.sage.com\/es-es\/blog\/api\/wp\/v2\/tags?post=18711"},{"taxonomy":"business_type","embeddable":true,"href":"https:\/\/www.sage.com\/es-es\/blog\/api\/wp\/v2\/business_type?post=18711"},{"taxonomy":"lilypad","embeddable":true,"href":"https:\/\/www.sage.com\/es-es\/blog\/api\/wp\/v2\/lilypad?post=18711"},{"taxonomy":"context","embeddable":true,"href":"https:\/\/www.sage.com\/es-es\/blog\/api\/wp\/v2\/context?post=18711"},{"taxonomy":"industry","embeddable":true,"href":"https:\/\/www.sage.com\/es-es\/blog\/api\/wp\/v2\/industry?post=18711"},{"taxonomy":"persona","embeddable":true,"href":"https:\/\/www.sage.com\/es-es\/blog\/api\/wp\/v2\/persona?post=18711"},{"taxonomy":"imagine_tag","embeddable":true,"href":"https:\/\/www.sage.com\/es-es\/blog\/api\/wp\/v2\/imagine_tag?post=18711"},{"taxonomy":"author","embeddable":true,"href":"https:\/\/www.sage.com\/es-es\/blog\/api\/wp\/v2\/coauthors?post=18711"}],"curies":[{"name":"wp","href":"https:\/\/api.w.org\/{rel}","templated":true}]}}