{"id":18750,"date":"2021-06-25T00:00:59","date_gmt":"2021-06-24T22:00:59","guid":{"rendered":"https:\/\/www.sage.com\/es-es\/blog\/?p=18750"},"modified":"2026-03-13T14:16:50","modified_gmt":"2026-03-13T13:16:50","slug":"iva-europeo-sii-julio-2021-y-siguientes-adaptacion-del-lrfe-en-el-sii","status":"publish","type":"post","link":"https:\/\/www.sage.com\/es-es\/blog\/iva-europeo-sii-julio-2021-y-siguientes-adaptacion-del-lrfe-en-el-sii\/","title":{"rendered":"IVA EUROPEO \u2013 SII (Julio 2021 y siguientes) &#8211; Adaptaci\u00f3n del LRFE en el SII"},"content":{"rendered":"<header class=\"entry-header has-dark-background-color entry-header--has-illustration entry-header--has-illustration--generic\">\n\t<div class=\"container\">\n\t\t<div class=\"entry-header__row row align-center\">\n\t\t\t<div class=\"col col-lg-7 col-xlg-6 entry-header__content\">\n\t\t\t\t\t\t\t<div class=\"component component-single-header\">\n\t\t\t\t\t\t\t\t\t\t<div class=\"entry-header__misc text--subtitle text--uppercase text--small\">\n\t\t\t\t\t\t\t<a href=\"https:\/\/www.sage.com\/es-es\/blog\/categoria\/legal\/\" class=\"entry-header__link\">Legal<\/a>\t\t\t\t\t\t<\/div>\n\t\t\t\t\n\t\t\t\t<div class=\"entry-title-wrapper\">\n\t\t\t\t\t<h1 class=\"entry-title\">\n\t\t\t\t\t\tIVA EUROPEO \u2013 SII (Julio 2021 y siguientes) &#8211; Adaptaci\u00f3n del LRFE en el SII\t\t\t\t\t<\/h1>\n\t\t\t\t<\/div>\n\n\t\t\t\t\t\t\t\t\t<p class=\"entry-header__description\">\n\t\t\t\t\t\t\t\t\t\t\t<\/p>\n\t\t\t\t\n\t\t\t\t\n\t\t\t\t\n\t\t\t<\/div>\n\n\t\t\t\t\t<\/div>\n\t\t\t\t\t<\/div>\n\t<\/div>\n\t<div class=\"single-post-details container\">\n\t\t<div class=\"col\">\n\t\t\t<span class=\"posted-on \"><time class=\"entry-date published\" datetime=\"2021-06-25T00:00:59+02:00\">25 June, 2021<\/time><\/span><span class=\"reading-time\"> minutos de lectura<\/span>\n\t\t<button\n\t\t\ttype=\"button\"\n\t\t\tclass=\"social-share-button button button--icon button--secondary js-social-share-button\"\n\t\t\tdata-share-title=\"IVA EUROPEO \u2013 SII (Julio 2021 y siguientes) &#8211; Adaptaci\u00f3n del LRFE en el SII\"\n\t\t\tdata-share-url=\"https:\/\/www.sage.com\/es-es\/blog\/iva-europeo-sii-julio-2021-y-siguientes-adaptacion-del-lrfe-en-el-sii\/\"\n\t\t\tdata-share-text=\"Please read this interesting article\"\n\t\t>\n\t\t\t<span class=\"social-share-button__share-label\">Compartir<\/span>\n\t\t\t<span class=\"social-share-button__copy-label\" hidden>Copiar enlace<\/span>\n\t\t\t<span class=\"social-share-button__copy-tooltip\" aria-hidden=\"true\" hidden>Copiado<\/span>\n\t\t<\/button>\n\n\t\t\t\t<\/div>\n\t<\/div>\n<\/header>\n\n\n\n<div class=\"wp-block-post-author has-dark-background-color alignfull\">\n\t<div class=\"container\">\n\t\t<div class=\"col\">\n\t\t\t\t\t\t\t<div class=\"co-authors\">\n\t\t\t\t\t\n\t\t<div class=\"entry-author-wrapper\">\n\t\t\t<a class=\"entry-author\" href=\"https:\/\/www.sage.com\/es-es\/blog\/author\/ronald-lozano\/\">\n\t\t\t\t<img loading=\"lazy\" decoding=\"async\" width=\"40\" height=\"40\" src=\"https:\/\/www.sage.com\/es-es\/blog\/wp-content\/uploads\/sites\/8\/2025\/02\/Ronald-Lozano-350x350.jpg\" class=\"entry-author__image\" alt=\"Sage\" srcset=\"https:\/\/www.sage.com\/es-es\/blog\/wp-content\/uploads\/sites\/8\/2025\/02\/Ronald-Lozano-350x350.jpg 350w, https:\/\/www.sage.com\/es-es\/blog\/wp-content\/uploads\/sites\/8\/2025\/02\/Ronald-Lozano.jpg 600w\" sizes=\"auto, (max-width: 40px) 100vw, 40px\" \/>\t\t\t\t<span class=\"entry-author__name\">Ronald Lozano<\/span>\n\t\t\t<\/a>\n\n\t\t\t\t\t<\/div>\n\n\t\t\t\t\t\t<\/div>\n\t\t\t\t\t<\/div>\n\t<\/div>\n<\/div>\n\n\n\n<p><strong>\u00bfA qu\u00e9 afecta?<\/strong><\/p>\n\n\n\n<p>A la adaptaci\u00f3n del LRFE en el <a href=\"https:\/\/www.sage.com\/es-es\/blog\/ticket-bai-vs-sii-similitudes-y-diferencias\/\">SII<\/a> para poder registrar las operaciones que se incluyan en los nuevos reg\u00edmenes especiales que entran en vigor el pr\u00f3ximo 01\/07\/2021 y que son:<\/p>\n\n\n\n<ul class=\"wp-block-list\">\n<li>R\u00e9gimen Exterior de la Uni\u00f3n<\/li>\n\n\n\n<li>R\u00e9gimen de la Uni\u00f3n<\/li>\n\n\n\n<li>R\u00e9gimen de importaci\u00f3n<\/li>\n<\/ul>\n\n\n\n<p><strong>\u00bfA qui\u00e9n afecta?<\/strong><\/p>\n\n\n\n<p>A los sujetos pasivos que presenten el SII y que adem\u00e1s est\u00e9n acogidos a alguno de los reg\u00edmenes anteriores.<\/p>\n\n\n\n<p><strong>\u00bfC\u00f3mo afecta?<\/strong><\/p>\n\n\n\n<p>Se crea una nueva clave de trascendencia tributaria para el LRFE con el siguiente valor:<\/p>\n\n\n\n<p>Valor: 17<\/p>\n\n\n\n<p>Descripci\u00f3n: Operaci\u00f3n acogida a alguno de los reg\u00edmenes previstos en el Cap\u00edtulo XI del T\u00edtulo IX (OSS e IOSS)<\/p>\n\n\n\n<p><strong>\u00bfCu\u00e1ndo afecta?<\/strong><\/p>\n\n\n\n<p>Entrada en vigor a partir del 01\/07\/2021<\/p>\n\n\n\n<figure class=\"wp-block-embed\"><div class=\"wp-block-embed__wrapper\">\nhttps:\/\/www.boe.es\/boe\/dias\/2021\/06\/24\/pdfs\/BOE-A-2021-10509.pdf\n<\/div><\/figure>\n\n\n\n<p><em>Orden HAC\/646\/2021, de 22 de junio, por la que se modifican la Orden EHA\/3434\/2007, de 23 de noviembre, por la que se aprueban los modelos 322 de autoliquidaci\u00f3n mensual, modelo individual, y 353 de autoliquidaci\u00f3n mensual, modelo agregado, y el modelo 039 de Comunicaci\u00f3n de datos, correspondientes al R\u00e9gimen especial del Grupo de Entidades en el Impuesto sobre el Valor A\u00f1adido, la Orden EHA\/3786\/2008, de 29 de diciembre, por la que se aprueban el modelo 303 Impuesto sobre el Valor A\u00f1adido, Autoliquidaci\u00f3n, la Orden EHA\/3111\/2009, de 5 de noviembre, por la que se aprueba el modelo 390 de declaraci\u00f3n-resumen anual del Impuesto sobre el Valor A\u00f1adido y la Orden HFP\/417\/2017, de 12 de mayo, por la que se regulan las especificaciones normativas y t\u00e9cnicas que desarrollan la llevanza de los Libros registro del Impuesto sobre el Valor A\u00f1adido a trav\u00e9s de la Sede electr\u00f3nica de la Agencia Estatal de Administraci\u00f3n Tributaria establecida en el art\u00edculo 62.6 del Reglamento del Impuesto sobre el Valor A\u00f1adido, aprobado por el Real Decreto 1624\/1992, de 29 de diciembre, y se modifica otra normativa tributaria<\/em><\/p>\n","protected":false},"excerpt":{"rendered":"<p>\u00bfA qu\u00e9 afecta? A la adaptaci\u00f3n del LRFE en el SII para poder registrar las operaciones que se incluyan en los nuevos reg\u00edmenes especiales que entran en vigor el pr\u00f3ximo 01\/07\/2021 y que son: \u00bfA qui\u00e9n afecta? A los sujetos pasivos que presenten el SII y que adem\u00e1s est\u00e9n acogidos a alguno de los reg\u00edmenes [&hellip;]<\/p>\n","protected":false},"author":248,"featured_media":10161,"comment_status":"closed","ping_status":"closed","sticky":false,"template":"","format":"standard","meta":{"_sage_video":false,"post_featured_image_hide":false,"footnotes":""},"categories":[6],"tags":[201],"business_type":[10,11,8],"lilypad":[],"context":[],"industry":[],"persona":[],"imagine_tag":[],"coauthors":[670],"class_list":["post-18750","post","type-post","status-publish","format-standard","has-post-thumbnail","hentry","category-legal","tag-normativa-legal","business_type-pequena-empresa","business_type-mediana-empresa","business_type-asesorias-despachos-profesionales"],"sage_meta":{"region":"es-es","author_name":"Ronald Lozano","featured_image":"https:\/\/www.sage.com\/es-es\/blog\/wp-content\/uploads\/sites\/8\/2018\/02\/legal-image-chevron_Fuchsia.png","imagine_tags":[]},"distributor_meta":false,"distributor_terms":false,"distributor_media":false,"distributor_original_site_name":"Sage Advice Espa\u00f1a","distributor_original_site_url":"https:\/\/www.sage.com\/es-es\/blog","push-errors":false,"_links":{"self":[{"href":"https:\/\/www.sage.com\/es-es\/blog\/api\/wp\/v2\/posts\/18750","targetHints":{"allow":["GET"]}}],"collection":[{"href":"https:\/\/www.sage.com\/es-es\/blog\/api\/wp\/v2\/posts"}],"about":[{"href":"https:\/\/www.sage.com\/es-es\/blog\/api\/wp\/v2\/types\/post"}],"author":[{"embeddable":true,"href":"https:\/\/www.sage.com\/es-es\/blog\/api\/wp\/v2\/users\/248"}],"replies":[{"embeddable":true,"href":"https:\/\/www.sage.com\/es-es\/blog\/api\/wp\/v2\/comments?post=18750"}],"version-history":[{"count":0,"href":"https:\/\/www.sage.com\/es-es\/blog\/api\/wp\/v2\/posts\/18750\/revisions"}],"wp:featuredmedia":[{"embeddable":true,"href":"https:\/\/www.sage.com\/es-es\/blog\/api\/wp\/v2\/media\/10161"}],"wp:attachment":[{"href":"https:\/\/www.sage.com\/es-es\/blog\/api\/wp\/v2\/media?parent=18750"}],"wp:term":[{"taxonomy":"category","embeddable":true,"href":"https:\/\/www.sage.com\/es-es\/blog\/api\/wp\/v2\/categories?post=18750"},{"taxonomy":"post_tag","embeddable":true,"href":"https:\/\/www.sage.com\/es-es\/blog\/api\/wp\/v2\/tags?post=18750"},{"taxonomy":"business_type","embeddable":true,"href":"https:\/\/www.sage.com\/es-es\/blog\/api\/wp\/v2\/business_type?post=18750"},{"taxonomy":"lilypad","embeddable":true,"href":"https:\/\/www.sage.com\/es-es\/blog\/api\/wp\/v2\/lilypad?post=18750"},{"taxonomy":"context","embeddable":true,"href":"https:\/\/www.sage.com\/es-es\/blog\/api\/wp\/v2\/context?post=18750"},{"taxonomy":"industry","embeddable":true,"href":"https:\/\/www.sage.com\/es-es\/blog\/api\/wp\/v2\/industry?post=18750"},{"taxonomy":"persona","embeddable":true,"href":"https:\/\/www.sage.com\/es-es\/blog\/api\/wp\/v2\/persona?post=18750"},{"taxonomy":"imagine_tag","embeddable":true,"href":"https:\/\/www.sage.com\/es-es\/blog\/api\/wp\/v2\/imagine_tag?post=18750"},{"taxonomy":"author","embeddable":true,"href":"https:\/\/www.sage.com\/es-es\/blog\/api\/wp\/v2\/coauthors?post=18750"}],"curies":[{"name":"wp","href":"https:\/\/api.w.org\/{rel}","templated":true}]}}