{"id":18795,"date":"2021-08-25T12:40:44","date_gmt":"2021-08-25T10:40:44","guid":{"rendered":"https:\/\/www.sage.com\/es-es\/blog\/?p=18795"},"modified":"2026-03-13T14:16:49","modified_gmt":"2026-03-13T13:16:49","slug":"iva-europeo-bizkaia-modificacion-en-el-modelo-303-2021","status":"publish","type":"post","link":"https:\/\/www.sage.com\/es-es\/blog\/iva-europeo-bizkaia-modificacion-en-el-modelo-303-2021\/","title":{"rendered":"IVA EUROPEO \u2013 Bizkaia &#8211; Modificaci\u00f3n en el modelo 303 (2021)"},"content":{"rendered":"<header class=\"entry-header has-dark-background-color entry-header--has-illustration entry-header--has-illustration--generic\">\n\t<div class=\"container\">\n\t\t<div class=\"entry-header__row row align-center\">\n\t\t\t<div class=\"col col-lg-7 col-xlg-6 entry-header__content\">\n\t\t\t\t\t\t\t<div class=\"component component-single-header\">\n\t\t\t\t\t\t\t\t\t\t<div class=\"entry-header__misc text--subtitle text--uppercase text--small\">\n\t\t\t\t\t\t\t<a href=\"https:\/\/www.sage.com\/es-es\/blog\/categoria\/legal\/\" class=\"entry-header__link\">Legal<\/a>\t\t\t\t\t\t<\/div>\n\t\t\t\t\n\t\t\t\t<div class=\"entry-title-wrapper\">\n\t\t\t\t\t<h1 class=\"entry-title\">\n\t\t\t\t\t\tIVA EUROPEO \u2013 Bizkaia &#8211; Modificaci\u00f3n en el modelo 303 (2021)\t\t\t\t\t<\/h1>\n\t\t\t\t<\/div>\n\n\t\t\t\t\t\t\t\t\t<p class=\"entry-header__description\">\n\t\t\t\t\t\t\t\t\t\t\t<\/p>\n\t\t\t\t\n\t\t\t\t\n\t\t\t\t\n\t\t\t<\/div>\n\n\t\t\t\t\t<\/div>\n\t\t\t\t\t<\/div>\n\t<\/div>\n\t<div class=\"single-post-details container\">\n\t\t<div class=\"col\">\n\t\t\t<span class=\"posted-on \"><time class=\"entry-date published\" datetime=\"2021-08-25T12:40:44+02:00\">25 August, 2021<\/time><\/span><span class=\"reading-time\"> minutos de lectura<\/span>\n\t\t<button\n\t\t\ttype=\"button\"\n\t\t\tclass=\"social-share-button button button--icon button--secondary js-social-share-button\"\n\t\t\tdata-share-title=\"IVA EUROPEO \u2013 Bizkaia &#8211; Modificaci\u00f3n en el modelo 303 (2021)\"\n\t\t\tdata-share-url=\"https:\/\/www.sage.com\/es-es\/blog\/iva-europeo-bizkaia-modificacion-en-el-modelo-303-2021\/\"\n\t\t\tdata-share-text=\"Please read this interesting article\"\n\t\t>\n\t\t\t<span class=\"social-share-button__share-label\">Compartir<\/span>\n\t\t\t<span class=\"social-share-button__copy-label\" hidden>Copiar enlace<\/span>\n\t\t\t<span class=\"social-share-button__copy-tooltip\" aria-hidden=\"true\" hidden>Copiado<\/span>\n\t\t<\/button>\n\n\t\t\t\t<\/div>\n\t<\/div>\n<\/header>\n\n\n\n<div class=\"wp-block-post-author has-dark-background-color alignfull\">\n\t<div class=\"container\">\n\t\t<div class=\"col\">\n\t\t\t\t\t\t\t<div class=\"co-authors\">\n\t\t\t\t\t\n\t\t<div class=\"entry-author-wrapper\">\n\t\t\t<a class=\"entry-author\" href=\"https:\/\/www.sage.com\/es-es\/blog\/author\/ronald-lozano\/\">\n\t\t\t\t<img loading=\"lazy\" decoding=\"async\" width=\"40\" height=\"40\" src=\"https:\/\/www.sage.com\/es-es\/blog\/wp-content\/uploads\/sites\/8\/2025\/02\/Ronald-Lozano-350x350.jpg\" class=\"entry-author__image\" alt=\"Sage\" srcset=\"https:\/\/www.sage.com\/es-es\/blog\/wp-content\/uploads\/sites\/8\/2025\/02\/Ronald-Lozano-350x350.jpg 350w, https:\/\/www.sage.com\/es-es\/blog\/wp-content\/uploads\/sites\/8\/2025\/02\/Ronald-Lozano.jpg 600w\" sizes=\"auto, (max-width: 40px) 100vw, 40px\" \/>\t\t\t\t<span class=\"entry-author__name\">Ronald Lozano<\/span>\n\t\t\t<\/a>\n\n\t\t\t\t\t<\/div>\n\n\t\t\t\t\t\t<\/div>\n\t\t\t\t\t<\/div>\n\t<\/div>\n<\/div>\n\n\n\n<p><strong>\u00bfA qu\u00e9 afecta?<\/strong><\/p>\n\n\n\n<p>A la modificaci\u00f3n del <a href=\"https:\/\/www.sage.com\/es-es\/blog\/hablemos-de-iva-tengo-que-presentar-el-modelo-303-si-no-tengo-ingresos\/\">modelo 303<\/a> con motivo de la trasposici\u00f3n de las Directivas de comercio electr\u00f3nico.<\/p>\n\n\n\n<p><strong>\u00bfA qui\u00e9n afecta?<\/strong><\/p>\n\n\n\n<ul class=\"wp-block-list\">\n<li>A los sujetos pasivos que presenten el modelo 303<\/li>\n\n\n\n<li>A aquellos sujetos pasivos que est\u00e9n acogidos a la ventanilla \u00fanica.<\/li>\n<\/ul>\n\n\n\n<p><strong>\u00bfC\u00f3mo afecta?<\/strong><\/p>\n\n\n\n<p>A la modificaci\u00f3n del modelo 303 del siguiente modo:<\/p>\n\n\n\n<ul class=\"wp-block-list\">\n<li>Se a\u00f1ade una nueva partida 109, \u201cOSS operaciones sujetas y acogidas a la OSS\u201d.<\/li>\n\n\n\n<li>Cambios en acumulaciones de operaciones debido al cambio de literales.<\/li>\n\n\n\n<li>Se procede a hacer cambios en las literales de algunas casillas del modelo:\n<ul class=\"wp-block-list\">\n<li>Bloque Liquidaci\u00f3n \u2013 IVA devengado\n<ul class=\"wp-block-list\">\n<li>Casilla 17: cambiar literal de \u201cAdquisiciones intracomunitarias\u201d a \u201cAdquisiciones intracomunitarias de bienes y servicios\u201d<\/li>\n<\/ul>\n<\/li>\n\n\n\n<li>Bloque Liquidaci\u00f3n \u2013 IVA soportado\n<ul class=\"wp-block-list\">\n<li>Casilla 26: cambiar literal de \u201cIva deducible en adquisiciones intracomunitarias\u201d a \u201cIva deducible en adquisiciones intracomunitarias de bienes y servicios\u201d.<\/li>\n<\/ul>\n<\/li>\n\n\n\n<li>Bloque Operaciones espec\u00edficas\n<ul class=\"wp-block-list\">\n<li>Se plantean cambios de literales. En rojo los cambios.<\/li>\n<\/ul>\n<\/li>\n<\/ul>\n<\/li>\n<\/ul>\n\n\n\n<figure class=\"wp-block-table\"><table class=\"has-fixed-layout\"><tbody><tr><td>Partida<\/td><td>Literal anterior<\/td><td>Nuevo literal<\/td><\/tr><tr><td>104<\/td><td>Exportaciones y operaciones asimiladas<\/td><td>Exportaciones y otras operaciones exentas con derecho a deducci\u00f3n<\/td><\/tr><tr><td>105<\/td><td>Entregas intracomunitarias<\/td><td>Entregas intracomunitarias de bienes y servicios<\/td><\/tr><tr><td>106<\/td><td>Otras operaciones no sujetas o exentas con derecho a deducci\u00f3n<\/td><td>Operaciones no sujetas por reglas de localizaci\u00f3n (excepto las incluidas en la casilla 108)<\/td><\/tr><tr><td>107<\/td><td>Operaciones por inversi\u00f3n del sujeto pasivo no incluidas en liquidaci\u00f3n<\/td><td>Operaciones sujetas con inversi\u00f3n del sujeto pasivo<\/td><\/tr><tr><td>108<\/td><td>Prestaciones intracomunitarias de servicios localizadas fuera del territorio de aplicaci\u00f3n del impuesto<\/td><td>OSS Operaciones no sujetas por reglas de localizaci\u00f3n acogidas a la OSS.<\/td><\/tr><tr><td>109<\/td><td><\/td><td>OSS operaciones sujetas y acogidas a la OSS<\/td><\/tr><\/tbody><\/table><\/figure>\n\n\n\n<ul class=\"wp-block-list\">\n<li>Se procede a implementar cambios realizados en su momento en Territorio Com\u00fan y que no fueron implementados:\n<ul class=\"wp-block-list\">\n<li>En la casilla 104, al cambiar el literal, deber\u00e1n acumularse las operaciones exentas con derecho a deducci\u00f3n que antes se acumulaban en la casilla 106 (literal hasta 30\/06\/20021 \u201cOtras operaciones no sujetas o exentas con derecho a deducci\u00f3n\u201d).<\/li>\n\n\n\n<li>En la casilla 105, al cambiar el literal a \u201cEntregas intracomunitarias de bienes y servicios\u201d deber\u00e1n acumularse las Prestaciones intracomunitarias de servicios no sujetas\u201d.<\/li>\n<\/ul>\n<\/li>\n<\/ul>\n\n\n\n<p><strong>\u00bfCu\u00e1ndo afecta?<\/strong><\/p>\n\n\n\n<ul class=\"wp-block-list\">\n<li>Entrada en vigor, 31\/07\/2021<\/li>\n\n\n\n<li>A partir del 01\/07\/2021.<\/li>\n\n\n\n<li>Primera liquidaci\u00f3n afectada la correspondiente al mes de julio que se presentar\u00e1 durante el mes de agosto de 2021.<\/li>\n<\/ul>\n\n\n\n<figure class=\"wp-block-embed\"><div class=\"wp-block-embed__wrapper\">\nhttps:\/\/www.bizkaia.eus\/lehendakaritza\/Bao_bob\/2021\/07\/30\/I-643_cas.pdf\n<\/div><\/figure>\n","protected":false},"excerpt":{"rendered":"<p>\u00bfA qu\u00e9 afecta? A la modificaci\u00f3n del modelo 303 con motivo de la trasposici\u00f3n de las Directivas de comercio electr\u00f3nico. \u00bfA qui\u00e9n afecta? \u00bfC\u00f3mo afecta? A la modificaci\u00f3n del modelo 303 del siguiente modo: Partida Literal anterior Nuevo literal 104 Exportaciones y operaciones asimiladas Exportaciones y otras operaciones exentas con derecho a deducci\u00f3n 105 Entregas [&hellip;]<\/p>\n","protected":false},"author":248,"featured_media":10162,"comment_status":"closed","ping_status":"closed","sticky":false,"template":"","format":"standard","meta":{"_sage_video":false,"post_featured_image_hide":false,"footnotes":""},"categories":[6],"tags":[187,201],"business_type":[10,11,8],"lilypad":[],"context":[],"industry":[],"persona":[],"imagine_tag":[280],"coauthors":[670],"class_list":["post-18795","post","type-post","status-publish","format-standard","has-post-thumbnail","hentry","category-legal","tag-asesorias-y-despachos-profesionales","tag-normativa-legal","business_type-pequena-empresa","business_type-mediana-empresa","business_type-asesorias-despachos-profesionales"],"sage_meta":{"region":"es-es","author_name":"Ronald Lozano","featured_image":"https:\/\/www.sage.com\/es-es\/blog\/wp-content\/uploads\/sites\/8\/2018\/02\/legal-image-chevron_Plum.png","imagine_tags":{"280":"Asesor\u00edas y despachos"}},"distributor_meta":false,"distributor_terms":false,"distributor_media":false,"distributor_original_site_name":"Sage Advice Espa\u00f1a","distributor_original_site_url":"https:\/\/www.sage.com\/es-es\/blog","push-errors":false,"_links":{"self":[{"href":"https:\/\/www.sage.com\/es-es\/blog\/api\/wp\/v2\/posts\/18795","targetHints":{"allow":["GET"]}}],"collection":[{"href":"https:\/\/www.sage.com\/es-es\/blog\/api\/wp\/v2\/posts"}],"about":[{"href":"https:\/\/www.sage.com\/es-es\/blog\/api\/wp\/v2\/types\/post"}],"author":[{"embeddable":true,"href":"https:\/\/www.sage.com\/es-es\/blog\/api\/wp\/v2\/users\/248"}],"replies":[{"embeddable":true,"href":"https:\/\/www.sage.com\/es-es\/blog\/api\/wp\/v2\/comments?post=18795"}],"version-history":[{"count":0,"href":"https:\/\/www.sage.com\/es-es\/blog\/api\/wp\/v2\/posts\/18795\/revisions"}],"wp:featuredmedia":[{"embeddable":true,"href":"https:\/\/www.sage.com\/es-es\/blog\/api\/wp\/v2\/media\/10162"}],"wp:attachment":[{"href":"https:\/\/www.sage.com\/es-es\/blog\/api\/wp\/v2\/media?parent=18795"}],"wp:term":[{"taxonomy":"category","embeddable":true,"href":"https:\/\/www.sage.com\/es-es\/blog\/api\/wp\/v2\/categories?post=18795"},{"taxonomy":"post_tag","embeddable":true,"href":"https:\/\/www.sage.com\/es-es\/blog\/api\/wp\/v2\/tags?post=18795"},{"taxonomy":"business_type","embeddable":true,"href":"https:\/\/www.sage.com\/es-es\/blog\/api\/wp\/v2\/business_type?post=18795"},{"taxonomy":"lilypad","embeddable":true,"href":"https:\/\/www.sage.com\/es-es\/blog\/api\/wp\/v2\/lilypad?post=18795"},{"taxonomy":"context","embeddable":true,"href":"https:\/\/www.sage.com\/es-es\/blog\/api\/wp\/v2\/context?post=18795"},{"taxonomy":"industry","embeddable":true,"href":"https:\/\/www.sage.com\/es-es\/blog\/api\/wp\/v2\/industry?post=18795"},{"taxonomy":"persona","embeddable":true,"href":"https:\/\/www.sage.com\/es-es\/blog\/api\/wp\/v2\/persona?post=18795"},{"taxonomy":"imagine_tag","embeddable":true,"href":"https:\/\/www.sage.com\/es-es\/blog\/api\/wp\/v2\/imagine_tag?post=18795"},{"taxonomy":"author","embeddable":true,"href":"https:\/\/www.sage.com\/es-es\/blog\/api\/wp\/v2\/coauthors?post=18795"}],"curies":[{"name":"wp","href":"https:\/\/api.w.org\/{rel}","templated":true}]}}