{"id":19106,"date":"2021-10-01T00:00:12","date_gmt":"2021-09-30T22:00:12","guid":{"rendered":"https:\/\/www.sage.com\/es-es\/blog\/?p=19106"},"modified":"2026-03-13T14:16:48","modified_gmt":"2026-03-13T13:16:48","slug":"novedad-legal-subida-del-salario-minimo-interprofesional-smi-en-2021","status":"publish","type":"post","link":"https:\/\/www.sage.com\/es-es\/blog\/novedad-legal-subida-del-salario-minimo-interprofesional-smi-en-2021\/","title":{"rendered":"As\u00ed es la \u00faltima subida del Salario M\u00ednimo (SMI) en 2021"},"content":{"rendered":"<header class=\"entry-header has-dark-background-color entry-header--has-illustration entry-header--has-illustration--generic\">\n\t<div class=\"container\">\n\t\t<div class=\"entry-header__row row align-center\">\n\t\t\t<div class=\"col col-lg-7 col-xlg-6 entry-header__content\">\n\t\t\t\t\t\t\t<div class=\"component component-single-header\">\n\t\t\t\t\t\t\t\t\t\t<div class=\"entry-header__misc text--subtitle text--uppercase text--small\">\n\t\t\t\t\t\t\t<a href=\"https:\/\/www.sage.com\/es-es\/blog\/categoria\/legal\/\" class=\"entry-header__link\">Legal<\/a>\t\t\t\t\t\t<\/div>\n\t\t\t\t\n\t\t\t\t<div class=\"entry-title-wrapper\">\n\t\t\t\t\t<h1 class=\"entry-title\">\n\t\t\t\t\t\tAs\u00ed es la \u00faltima subida del Salario M\u00ednimo (SMI) en 2021\t\t\t\t\t<\/h1>\n\t\t\t\t<\/div>\n\n\t\t\t\t\t\t\t\t\t<p class=\"entry-header__description\">\n\t\t\t\t\t\t\t\t\t\t\t<\/p>\n\t\t\t\t\n\t\t\t\t\n\t\t\t\t\n\t\t\t<\/div>\n\n\t\t\t\t\t<\/div>\n\t\t\t\t\t<\/div>\n\t<\/div>\n\t<div class=\"single-post-details container\">\n\t\t<div class=\"col\">\n\t\t\t<span class=\"posted-on \"><time class=\"entry-date published\" datetime=\"2021-10-01T00:00:12+02:00\">1 October, 2021<\/time><\/span><span class=\"reading-time\"> minutos de lectura<\/span>\n\t\t<button\n\t\t\ttype=\"button\"\n\t\t\tclass=\"social-share-button button button--icon button--secondary js-social-share-button\"\n\t\t\tdata-share-title=\"As\u00ed es la \u00faltima subida del Salario M\u00ednimo (SMI) en 2021\"\n\t\t\tdata-share-url=\"https:\/\/www.sage.com\/es-es\/blog\/novedad-legal-subida-del-salario-minimo-interprofesional-smi-en-2021\/\"\n\t\t\tdata-share-text=\"Please read this interesting article\"\n\t\t>\n\t\t\t<span class=\"social-share-button__share-label\">Compartir<\/span>\n\t\t\t<span class=\"social-share-button__copy-label\" hidden>Copiar enlace<\/span>\n\t\t\t<span class=\"social-share-button__copy-tooltip\" aria-hidden=\"true\" hidden>Copiado<\/span>\n\t\t<\/button>\n\n\t\t\t\t<\/div>\n\t<\/div>\n<\/header>\n\n\n\n<div class=\"wp-block-post-author has-dark-background-color alignfull\">\n\t<div class=\"container\">\n\t\t<div class=\"col\">\n\t\t\t\t\t\t\t<div class=\"co-authors\">\n\t\t\t\t\t\n\t\t<div class=\"entry-author-wrapper\">\n\t\t\t<a class=\"entry-author\" href=\"https:\/\/www.sage.com\/es-es\/blog\/author\/ronald-lozano\/\">\n\t\t\t\t<img loading=\"lazy\" decoding=\"async\" width=\"40\" height=\"40\" src=\"https:\/\/www.sage.com\/es-es\/blog\/wp-content\/uploads\/sites\/8\/2025\/02\/Ronald-Lozano-350x350.jpg\" class=\"entry-author__image\" alt=\"Sage\" srcset=\"https:\/\/www.sage.com\/es-es\/blog\/wp-content\/uploads\/sites\/8\/2025\/02\/Ronald-Lozano-350x350.jpg 350w, https:\/\/www.sage.com\/es-es\/blog\/wp-content\/uploads\/sites\/8\/2025\/02\/Ronald-Lozano.jpg 600w\" sizes=\"auto, (max-width: 40px) 100vw, 40px\" \/>\t\t\t\t<span class=\"entry-author__name\">Ronald Lozano<\/span>\n\t\t\t<\/a>\n\n\t\t\t\t\t<\/div>\n\n\t\t\t\t\t\t<\/div>\n\t\t\t\t\t<\/div>\n\t<\/div>\n<\/div>\n\n\n\n<p>Analizamos la \u00faltima subida del Salario M\u00ednimo Interprofesional (SMI) en 2021, una de las novedades aprobada por el Gobierno en materia de empleo y que se recoge en el <strong>Real Decreto-ley 28\/2018<\/strong> del BOE.<\/p>\n\n\n\n<p>A continuaci\u00f3n encontrar\u00e1s un <strong>resumen de a qu\u00e9, a qui\u00e9n, c\u00f3mo y desde cu\u00e1ndo afecta <\/strong>la subida del SMI que ser\u00e1 de aplicaci\u00f3n desde el 1 de septiembre de 2020 hasta el 31 de diciembre de 2021.<\/p>\n\n\n\n<p>REAL DECRETO-ley 28\/2018, de 28 de diciembre, para la revalorizaci\u00f3n de las pensiones p\u00fablicas y otras medidas urgentes en materia social, laboral y de empleo. <a href=\"https:\/\/www.boe.es\/buscar\/doc.php?id=BOE-A-2018-17992\" target=\"_blank\" rel=\"noopener\">Consulta en este enlace la publicaci\u00f3n oficial del BOE.<\/a><\/p>\n\n\n\n<h2 class=\"wp-block-heading\" id=\"h-a-que-afecta\">\u00bfA qu\u00e9 afecta?<\/h2>\n\n\n\n<p>La subida del SMI en 2021 afecta a la<strong> cuant\u00eda m\u00ednima que ha de percibir el trabajador<\/strong> referida a la jornada de trabajo de trabajadores fijos, eventuales o temporeros y empleados de hogar.<\/p>\n\n\n\n<h2 class=\"wp-block-heading\" id=\"h-a-quien-afecta\">\u00bfA qui\u00e9n afecta?<\/h2>\n\n\n\n<p>A todas las empresas y a trabajadores del hogar.<\/p>\n\n\n\n<h2 class=\"wp-block-heading\" id=\"h-como-afecta\">\u00bfC\u00f3mo afecta?<\/h2>\n\n\n\n<ul class=\"wp-block-list\">\n<li>Se fija el<a href=\"https:\/\/www.sage.com\/es-es\/blog\/como-afecta-la-subida-del-salario-minimo-interprofesional\/\"> Salario M\u00ednimo Interprofesional<\/a> para el ejercicio 2021 por importe de 965 euros\/mes 32,17 euros\/d\u00eda seg\u00fan que el salario est\u00e9 fijado por meses o por d\u00edas.<\/li>\n\n\n\n<li>Esta nueva cuant\u00eda representa un incremento del 1,58 % respecto al SMI del a\u00f1o 2020 (950 euros\/mes).<\/li>\n\n\n\n<li>Para la determinaci\u00f3n del SMI de los empleados de hogar que trabajen por horas ser\u00e1 de 7,55 euros por hora efectivamente trabajada.<\/li>\n\n\n\n<li>Este incremento no se aplica en las normas no estatales y relaciones privadas.<\/li>\n\n\n\n<li>El incremento aplica desde el 1\/9\/2021 por lo que implica el abono del SMI desde esta fecha.<\/li>\n<\/ul>\n\n\n\n<h2 class=\"wp-block-heading\" id=\"h-desde-cuando-afecta\">\u00bfDesde cu\u00e1ndo afecta?<\/h2>\n\n\n\n<p>La subida del SMI en 2021 est\u00e1 en vigor <strong>desde el d\u00eda 30 de septiembre del 2021<\/strong>, es de aplicaci\u00f3n desde el 01.09.2021 y hasta el 31.12.2021.<\/p>\n\n\n\n<p><span style=\"font-size: larger\">En resumen, la subida del Salario M\u00ednimo Interprofesional (SMI) en 2021 se trata de una <strong>medida en materia de <a href=\"https:\/\/www.sage.com\/es-es\/blog\/cuales-son-los-empleos-mas-demandados-del-futuro\/\">empleo<\/a><\/strong> mediante la cu\u00e1l Espa\u00f1a se mueve en paralelo a las medidas anunciadas en este sentido por muchos pa\u00edses de la Uni\u00f3n Europea.<\/span><\/p>\n\n\n\n<div class=\"single-cta\">\n\t<div class=\"single-cta__positioner\">\n\t\t<div class=\"single-cta__wrapper has-dark-background-color\">\n\t\t\t<div class=\"single-cta__content\">\n\t\t\t\t\t\t\t\t<h2 class=\"single-cta__title h3\">Tu software, siempre al d\u00eda de los cambios legales<\/h2>\n\n\t\t\t\t\t\t\t\t\t<div class=\"single-cta__description\">\n\t\t\t\t\t\t<p>Ya sea un cambio fiscal, laboral, mercantil<br \/>\no de contabilidad y facturaci\u00f3n, con el software<br \/>\nde Sage cumplir\u00e1s con cualquier normativa.<\/p>\n\t\t\t\t\t<\/div>\n\t\t\t\t\n\t\t\t\t\t\t\t\t\t\t\t\t\t\t<a\n\t\t\t\t\t\thref=\"https:\/\/www.sage.com\/es-es\/productos\/\"\n\t\t\t\t\t\tclass=\"single-cta__button button button--primary\"\n\t\t\t\t\t\t\t\t\t\t\t\t\tid=\"cta-id-19105\"\n\t\t\t\t\t\t\t\t\t\t\t\t\t\t\t\t\t\t\tdata-button-location=\"cta_box\"\n\t\t\t\t\t\t\t\t\t\t\t>Conoce nuestros productos<\/a>\n\t\t\t\t\t\t\t<\/div>\n\n\t\t\t\t\t<\/div>\n\n\t\t\t\t\t<img decoding=\"async\" width=\"1440\" height=\"810\" src=\"https:\/\/www.sage.com\/es-es\/blog\/wp-content\/uploads\/sites\/8\/2022\/04\/GettyImages-1011227656-1440x810.jpg\" class=\"single-cta__image\" alt=\"Sage\" loading=\"lazy\" srcset=\"https:\/\/www.sage.com\/es-es\/blog\/wp-content\/uploads\/sites\/8\/2022\/04\/GettyImages-1011227656-1440x810.jpg 1440w\" sizes=\"auto, (min-width: 48em) 33vw, 100vw\" \/>\t\t\t<\/div>\n<\/div>\n","protected":false},"excerpt":{"rendered":"<p>Analizamos la \u00faltima subida del Salario M\u00ednimo Interprofesional (SMI) en 2021, una de las novedades aprobada por el Gobierno en materia de empleo y que se recoge en el Real Decreto-ley 28\/2018 del BOE. A continuaci\u00f3n encontrar\u00e1s un resumen de a qu\u00e9, a qui\u00e9n, c\u00f3mo y desde cu\u00e1ndo afecta la subida del SMI que ser\u00e1 [&hellip;]<\/p>\n","protected":false},"author":248,"featured_media":10159,"comment_status":"closed","ping_status":"closed","sticky":false,"template":"","format":"standard","meta":{"_sage_video":false,"post_featured_image_hide":false,"footnotes":""},"categories":[6],"tags":[201],"business_type":[10,11,8],"lilypad":[],"context":[],"industry":[],"persona":[],"imagine_tag":[260],"coauthors":[670],"class_list":["post-19106","post","type-post","status-publish","format-standard","has-post-thumbnail","hentry","category-legal","tag-normativa-legal","business_type-pequena-empresa","business_type-mediana-empresa","business_type-asesorias-despachos-profesionales"],"sage_meta":{"region":"es-es","author_name":"Ronald Lozano","featured_image":"https:\/\/www.sage.com\/es-es\/blog\/wp-content\/uploads\/sites\/8\/2018\/02\/legal-image-chevron_Amethyst.png","imagine_tags":{"260":"Legal"}},"distributor_meta":false,"distributor_terms":false,"distributor_media":false,"distributor_original_site_name":"Sage Advice Espa\u00f1a","distributor_original_site_url":"https:\/\/www.sage.com\/es-es\/blog","push-errors":false,"_links":{"self":[{"href":"https:\/\/www.sage.com\/es-es\/blog\/api\/wp\/v2\/posts\/19106","targetHints":{"allow":["GET"]}}],"collection":[{"href":"https:\/\/www.sage.com\/es-es\/blog\/api\/wp\/v2\/posts"}],"about":[{"href":"https:\/\/www.sage.com\/es-es\/blog\/api\/wp\/v2\/types\/post"}],"author":[{"embeddable":true,"href":"https:\/\/www.sage.com\/es-es\/blog\/api\/wp\/v2\/users\/248"}],"replies":[{"embeddable":true,"href":"https:\/\/www.sage.com\/es-es\/blog\/api\/wp\/v2\/comments?post=19106"}],"version-history":[{"count":0,"href":"https:\/\/www.sage.com\/es-es\/blog\/api\/wp\/v2\/posts\/19106\/revisions"}],"wp:featuredmedia":[{"embeddable":true,"href":"https:\/\/www.sage.com\/es-es\/blog\/api\/wp\/v2\/media\/10159"}],"wp:attachment":[{"href":"https:\/\/www.sage.com\/es-es\/blog\/api\/wp\/v2\/media?parent=19106"}],"wp:term":[{"taxonomy":"category","embeddable":true,"href":"https:\/\/www.sage.com\/es-es\/blog\/api\/wp\/v2\/categories?post=19106"},{"taxonomy":"post_tag","embeddable":true,"href":"https:\/\/www.sage.com\/es-es\/blog\/api\/wp\/v2\/tags?post=19106"},{"taxonomy":"business_type","embeddable":true,"href":"https:\/\/www.sage.com\/es-es\/blog\/api\/wp\/v2\/business_type?post=19106"},{"taxonomy":"lilypad","embeddable":true,"href":"https:\/\/www.sage.com\/es-es\/blog\/api\/wp\/v2\/lilypad?post=19106"},{"taxonomy":"context","embeddable":true,"href":"https:\/\/www.sage.com\/es-es\/blog\/api\/wp\/v2\/context?post=19106"},{"taxonomy":"industry","embeddable":true,"href":"https:\/\/www.sage.com\/es-es\/blog\/api\/wp\/v2\/industry?post=19106"},{"taxonomy":"persona","embeddable":true,"href":"https:\/\/www.sage.com\/es-es\/blog\/api\/wp\/v2\/persona?post=19106"},{"taxonomy":"imagine_tag","embeddable":true,"href":"https:\/\/www.sage.com\/es-es\/blog\/api\/wp\/v2\/imagine_tag?post=19106"},{"taxonomy":"author","embeddable":true,"href":"https:\/\/www.sage.com\/es-es\/blog\/api\/wp\/v2\/coauthors?post=19106"}],"curies":[{"name":"wp","href":"https:\/\/api.w.org\/{rel}","templated":true}]}}