{"id":19124,"date":"2021-10-26T18:44:22","date_gmt":"2021-10-26T16:44:22","guid":{"rendered":"https:\/\/www.sage.com\/es-es\/blog\/?p=19124"},"modified":"2026-04-23T15:01:04","modified_gmt":"2026-04-23T13:01:04","slug":"novedad-legal-plazo-presentacion-autoliquidaciones-igic-domiciliacion-bancaria","status":"publish","type":"post","link":"https:\/\/www.sage.com\/es-es\/blog\/novedad-legal-plazo-presentacion-autoliquidaciones-igic-domiciliacion-bancaria\/","title":{"rendered":"Ampliado el plazo de presentaci\u00f3n de autoliquidaciones de IGIC con domiciliaci\u00f3n bancaria"},"content":{"rendered":"<header class=\"entry-header has-dark-background-color entry-header--standard entry-header--has-illustration entry-header--has-illustration--standard\">\n\t<div class=\"container\">\n\t\t<div class=\"entry-header__row row align-center\">\n\t\t\t<div class=\"col col-lg-7 col-xlg-6 entry-header__content\">\n\t\t\t\t\t\t\t<div class=\"component component-single-header\">\n\t\t\t\t\t\t\t\t\t\t<div class=\"entry-header__misc text--subtitle text--uppercase text--small\">\n\t\t\t\t\t\t\t<a href=\"https:\/\/www.sage.com\/es-es\/blog\/categoria\/legal\/\" class=\"entry-header__link\">Legal<\/a>\t\t\t\t\t\t<\/div>\n\t\t\t\t\n\t\t\t\t<div class=\"entry-title-wrapper\">\n\t\t\t\t\t<h1 class=\"entry-title\">\n\t\t\t\t\t\tAmpliado el plazo de presentaci\u00f3n de autoliquidaciones de IGIC con domiciliaci\u00f3n bancaria\t\t\t\t\t<\/h1>\n\t\t\t\t<\/div>\n\n\t\t\t\t\t\t\t\t\t<p class=\"entry-header__description\">\n\t\t\t\t\t\t\t\t\t\t\t<\/p>\n\t\t\t\t\n\t\t\t\t\n\t\t\t\t\n\t\t\t<\/div>\n\n\t\t\t\t\t<\/div>\n\t\t\t\t\t<\/div>\n\t<\/div>\n\t<div class=\"single-post-details container\">\n\t\t<div class=\"col\">\n\t\t\t<span class=\"posted-on \"><time class=\"entry-date published\" datetime=\"2021-10-26T18:44:22+02:00\">26 October, 2021<\/time><\/span><span class=\"reading-time\"> minutos de lectura<\/span>\n\t\t<button\n\t\t\ttype=\"button\"\n\t\t\tclass=\"social-share-button button button--icon button--secondary js-social-share-button\"\n\t\t\tdata-share-title=\"Ampliado el plazo de presentaci\u00f3n de autoliquidaciones de IGIC con domiciliaci\u00f3n bancaria\"\n\t\t\tdata-share-url=\"https:\/\/www.sage.com\/es-es\/blog\/novedad-legal-plazo-presentacion-autoliquidaciones-igic-domiciliacion-bancaria\/\"\n\t\t\tdata-share-text=\"Please read this interesting article\"\n\t\t>\n\t\t\t<span class=\"social-share-button__share-label\">Compartir<\/span>\n\t\t\t<span class=\"social-share-button__copy-label\" hidden>Copiar enlace<\/span>\n\t\t\t<span class=\"social-share-button__copy-tooltip\" aria-hidden=\"true\" hidden>Copiado<\/span>\n\t\t<\/button>\n\n\t\t\t\t<\/div>\n\t<\/div>\n<\/header>\n\n\n\n<div class=\"wp-block-post-author has-dark-background-color alignfull\">\n\t<div class=\"container\">\n\t\t<div class=\"col\">\n\t\t\t\t\t\t\t<div class=\"co-authors\">\n\t\t\t\t\t\n\t\t<div class=\"entry-author-wrapper\">\n\t\t\t<a class=\"entry-author\" href=\"https:\/\/www.sage.com\/es-es\/blog\/author\/ronald-lozano\/\">\n\t\t\t\t<img loading=\"lazy\" decoding=\"async\" width=\"40\" height=\"40\" src=\"https:\/\/www.sage.com\/es-es\/blog\/wp-content\/uploads\/sites\/8\/2025\/02\/Ronald-Lozano-350x350.jpg\" class=\"entry-author__image\" alt=\"Sage\" srcset=\"https:\/\/www.sage.com\/es-es\/blog\/wp-content\/uploads\/sites\/8\/2025\/02\/Ronald-Lozano-350x350.jpg 350w, https:\/\/www.sage.com\/es-es\/blog\/wp-content\/uploads\/sites\/8\/2025\/02\/Ronald-Lozano.jpg 600w\" sizes=\"auto, (max-width: 40px) 100vw, 40px\" \/>\t\t\t\t<span class=\"entry-author__name\">Ronald Lozano<\/span>\n\t\t\t<\/a>\n\n\t\t\t\t\t<\/div>\n\n\t\t\t\t\t\t<\/div>\n\t\t\t\t\t<\/div>\n\t<\/div>\n<\/div>\n\n\n\n<p>El Gobierno de Canarias ha aprobado la <strong>ORDEN de 15 de octubre de 2021<\/strong> por la que se modifican los plazos de presentaci\u00f3n de algunas autoliquidaciones del IGIC aprobadas en el <a href=\"https:\/\/www.sage.com\/es-es\/blog\/novedad-legal-medidas-tributarias-consecuencia-volcan-la-palma\/\">Decreto ley 12\/2021, de 30 de septiembre.<\/a><\/p>\n\n\n\n<p>A continuaci\u00f3n encontrar\u00e1s un <strong>resumen de a qu\u00e9, a qui\u00e9n, c\u00f3mo y cu\u00e1ndo afecta<\/strong> esta novedad legal, en la que destaca la ampliaci\u00f3n del plazo de presentaci\u00f3n del impuesto del IGIC cuando se realice con domiciliaci\u00f3n bancaria.<\/p>\n\n\n\n<h2 class=\"wp-block-heading\" id=\"h-a-que-afecta\">\u00bfA qu\u00e9 afecta?<\/h2>\n\n\n\n<p>Esta normativa afecta a la <strong>ampliaci\u00f3n del plazo de presentaci\u00f3n<\/strong> de las autoliquidaciones de IGIC cuya forma de pago sea la<a href=\"https:\/\/www.sage.com\/es-es\/blog\/domiciliacion-bancaria\/\"> domiciliaci\u00f3n bancaria<\/a>.<\/p>\n\n\n\n<h2 class=\"wp-block-heading\" id=\"h-a-quien-afecta\">\u00bfA qui\u00e9n afecta?<\/h2>\n\n\n\n<p>A los sujetos pasivos del IGIC que adem\u00e1s tengan domicilio social o establecimiento permanente en la Isla de la Palma.<\/p>\n\n\n\n<h2 class=\"wp-block-heading\" id=\"h-como-afecta\">\u00bfC\u00f3mo afecta?<\/h2>\n\n\n\n<p>Se ampl\u00eda el plazo de presentaci\u00f3n para las autoliquidaciones de IGIC cuya <strong>forma de pago sea la domiciliaci\u00f3n bancaria.<\/strong><\/p>\n\n\n\n<ul class=\"wp-block-list\">\n<li>Presentaciones de autoliquidaciones correspondientes al 3T\/21, se ampl\u00eda el plazo de presentaci\u00f3n hasta el 25\/01\/2022.<\/li>\n\n\n\n<li>Presentaciones de autoliquidaciones correspondientes a los per\u00edodos de 09\/21 y 10\/21, se ampl\u00eda el plazo de presentaci\u00f3n hasta 24\/12\/21 y 25\/1\/22 respectivamente.<\/li>\n<\/ul>\n\n\n\n<h2 class=\"wp-block-heading\" id=\"h-cuando-afecta\">\u00bfCu\u00e1ndo afecta?<\/h2>\n\n\n\n<p>En vigor desde el <strong>20\/10\/2021.<\/strong><\/p>\n\n\n\n<p>ORDEN de 15 de octubre de 2021, por la que se modifican los plazos de presentaci\u00f3n de determinadas autoliquidaciones aprobados por el Decreto ley 12\/2021, de 30 de septiembre, que adopta medidas tributarias, organizativas y de gesti\u00f3n como consecuencia de la erupci\u00f3n en la isla de La Palma, cuando el modo de pago sea por domiciliaci\u00f3n bancaria. <\/p>\n\n\n\n<div class=\"single-cta\">\n\t<div class=\"single-cta__positioner\">\n\t\t<div class=\"single-cta__wrapper has-dark-background-color\">\n\t\t\t<div class=\"single-cta__content\">\n\t\t\t\t\t\t\t\t<h2 class=\"single-cta__title h3\">Tu software, siempre al d\u00eda de los cambios legales<\/h2>\n\n\t\t\t\t\t\t\t\t\t<div class=\"single-cta__description\">\n\t\t\t\t\t\t<p>Ya sea un cambio fiscal, laboral, mercantil<br \/>\no de contabilidad y facturaci\u00f3n, con el software<br \/>\nde Sage cumplir\u00e1s con cualquier normativa.<\/p>\n\t\t\t\t\t<\/div>\n\t\t\t\t\n\t\t\t\t\t\t\t\t\t\t\t\t\t\t<a\n\t\t\t\t\t\thref=\"https:\/\/www.sage.com\/es-es\/productos\/\"\n\t\t\t\t\t\tclass=\"single-cta__button button button--primary\"\n\t\t\t\t\t\t\t\t\t\t\t\t\tid=\"cta-id-19105\"\n\t\t\t\t\t\t\t\t\t\t\t\t\t\t\t\t\t\t\tdata-button-location=\"cta_box\"\n\t\t\t\t\t\t\t\t\t\t\t>Conoce nuestros productos<\/a>\n\t\t\t\t\t\t\t<\/div>\n\n\t\t\t\t\t<\/div>\n\n\t\t\t\t\t<img decoding=\"async\" width=\"1440\" height=\"810\" src=\"https:\/\/www.sage.com\/es-es\/blog\/wp-content\/uploads\/sites\/8\/2022\/04\/GettyImages-1011227656-1440x810.jpg\" class=\"single-cta__image\" alt=\"Sage\" loading=\"lazy\" srcset=\"https:\/\/www.sage.com\/es-es\/blog\/wp-content\/uploads\/sites\/8\/2022\/04\/GettyImages-1011227656-1440x810.jpg 1440w\" sizes=\"auto, (min-width: 48em) 33vw, 100vw\" \/>\t\t\t<\/div>\n<\/div>\n","protected":false},"excerpt":{"rendered":"<p>El Gobierno de Canarias ha aprobado la ORDEN de 15 de octubre de 2021 por la que se modifican los plazos de presentaci\u00f3n de algunas autoliquidaciones del IGIC aprobadas en el Decreto ley 12\/2021, de 30 de septiembre. A continuaci\u00f3n encontrar\u00e1s un resumen de a qu\u00e9, a qui\u00e9n, c\u00f3mo y cu\u00e1ndo afecta esta novedad legal, [&hellip;]<\/p>\n","protected":false},"author":248,"featured_media":10160,"comment_status":"closed","ping_status":"closed","sticky":false,"template":"","format":"standard","meta":{"_sage_video":false,"post_featured_image_hide":false,"footnotes":""},"categories":[6],"tags":[201],"business_type":[10,11,8],"lilypad":[],"context":[],"industry":[],"persona":[],"imagine_tag":[260],"coauthors":[670],"class_list":["post-19124","post","type-post","status-publish","format-standard","has-post-thumbnail","hentry","category-legal","tag-normativa-legal","business_type-pequena-empresa","business_type-mediana-empresa","business_type-asesorias-despachos-profesionales"],"sage_meta":{"region":"es-es","author_name":"Ronald Lozano","featured_image":"https:\/\/www.sage.com\/es-es\/blog\/wp-content\/uploads\/sites\/8\/2018\/02\/legal-image-chevron_Azul.png","imagine_tags":{"260":"Legal"}},"distributor_meta":false,"distributor_terms":false,"distributor_media":false,"distributor_original_site_name":"Sage Advice Espa\u00f1a","distributor_original_site_url":"https:\/\/www.sage.com\/es-es\/blog","push-errors":false,"_links":{"self":[{"href":"https:\/\/www.sage.com\/es-es\/blog\/api\/wp\/v2\/posts\/19124","targetHints":{"allow":["GET"]}}],"collection":[{"href":"https:\/\/www.sage.com\/es-es\/blog\/api\/wp\/v2\/posts"}],"about":[{"href":"https:\/\/www.sage.com\/es-es\/blog\/api\/wp\/v2\/types\/post"}],"author":[{"embeddable":true,"href":"https:\/\/www.sage.com\/es-es\/blog\/api\/wp\/v2\/users\/248"}],"replies":[{"embeddable":true,"href":"https:\/\/www.sage.com\/es-es\/blog\/api\/wp\/v2\/comments?post=19124"}],"version-history":[{"count":1,"href":"https:\/\/www.sage.com\/es-es\/blog\/api\/wp\/v2\/posts\/19124\/revisions"}],"predecessor-version":[{"id":37639,"href":"https:\/\/www.sage.com\/es-es\/blog\/api\/wp\/v2\/posts\/19124\/revisions\/37639"}],"wp:featuredmedia":[{"embeddable":true,"href":"https:\/\/www.sage.com\/es-es\/blog\/api\/wp\/v2\/media\/10160"}],"wp:attachment":[{"href":"https:\/\/www.sage.com\/es-es\/blog\/api\/wp\/v2\/media?parent=19124"}],"wp:term":[{"taxonomy":"category","embeddable":true,"href":"https:\/\/www.sage.com\/es-es\/blog\/api\/wp\/v2\/categories?post=19124"},{"taxonomy":"post_tag","embeddable":true,"href":"https:\/\/www.sage.com\/es-es\/blog\/api\/wp\/v2\/tags?post=19124"},{"taxonomy":"business_type","embeddable":true,"href":"https:\/\/www.sage.com\/es-es\/blog\/api\/wp\/v2\/business_type?post=19124"},{"taxonomy":"lilypad","embeddable":true,"href":"https:\/\/www.sage.com\/es-es\/blog\/api\/wp\/v2\/lilypad?post=19124"},{"taxonomy":"context","embeddable":true,"href":"https:\/\/www.sage.com\/es-es\/blog\/api\/wp\/v2\/context?post=19124"},{"taxonomy":"industry","embeddable":true,"href":"https:\/\/www.sage.com\/es-es\/blog\/api\/wp\/v2\/industry?post=19124"},{"taxonomy":"persona","embeddable":true,"href":"https:\/\/www.sage.com\/es-es\/blog\/api\/wp\/v2\/persona?post=19124"},{"taxonomy":"imagine_tag","embeddable":true,"href":"https:\/\/www.sage.com\/es-es\/blog\/api\/wp\/v2\/imagine_tag?post=19124"},{"taxonomy":"author","embeddable":true,"href":"https:\/\/www.sage.com\/es-es\/blog\/api\/wp\/v2\/coauthors?post=19124"}],"curies":[{"name":"wp","href":"https:\/\/api.w.org\/{rel}","templated":true}]}}