{"id":19161,"date":"2021-11-03T15:45:29","date_gmt":"2021-11-03T14:45:29","guid":{"rendered":"https:\/\/www.sage.com\/es-es\/blog\/?p=19161"},"modified":"2026-03-13T14:15:32","modified_gmt":"2026-03-13T13:15:32","slug":"novedad-legal-exencion-de-iva-para-hacer-frente-a-la-lucha-contra-el-covid","status":"publish","type":"post","link":"https:\/\/www.sage.com\/es-es\/blog\/novedad-legal-exencion-de-iva-para-hacer-frente-a-la-lucha-contra-el-covid\/","title":{"rendered":"Exenciones de IVA para hacer frente a la lucha contra el COVID-19"},"content":{"rendered":"<header class=\"entry-header has-dark-background-color entry-header--has-illustration entry-header--has-illustration--generic\">\n\t<div class=\"container\">\n\t\t<div class=\"entry-header__row row align-center\">\n\t\t\t<div class=\"col col-lg-7 col-xlg-6 entry-header__content\">\n\t\t\t\t\t\t\t<div class=\"component component-single-header\">\n\t\t\t\t\t\t\t\t\t\t<div class=\"entry-header__misc text--subtitle text--uppercase text--small\">\n\t\t\t\t\t\t\t<a href=\"https:\/\/www.sage.com\/es-es\/blog\/categoria\/legal\/\" class=\"entry-header__link\">Legal<\/a>\t\t\t\t\t\t<\/div>\n\t\t\t\t\n\t\t\t\t<div class=\"entry-title-wrapper\">\n\t\t\t\t\t<h1 class=\"entry-title\">\n\t\t\t\t\t\tExenciones de IVA para hacer frente a la lucha contra el COVID-19\t\t\t\t\t<\/h1>\n\t\t\t\t<\/div>\n\n\t\t\t\t\t\t\t\t\t<p class=\"entry-header__description\">\n\t\t\t\t\t\t\t\t\t\t\t<\/p>\n\t\t\t\t\n\t\t\t\t\n\t\t\t\t\n\t\t\t<\/div>\n\n\t\t\t\t\t<\/div>\n\t\t\t\t\t<\/div>\n\t<\/div>\n\t<div class=\"single-post-details container\">\n\t\t<div class=\"col\">\n\t\t\t<span class=\"posted-on \"><time class=\"entry-date published\" datetime=\"2021-11-03T15:45:29+01:00\">3 November, 2021<\/time><\/span><span class=\"reading-time\"> minutos de lectura<\/span>\n\t\t<button\n\t\t\ttype=\"button\"\n\t\t\tclass=\"social-share-button button button--icon button--secondary js-social-share-button\"\n\t\t\tdata-share-title=\"Exenciones de IVA para hacer frente a la lucha contra el COVID-19\"\n\t\t\tdata-share-url=\"https:\/\/www.sage.com\/es-es\/blog\/novedad-legal-exencion-de-iva-para-hacer-frente-a-la-lucha-contra-el-covid\/\"\n\t\t\tdata-share-text=\"Please read this interesting article\"\n\t\t>\n\t\t\t<span class=\"social-share-button__share-label\">Compartir<\/span>\n\t\t\t<span class=\"social-share-button__copy-label\" hidden>Copiar enlace<\/span>\n\t\t\t<span class=\"social-share-button__copy-tooltip\" aria-hidden=\"true\" hidden>Copiado<\/span>\n\t\t<\/button>\n\n\t\t\t\t<\/div>\n\t<\/div>\n<\/header>\n\n\n\n<div class=\"wp-block-post-author has-dark-background-color alignfull\">\n\t<div class=\"container\">\n\t\t<div class=\"col\">\n\t\t\t\t\t\t\t<div class=\"co-authors\">\n\t\t\t\t\t\n\t\t<div class=\"entry-author-wrapper\">\n\t\t\t<a class=\"entry-author\" href=\"https:\/\/www.sage.com\/es-es\/blog\/author\/ronald-lozano\/\">\n\t\t\t\t<img loading=\"lazy\" decoding=\"async\" width=\"40\" height=\"40\" src=\"https:\/\/www.sage.com\/es-es\/blog\/wp-content\/uploads\/sites\/8\/2025\/02\/Ronald-Lozano-350x350.jpg\" class=\"entry-author__image\" alt=\"Sage\" srcset=\"https:\/\/www.sage.com\/es-es\/blog\/wp-content\/uploads\/sites\/8\/2025\/02\/Ronald-Lozano-350x350.jpg 350w, https:\/\/www.sage.com\/es-es\/blog\/wp-content\/uploads\/sites\/8\/2025\/02\/Ronald-Lozano.jpg 600w\" sizes=\"auto, (max-width: 40px) 100vw, 40px\" \/>\t\t\t\t<span class=\"entry-author__name\">Ronald Lozano<\/span>\n\t\t\t<\/a>\n\n\t\t\t\t\t<\/div>\n\n\t\t\t\t\t\t<\/div>\n\t\t\t\t\t<\/div>\n\t<\/div>\n<\/div>\n\n\n\n<p>Mediante la transposici\u00f3n de varias Directivas europeas al ordenamiento jur\u00eddico espa\u00f1ol, se da cumplimiento al objetivo de transponer antes del 01\/01\/2022 la <a href=\"https:\/\/www.boe.es\/buscar\/doc.php?id=DOUE-L-2021-80967\" target=\"_blank\" rel=\"noopener\">Directiva (UE) 2021\/1159<\/a>.<\/p>\n\n\n\n<p>Con esta medida, se <strong>ampl\u00eda la exenci\u00f3n prevista en la Ley del IVA<\/strong> para la entrega de bienes o prestaciones de servicios, as\u00ed como de las importaciones de bienes cuyos destinatarios sean la Comisi\u00f3n Europea u otros organismos an\u00e1logos con efectos retroactivos desde 01\/01\/2021.<\/p>\n\n\n\n<p>A continuaci\u00f3n, encontrar\u00e1s un&nbsp;resumen <strong>de a qu\u00e9, a qui\u00e9n, c\u00f3mo y cu\u00e1ndo<\/strong> afectan&nbsp;estas medidas que son de aplicaci\u00f3n desde el 01\/01\/2021.<\/p>\n\n\n\n<h2 class=\"wp-block-heading\" id=\"h-a-que-afecta\">\u00bfA qu\u00e9 afecta?<\/h2>\n\n\n\n<ul class=\"wp-block-list\">\n<li>A la transposici\u00f3n de la Directiva (UE) 2021\/1159 del Consejo de\u00a013 de julio de\u00a02021.<\/li>\n\n\n\n<li>A las operaciones de entregas de bienes, prestaciones de servicios e importaciones de bienes adquiridos por la Comisi\u00f3n u otros organismos an\u00e1logos para luchar contra la pandemia.<\/li>\n\n\n\n<li>A la modificaci\u00f3n de la Ley del IVA como consecuencia de la transposici\u00f3n de la citada Directiva.<\/li>\n<\/ul>\n\n\n\n<h2 class=\"wp-block-heading\" id=\"h-a-quien-afecta\">\u00bfA qui\u00e9n afecta?<\/h2>\n\n\n\n<p>A los que <strong>entreguen bienes o presenten servicios a la Comisi\u00f3n Europea<\/strong> y otros organismos establecidos con arreglo al Derecho de la Uni\u00f3n en su labor de lucha contra el COVID-19, as\u00ed como a las importaciones realizadas por la Comisi\u00f3n y otros organismos, cuando el objeto de estas transacciones se destine a la lucha contra el <a href=\"https:\/\/www.sage.com\/es-es\/blog\/resiliencia-prioridad-empresarial\/\">COVID-19<\/a>.<\/p>\n\n\n\n<h2 class=\"wp-block-heading\" id=\"h-como-afecta\">\u00bfC\u00f3mo afecta?<\/h2>\n\n\n\n<p><strong>Modificaci\u00f3n de la Ley del IVA <\/strong><\/p>\n\n\n\n<ul class=\"wp-block-list\">\n<li>Se ampl\u00eda la exenci\u00f3n para el caso de entregas de bienes y prestaciones de servicios e importaciones de bienes destinados a lucha contra el COVID-19 y cuyos destinatarios sean la Comisi\u00f3n Europea o bien un organismo an\u00e1logo.<\/li>\n\n\n\n<li>Esta exenci\u00f3n aplica siempre que la adquisici\u00f3n lo sea para destinarla inmediatamente a la lucha contra la <a href=\"https:\/\/www.sage.com\/es-es\/covid-19\/\">pandemia COVID-19<\/a>.<\/li>\n\n\n\n<li>La exenci\u00f3n no aplicar\u00e1 si la adquisici\u00f3n se realiza para despu\u00e9s proceder a su venta a t\u00edtulo oneroso.<\/li>\n<\/ul>\n\n\n\n<p><strong>Factura y declaraci\u00f3n de IVA<\/strong><\/p>\n\n\n\n<ul class=\"wp-block-list\">\n<li>Esta norma es retroactiva y con efectos desde 01\/01\/2021. Ello implica que deber\u00e1 procederse inmediatamente a la rectificaci\u00f3n de las operaciones mencionadas en el caso en que en la factura se haya repercutido el<a href=\"https:\/\/www.sage.com\/es-es\/blog\/como-preparar-la-liquidacion-trimestral-de-iva-irpf-y-pago-fraccionado-del-is\/\"> IVA<\/a>.<\/li>\n<\/ul>\n\n\n\n<p><strong>\u00bfCu\u00e1ndo afecta?<\/strong><\/p>\n\n\n\n<ul class=\"wp-block-list\">\n<li>Entrada en vigor al d\u00eda siguiente de su publicaci\u00f3n en el BOE, <strong>04\/11\/2021.<\/strong><\/li>\n\n\n\n<li>Efectos retroactivos desde el 01\/01\/2021 y con vigencia indefinida.<\/li>\n<\/ul>\n\n\n\n<p><span style=\"font-size: larger\"> En resumen, a trav\u00e9s de la transposici\u00f3n de la Directiva (UE) 2021\/1159, <strong>se ampl\u00edan los supuestos de aplicaci\u00f3n de exenci\u00f3n de IVA<\/strong> relativos a los bienes y servicios adquiridos para hacer frente a la lucha contra la pandemia del COVID-19.<\/span><\/p>\n\n\n\n<p>Real Decreto-ley 24\/2021, de 2 de noviembre, de transposici\u00f3n de directivas de la Uni\u00f3n Europea en las materias de bonos garantizados, distribuci\u00f3n transfronteriza de organismos de inversi\u00f3n colectiva, datos abiertos y reutilizaci\u00f3n de la informaci\u00f3n del sector p\u00fablico, ejercicio de derechos de autor y derechos afines aplicables a determinadas transmisiones en l\u00ednea y a las retransmisiones de programas de radio y televisi\u00f3n, exenciones temporales a determinadas importaciones y suministros, de personas consumidoras y para la promoci\u00f3n de veh\u00edculos de transporte por carretera limpios y energ\u00e9ticamente eficientes. <a href=\"https:\/\/www.boe.es\/diario_boe\/txt.php?id=BOE-A-2021-17910\" target=\"_blank\" rel=\"noopener\">Consulta en este enlace la publicaci\u00f3n en el BOE.<\/a><\/p>\n\n\n\n<div class=\"single-cta\">\n\t<div class=\"single-cta__positioner\">\n\t\t<div class=\"single-cta__wrapper has-dark-background-color\">\n\t\t\t<div class=\"single-cta__content\">\n\t\t\t\t\t\t\t\t<h2 class=\"single-cta__title h3\">Tu software, siempre al d\u00eda de los cambios legales<\/h2>\n\n\t\t\t\t\t\t\t\t\t<div class=\"single-cta__description\">\n\t\t\t\t\t\t<p>Ya sea un cambio fiscal, laboral, mercantil<br \/>\no de contabilidad y facturaci\u00f3n, con el software<br \/>\nde Sage cumplir\u00e1s con cualquier normativa.<\/p>\n\t\t\t\t\t<\/div>\n\t\t\t\t\n\t\t\t\t\t\t\t\t\t\t\t\t\t\t<a\n\t\t\t\t\t\thref=\"https:\/\/www.sage.com\/es-es\/productos\/\"\n\t\t\t\t\t\tclass=\"single-cta__button button button--primary\"\n\t\t\t\t\t\t\t\t\t\t\t\t\tid=\"cta-id-19105\"\n\t\t\t\t\t\t\t\t\t\t\t\t\t\t\t\t\t\t\tdata-button-location=\"cta_box\"\n\t\t\t\t\t\t\t\t\t\t\t>Conoce nuestros productos<\/a>\n\t\t\t\t\t\t\t<\/div>\n\n\t\t\t\t\t<\/div>\n\n\t\t\t\t\t<img decoding=\"async\" width=\"1440\" height=\"810\" src=\"https:\/\/www.sage.com\/es-es\/blog\/wp-content\/uploads\/sites\/8\/2022\/04\/GettyImages-1011227656-1440x810.jpg\" class=\"single-cta__image\" alt=\"Sage\" loading=\"lazy\" srcset=\"https:\/\/www.sage.com\/es-es\/blog\/wp-content\/uploads\/sites\/8\/2022\/04\/GettyImages-1011227656-1440x810.jpg 1440w\" sizes=\"auto, (min-width: 48em) 33vw, 100vw\" \/>\t\t\t<\/div>\n<\/div>\n","protected":false},"excerpt":{"rendered":"<p>Mediante la transposici\u00f3n de varias Directivas europeas al ordenamiento jur\u00eddico espa\u00f1ol, se da cumplimiento al objetivo de transponer antes del 01\/01\/2022 la Directiva (UE) 2021\/1159. Con esta medida, se ampl\u00eda la exenci\u00f3n prevista en la Ley del IVA para la entrega de bienes o prestaciones de servicios, as\u00ed como de las importaciones de bienes cuyos [&hellip;]<\/p>\n","protected":false},"author":248,"featured_media":10159,"comment_status":"closed","ping_status":"closed","sticky":false,"template":"","format":"standard","meta":{"_sage_video":false,"post_featured_image_hide":false,"footnotes":""},"categories":[6],"tags":[201],"business_type":[10,11,8],"lilypad":[],"context":[],"industry":[],"persona":[],"imagine_tag":[260],"coauthors":[670],"class_list":["post-19161","post","type-post","status-publish","format-standard","has-post-thumbnail","hentry","category-legal","tag-normativa-legal","business_type-pequena-empresa","business_type-mediana-empresa","business_type-asesorias-despachos-profesionales"],"sage_meta":{"region":"es-es","author_name":"Ronald Lozano","featured_image":"https:\/\/www.sage.com\/es-es\/blog\/wp-content\/uploads\/sites\/8\/2018\/02\/legal-image-chevron_Amethyst.png","imagine_tags":{"260":"Legal"}},"distributor_meta":false,"distributor_terms":false,"distributor_media":false,"distributor_original_site_name":"Sage Advice Espa\u00f1a","distributor_original_site_url":"https:\/\/www.sage.com\/es-es\/blog","push-errors":false,"_links":{"self":[{"href":"https:\/\/www.sage.com\/es-es\/blog\/api\/wp\/v2\/posts\/19161","targetHints":{"allow":["GET"]}}],"collection":[{"href":"https:\/\/www.sage.com\/es-es\/blog\/api\/wp\/v2\/posts"}],"about":[{"href":"https:\/\/www.sage.com\/es-es\/blog\/api\/wp\/v2\/types\/post"}],"author":[{"embeddable":true,"href":"https:\/\/www.sage.com\/es-es\/blog\/api\/wp\/v2\/users\/248"}],"replies":[{"embeddable":true,"href":"https:\/\/www.sage.com\/es-es\/blog\/api\/wp\/v2\/comments?post=19161"}],"version-history":[{"count":0,"href":"https:\/\/www.sage.com\/es-es\/blog\/api\/wp\/v2\/posts\/19161\/revisions"}],"wp:featuredmedia":[{"embeddable":true,"href":"https:\/\/www.sage.com\/es-es\/blog\/api\/wp\/v2\/media\/10159"}],"wp:attachment":[{"href":"https:\/\/www.sage.com\/es-es\/blog\/api\/wp\/v2\/media?parent=19161"}],"wp:term":[{"taxonomy":"category","embeddable":true,"href":"https:\/\/www.sage.com\/es-es\/blog\/api\/wp\/v2\/categories?post=19161"},{"taxonomy":"post_tag","embeddable":true,"href":"https:\/\/www.sage.com\/es-es\/blog\/api\/wp\/v2\/tags?post=19161"},{"taxonomy":"business_type","embeddable":true,"href":"https:\/\/www.sage.com\/es-es\/blog\/api\/wp\/v2\/business_type?post=19161"},{"taxonomy":"lilypad","embeddable":true,"href":"https:\/\/www.sage.com\/es-es\/blog\/api\/wp\/v2\/lilypad?post=19161"},{"taxonomy":"context","embeddable":true,"href":"https:\/\/www.sage.com\/es-es\/blog\/api\/wp\/v2\/context?post=19161"},{"taxonomy":"industry","embeddable":true,"href":"https:\/\/www.sage.com\/es-es\/blog\/api\/wp\/v2\/industry?post=19161"},{"taxonomy":"persona","embeddable":true,"href":"https:\/\/www.sage.com\/es-es\/blog\/api\/wp\/v2\/persona?post=19161"},{"taxonomy":"imagine_tag","embeddable":true,"href":"https:\/\/www.sage.com\/es-es\/blog\/api\/wp\/v2\/imagine_tag?post=19161"},{"taxonomy":"author","embeddable":true,"href":"https:\/\/www.sage.com\/es-es\/blog\/api\/wp\/v2\/coauthors?post=19161"}],"curies":[{"name":"wp","href":"https:\/\/api.w.org\/{rel}","templated":true}]}}