{"id":19305,"date":"2021-12-17T11:08:05","date_gmt":"2021-12-17T10:08:05","guid":{"rendered":"https:\/\/www.sage.com\/es-es\/blog\/?p=19305"},"modified":"2026-03-13T14:15:29","modified_gmt":"2026-03-13T13:15:29","slug":"novedad-legal-aprobacion-modelo-390-2021-y-anexo-gipuzkoa","status":"publish","type":"post","link":"https:\/\/www.sage.com\/es-es\/blog\/novedad-legal-aprobacion-modelo-390-2021-y-anexo-gipuzkoa\/","title":{"rendered":"Aprobaci\u00f3n del modelo 390 (2021) y anexo en Gipuzkoa"},"content":{"rendered":"<header class=\"entry-header has-dark-background-color entry-header--has-illustration entry-header--has-illustration--generic\">\n\t<div class=\"container\">\n\t\t<div class=\"entry-header__row row align-center\">\n\t\t\t<div class=\"col col-lg-7 col-xlg-6 entry-header__content\">\n\t\t\t\t\t\t\t<div class=\"component component-single-header\">\n\t\t\t\t\t\t\t\t\t\t<div class=\"entry-header__misc text--subtitle text--uppercase text--small\">\n\t\t\t\t\t\t\t<a href=\"https:\/\/www.sage.com\/es-es\/blog\/categoria\/legal\/\" class=\"entry-header__link\">Legal<\/a>\t\t\t\t\t\t<\/div>\n\t\t\t\t\n\t\t\t\t<div class=\"entry-title-wrapper\">\n\t\t\t\t\t<h1 class=\"entry-title\">\n\t\t\t\t\t\tAprobaci\u00f3n del modelo 390 (2021) y anexo en Gipuzkoa\t\t\t\t\t<\/h1>\n\t\t\t\t<\/div>\n\n\t\t\t\t\t\t\t\t\t<p class=\"entry-header__description\">\n\t\t\t\t\t\t\t\t\t\t\t<\/p>\n\t\t\t\t\n\t\t\t\t\n\t\t\t\t\n\t\t\t<\/div>\n\n\t\t\t\t\t<\/div>\n\t\t\t\t\t<\/div>\n\t<\/div>\n\t<div class=\"single-post-details container\">\n\t\t<div class=\"col\">\n\t\t\t<span class=\"posted-on \"><time class=\"entry-date published\" datetime=\"2021-12-17T11:08:05+01:00\">17 December, 2021<\/time><\/span><span class=\"reading-time\"> minutos de lectura<\/span>\n\t\t<button\n\t\t\ttype=\"button\"\n\t\t\tclass=\"social-share-button button button--icon button--secondary js-social-share-button\"\n\t\t\tdata-share-title=\"Aprobaci\u00f3n del modelo 390 (2021) y anexo en Gipuzkoa\"\n\t\t\tdata-share-url=\"https:\/\/www.sage.com\/es-es\/blog\/novedad-legal-aprobacion-modelo-390-2021-y-anexo-gipuzkoa\/\"\n\t\t\tdata-share-text=\"Please read this interesting article\"\n\t\t>\n\t\t\t<span class=\"social-share-button__share-label\">Compartir<\/span>\n\t\t\t<span class=\"social-share-button__copy-label\" hidden>Copiar enlace<\/span>\n\t\t\t<span class=\"social-share-button__copy-tooltip\" aria-hidden=\"true\" hidden>Copiado<\/span>\n\t\t<\/button>\n\n\t\t\t\t<\/div>\n\t<\/div>\n<\/header>\n\n\n\n<div class=\"wp-block-post-author has-dark-background-color alignfull\">\n\t<div class=\"container\">\n\t\t<div class=\"col\">\n\t\t\t\t\t\t\t<div class=\"co-authors\">\n\t\t\t\t\t\n\t\t<div class=\"entry-author-wrapper\">\n\t\t\t<a class=\"entry-author\" href=\"https:\/\/www.sage.com\/es-es\/blog\/author\/ronald-lozano\/\">\n\t\t\t\t<img loading=\"lazy\" decoding=\"async\" width=\"40\" height=\"40\" src=\"https:\/\/www.sage.com\/es-es\/blog\/wp-content\/uploads\/sites\/8\/2025\/02\/Ronald-Lozano-350x350.jpg\" class=\"entry-author__image\" alt=\"Sage\" srcset=\"https:\/\/www.sage.com\/es-es\/blog\/wp-content\/uploads\/sites\/8\/2025\/02\/Ronald-Lozano-350x350.jpg 350w, https:\/\/www.sage.com\/es-es\/blog\/wp-content\/uploads\/sites\/8\/2025\/02\/Ronald-Lozano.jpg 600w\" sizes=\"auto, (max-width: 40px) 100vw, 40px\" \/>\t\t\t\t<span class=\"entry-author__name\">Ronald Lozano<\/span>\n\t\t\t<\/a>\n\n\t\t\t\t\t<\/div>\n\n\t\t\t\t\t\t<\/div>\n\t\t\t\t\t<\/div>\n\t<\/div>\n<\/div>\n\n\n\n<p>Analizamos c\u00f3mo desde la Diputaci\u00f3n Foral de Gipuzkoa se ha publicado la Orden Foral 652\/2021, de 1 de diciembre, mediante la cual se <strong>aprueba el modelo 390 para el ejercicio 2021.<\/strong><\/p>\n\n\n\n<p>Encontrar\u00e1s a continuaci\u00f3n un resumen de <strong>a qu\u00e9, a qui\u00e9n, c\u00f3mo y cu\u00e1ndo afectan<\/strong> esta medida mediante la cual se adapta el cambio que entr\u00f3 en vigor el pasado 1 de julio para el r\u00e9gimen de ventanilla \u00fanica.<\/p>\n\n\n\n<h2 class=\"wp-block-heading\" id=\"h-a-que-afecta\">\u00bfA qu\u00e9 afecta?<\/h2>\n\n\n\n<ul class=\"wp-block-list\">\n<li>A la modificaci\u00f3n del <a href=\"https:\/\/www.sage.com\/es-es\/blog\/cinco-razones-por-las-debes-prestar-especial-atencion-al-modelo-390\/\">modelo 390<\/a> (2021) debido a la introducci\u00f3n del r\u00e9gimen de ventanilla \u00fanica.<\/li>\n\n\n\n<li>A la adaptaci\u00f3n del volumen de operaciones.<\/li>\n<\/ul>\n\n\n\n<h2 class=\"wp-block-heading\" id=\"h-a-quien-afecta\">\u00bfA qui\u00e9n afecta?<\/h2>\n\n\n\n<p>A todos los sujetos pasivos que tienen la obligaci\u00f3n de presentar el modelo 390 (2021).<\/p>\n\n\n\n<h2 class=\"wp-block-heading\" id=\"h-como-afecta\">\u00bfC\u00f3mo afecta?<\/h2>\n\n\n\n<h3 class=\"wp-block-heading\" id=\"h-cambios-a-raiz-de-la-aprobacion-del-regimen-de-ventanilla-unica\">Cambios a ra\u00edz de la aprobaci\u00f3n del R\u00e9gimen de ventanilla \u00fanica:<\/h3>\n\n\n\n<p>En volumen de operaciones se crean las siguientes casillas:<\/p>\n\n\n\n<ul class=\"wp-block-list\">\n<li>112 \u201cOSS. Operaciones no sujetas por reglas de localizaci\u00f3n acogidas a la OSS\u201d.<\/li>\n\n\n\n<li>113 \u201cOSS. Operaciones sujetas y acogidas a la OSS\u201d.<\/li>\n<\/ul>\n\n\n\n<h3 class=\"wp-block-heading\" id=\"h-adaptacion-del-aparatado-volumen-de-operaciones\">Adaptaci\u00f3n del aparatado volumen de operaciones:<\/h3>\n\n\n\n<ul class=\"wp-block-list\">\n<li>Se crean las siguientes casillas:\n<ul class=\"wp-block-list\">\n<li>111 \u201cOperaciones no sujetas por reglas de localizaci\u00f3n (excepto las incluidas en la casilla 112\u201d.<\/li>\n\n\n\n<li>109 \u201cOperaciones en r\u00e9gimen especial de bienes usados, objetos de arte, antig\u00fcedades y objetos de colecci\u00f3n\u201d.<\/li>\n\n\n\n<li>110 \u201cOperaciones en r\u00e9gimen especial de las agencias de viaje\u201d.<\/li>\n<\/ul>\n<\/li>\n\n\n\n<li>Se eliminan las siguientes casillas:\n<ul class=\"wp-block-list\">\n<li>89 \u201cResto de operaciones no sujetas\u201d\n<ul class=\"wp-block-list\">\n<li>La acumulaci\u00f3n de las TT 13 y 65 deber\u00e1n pasar a acumularse en la nueva casilla 111 \u201cOperaciones no sujetas por reglas de localizaci\u00f3n (excepto las incluidas en la casilla 112\u201d.<\/li>\n<\/ul>\n<\/li>\n<\/ul>\n<\/li>\n\n\n\n<li>90 \u201cEntregas de bienes objeto de instalaci\u00f3n o montaje en otros estados miembros\u201d.\n<ul class=\"wp-block-list\">\n<li>Las operaciones que se declaraban de forma manual en esta casilla pasar\u00e1n a declararse en la nueva casilla 111 \u201cOperaciones no sujetas por reglas de localizaci\u00f3n (excepto las incluidas en la casilla 112\u201d.<\/li>\n<\/ul>\n<\/li>\n\n\n\n<li>Operaciones en r\u00e9gimen general:\n<ul class=\"wp-block-list\">\n<li>Se modifica el n\u00famero de la casilla que pasa a ser del n\u00famero 82 a la 108.<\/li>\n\n\n\n<li>Se modifica el literal de la actual casilla 82 que pasa a ser la 108 con la siguiente descripci\u00f3n:\n<ul class=\"wp-block-list\">\n<li>108 \u201cOperaciones en r\u00e9gimen general, excepto r\u00e9gimenes especiales (REBU\/Agencias de viaje\/RECC).<\/li>\n<\/ul>\n<\/li>\n<\/ul>\n<\/li>\n\n\n\n<li>Se modifica el literal de la actual casilla 88, que pasa a ser:\n<ul class=\"wp-block-list\">\n<li>88 \u201cOperaciones sujetas con inversi\u00f3n del sujeto pasivo\u201d.<\/li>\n<\/ul>\n<\/li>\n<\/ul>\n\n\n\n<h3 class=\"wp-block-heading\" id=\"h-calculo-de-la-casilla-95-total-volumen-de-operaciones\">C\u00e1lculo de la casilla 95 \u201cTotal volumen de operaciones\u201d:<\/h3>\n\n\n\n<ul class=\"wp-block-list\">\n<li>\n<ul class=\"wp-block-list\">\n<li>\n<ul class=\"wp-block-list\">\n<li>Se tendr\u00e1 en cuenta el valor de las operaciones sujetas a RECC que se hayan acumulado en la casilla 101 (en la que acumulan facturas expedidas con RECC con independencia de que hayan sido o no cobradas).<\/li>\n<\/ul>\n<\/li>\n<\/ul>\n<\/li>\n<\/ul>\n\n\n\n<h3 class=\"wp-block-heading\" id=\"h-adaptacion-anexo-del-modelo-390\">Adaptaci\u00f3n anexo del modelo 390:<\/h3>\n\n\n\n<ul class=\"wp-block-list\">\n<li>Para el r\u00e9gimen especial de las agencias de viaje, se eliminan las casillas:\n<ul class=\"wp-block-list\">\n<li>13 \u2013 Modalidad \u201cOperaci\u00f3n por operaci\u00f3n\u201d \u2013 \u201cVolumen de operaciones\u201d.<\/li>\n\n\n\n<li>16 \u2013 Modalidad \u201cForma global\u201d &#8211; \u201cVolumen de operaciones\u201d<\/li>\n\n\n\n<li>17 &#8211; Modalidad \u201cForma global\u201d \u2013 \u201cAdquisiciones en beneficio del viajero\u201d.<\/li>\n\n\n\n<li>18 &#8211; Modalidad \u201cForma global\u201d \u2013 \u201cBase imponible\u201d<\/li>\n<\/ul>\n<\/li>\n<\/ul>\n\n\n\n<h2 class=\"wp-block-heading\" id=\"h-cuando-afecta\">\u00bfCu\u00e1ndo afecta?<\/h2>\n\n\n\n<ul class=\"wp-block-list\">\n<li>En vigor al d\u00eda siguiente de su publicaci\u00f3n, 18\/12\/2021<\/li>\n\n\n\n<li>Aplicable a los res\u00famenes anuales de 2021 a presentar a partir del 01\/01\/2022.<\/li>\n<\/ul>\n\n\n\n<p><span style=\"font-size: larger\">En resumen, se <strong>aprueba el nuevo modelo 390<\/strong>, <a href=\"https:\/\/www.sage.com\/es-es\/blog\/nueve-cosas-que-revisar-antes-de-presentar-la-liquidacion-de-iva-y-el-resumen-anual\/\">resumen anual de IVA<\/a> para presentar las operaciones realizadas durante el ejercicio 2021.<\/span><\/p>\n\n\n\n<p>Orden Foral 652\/2021, de 1 de diciembre, de modificaci\u00f3n de los modelos 390, 392, 393, y el anexo com\u00fan a los modelos 390, 392 y 393 de declaraci\u00f3n resumen anual del impuesto sobre el valor a\u00f1adido, y sus formas de presentaci\u00f3n. <a href=\"https:\/\/egoitza.gipuzkoa.eus\/gao-bog\/castell\/bog\/2021\/12\/17\/c2107796.pdf\" target=\"_blank\" rel=\"noopener\">Consulta en este enlace la publicaci\u00f3n en el Bolet\u00edn Oficial de Gipuzkoa.<\/a><\/p>\n\n\n\n<div class=\"single-cta\">\n\t<div class=\"single-cta__positioner\">\n\t\t<div class=\"single-cta__wrapper has-dark-background-color\">\n\t\t\t<div class=\"single-cta__content\">\n\t\t\t\t\t\t\t\t<h2 class=\"single-cta__title h3\">Tu software, siempre al d\u00eda de los cambios legales<\/h2>\n\n\t\t\t\t\t\t\t\t\t<div class=\"single-cta__description\">\n\t\t\t\t\t\t<p>Ya sea un cambio fiscal, laboral, mercantil<br \/>\no de contabilidad y facturaci\u00f3n, con el software<br \/>\nde Sage cumplir\u00e1s con cualquier normativa.<\/p>\n\t\t\t\t\t<\/div>\n\t\t\t\t\n\t\t\t\t\t\t\t\t\t\t\t\t\t\t<a\n\t\t\t\t\t\thref=\"https:\/\/www.sage.com\/es-es\/productos\/\"\n\t\t\t\t\t\tclass=\"single-cta__button button button--primary\"\n\t\t\t\t\t\t\t\t\t\t\t\t\tid=\"cta-id-19105\"\n\t\t\t\t\t\t\t\t\t\t\t\t\t\t\t\t\t\t\tdata-button-location=\"cta_box\"\n\t\t\t\t\t\t\t\t\t\t\t>Conoce nuestros productos<\/a>\n\t\t\t\t\t\t\t<\/div>\n\n\t\t\t\t\t<\/div>\n\n\t\t\t\t\t<img decoding=\"async\" width=\"1440\" height=\"810\" src=\"https:\/\/www.sage.com\/es-es\/blog\/wp-content\/uploads\/sites\/8\/2022\/04\/GettyImages-1011227656-1440x810.jpg\" class=\"single-cta__image\" alt=\"Sage\" loading=\"lazy\" srcset=\"https:\/\/www.sage.com\/es-es\/blog\/wp-content\/uploads\/sites\/8\/2022\/04\/GettyImages-1011227656-1440x810.jpg 1440w\" sizes=\"auto, (min-width: 48em) 33vw, 100vw\" \/>\t\t\t<\/div>\n<\/div>\n","protected":false},"excerpt":{"rendered":"<p>Analizamos c\u00f3mo desde la Diputaci\u00f3n Foral de Gipuzkoa se ha publicado la Orden Foral 652\/2021, de 1 de diciembre, mediante la cual se aprueba el modelo 390 para el ejercicio 2021. Encontrar\u00e1s a continuaci\u00f3n un resumen de a qu\u00e9, a qui\u00e9n, c\u00f3mo y cu\u00e1ndo afectan esta medida mediante la cual se adapta el cambio que [&hellip;]<\/p>\n","protected":false},"author":248,"featured_media":10162,"comment_status":"closed","ping_status":"closed","sticky":false,"template":"","format":"standard","meta":{"_sage_video":false,"post_featured_image_hide":false,"footnotes":""},"categories":[6],"tags":[201],"business_type":[10,11,8],"lilypad":[],"context":[],"industry":[],"persona":[],"imagine_tag":[260],"coauthors":[670],"class_list":["post-19305","post","type-post","status-publish","format-standard","has-post-thumbnail","hentry","category-legal","tag-normativa-legal","business_type-pequena-empresa","business_type-mediana-empresa","business_type-asesorias-despachos-profesionales"],"sage_meta":{"region":"es-es","author_name":"Ronald Lozano","featured_image":"https:\/\/www.sage.com\/es-es\/blog\/wp-content\/uploads\/sites\/8\/2018\/02\/legal-image-chevron_Plum.png","imagine_tags":{"260":"Legal"}},"distributor_meta":false,"distributor_terms":false,"distributor_media":false,"distributor_original_site_name":"Sage Advice Espa\u00f1a","distributor_original_site_url":"https:\/\/www.sage.com\/es-es\/blog","push-errors":false,"_links":{"self":[{"href":"https:\/\/www.sage.com\/es-es\/blog\/api\/wp\/v2\/posts\/19305","targetHints":{"allow":["GET"]}}],"collection":[{"href":"https:\/\/www.sage.com\/es-es\/blog\/api\/wp\/v2\/posts"}],"about":[{"href":"https:\/\/www.sage.com\/es-es\/blog\/api\/wp\/v2\/types\/post"}],"author":[{"embeddable":true,"href":"https:\/\/www.sage.com\/es-es\/blog\/api\/wp\/v2\/users\/248"}],"replies":[{"embeddable":true,"href":"https:\/\/www.sage.com\/es-es\/blog\/api\/wp\/v2\/comments?post=19305"}],"version-history":[{"count":0,"href":"https:\/\/www.sage.com\/es-es\/blog\/api\/wp\/v2\/posts\/19305\/revisions"}],"wp:featuredmedia":[{"embeddable":true,"href":"https:\/\/www.sage.com\/es-es\/blog\/api\/wp\/v2\/media\/10162"}],"wp:attachment":[{"href":"https:\/\/www.sage.com\/es-es\/blog\/api\/wp\/v2\/media?parent=19305"}],"wp:term":[{"taxonomy":"category","embeddable":true,"href":"https:\/\/www.sage.com\/es-es\/blog\/api\/wp\/v2\/categories?post=19305"},{"taxonomy":"post_tag","embeddable":true,"href":"https:\/\/www.sage.com\/es-es\/blog\/api\/wp\/v2\/tags?post=19305"},{"taxonomy":"business_type","embeddable":true,"href":"https:\/\/www.sage.com\/es-es\/blog\/api\/wp\/v2\/business_type?post=19305"},{"taxonomy":"lilypad","embeddable":true,"href":"https:\/\/www.sage.com\/es-es\/blog\/api\/wp\/v2\/lilypad?post=19305"},{"taxonomy":"context","embeddable":true,"href":"https:\/\/www.sage.com\/es-es\/blog\/api\/wp\/v2\/context?post=19305"},{"taxonomy":"industry","embeddable":true,"href":"https:\/\/www.sage.com\/es-es\/blog\/api\/wp\/v2\/industry?post=19305"},{"taxonomy":"persona","embeddable":true,"href":"https:\/\/www.sage.com\/es-es\/blog\/api\/wp\/v2\/persona?post=19305"},{"taxonomy":"imagine_tag","embeddable":true,"href":"https:\/\/www.sage.com\/es-es\/blog\/api\/wp\/v2\/imagine_tag?post=19305"},{"taxonomy":"author","embeddable":true,"href":"https:\/\/www.sage.com\/es-es\/blog\/api\/wp\/v2\/coauthors?post=19305"}],"curies":[{"name":"wp","href":"https:\/\/api.w.org\/{rel}","templated":true}]}}