{"id":19368,"date":"2022-01-18T12:30:06","date_gmt":"2022-01-18T11:30:06","guid":{"rendered":"https:\/\/www.sage.com\/es-es\/blog\/?p=19368"},"modified":"2026-02-04T16:50:22","modified_gmt":"2026-02-04T15:50:22","slug":"politica-fiscal-que-es-cuales-son-sus-objetivos","status":"publish","type":"post","link":"https:\/\/www.sage.com\/es-es\/blog\/politica-fiscal-que-es-cuales-son-sus-objetivos\/","title":{"rendered":"Pol\u00edtica fiscal: \u00bfQu\u00e9 es y cu\u00e1les son sus objetivos?"},"content":{"rendered":"<header class=\"entry-header has-dark-background-color entry-header--has-illustration entry-header--has-illustration--generic\">\n\t<div class=\"container\">\n\t\t<div class=\"entry-header__row row align-center\">\n\t\t\t<div class=\"col col-lg-7 col-xlg-6 entry-header__content\">\n\t\t\t\t\t\t\t<div class=\"component component-single-header\">\n\t\t\t\t\t\t\t\t\t\t<div class=\"entry-header__misc text--subtitle text--uppercase text--small\">\n\t\t\t\t\t\t\t<a href=\"https:\/\/www.sage.com\/es-es\/blog\/categoria\/estrategia-gestion\/\" class=\"entry-header__link\">Estrategia y Gesti\u00f3n<\/a>\t\t\t\t\t\t<\/div>\n\t\t\t\t\n\t\t\t\t<div class=\"entry-title-wrapper\">\n\t\t\t\t\t<h1 class=\"entry-title\">\n\t\t\t\t\t\tPol\u00edtica fiscal: \u00bfQu\u00e9 es y cu\u00e1les son sus objetivos?\t\t\t\t\t<\/h1>\n\t\t\t\t<\/div>\n\n\t\t\t\t\t\t\t\t\t<p class=\"entry-header__description\">\n\t\t\t\t\t\t\t\t\t\t\t<\/p>\n\t\t\t\t\n\t\t\t\t\n\t\t\t\t\n\t\t\t<\/div>\n\n\t\t\t\t\t<\/div>\n\t\t\t\t\t<\/div>\n\t<\/div>\n\t<div class=\"single-post-details container\">\n\t\t<div class=\"col\">\n\t\t\t<span class=\"posted-on \"><time class=\"entry-date published\" datetime=\"2022-01-18T12:30:06+01:00\">18 January, 2022<\/time><\/span><span class=\"reading-time\"> minutos de lectura<\/span>\n\t\t<button\n\t\t\ttype=\"button\"\n\t\t\tclass=\"social-share-button button button--icon button--secondary js-social-share-button\"\n\t\t\tdata-share-title=\"Pol\u00edtica fiscal: \u00bfQu\u00e9 es y cu\u00e1les son sus objetivos?\"\n\t\t\tdata-share-url=\"https:\/\/www.sage.com\/es-es\/blog\/politica-fiscal-que-es-cuales-son-sus-objetivos\/\"\n\t\t\tdata-share-text=\"Please read this interesting article\"\n\t\t>\n\t\t\t<span class=\"social-share-button__share-label\">Compartir<\/span>\n\t\t\t<span class=\"social-share-button__copy-label\" hidden>Copiar enlace<\/span>\n\t\t\t<span class=\"social-share-button__copy-tooltip\" aria-hidden=\"true\" hidden>Copiado<\/span>\n\t\t<\/button>\n\n\t\t\t\t<\/div>\n\t<\/div>\n<\/header>\n\n\n\n<div class=\"wp-block-post-author has-dark-background-color alignfull\">\n\t<div class=\"container\">\n\t\t<div class=\"col\">\n\t\t\t\t\t\t\t<div class=\"co-authors\">\n\t\t\t\t\t\n\t\t<div class=\"entry-author-wrapper\">\n\t\t\t<a class=\"entry-author\" href=\"https:\/\/www.sage.com\/es-es\/blog\/author\/jose-ramon-fernandez-de-la-cigona\/\">\n\t\t\t\t<img loading=\"lazy\" decoding=\"async\" width=\"40\" height=\"40\" src=\"https:\/\/www.sage.com\/es-es\/blog\/wp-content\/uploads\/sites\/8\/2024\/02\/foto_jose-ramon_400x400-350x350.jpg\" class=\"entry-author__image\" alt=\"Sage\" srcset=\"https:\/\/www.sage.com\/es-es\/blog\/wp-content\/uploads\/sites\/8\/2024\/02\/foto_jose-ramon_400x400-350x350.jpg 350w, https:\/\/www.sage.com\/es-es\/blog\/wp-content\/uploads\/sites\/8\/2024\/02\/foto_jose-ramon_400x400.jpg 585w\" sizes=\"auto, (max-width: 40px) 100vw, 40px\" \/>\t\t\t\t<span class=\"entry-author__name\">Jose Ram\u00f3n Fern\u00e1ndez de la Cigo\u00f1a<\/span>\n\t\t\t<\/a>\n\n\t\t\t\t\t<\/div>\n\n\t\t\t\t\t\t<\/div>\n\t\t\t\t\t<\/div>\n\t<\/div>\n<\/div>\n<div class=\"sage-block-classic-wrapper\">\n\n<p>Para paliar los efectos de la COVID-19, los Estados miembros de la Uni\u00f3n Europea han recurrido al <strong>incremento del gasto p\u00fablico<\/strong>, una de las herramientas de la <strong>pol\u00edtica fiscal<\/strong>.<\/p>\n<ul>\n<li>Te explicamos qu\u00e9 es la pol\u00edtica fiscal.<\/li>\n<li>Conoce cu\u00e1les son sus principales objetivos.<\/li>\n<\/ul>\n<p>La pol\u00edtica fiscal, apoyada por la monetaria, ha sido la principal l\u00ednea de defensa contra los estragos que la pandemia ha causado en la econom\u00eda. En nuestro pa\u00eds, la pandemia ha provocado la <strong>mayor subida del gasto p\u00fablico en democracia<\/strong>.<\/p>\n<p><!--more--><\/p>\n<p>En julio de 2020, el Consejo Europeo acord\u00f3 un instrumento excepcional de recuperaci\u00f3n temporal conocido como <a href=\"https:\/\/www.sage.com\/es-es\/blog\/ayudas-europeas-que-son-y-como-acceder-a-los-fondos-ue-next-generation\/\">Next Generation EU<\/a>, dotado con 750.000 millones de euros para el conjunto de los Estados Miembros. Este Fondo de Recuperaci\u00f3n garantiza una <strong>respuesta europea coordinada en materia de pol\u00edtica fiscal<\/strong> de los Estados Miembros para hacer frente a las consecuencias econ\u00f3micas y sociales de la pandemia.<\/p>\n<blockquote><p>Seg\u00fan el FMI, sin los apoyos fiscales, la devastaci\u00f3n sobre la producci\u00f3n y el empleo habr\u00eda sido tres veces m\u00e1s intensa a nivel global.<\/p><\/blockquote>\n<h2>\u00bfQu\u00e9 es la pol\u00edtica fiscal?<\/h2>\n<p><strong>Forma parte de la pol\u00edtica econ\u00f3mica<\/strong> y, a trav\u00e9s de ella, los gobiernos influyen en la econom\u00eda del pa\u00eds. Esta rama de la pol\u00edtica econ\u00f3mica se centra en la administraci\u00f3n y gesti\u00f3n de los recursos del estado.<\/p>\n<p>La pol\u00edtica fiscal puede influir en la econom\u00eda mediante variables como los <strong>ingresos que recauda el Estado v\u00eda impuestos<\/strong>, o el gasto p\u00fablico que realiza. Por su parte, las <a href=\"https:\/\/www.sage.com\/es-es\/blog\/politica-monetaria-expansiva-que-es-y-cuales-son-sus-efectos\/\">pol\u00edticas monetarias<\/a> se centran m\u00e1s en el control de las tasas de inter\u00e9s y la oferta monetaria nacional.<\/p>\n<p>En funci\u00f3n de las necesidades del pa\u00eds se pueden tomar diferentes decisiones de pol\u00edtica fiscal, como por ejemplo <a href=\"https:\/\/www.sage.com\/es-es\/blog\/asi-afecta-la-presion-fiscal-a-las-empresas\/\">subir impuestos<\/a> para recaudar m\u00e1s, o como ha sucedido en el caso de la pandemia generada por la COVID-19, <strong>incrementar el gasto p\u00fablico<\/strong>.<\/p>\n<p>Mediante estas decisiones, <strong>el Gobierno influye en la producci\u00f3n y el empleo<\/strong>. Por ejemplo, el gasto p\u00fablico destinado al pago de los <a href=\"https:\/\/www.sage.com\/es-es\/blog\/como-gestionar-un-erte-sin-morir-en-el-intento\/\">ERTEs<\/a> permiti\u00f3 el mantenimiento de muchos puestos de trabajo.<\/p>\n<h2>Tipos de pol\u00edticas fiscales<\/h2>\n<p>Dependiendo de las decisiones tomadas en pol\u00edtica fiscal, se pueden clasificar estas como expansivas, contractivas o neutrales.<\/p>\n<h3>Expansiva<\/h3>\n<p>La pol\u00edtica fiscal expansiva es el conjunto de acciones y actuaciones que realizan los Gobiernos ante <strong>situaciones de decrecimiento econ\u00f3mico<\/strong> o cuando existen altos niveles de desempleo, para intentar revertir esta situaci\u00f3n.<\/p>\n<p>Mediante las pol\u00edticas fiscales expansivas se busca aumentar el gasto agregado, para <strong>aumentar la renta en manos de empresas y ciudadanos<\/strong>.<\/p>\n<p>La pol\u00edtica fiscal expansiva puede llevarse a cabo de diferentes maneras:<\/p>\n<ul>\n<li>Reduciendo los impuestos, los que supone que ciudadanos y empresas tengan m\u00e1s dinero para gastar reactivando as\u00ed el consumo.<\/li>\n<li>Incrementando el gasto p\u00fablico. Al incrementar el gasto p\u00fablico se puede facilitar el incremento de la productividad y de la producci\u00f3n, generando empleo.<\/li>\n<li>Estimulando la inversi\u00f3n privada v\u00eda incentivos o rebajas de impuestos.<\/li>\n<li>Incentivando las exportaciones.<\/li>\n<li>Dinero helic\u00f3ptero. Esta medida fiscal y monetaria supone poner dinero a disposici\u00f3n de ciudadanos y empresas de diferentes formas, con el objeto principal de estimular el consumo.<\/li>\n<\/ul>\n<h3>Contractiva<\/h3>\n<p>En un contexto de fuerte inflaci\u00f3n por un exceso de demanda agregada es necesario controlar el auge de los precios, mediante pol\u00edticas fiscales restrictivas. Algunas de las v\u00edas para realizar este tipo de pol\u00edticas serian:<\/p>\n<ul>\n<li>Incremento de impuestos.<\/li>\n<li>Reducci\u00f3n del gasto p\u00fablico.<\/li>\n<li>Desalentar la inversi\u00f3n privada y las exportaciones.<\/li>\n<\/ul>\n<h3>Neutral<\/h3>\n<p>En este caso la pol\u00edtica fiscal busca mantener un equilibrio, al equiparar el nivel de gasto p\u00fablico con el de ingresos totales.<\/p>\n<h2>\u00bfCu\u00e1les son los objetivos de la pol\u00edtica fiscal?<\/h2>\n<p>Entre los objetivos de la pol\u00edtica fiscal podemos encontrar los siguientes:<\/p>\n<ul>\n<li>Estimular el crecimiento de la econom\u00eda dom\u00e9stica y protegerla de los cambios propios de los ciclos econ\u00f3micos.<\/li>\n<li>Incrementar la capacidad de crecimiento del pa\u00eds mediante el gasto en I+D+i, educaci\u00f3n, inversi\u00f3n en infraestructuras, etc.<\/li>\n<li>Redistribuir rentas entre territorios y personas.<\/li>\n<li>Proteger los servicios p\u00fablicos b\u00e1sicos como la sanidad y la educaci\u00f3n.<\/li>\n<li>Mantener el empleo, reducir el desempleo y buscar acercarse al pleno empleo.<\/li>\n<li>Garantizar niveles m\u00ednimos de renta a los ciudadanos.<\/li>\n<li>Controlar la inflaci\u00f3n estabilizando los precios mediante la reducci\u00f3n del gasto p\u00fablico y la subida de impuestos.<\/li>\n<li>Fomentar la inversi\u00f3n en el sector privado y facilitar la inversi\u00f3n del sector p\u00fablico.<\/li>\n<\/ul>\n<p>Actualmente, nos encontramos en medio de una <strong>pol\u00edtica fiscal expansiva<\/strong>, en la que las empresas tienen la oportunidad de crecer e invertir. <a href=\"https:\/\/www.sage.com\/es-es\/productos\/sage-200cloud\/\">Sage 200<\/a> es la soluci\u00f3n ERP que te ayudar\u00e1 con el crecimiento de tu empresa.<\/p>\n\n<\/div>\n<div class=\"single-cta gated-content\">\n\t<div class=\"single-cta__positioner\">\n\t\t<div class=\"single-cta__wrapper has-dark-background-color\">\n\t\t\t<div class=\"single-cta__content\">\n\t\t\t\t\t\t\t\t<h2 class=\"single-cta__title h3\">Lo que tu empresa necesita es un controller<\/h2>\n\n\t\t\t\t\t\t\t\t\t<div class=\"single-cta__description\">\n\t\t\t\t\t\t<p>CONSIGUE GRATIS TU GU\u00cdA Y CONOCER\u00c1S:<\/p>\n<ul>\n<li>Cu\u00e1les son las principales tareas de un controller.<\/li>\n<li>C\u00f3mo esta figura puede ayudarte a tomar decisiones.<\/li>\n<li>D\u00f3nde puedes colocar un controller en tu organigrama.<\/li>\n<\/ul>\n\t\t\t\t\t<\/div>\n\t\t\t\t\n\t\t\t\t\t\t\t\t\t\t\t\t\t\t<a\n\t\t\t\t\t\thref=\"#gate-312bce55-3c14-4a51-95e0-3d894c6e0ff2\"\n\t\t\t\t\t\tclass=\"single-cta__button button button--primary\"\n\t\t\t\t\t\t\t\t\t\t\t\t\t\t\t\t\t>\u00a1Quiero mi GUIA gratis!<\/a>\n\t\t\t\t\t\t\t<\/div>\n\n\t\t\t\t\t<\/div>\n\n\t\t\t\t\t<img decoding=\"async\" width=\"1252\" height=\"810\" src=\"https:\/\/www.sage.com\/es-es\/blog\/wp-content\/uploads\/sites\/8\/2018\/02\/Mockup_Tamano-Banner_Sage_Lo-que-tu-empresa-necesita-es-un-controller_Green-1252x810.jpg\" class=\"single-cta__image\" alt=\"Sage\" loading=\"lazy\" srcset=\"https:\/\/www.sage.com\/es-es\/blog\/wp-content\/uploads\/sites\/8\/2018\/02\/Mockup_Tamano-Banner_Sage_Lo-que-tu-empresa-necesita-es-un-controller_Green-1252x810.jpg 1252w\" sizes=\"auto, (min-width: 48em) 33vw, 100vw\" \/>\t\t\t<\/div>\n<\/div>\n","protected":false},"excerpt":{"rendered":"<p>Para paliar los efectos de la COVID-19, los Estados miembros de la Uni\u00f3n Europea han recurrido al incremento del gasto p\u00fablico, una de las herramientas de la pol\u00edtica fiscal. Te explicamos qu\u00e9 es la pol\u00edtica fiscal. Conoce cu\u00e1les son sus principales objetivos. La pol\u00edtica fiscal, apoyada por la monetaria, ha sido la principal l\u00ednea de [&hellip;]<\/p>\n","protected":false},"author":238,"featured_media":18057,"comment_status":"closed","ping_status":"closed","sticky":false,"template":"","format":"standard","meta":{"_sage_video":false,"post_featured_image_hide":false,"footnotes":""},"categories":[3],"tags":[37,181],"business_type":[11],"lilypad":[],"context":[],"industry":[],"persona":[],"imagine_tag":[281],"coauthors":[396],"class_list":["post-19368","post","type-post","status-publish","format-standard","has-post-thumbnail","hentry","category-estrategia-gestion","tag-gestion-empresarial","tag-impuestos","business_type-mediana-empresa"],"sage_meta":{"region":"es-es","author_name":"Jose Ram\u00f3n Fern\u00e1ndez de la Cigo\u00f1a","featured_image":"https:\/\/www.sage.com\/es-es\/blog\/wp-content\/uploads\/sites\/8\/2017\/12\/GettyImages-12070546631.jpg","imagine_tags":{"281":"Gesti\u00f3n empresarial"}},"distributor_meta":false,"distributor_terms":false,"distributor_media":false,"distributor_original_site_name":"Sage Advice Espa\u00f1a","distributor_original_site_url":"https:\/\/www.sage.com\/es-es\/blog","push-errors":false,"_links":{"self":[{"href":"https:\/\/www.sage.com\/es-es\/blog\/api\/wp\/v2\/posts\/19368","targetHints":{"allow":["GET"]}}],"collection":[{"href":"https:\/\/www.sage.com\/es-es\/blog\/api\/wp\/v2\/posts"}],"about":[{"href":"https:\/\/www.sage.com\/es-es\/blog\/api\/wp\/v2\/types\/post"}],"author":[{"embeddable":true,"href":"https:\/\/www.sage.com\/es-es\/blog\/api\/wp\/v2\/users\/238"}],"replies":[{"embeddable":true,"href":"https:\/\/www.sage.com\/es-es\/blog\/api\/wp\/v2\/comments?post=19368"}],"version-history":[{"count":0,"href":"https:\/\/www.sage.com\/es-es\/blog\/api\/wp\/v2\/posts\/19368\/revisions"}],"wp:featuredmedia":[{"embeddable":true,"href":"https:\/\/www.sage.com\/es-es\/blog\/api\/wp\/v2\/media\/18057"}],"wp:attachment":[{"href":"https:\/\/www.sage.com\/es-es\/blog\/api\/wp\/v2\/media?parent=19368"}],"wp:term":[{"taxonomy":"category","embeddable":true,"href":"https:\/\/www.sage.com\/es-es\/blog\/api\/wp\/v2\/categories?post=19368"},{"taxonomy":"post_tag","embeddable":true,"href":"https:\/\/www.sage.com\/es-es\/blog\/api\/wp\/v2\/tags?post=19368"},{"taxonomy":"business_type","embeddable":true,"href":"https:\/\/www.sage.com\/es-es\/blog\/api\/wp\/v2\/business_type?post=19368"},{"taxonomy":"lilypad","embeddable":true,"href":"https:\/\/www.sage.com\/es-es\/blog\/api\/wp\/v2\/lilypad?post=19368"},{"taxonomy":"context","embeddable":true,"href":"https:\/\/www.sage.com\/es-es\/blog\/api\/wp\/v2\/context?post=19368"},{"taxonomy":"industry","embeddable":true,"href":"https:\/\/www.sage.com\/es-es\/blog\/api\/wp\/v2\/industry?post=19368"},{"taxonomy":"persona","embeddable":true,"href":"https:\/\/www.sage.com\/es-es\/blog\/api\/wp\/v2\/persona?post=19368"},{"taxonomy":"imagine_tag","embeddable":true,"href":"https:\/\/www.sage.com\/es-es\/blog\/api\/wp\/v2\/imagine_tag?post=19368"},{"taxonomy":"author","embeddable":true,"href":"https:\/\/www.sage.com\/es-es\/blog\/api\/wp\/v2\/coauthors?post=19368"}],"curies":[{"name":"wp","href":"https:\/\/api.w.org\/{rel}","templated":true}]}}