{"id":19400,"date":"2022-01-27T16:18:32","date_gmt":"2022-01-27T15:18:32","guid":{"rendered":"https:\/\/www.sage.com\/es-es\/blog\/?p=19400"},"modified":"2026-03-13T14:15:25","modified_gmt":"2026-03-13T13:15:25","slug":"novedad-legal-declaracion-prestaciones-y-adquisiciones-servicios-irlanda-norte-modelo-347-bizkaia-2021","status":"publish","type":"post","link":"https:\/\/www.sage.com\/es-es\/blog\/novedad-legal-declaracion-prestaciones-y-adquisiciones-servicios-irlanda-norte-modelo-347-bizkaia-2021\/","title":{"rendered":"Declaraci\u00f3n de prestaciones y adquisiciones de servicios con Irlanda del Norte en el modelo 347 (Bizkaia 2021)"},"content":{"rendered":"<header class=\"entry-header has-dark-background-color entry-header--has-illustration entry-header--has-illustration--generic\">\n\t<div class=\"container\">\n\t\t<div class=\"entry-header__row row align-center\">\n\t\t\t<div class=\"col col-lg-7 col-xlg-6 entry-header__content\">\n\t\t\t\t\t\t\t<div class=\"component component-single-header\">\n\t\t\t\t\t\t\t\t\t\t<div class=\"entry-header__misc text--subtitle text--uppercase text--small\">\n\t\t\t\t\t\t\t<a href=\"https:\/\/www.sage.com\/es-es\/blog\/categoria\/legal\/\" class=\"entry-header__link\">Legal<\/a>\t\t\t\t\t\t<\/div>\n\t\t\t\t\n\t\t\t\t<div class=\"entry-title-wrapper\">\n\t\t\t\t\t<h1 class=\"entry-title\">\n\t\t\t\t\t\tDeclaraci\u00f3n de prestaciones y adquisiciones de servicios con Irlanda del Norte en el modelo 347 (Bizkaia 2021)\t\t\t\t\t<\/h1>\n\t\t\t\t<\/div>\n\n\t\t\t\t\t\t\t\t\t<p class=\"entry-header__description\">\n\t\t\t\t\t\t\t\t\t\t\t<\/p>\n\t\t\t\t\n\t\t\t\t\n\t\t\t\t\n\t\t\t<\/div>\n\n\t\t\t\t\t<\/div>\n\t\t\t\t\t<\/div>\n\t<\/div>\n\t<div class=\"single-post-details container\">\n\t\t<div class=\"col\">\n\t\t\t<span class=\"posted-on \"><time class=\"entry-date published\" datetime=\"2022-01-27T16:18:32+01:00\">27 January, 2022<\/time><\/span><span class=\"reading-time\"> minutos de lectura<\/span>\n\t\t<button\n\t\t\ttype=\"button\"\n\t\t\tclass=\"social-share-button button button--icon button--secondary js-social-share-button\"\n\t\t\tdata-share-title=\"Declaraci\u00f3n de prestaciones y adquisiciones de servicios con Irlanda del Norte en el modelo 347 (Bizkaia 2021)\"\n\t\t\tdata-share-url=\"https:\/\/www.sage.com\/es-es\/blog\/novedad-legal-declaracion-prestaciones-y-adquisiciones-servicios-irlanda-norte-modelo-347-bizkaia-2021\/\"\n\t\t\tdata-share-text=\"Please read this interesting article\"\n\t\t>\n\t\t\t<span class=\"social-share-button__share-label\">Compartir<\/span>\n\t\t\t<span class=\"social-share-button__copy-label\" hidden>Copiar enlace<\/span>\n\t\t\t<span class=\"social-share-button__copy-tooltip\" aria-hidden=\"true\" hidden>Copiado<\/span>\n\t\t<\/button>\n\n\t\t\t\t<\/div>\n\t<\/div>\n<\/header>\n\n\n\n<div class=\"wp-block-post-author has-dark-background-color alignfull\">\n\t<div class=\"container\">\n\t\t<div class=\"col\">\n\t\t\t\t\t\t\t<div class=\"co-authors\">\n\t\t\t\t\t\n\t\t<div class=\"entry-author-wrapper\">\n\t\t\t<a class=\"entry-author\" href=\"https:\/\/www.sage.com\/es-es\/blog\/author\/ronald-lozano\/\">\n\t\t\t\t<img loading=\"lazy\" decoding=\"async\" width=\"40\" height=\"40\" src=\"https:\/\/www.sage.com\/es-es\/blog\/wp-content\/uploads\/sites\/8\/2025\/02\/Ronald-Lozano-350x350.jpg\" class=\"entry-author__image\" alt=\"Sage\" srcset=\"https:\/\/www.sage.com\/es-es\/blog\/wp-content\/uploads\/sites\/8\/2025\/02\/Ronald-Lozano-350x350.jpg 350w, https:\/\/www.sage.com\/es-es\/blog\/wp-content\/uploads\/sites\/8\/2025\/02\/Ronald-Lozano.jpg 600w\" sizes=\"auto, (max-width: 40px) 100vw, 40px\" \/>\t\t\t\t<span class=\"entry-author__name\">Ronald Lozano<\/span>\n\t\t\t<\/a>\n\n\t\t\t\t\t<\/div>\n\n\t\t\t\t\t\t<\/div>\n\t\t\t\t\t<\/div>\n\t<\/div>\n<\/div>\n\n\n\n<p>La Diputaci\u00f3n Foral de Bizkaia ha publicado la ORDEN FORAL 2193\/2021, de 20 de diciembre, por lo que se modifican diversos modelos para suministrar informaci\u00f3n con temporalidad anual.<\/p>\n\n\n\n<p>A continuaci\u00f3n, encontrar\u00e1s un resumen de a qu\u00e9, a qui\u00e9n, c\u00f3mo y cu\u00e1ndo afectan estas medidas.<\/p>\n\n\n\n<h2 class=\"wp-block-heading\" id=\"h-a-que-afecta\">\u00bfA qu\u00e9 afecta?<\/h2>\n\n\n\n<p>A la declaraci\u00f3n de las adquisiciones y prestaciones de servicios con Irlanda del Norte.<\/p>\n\n\n\n<h2 class=\"wp-block-heading\" id=\"h-a-quien-afecta\">\u00bfA qui\u00e9n afecta?<\/h2>\n\n\n\n<p>A aquellos sujetos pasivos que realicen adquisiciones o presten servicios a Irlanda del Norte.<\/p>\n\n\n\n<h2 class=\"wp-block-heading\" id=\"h-como-afecta\">\u00bfC\u00f3mo afecta?<\/h2>\n\n\n\n<p>Para declarar las adquisiciones o prestaciones de servicios con Irlanda del Norte, se a\u00f1ade la identificaci\u00f3n del NIF-IVA de Irlanda del Norte:<\/p>\n\n\n\n<ul class=\"wp-block-list\">\n<li>Irlanda del Norte XI 5, 9 o 12 caracteres alfanum\u00e9ricos<\/li>\n<\/ul>\n\n\n\n<h2 class=\"wp-block-heading\" id=\"h-cuando-afecta\">\u00bfCu\u00e1ndo afecta?<\/h2>\n\n\n\n<p>En vigor el d\u00eda 28\/12\/2021 con aplicaci\u00f3n para la declaraci\u00f3n correspondiente al ejercicio 2021 que se presentar\u00e1 durante el mes de febrero de 2022.<\/p>\n\n\n\n<p><span style=\"font-size: larger\">En resumen, se trata de la <strong>adaptaci\u00f3n del <a href=\"https:\/\/www.sage.com\/es-es\/blog\/modelo-347-resolucion-de-dudas-en-la-cumplimentacion\/\">modelo 347<\/a><\/strong> para el ejercicio 2021 para poder incluir en esta declaraci\u00f3n las adquisiciones y prestaciones de servicios realizados con Irlanda del Norte.<\/span><\/p>\n\n\n\n<p>ORDEN FORAL 2193\/2021, de 20 de diciembre, del diputado foral de Hacienda y Finanzas por la que se modifica la Orden Foral 48\/2018, de 9 de enero, del diputado foral de Hacienda y Finanzas por la que se aprueba el modelo 187, declaraci\u00f3n informativa anual relativa a adquisiciones y enajenaciones de acciones y participaciones representativas del capital o patrimonio de las instituciones de inversi\u00f3n colectiva, la Orden Foral 515\/2009, de 17 de febrero, por la que se aprueba el modelo 189 de declaraci\u00f3n informativa anual acerca de valores, seguros y rentas, la Orden Foral del diputado foral de Hacienda y Finanzas 2282\/2016, de 23 de diciembre, por la que se aprueba el modelo 198 de declaraci\u00f3n anual de operaciones con activos financieros y otros valores mobiliarios , la Orden Foral del diputado foral de Hacienda y Finanzas 2156\/2016, de 7 de diciembre, por la que se aprueba el modelo de declaraci\u00f3n 296 Impuesto sobre la Renta de no Residentes. No residentes sin establecimiento permanente. Resumen anual de retenciones e ingresos a cuenta y la Orden Foral del diputado foral de Hacienda y Finanzas 185\/2015, de 21 de enero, por la que se aprueba el modelo 347 de declaraci\u00f3n anual de operaciones con terceras personas. <a href=\"https:\/\/www.bizkaia.eus\/lehendakaritza\/Bao_bob\/2021\/12\/28\/I-1067_cas.pdf\" target=\"_blank\" rel=\"noopener\">Consulta en este enlace la publicaci\u00f3n en el BOE.<\/a><\/p>\n\n\n\n<div class=\"single-cta\">\n\t<div class=\"single-cta__positioner\">\n\t\t<div class=\"single-cta__wrapper has-dark-background-color\">\n\t\t\t<div class=\"single-cta__content\">\n\t\t\t\t\t\t\t\t<h2 class=\"single-cta__title h3\">Tu software, siempre al d\u00eda de los cambios legales<\/h2>\n\n\t\t\t\t\t\t\t\t\t<div class=\"single-cta__description\">\n\t\t\t\t\t\t<p>Ya sea un cambio fiscal, laboral, mercantil<br \/>\no de contabilidad y facturaci\u00f3n, con el software<br \/>\nde Sage cumplir\u00e1s con cualquier normativa.<\/p>\n\t\t\t\t\t<\/div>\n\t\t\t\t\n\t\t\t\t\t\t\t\t\t\t\t\t\t\t<a\n\t\t\t\t\t\thref=\"https:\/\/www.sage.com\/es-es\/productos\/\"\n\t\t\t\t\t\tclass=\"single-cta__button button button--primary\"\n\t\t\t\t\t\t\t\t\t\t\t\t\tid=\"cta-id-19105\"\n\t\t\t\t\t\t\t\t\t\t\t\t\t\t\t\t\t\t\tdata-button-location=\"cta_box\"\n\t\t\t\t\t\t\t\t\t\t\t>Conoce nuestros productos<\/a>\n\t\t\t\t\t\t\t<\/div>\n\n\t\t\t\t\t<\/div>\n\n\t\t\t\t\t<img decoding=\"async\" width=\"1440\" height=\"810\" src=\"https:\/\/www.sage.com\/es-es\/blog\/wp-content\/uploads\/sites\/8\/2022\/04\/GettyImages-1011227656-1440x810.jpg\" class=\"single-cta__image\" alt=\"Sage\" loading=\"lazy\" srcset=\"https:\/\/www.sage.com\/es-es\/blog\/wp-content\/uploads\/sites\/8\/2022\/04\/GettyImages-1011227656-1440x810.jpg 1440w\" sizes=\"auto, (min-width: 48em) 33vw, 100vw\" \/>\t\t\t<\/div>\n<\/div>\n","protected":false},"excerpt":{"rendered":"<p>La Diputaci\u00f3n Foral de Bizkaia ha publicado la ORDEN FORAL 2193\/2021, de 20 de diciembre, por lo que se modifican diversos modelos para suministrar informaci\u00f3n con temporalidad anual. A continuaci\u00f3n, encontrar\u00e1s un resumen de a qu\u00e9, a qui\u00e9n, c\u00f3mo y cu\u00e1ndo afectan estas medidas. \u00bfA qu\u00e9 afecta? A la declaraci\u00f3n de las adquisiciones y prestaciones [&hellip;]<\/p>\n","protected":false},"author":248,"featured_media":19655,"comment_status":"closed","ping_status":"closed","sticky":false,"template":"","format":"standard","meta":{"_sage_video":false,"post_featured_image_hide":false,"footnotes":""},"categories":[6],"tags":[201],"business_type":[10,11,8],"lilypad":[],"context":[],"industry":[],"persona":[],"imagine_tag":[260],"coauthors":[670],"class_list":["post-19400","post","type-post","status-publish","format-standard","has-post-thumbnail","hentry","category-legal","tag-normativa-legal","business_type-pequena-empresa","business_type-mediana-empresa","business_type-asesorias-despachos-profesionales"],"sage_meta":{"region":"es-es","author_name":"Ronald Lozano","featured_image":"https:\/\/www.sage.com\/es-es\/blog\/wp-content\/uploads\/sites\/8\/2022\/04\/GettyImages-80284569_updated.jpg","imagine_tags":{"260":"Legal"}},"distributor_meta":false,"distributor_terms":false,"distributor_media":false,"distributor_original_site_name":"Sage Advice Espa\u00f1a","distributor_original_site_url":"https:\/\/www.sage.com\/es-es\/blog","push-errors":false,"_links":{"self":[{"href":"https:\/\/www.sage.com\/es-es\/blog\/api\/wp\/v2\/posts\/19400","targetHints":{"allow":["GET"]}}],"collection":[{"href":"https:\/\/www.sage.com\/es-es\/blog\/api\/wp\/v2\/posts"}],"about":[{"href":"https:\/\/www.sage.com\/es-es\/blog\/api\/wp\/v2\/types\/post"}],"author":[{"embeddable":true,"href":"https:\/\/www.sage.com\/es-es\/blog\/api\/wp\/v2\/users\/248"}],"replies":[{"embeddable":true,"href":"https:\/\/www.sage.com\/es-es\/blog\/api\/wp\/v2\/comments?post=19400"}],"version-history":[{"count":0,"href":"https:\/\/www.sage.com\/es-es\/blog\/api\/wp\/v2\/posts\/19400\/revisions"}],"wp:featuredmedia":[{"embeddable":true,"href":"https:\/\/www.sage.com\/es-es\/blog\/api\/wp\/v2\/media\/19655"}],"wp:attachment":[{"href":"https:\/\/www.sage.com\/es-es\/blog\/api\/wp\/v2\/media?parent=19400"}],"wp:term":[{"taxonomy":"category","embeddable":true,"href":"https:\/\/www.sage.com\/es-es\/blog\/api\/wp\/v2\/categories?post=19400"},{"taxonomy":"post_tag","embeddable":true,"href":"https:\/\/www.sage.com\/es-es\/blog\/api\/wp\/v2\/tags?post=19400"},{"taxonomy":"business_type","embeddable":true,"href":"https:\/\/www.sage.com\/es-es\/blog\/api\/wp\/v2\/business_type?post=19400"},{"taxonomy":"lilypad","embeddable":true,"href":"https:\/\/www.sage.com\/es-es\/blog\/api\/wp\/v2\/lilypad?post=19400"},{"taxonomy":"context","embeddable":true,"href":"https:\/\/www.sage.com\/es-es\/blog\/api\/wp\/v2\/context?post=19400"},{"taxonomy":"industry","embeddable":true,"href":"https:\/\/www.sage.com\/es-es\/blog\/api\/wp\/v2\/industry?post=19400"},{"taxonomy":"persona","embeddable":true,"href":"https:\/\/www.sage.com\/es-es\/blog\/api\/wp\/v2\/persona?post=19400"},{"taxonomy":"imagine_tag","embeddable":true,"href":"https:\/\/www.sage.com\/es-es\/blog\/api\/wp\/v2\/imagine_tag?post=19400"},{"taxonomy":"author","embeddable":true,"href":"https:\/\/www.sage.com\/es-es\/blog\/api\/wp\/v2\/coauthors?post=19400"}],"curies":[{"name":"wp","href":"https:\/\/api.w.org\/{rel}","templated":true}]}}