{"id":19431,"date":"2022-02-02T19:13:47","date_gmt":"2022-02-02T18:13:47","guid":{"rendered":"https:\/\/www.sage.com\/es-es\/blog\/?p=19431"},"modified":"2026-03-13T14:15:19","modified_gmt":"2026-03-13T13:15:19","slug":"novedad-legal-prestaciones-servicios-irlanda-norte-formas-presentacion-modelo-347-2021-gipuzkoa","status":"publish","type":"post","link":"https:\/\/www.sage.com\/es-es\/blog\/novedad-legal-prestaciones-servicios-irlanda-norte-formas-presentacion-modelo-347-2021-gipuzkoa\/","title":{"rendered":"Prestaciones de servicios con Irlanda del Norte y formas de presentaci\u00f3n del modelo 347 (2021 &#8211; Gipuzkoa)"},"content":{"rendered":"<header class=\"entry-header has-dark-background-color entry-header--has-illustration entry-header--has-illustration--generic\">\n\t<div class=\"container\">\n\t\t<div class=\"entry-header__row row align-center\">\n\t\t\t<div class=\"col col-lg-7 col-xlg-6 entry-header__content\">\n\t\t\t\t\t\t\t<div class=\"component component-single-header\">\n\t\t\t\t\t\t\t\t\t\t<div class=\"entry-header__misc text--subtitle text--uppercase text--small\">\n\t\t\t\t\t\t\t<a href=\"https:\/\/www.sage.com\/es-es\/blog\/categoria\/legal\/\" class=\"entry-header__link\">Legal<\/a>\t\t\t\t\t\t<\/div>\n\t\t\t\t\n\t\t\t\t<div class=\"entry-title-wrapper\">\n\t\t\t\t\t<h1 class=\"entry-title\">\n\t\t\t\t\t\tPrestaciones de servicios con Irlanda del Norte y formas de presentaci\u00f3n del modelo 347 (2021 &#8211; Gipuzkoa)\t\t\t\t\t<\/h1>\n\t\t\t\t<\/div>\n\n\t\t\t\t\t\t\t\t\t<p class=\"entry-header__description\">\n\t\t\t\t\t\t\t\t\t\t\t<\/p>\n\t\t\t\t\n\t\t\t\t\n\t\t\t\t\n\t\t\t<\/div>\n\n\t\t\t\t\t<\/div>\n\t\t\t\t\t<\/div>\n\t<\/div>\n\t<div class=\"single-post-details container\">\n\t\t<div class=\"col\">\n\t\t\t<span class=\"posted-on \"><time class=\"entry-date published\" datetime=\"2022-02-02T19:13:47+01:00\">2 February, 2022<\/time><\/span><span class=\"reading-time\"> minutos de lectura<\/span>\n\t\t<button\n\t\t\ttype=\"button\"\n\t\t\tclass=\"social-share-button button button--icon button--secondary js-social-share-button\"\n\t\t\tdata-share-title=\"Prestaciones de servicios con Irlanda del Norte y formas de presentaci\u00f3n del modelo 347 (2021 &#8211; Gipuzkoa)\"\n\t\t\tdata-share-url=\"https:\/\/www.sage.com\/es-es\/blog\/novedad-legal-prestaciones-servicios-irlanda-norte-formas-presentacion-modelo-347-2021-gipuzkoa\/\"\n\t\t\tdata-share-text=\"Please read this interesting article\"\n\t\t>\n\t\t\t<span class=\"social-share-button__share-label\">Compartir<\/span>\n\t\t\t<span class=\"social-share-button__copy-label\" hidden>Copiar enlace<\/span>\n\t\t\t<span class=\"social-share-button__copy-tooltip\" aria-hidden=\"true\" hidden>Copiado<\/span>\n\t\t<\/button>\n\n\t\t\t\t<\/div>\n\t<\/div>\n<\/header>\n\n\n\n<div class=\"wp-block-post-author has-dark-background-color alignfull\">\n\t<div class=\"container\">\n\t\t<div class=\"col\">\n\t\t\t\t\t\t\t<div class=\"co-authors\">\n\t\t\t\t\t\n\t\t<div class=\"entry-author-wrapper\">\n\t\t\t<a class=\"entry-author\" href=\"https:\/\/www.sage.com\/es-es\/blog\/author\/ronald-lozano\/\">\n\t\t\t\t<img loading=\"lazy\" decoding=\"async\" width=\"40\" height=\"40\" src=\"https:\/\/www.sage.com\/es-es\/blog\/wp-content\/uploads\/sites\/8\/2025\/02\/Ronald-Lozano-350x350.jpg\" class=\"entry-author__image\" alt=\"Sage\" srcset=\"https:\/\/www.sage.com\/es-es\/blog\/wp-content\/uploads\/sites\/8\/2025\/02\/Ronald-Lozano-350x350.jpg 350w, https:\/\/www.sage.com\/es-es\/blog\/wp-content\/uploads\/sites\/8\/2025\/02\/Ronald-Lozano.jpg 600w\" sizes=\"auto, (max-width: 40px) 100vw, 40px\" \/>\t\t\t\t<span class=\"entry-author__name\">Ronald Lozano<\/span>\n\t\t\t<\/a>\n\n\t\t\t\t\t<\/div>\n\n\t\t\t\t\t\t<\/div>\n\t\t\t\t\t<\/div>\n\t<\/div>\n<\/div>\n\n\n\n<p>La Diputaci\u00f3n Foral de Gipuzkoa ha aprobado la Orden 15\/2022, de 17 de eneros por la que se <strong>aprueba el <a href=\"https:\/\/www.sage.com\/es-es\/blog\/solucion-a-las-dudas-mas-frecuentes-en-el-modelo-347\/\">modelo 347<\/a> de Declaraci\u00f3n anual<\/strong> de operaciones con terceras personas.<\/p>\n\n\n\n<p>A continuaci\u00f3n, encontrar\u00e1s un resumen de a qu\u00e9, a qui\u00e9n, c\u00f3mo y cu\u00e1ndo afecta esta medida.<\/p>\n\n\n\n<h2 class=\"wp-block-heading\" id=\"h-a-que-afecta\">\u00bfA qu\u00e9 afecta?<\/h2>\n\n\n\n<ul class=\"wp-block-list\">\n<li>A la declaraci\u00f3n en el modelo 347 de prestaciones de servicios entre Espa\u00f1a e Irlanda del Norte.<\/li>\n\n\n\n<li>A las formas de presentaci\u00f3n del modelo 347 (2021) en adelante.<\/li>\n<\/ul>\n\n\n\n<h2 class=\"wp-block-heading\" id=\"h-a-quien-afecta\">\u00bfA qui\u00e9n afecta?<\/h2>\n\n\n\n<ul class=\"wp-block-list\">\n<li>A los sujetos pasivos que presten o adquieran servicios a un cliente o proveedor en Irlanda del Norte.<\/li>\n\n\n\n<li>A todos los sujetos pasivos que presenten modelo 347 (2021) y siguientes.<\/li>\n<\/ul>\n\n\n\n<h2 class=\"wp-block-heading\" id=\"h-como-afecta\">\u00bfC\u00f3mo afecta?<\/h2>\n\n\n\n<p>Declaraci\u00f3n de operaciones de servicios con Irlanda del Norte:<\/p>\n\n\n\n<ul class=\"wp-block-list\">\n<li>Se establece la obligaci\u00f3n de declarar las prestaciones o adquisiciones de servicios con Irlanda del Norte.<\/li>\n\n\n\n<li>Se incluye en el registro de declarado, dentro del campo \u201cNIF operador intracomunitario\u201d la identificaci\u00f3n de Irlanda del Norte en el modelo 347:\n<ul class=\"wp-block-list\">\n<li>Irlanda del Norte<\/li>\n\n\n\n<li>XI<\/li>\n\n\n\n<li>5, 9 \u00f3 12 caracteres alfanum\u00e9ricos.<\/li>\n<\/ul>\n<\/li>\n<\/ul>\n\n\n\n<p>Formas de presentaci\u00f3n del modelo 347 (2021) y siguientes:<\/p>\n\n\n\n<ul class=\"wp-block-list\">\n<li>Se suprime la presentaci\u00f3n en soporte magn\u00e9tico.<\/li>\n\n\n\n<li>La presentaci\u00f3n del modelo 347 se har\u00e1 o bien por papel o por v\u00eda telem\u00e1tica a trav\u00e9s de la plataforma Zegabidea.<\/li>\n<\/ul>\n\n\n\n<h2 class=\"wp-block-heading\" id=\"h-cuando-afecta\">\u00bfCu\u00e1ndo afecta?<\/h2>\n\n\n\n<p>La normativa entrar\u00e1 en vigor el 22\/01\/2022.<\/p>\n\n\n\n<ul class=\"wp-block-list\">\n<li>La primera declaraci\u00f3n 347 afectada ser\u00e1 la correspondiente al ejercicio del 2021 a presentar durante el mes de febrero de 2022.<\/li>\n<\/ul>\n\n\n\n<p><span style=\"font-size: larger\">En resumen, se trata de la <strong>adaptaci\u00f3n del modelo 347<\/strong> para permitir la inclusi\u00f3n de las prestaciones\/adquisiciones de servicios con Irlanda del Norte y de la eliminaci\u00f3n del soporte magn\u00e9tico como forma de presentaci\u00f3n.<\/span><\/p>\n\n\n\n<p>Orden Foral 15\/2022, de 17 de enero, por la que se aprueba el modelo 347 de declaraci\u00f3n anual de operaciones con terceras personas y sus formas de presentaci\u00f3n.<\/p>\n\n\n\n<div class=\"single-cta\">\n\t<div class=\"single-cta__positioner\">\n\t\t<div class=\"single-cta__wrapper has-dark-background-color\">\n\t\t\t<div class=\"single-cta__content\">\n\t\t\t\t\t\t\t\t<h2 class=\"single-cta__title h3\">Tu software, siempre al d\u00eda de los cambios legales<\/h2>\n\n\t\t\t\t\t\t\t\t\t<div class=\"single-cta__description\">\n\t\t\t\t\t\t<p>Ya sea un cambio fiscal, laboral, mercantil<br \/>\no de contabilidad y facturaci\u00f3n, con el software<br \/>\nde Sage cumplir\u00e1s con cualquier normativa.<\/p>\n\t\t\t\t\t<\/div>\n\t\t\t\t\n\t\t\t\t\t\t\t\t\t\t\t\t\t\t<a\n\t\t\t\t\t\thref=\"https:\/\/www.sage.com\/es-es\/productos\/\"\n\t\t\t\t\t\tclass=\"single-cta__button button button--primary\"\n\t\t\t\t\t\t\t\t\t\t\t\t\tid=\"cta-id-19105\"\n\t\t\t\t\t\t\t\t\t\t\t\t\t\t\t\t\t\t\tdata-button-location=\"cta_box\"\n\t\t\t\t\t\t\t\t\t\t\t>Conoce nuestros productos<\/a>\n\t\t\t\t\t\t\t<\/div>\n\n\t\t\t\t\t<\/div>\n\n\t\t\t\t\t<img decoding=\"async\" width=\"1440\" height=\"810\" src=\"https:\/\/www.sage.com\/es-es\/blog\/wp-content\/uploads\/sites\/8\/2022\/04\/GettyImages-1011227656-1440x810.jpg\" class=\"single-cta__image\" alt=\"Sage\" loading=\"lazy\" srcset=\"https:\/\/www.sage.com\/es-es\/blog\/wp-content\/uploads\/sites\/8\/2022\/04\/GettyImages-1011227656-1440x810.jpg 1440w\" sizes=\"auto, (min-width: 48em) 33vw, 100vw\" \/>\t\t\t<\/div>\n<\/div>\n","protected":false},"excerpt":{"rendered":"<p>La Diputaci\u00f3n Foral de Gipuzkoa ha aprobado la Orden 15\/2022, de 17 de eneros por la que se aprueba el modelo 347 de Declaraci\u00f3n anual de operaciones con terceras personas. A continuaci\u00f3n, encontrar\u00e1s un resumen de a qu\u00e9, a qui\u00e9n, c\u00f3mo y cu\u00e1ndo afecta esta medida. \u00bfA qu\u00e9 afecta? \u00bfA qui\u00e9n afecta? \u00bfC\u00f3mo afecta? Declaraci\u00f3n [&hellip;]<\/p>\n","protected":false},"author":248,"featured_media":19848,"comment_status":"closed","ping_status":"closed","sticky":false,"template":"","format":"standard","meta":{"_sage_video":false,"post_featured_image_hide":false,"footnotes":""},"categories":[6],"tags":[201],"business_type":[10,11,8],"lilypad":[],"context":[],"industry":[],"persona":[],"imagine_tag":[260],"coauthors":[670],"class_list":["post-19431","post","type-post","status-publish","format-standard","has-post-thumbnail","hentry","category-legal","tag-normativa-legal","business_type-pequena-empresa","business_type-mediana-empresa","business_type-asesorias-despachos-profesionales"],"sage_meta":{"region":"es-es","author_name":"Ronald Lozano","featured_image":"https:\/\/www.sage.com\/es-es\/blog\/wp-content\/uploads\/sites\/8\/2022\/04\/GettyImages-167447341.jpg","imagine_tags":{"260":"Legal"}},"distributor_meta":false,"distributor_terms":false,"distributor_media":false,"distributor_original_site_name":"Sage Advice Espa\u00f1a","distributor_original_site_url":"https:\/\/www.sage.com\/es-es\/blog","push-errors":false,"_links":{"self":[{"href":"https:\/\/www.sage.com\/es-es\/blog\/api\/wp\/v2\/posts\/19431","targetHints":{"allow":["GET"]}}],"collection":[{"href":"https:\/\/www.sage.com\/es-es\/blog\/api\/wp\/v2\/posts"}],"about":[{"href":"https:\/\/www.sage.com\/es-es\/blog\/api\/wp\/v2\/types\/post"}],"author":[{"embeddable":true,"href":"https:\/\/www.sage.com\/es-es\/blog\/api\/wp\/v2\/users\/248"}],"replies":[{"embeddable":true,"href":"https:\/\/www.sage.com\/es-es\/blog\/api\/wp\/v2\/comments?post=19431"}],"version-history":[{"count":0,"href":"https:\/\/www.sage.com\/es-es\/blog\/api\/wp\/v2\/posts\/19431\/revisions"}],"wp:featuredmedia":[{"embeddable":true,"href":"https:\/\/www.sage.com\/es-es\/blog\/api\/wp\/v2\/media\/19848"}],"wp:attachment":[{"href":"https:\/\/www.sage.com\/es-es\/blog\/api\/wp\/v2\/media?parent=19431"}],"wp:term":[{"taxonomy":"category","embeddable":true,"href":"https:\/\/www.sage.com\/es-es\/blog\/api\/wp\/v2\/categories?post=19431"},{"taxonomy":"post_tag","embeddable":true,"href":"https:\/\/www.sage.com\/es-es\/blog\/api\/wp\/v2\/tags?post=19431"},{"taxonomy":"business_type","embeddable":true,"href":"https:\/\/www.sage.com\/es-es\/blog\/api\/wp\/v2\/business_type?post=19431"},{"taxonomy":"lilypad","embeddable":true,"href":"https:\/\/www.sage.com\/es-es\/blog\/api\/wp\/v2\/lilypad?post=19431"},{"taxonomy":"context","embeddable":true,"href":"https:\/\/www.sage.com\/es-es\/blog\/api\/wp\/v2\/context?post=19431"},{"taxonomy":"industry","embeddable":true,"href":"https:\/\/www.sage.com\/es-es\/blog\/api\/wp\/v2\/industry?post=19431"},{"taxonomy":"persona","embeddable":true,"href":"https:\/\/www.sage.com\/es-es\/blog\/api\/wp\/v2\/persona?post=19431"},{"taxonomy":"imagine_tag","embeddable":true,"href":"https:\/\/www.sage.com\/es-es\/blog\/api\/wp\/v2\/imagine_tag?post=19431"},{"taxonomy":"author","embeddable":true,"href":"https:\/\/www.sage.com\/es-es\/blog\/api\/wp\/v2\/coauthors?post=19431"}],"curies":[{"name":"wp","href":"https:\/\/api.w.org\/{rel}","templated":true}]}}