{"id":19539,"date":"2023-12-07T17:51:00","date_gmt":"2023-12-07T16:51:00","guid":{"rendered":"https:\/\/www.sage.com\/es-es\/blog\/?p=19539"},"modified":"2026-03-13T14:14:57","modified_gmt":"2026-03-13T13:14:57","slug":"novedad-legal-proyecto-real-decreto-software-antifraude-verifactu","status":"publish","type":"post","link":"https:\/\/www.sage.com\/es-es\/blog\/novedad-legal-proyecto-real-decreto-software-antifraude-verifactu\/","title":{"rendered":"As\u00ed es el nuevo reglamento que regula el software de facturaci\u00f3n"},"content":{"rendered":"<header class=\"entry-header has-dark-background-color entry-header--has-illustration entry-header--has-illustration--generic\">\n\t<div class=\"container\">\n\t\t<div class=\"entry-header__row row align-center\">\n\t\t\t<div class=\"col col-lg-7 col-xlg-6 entry-header__content\">\n\t\t\t\t\t\t\t<div class=\"component component-single-header\">\n\t\t\t\t\t\t\t\t\t\t<div class=\"entry-header__misc text--subtitle text--uppercase text--small\">\n\t\t\t\t\t\t\t<a href=\"https:\/\/www.sage.com\/es-es\/blog\/categoria\/legal\/\" class=\"entry-header__link\">Legal<\/a>\t\t\t\t\t\t<\/div>\n\t\t\t\t\n\t\t\t\t<div class=\"entry-title-wrapper\">\n\t\t\t\t\t<h1 class=\"entry-title\">\n\t\t\t\t\t\tAs\u00ed es el nuevo reglamento que regula el software de facturaci\u00f3n\t\t\t\t\t<\/h1>\n\t\t\t\t<\/div>\n\n\t\t\t\t\t\t\t\t\t<p class=\"entry-header__description\">\n\t\t\t\t\t\t\t\t\t\t\t<\/p>\n\t\t\t\t\n\t\t\t\t\n\t\t\t\t\n\t\t\t<\/div>\n\n\t\t\t\t\t<\/div>\n\t\t\t\t\t<\/div>\n\t<\/div>\n\t\t<div class=\"single-post-details container\">\n\t\t<div class=\"col\">\n\t\t\t<span class=\"posted-on \">Publicado el <time class=\"entry-date published\" datetime=\"2023-12-07T17:51:00+01:00\">7 diciembre, 2023<\/time><\/span><span class=\"reading-time\"> minutos de lectura<\/span>\n\t\t<button\n\t\t\ttype=\"button\"\n\t\t\tclass=\"social-share-button button button--icon button--secondary js-social-share-button\"\n\t\t\tdata-share-title=\"As\u00ed es el nuevo reglamento que regula el software de facturaci\u00f3n\"\n\t\t\tdata-share-url=\"https:\/\/www.sage.com\/es-es\/blog\/novedad-legal-proyecto-real-decreto-software-antifraude-verifactu\/\"\n\t\t\tdata-share-text=\"Please read this interesting article\"\n\t\t>\n\t\t\t<span class=\"social-share-button__share-label\">Compartir<\/span>\n\t\t\t<span class=\"social-share-button__copy-label\" hidden>Copy Link<\/span>\n\t\t\t<span class=\"social-share-button__copy-tooltip\" aria-hidden=\"true\" hidden>Copied<\/span>\n\t\t<\/button>\n\n\t\t\t\t<\/div>\n\t<\/div>\n\t<\/header>\n\n\n\n<div class=\"wp-block-post-author has-dark-background-color alignfull\">\n\t<div class=\"container\">\n\t\t<div class=\"col\">\n\t\t\t\t\t\t\t<div class=\"co-authors\">\n\t\t\t\t\t\n\t\t<div class=\"entry-author-wrapper\">\n\t\t\t<a class=\"entry-author\" href=\"https:\/\/www.sage.com\/es-es\/blog\/author\/ronald-lozano\/\">\n\t\t\t\t<img loading=\"lazy\" decoding=\"async\" width=\"40\" height=\"40\" src=\"https:\/\/www.sage.com\/es-es\/blog\/wp-content\/uploads\/sites\/8\/2025\/02\/Ronald-Lozano-350x350.jpg\" class=\"entry-author__image\" alt=\"Sage\" srcset=\"https:\/\/www.sage.com\/es-es\/blog\/wp-content\/uploads\/sites\/8\/2025\/02\/Ronald-Lozano-350x350.jpg 350w, https:\/\/www.sage.com\/es-es\/blog\/wp-content\/uploads\/sites\/8\/2025\/02\/Ronald-Lozano.jpg 600w\" sizes=\"auto, (max-width: 40px) 100vw, 40px\" \/>\t\t\t\t<span class=\"entry-author__name\">Ronald Lozano<\/span>\n\t\t\t<\/a>\n\n\t\t\t\t\t<\/div>\n\n\t\t\t\t\t\t<\/div>\n\t\t\t\t\t<\/div>\n\t<\/div>\n<\/div>\n\n\n\n<h4 class=\"wp-block-heading\" id=\"h-tras-la-publicacion-de-las-medidas-de-prevencion-y-lucha-contra-el-fraude-fiscal-recogidas-en-la-ley-11-2021-de-9-de-julio-se-publica-ahora-el-reglamento-de-certificacion-de-software-nbsp-el-mismo-desarrolla-las-especificaciones-de-la-nbsp-prohibicion-de-programas-de-facturacion-de-doble-uso-nbsp-que-introdujo-la-ley-antifraude-en-julio-de-2021\" style=\"font-style:normal;font-weight:100\">Tras la publicaci\u00f3n de las medidas de prevenci\u00f3n y lucha contra el fraude fiscal recogidas en la Ley 11\/2021, de 9 de julio, se publica ahora el <strong>Reglamento de Certificaci\u00f3n de Software.<\/strong>&nbsp;El mismo desarrolla las especificaciones de la&nbsp;<strong>prohibici\u00f3n de programas de facturaci\u00f3n de doble uso<\/strong>&nbsp;que introdujo la <a href=\"https:\/\/www.sage.com\/es-es\/certificacion-software\/antifraude\/\">Ley Antifraude en julio de 2021<\/a>.<\/h4>\n\n\n\n<p class=\"wp-block-paragraph\">A continuaci\u00f3n, encontrar\u00e1s un\u00a0<strong>resumen de a qu\u00e9, a qui\u00e9n, c\u00f3mo y cu\u00e1ndo afecta\u00a0<\/strong>el Reglamento de Certificaci\u00f3n de So<a href=\"https:\/\/www.sage.com\/es-es\/certificacion-software\/antifraude\/\">ftware<\/a>.<\/p>\n\n\n\n<figure class=\"wp-block-image size-full\"><img loading=\"lazy\" decoding=\"async\" width=\"1200\" height=\"800\" src=\"https:\/\/www.sage.com\/es-es\/blog\/wp-content\/uploads\/sites\/8\/2023\/12\/SGE_CREA_Verifactu-Fechas_2027.jpg\" alt=\"Sage\" class=\"wp-image-33524\" srcset=\"https:\/\/www.sage.com\/es-es\/blog\/wp-content\/uploads\/sites\/8\/2023\/12\/SGE_CREA_Verifactu-Fechas_2027.jpg 1200w, https:\/\/www.sage.com\/es-es\/blog\/wp-content\/uploads\/sites\/8\/2023\/12\/SGE_CREA_Verifactu-Fechas_2027-768x512.jpg 768w\" sizes=\"auto, (max-width: 1200px) 100vw, 1200px\" \/><\/figure>\n\n\n\n<h2 class=\"wp-block-heading\" id=\"h-a-que-afecta\">\u00bfA qu\u00e9 afecta?<\/h2>\n\n\n\n<p class=\"wp-block-paragraph\">El reglamento afecta a los <strong><a href=\"https:\/\/www.sage.com\/es-es\/software-contabilidad\/factura\/\">programas de facturaci\u00f3n<\/a> de doble uso <\/strong>desarrollando en el mismo las especificaciones de su prohibici\u00f3n.<\/p>\n\n\n\n<h2 class=\"wp-block-heading\" id=\"h-a-quien-afecta\">\u00bfA qui\u00e9n afecta?<\/h2>\n\n\n\n<p class=\"wp-block-paragraph\">Los afectados por la obligaci\u00f3n a este nuevo sistema ser\u00e1n:<\/p>\n\n\n\n<ul class=\"wp-block-list\">\n<li><strong>Empresas y profesionales<\/strong> que:\n<ul class=\"wp-block-list\">\n<li><strong>Emitan facturas<\/strong>, a excepci\u00f3n de aquellas que est\u00e9n obligadas a la presentaci\u00f3n del SII.<\/li>\n\n\n\n<li>El Reglamento ser\u00e1 aplicable en todo el <strong>territorio espa\u00f1ol.<\/strong><\/li>\n\n\n\n<li>En cuanto a los obligados tributarios de <strong>Pa\u00eds Vasco y Navarra<\/strong>, solamente les aplicar\u00e1 cuando se tenga <strong>domicilio fiscal en territorio com\u00fan.<\/strong><\/li>\n<\/ul>\n<\/li>\n<\/ul>\n\n\n\n<ul class=\"wp-block-list\">\n<li><strong>Productores y comercializadores<\/strong> de sistemas inform\u00e1ticos que soporten procesos de facturaci\u00f3n.<\/li>\n<\/ul>\n\n\n\n<h2 class=\"wp-block-heading\" id=\"h-como-afecta\">\u00bfC\u00f3mo afecta?<\/h2>\n\n\n\n<ul class=\"wp-block-list\">\n<li>El reglamento establece que los softwares de facturaci\u00f3n deber\u00e1n de cumplir con <strong>tres requisitos<\/strong> b\u00e1sicos:\n<ul class=\"wp-block-list\">\n<li>El <strong>primero <\/strong>de ellos ser\u00e1 impedir la destrucci\u00f3n y\/o modificaci\u00f3n de las facturas emitidas<\/li>\n\n\n\n<li>El <strong>segundo<\/strong> se trata de que todas las facturas se emitan con c\u00f3digo QR. En el caso de que se emitan facturas electr\u00f3nicas, el c\u00f3digo QR se podr\u00e1 substituir por el contenido al cual representa el c\u00f3digo QR.<\/li>\n\n\n\n<li>Y, <strong>por \u00faltimo<\/strong>, dar la opci\u00f3n a los usuarios de enviar las facturas emitidas a la Agencia Tributaria. Adem\u00e1s, los programas deber\u00e1n llevar un registro de los eventos que realicen sus usuarios, tales como el encendido y apagado, los errores producidos, o la instalaci\u00f3n y actualizaciones realizadas y deber\u00e1n poder ser consultados desde el propio sistema inform\u00e1tico.<\/li>\n<\/ul>\n<\/li>\n<\/ul>\n\n\n\n<h2 class=\"wp-block-heading\" id=\"h-cuando-afecta\">\u00bfCu\u00e1ndo afecta?<\/h2>\n\n\n\n<p class=\"wp-block-paragraph\">Por \u00faltimo, y no menos importante, se establecen las fechas en las que ser\u00e1 obligatorio para las empresas y profesionales disponer de un programa de facturaci\u00f3n adaptado a los requisitos legalmente establecidos:<\/p>\n\n\n\n<ul class=\"wp-block-list\">\n<li><strong>28 de julio de 2025: <\/strong>Los fabricantes de software deben comercializar \u00fanicamente software certificado.<\/li>\n\n\n\n<li><strong>1 de enero de 2027:<\/strong> Las asesor\u00edas profesionales y las empresas deben empezar a usar el software certificado.<\/li>\n\n\n\n<li><strong>1 de julio de 2027:<\/strong> Los aut\u00f3nomos deben empezar a usar el software certificado.<\/li>\n<\/ul>\n\n\n\n<p class=\"wp-block-paragraph\"><span style=\"font-size: larger;\">Por ello, una vez concretadas las normas es necesario adaptarse a sus disposiciones para, evitar sanciones para las empresas y aut\u00f3nomos ante posibles incumplimientos de la normativa.<\/span><\/p>\n\n\n\n<p class=\"wp-block-paragraph\">REAL DECRETO 1007\/2023, DE 5 DE DICIEMBRE POR EL QUE SE APRUEBA EL REGLAMENTO QUE ESTABLECE LOS REQUISITOS QUE DEBEN ADOPTAR LOS SISTEMAS Y PROGRAMAS INFORM\u00c1TICOS O ELECTR\u00d3NICOS QUE SOPORTEN LOS PROCESOS DE FACTURACI\u00d3N DE EMPRESARIOS Y PROFESIONALES, Y LA ESTANDARIZACI\u00d3N DE FORMATOS DE LOS REGISTROS DE FACTURACI\u00d3N. <a href=\"https:\/\/www.boe.es\/boe\/dias\/2023\/12\/06\/pdfs\/BOE-A-2023-24840.pdf\" target=\"_blank\" rel=\"noopener\">Puedes consultar en este enlace la publicaci\u00f3n oficial.<\/a><\/p>\n\n\n\n<p class=\"wp-block-paragraph\"><em><strong>Nota del editor:<\/strong><\/em> <em>Este art\u00edculo est\u00e1 actualizado a 6 de noviembre de 2024 tras la publicaci\u00f3n del proyecto de modificaci\u00f3n del reglamento del software de facturaci\u00f3n.<\/em> Posteriormente, se actualiz\u00f3 en diciembre de 2025 tras el aplazamiento de la Ley Antifraude y Verifactu a 2027.<\/p>\n\n\n\n<div class=\"single-cta\">\n\t<div class=\"single-cta__positioner on-scroll-highlight__target\">\n\t\t<div class=\"single-cta__wrapper has-dark-background-color\">\n\t\t\t<div class=\"single-cta__content\">\n\t\t\t\t\t\t\t\t<h2 class=\"single-cta__title h3\">\u00bfEst\u00e1 tu software listo para Verifactu 2027?<\/h2>\n\n\t\t\t\t\t\t\t\t\t<div class=\"single-cta__description\">\n\t\t\t\t\t\t<p><!-- wp:paragraph --><\/p>\n<p>\u2705 El calendario cambia y la <strong>entrada obligatoria se aplaza a 2027<\/strong>, pero la oportunidad de profesionalizar tu facturaci\u00f3n sigue ah\u00ed.<\/p>\n<p><!-- \/wp:paragraph --><\/p>\n<p><!-- wp:paragraph --><\/p>\n<p><small>Y aqu\u00ed tienes una ventaja: en Sage hemos sido los <strong>primeros en certificar nuestras soluciones con Verifactu<\/strong>, garant\u00eda de que ya trabajas con un <strong>software verdaderamente adaptado a la Ley Antifraude. <\/strong><\/small><\/p>\n<p><!-- \/wp:paragraph --><\/p>\n\t\t\t\t\t<\/div>\n\t\t\t\t\n\t\t\t\t\t\t\t\t\t\t\t\t\t\t<a\n\t\t\t\t\t\thref=\"https:\/\/www.sage.com\/es-es\/certificacion-software\/certificaciones-sage\/\"\n\t\t\t\t\t\tclass=\"single-cta__button button button--primary\"\n\t\t\t\t\t\t\t\t\t\t\t\t\tid=\"cta-id-31589\"\n\t\t\t\t\t\t\t\t\t\t\t\t\t\t\t\t\t\t\tdata-button-location=\"cta_box\"\n\t\t\t\t\t\t\t\t\t\t\t>Descubre cu\u00e1l se adapta mejor a tu negocio<\/a>\n\t\t\t\t\t\t\t<\/div>\n\n\t\t\t\t\t<\/div>\n\n\t\t\t\t\t<img decoding=\"async\" width=\"934\" height=\"810\" src=\"https:\/\/www.sage.com\/es-es\/blog\/wp-content\/uploads\/sites\/8\/2025\/05\/Verifactu-Ready-2-934x810.jpg\" class=\"single-cta__image\" alt=\"Sage\" loading=\"lazy\" srcset=\"https:\/\/www.sage.com\/es-es\/blog\/wp-content\/uploads\/sites\/8\/2025\/05\/Verifactu-Ready-2-934x810.jpg 934w\" sizes=\"auto, (min-width: 48em) 33vw, 100vw\" \/>\t\t\t<\/div>\n<\/div>\n\n<section class=\"more-topics alignfull has-grey-light-background-color wp-block-sage-post-topics\">\n\t<div class=\"container\">\n\t\t<div class=\"row\">\n\t\t\t<div class=\"col col-12 col-lg-4\">\n\t\t\t\t<h3 class=\"more-topics__title h2\">Encuentra m\u00e1s art\u00edculos sobre estas tem\u00e1ticas<\/h3>\n\t\t\t<\/div>\n\t\t\t<div class=\"col col-12 col-lg-8\">\n\t\t\t\t<ul class=\"post-tags__list\">\n\t\t\t\t\t\t\t\t\t\t\t<li class=\"post-tags__item\">\n\t\t\t\t\t\t\t<a href=\"https:\/\/www.sage.com\/es-es\/blog\/tag\/normativa-legal\/\" class=\"post-tags__link button button--secondary\">\n\t\t\t\t\t\t\t\tNormativa legal\t\t\t\t\t\t\t<\/a>\n\t\t\t\t\t\t<\/li>\n\t\t\t\t\t\t\t\t\t<\/ul>\n\t\t\t<\/div>\n\t\t<\/div>\n\t<\/div>\n<\/section>\n\n<div class=\"alignfull wp-block-sage-related-posts\">\n\t<section class=\"related-posts card-grid has-dark-background-color\">\n\t<div class=\"container\">\n\t\t\t\t\t<div class=\"row\">\n\t\t\t\t<div class=\"col\">\n\t\t\t\t\t<h2 class=\"related-posts__heading related-posts__heading--featured h1\">Encuentra m\u00e1s consejos<\/h2>\n\t\t\t\t<\/div>\n\t\t\t<\/div>\n\n\t\t\t<div class=\"row related-posts__featured\">\n\t\t\t\t<div class=\"col card-grid__item\">\n\t\t\t\t\t<article\n\t\tclass=\"card-post related-post related-post-0 post-37202 post type-post status-publish format-standard has-post-thumbnail hentry category-personas-liderazgo tag-control-horario tag-normativa-legal tag-rrhh business_type-pequena-empresa business_type-mediana-empresa card-post--is-clickable\"\n>\n\t<div class=\"card-post__media-wrapper\">\n\t\t<figure class=\"card-post__media\">\n\t\t\t\t\t\t\t<img decoding=\"async\" width=\"1440\" height=\"810\" src=\"https:\/\/www.sage.com\/es-es\/blog\/wp-content\/uploads\/sites\/8\/2023\/09\/GettyImages-1160135293.jpg\" class=\"card-post__image\" alt=\"Sage\" loading=\"lazy\" srcset=\"https:\/\/www.sage.com\/es-es\/blog\/wp-content\/uploads\/sites\/8\/2023\/09\/GettyImages-1160135293-684x384.jpg 684w, https:\/\/www.sage.com\/es-es\/blog\/wp-content\/uploads\/sites\/8\/2023\/09\/GettyImages-1160135293-768x432.jpg 768w, https:\/\/www.sage.com\/es-es\/blog\/wp-content\/uploads\/sites\/8\/2023\/09\/GettyImages-1160135293.jpg 1440w\" sizes=\"auto, (min-width: 48em) 250px, (min-width: 30em) 100vw, 100vw\" \/>\t\t\t\n\t\t\t\n\t\t\t\t\t<\/figure>\n\t<\/div>\n\n\t<div class=\"card-post__content\">\n\t\t\t\t\t<div class=\"card-post__label\">Recomendado<\/div>\n\t\t\n\t\t\t\t\t<div class=\"card-post__meta\">\n\t\t\t\t\t\t\t\t\t\t\t\t\t\t\t\t\t\t\t<span class=\"card-post__meta-text\"><span class=\"posted-on \"><time class=\"entry-date published\" datetime=\"2026-03-05T09:45:55+01:00\">5 marzo, 2026<\/time><\/span><\/span>\n\t\t\t\t\t\t\t\t\t\t\t<span class=\"card-post__meta-text\"><span class=\"reading-time\">6 minutos de lectura<\/span><\/span>\n\t\t\t\t\t\t\t\t\t\t\t\t<\/div>\n\t\t\n\t\t<p class=\"card-post__title h3\">\n\t\t\t\t\t\t\t<a\n\t\t\t\t\tclass=\"card-post__title-link\"\n\t\t\t\t\thref=\"https:\/\/www.sage.com\/es-es\/blog\/como-comunicar-nuevo-control-horario-empleados\/\"\n\t\t\t\t>\n\t\t\t\n\t\t\tC\u00f3mo comunicar el nuevo control horario a tus empleados y asegurar su cumplimiento\n\t\t\t\t\t\t\t<\/a>\n\t\t\t\t\t<\/p>\n\n\t\t\n\t\t\t\t\t<p class=\"card-post__description\">\n\t\t\t\tComunicar el nuevo control horario con claridad a tu equipo te ayudar\u00e1 a cumplir la norma, evitar\u00e1 sanciones y mejorar\u00e1 tu organizaci\u00f3n interna.\t\t\t<\/p>\n\t\t\n\t\t\t<\/div>\n\n\t<\/article>\n\t\t\t\t<\/div>\n\t\t\t<\/div>\n\t\t\n\t\t\t\t\t<div class=\"row related-posts__non-featured\">\n\t\t\t\t<div class=\"col col-12\">\n\t\t\t\t\t<h2 class=\"related-posts__heading related-posts__heading--more h4\">M\u00e1s sobre esta tem\u00e1tica<\/h2>\n\t\t\t\t<\/div>\n\n\t\t\t\t\n\t\t\t\t\t<div class=\"col col-6 col-lg-3 card-grid__item\">\n\t\t\t\t\t\t<article\n\t\tclass=\"card-post related-post related-post-1 post-30679 post type-post status-publish format-standard has-post-thumbnail hentry category-legal tag-normativa-legal tag-novedades-legales business_type-pequena-empresa business_type-mediana-empresa business_type-asesorias-despachos-profesionales\"\n>\n\t\t\t<a\n\t\t\tclass=\"card-post__link\"\n\t\t\thref=\"https:\/\/www.sage.com\/es-es\/blog\/novedad-legal-extincion-materia-contrato-de-trabajo\/\"\n\t\t\t\t\t>\n\t\t\t<figure class=\"card-post__media\">\n\t\t\t\t\t\t\t<img decoding=\"async\" width=\"684\" height=\"384\" src=\"https:\/\/www.sage.com\/es-es\/blog\/wp-content\/uploads\/sites\/8\/2022\/04\/GettyImages-1248751742-684x384.jpg\" class=\"card-post__image\" alt=\"Chica trabajando en su puesto de trabajo\" loading=\"lazy\" srcset=\"https:\/\/www.sage.com\/es-es\/blog\/wp-content\/uploads\/sites\/8\/2022\/04\/GettyImages-1248751742-684x384.jpg 684w, https:\/\/www.sage.com\/es-es\/blog\/wp-content\/uploads\/sites\/8\/2022\/04\/GettyImages-1248751742-768x432.jpg 768w, https:\/\/www.sage.com\/es-es\/blog\/wp-content\/uploads\/sites\/8\/2022\/04\/GettyImages-1248751742-1440x810.jpg 1440w\" sizes=\"auto, (min-width: 48em) 250px, (min-width: 30em) 100vw, 100vw\" \/>\t\t\t\n\t\t\t\n\t\t\t\t\t<\/figure>\n\n\t\t\n\t\t\t\t\t<div class=\"card-post__meta\">\n\t\t\t\t\t\t\t\t\t\t\t\t\t\t\t\t\t\t\t\t\t\t\t\t\t\t<span class=\"card-post__meta-text\"><span class=\"posted-on \"><time class=\"entry-date published\" datetime=\"2025-05-05T11:09:39+02:00\">5 mayo, 2025<\/time><\/span><\/span>\n\t\t\t\t\t\t\t\t\t\t\t\t\t\t\t\t\t\t\t\t\t\t\t\t<span class=\"card-post__meta-text\"><span class=\"reading-time\">1 minutos de lectura<\/span><\/span>\n\t\t\t\t\t\t\t\t\t\t\t\t\t\t\t\t\t\t<\/div>\n\t\t\n\t\t<p class=\"card-post__title h5\">\n\t\t\tEstas son las novedades en relaci\u00f3n a la extinci\u00f3n en materia de contrato de trabajo\t\t<\/p>\n\n\t\t\t<\/a>\n\t\n\t\n\t\t\n\t\n\t<\/article>\n\t\t\t\t\t<\/div>\n\t\t\t\t\n\t\t\t\t\t<div class=\"col col-6 col-lg-3 card-grid__item\">\n\t\t\t\t\t\t<article\n\t\tclass=\"card-post related-post related-post-2 post-29087 post type-post status-publish format-standard has-post-thumbnail hentry category-legal tag-normativa-legal tag-novedades-legales business_type-pequena-empresa business_type-mediana-empresa business_type-asesorias-despachos-profesionales\"\n>\n\t\t\t<a\n\t\t\tclass=\"card-post__link\"\n\t\t\thref=\"https:\/\/www.sage.com\/es-es\/blog\/novedad-legal-mecanismo-red\/\"\n\t\t\t\t\t>\n\t\t\t<figure class=\"card-post__media\">\n\t\t\t\t\t\t\t<img decoding=\"async\" width=\"684\" height=\"384\" src=\"https:\/\/www.sage.com\/es-es\/blog\/wp-content\/uploads\/sites\/8\/2023\/09\/GettyImages-1475286239-684x384.jpg\" class=\"card-post__image\" alt=\"Trabajador en su empresa\" loading=\"lazy\" srcset=\"https:\/\/www.sage.com\/es-es\/blog\/wp-content\/uploads\/sites\/8\/2023\/09\/GettyImages-1475286239-684x384.jpg 684w, https:\/\/www.sage.com\/es-es\/blog\/wp-content\/uploads\/sites\/8\/2023\/09\/GettyImages-1475286239-768x512.jpg 768w, https:\/\/www.sage.com\/es-es\/blog\/wp-content\/uploads\/sites\/8\/2023\/09\/GettyImages-1475286239-1215x810.jpg 1215w\" sizes=\"auto, (min-width: 48em) 250px, (min-width: 30em) 100vw, 100vw\" \/>\t\t\t\n\t\t\t\n\t\t\t\t\t<\/figure>\n\n\t\t\n\t\t\t\t\t<div class=\"card-post__meta\">\n\t\t\t\t\t\t\t\t\t\t\t\t\t\t\t\t\t\t\t\t\t\t\t\t\t\t<span class=\"card-post__meta-text\"><span class=\"posted-on \"><time class=\"entry-date published\" datetime=\"2025-01-09T11:41:27+01:00\">9 enero, 2025<\/time><\/span><\/span>\n\t\t\t\t\t\t\t\t\t\t\t\t\t\t\t\t\t\t\t\t\t\t\t\t<span class=\"card-post__meta-text\"><span class=\"reading-time\">3 minutos de lectura<\/span><\/span>\n\t\t\t\t\t\t\t\t\t\t\t\t\t\t\t\t\t\t<\/div>\n\t\t\n\t\t<p class=\"card-post__title h5\">\n\t\t\tNovedades en relaci\u00f3n al Mecanismo RED para el sector veh\u00edculos de motor\t\t<\/p>\n\n\t\t\t<\/a>\n\t\n\t\n\t\t\n\t\n\t<\/article>\n\t\t\t\t\t<\/div>\n\t\t\t\t\n\t\t\t\t\t<div class=\"col col-6 col-lg-3 card-grid__item\">\n\t\t\t\t\t\t<article\n\t\tclass=\"card-post related-post related-post-3 post-29085 post type-post status-publish format-standard has-post-thumbnail hentry category-legal tag-normativa-legal tag-novedades-legales business_type-pequena-empresa business_type-mediana-empresa business_type-asesorias-despachos-profesionales\"\n>\n\t\t\t<a\n\t\t\tclass=\"card-post__link\"\n\t\t\thref=\"https:\/\/www.sage.com\/es-es\/blog\/novedad-legal-servicio-publico-justicia\/\"\n\t\t\t\t\t>\n\t\t\t<figure class=\"card-post__media\">\n\t\t\t\t\t\t\t<img decoding=\"async\" width=\"684\" height=\"384\" src=\"https:\/\/www.sage.com\/es-es\/blog\/wp-content\/uploads\/sites\/8\/2024\/02\/BrandShootSF_Oct2021_ProfSvcs_C8626-original-684x384.jpg\" class=\"card-post__image\" alt=\"Una mujer y un hombre est\u00e1n sentados en una mesa redonda en una oficina moderna, hablando de trabajo. La mujer tiene un ordenador port\u00e1til delante de ella. Est\u00e1n cerca de grandes ventanales, con una pared de ladrillos al fondo. Otra persona es parcialmente visible en primer plano.\" loading=\"lazy\" srcset=\"https:\/\/www.sage.com\/es-es\/blog\/wp-content\/uploads\/sites\/8\/2024\/02\/BrandShootSF_Oct2021_ProfSvcs_C8626-original-684x384.jpg 684w, https:\/\/www.sage.com\/es-es\/blog\/wp-content\/uploads\/sites\/8\/2024\/02\/BrandShootSF_Oct2021_ProfSvcs_C8626-original-768x512.jpg 768w, https:\/\/www.sage.com\/es-es\/blog\/wp-content\/uploads\/sites\/8\/2024\/02\/BrandShootSF_Oct2021_ProfSvcs_C8626-original-1215x810.jpg 1215w\" sizes=\"auto, (min-width: 48em) 250px, (min-width: 30em) 100vw, 100vw\" \/>\t\t\t\n\t\t\t\n\t\t\t\t\t<\/figure>\n\n\t\t\n\t\t\t\t\t<div class=\"card-post__meta\">\n\t\t\t\t\t\t\t\t\t\t\t\t\t\t\t\t\t\t\t\t\t\t\t\t\t\t<span class=\"card-post__meta-text\"><span class=\"posted-on \"><time class=\"entry-date published\" datetime=\"2025-01-08T11:33:26+01:00\">8 enero, 2025<\/time><\/span><\/span>\n\t\t\t\t\t\t\t\t\t\t\t\t\t\t\t\t\t\t\t\t\t\t\t\t<span class=\"card-post__meta-text\"><span class=\"reading-time\">3 minutos de lectura<\/span><\/span>\n\t\t\t\t\t\t\t\t\t\t\t\t\t\t\t\t\t\t<\/div>\n\t\t\n\t\t<p class=\"card-post__title h5\">\n\t\t\tConoce las nuevas medidas en materia de eficiencia del Servicio P\u00fablico de Justicia\t\t<\/p>\n\n\t\t\t<\/a>\n\t\n\t\n\t\t\n\t\n\t<\/article>\n\t\t\t\t\t<\/div>\n\t\t\t\t\n\t\t\t\t\t<div class=\"col col-6 col-lg-3 card-grid__item\">\n\t\t\t\t\t\t<article\n\t\tclass=\"card-post related-post related-post-4 post-29082 post type-post status-publish format-standard has-post-thumbnail hentry category-legal tag-normativa-legal tag-novedades-legales business_type-pequena-empresa business_type-mediana-empresa business_type-asesorias-despachos-profesionales\"\n>\n\t\t\t<a\n\t\t\tclass=\"card-post__link\"\n\t\t\thref=\"https:\/\/www.sage.com\/es-es\/blog\/novedad-legal-impuesto-complementario\/\"\n\t\t\t\t\t>\n\t\t\t<figure class=\"card-post__media\">\n\t\t\t\t\t\t\t<img decoding=\"async\" width=\"684\" height=\"384\" src=\"https:\/\/www.sage.com\/es-es\/blog\/wp-content\/uploads\/sites\/8\/2022\/04\/GettyImages-1073797282-684x384.jpg\" class=\"card-post__image\" alt=\"Chica revisando las cuentas de su negocio\" loading=\"lazy\" srcset=\"https:\/\/www.sage.com\/es-es\/blog\/wp-content\/uploads\/sites\/8\/2022\/04\/GettyImages-1073797282-684x384.jpg 684w, https:\/\/www.sage.com\/es-es\/blog\/wp-content\/uploads\/sites\/8\/2022\/04\/GettyImages-1073797282-768x432.jpg 768w, https:\/\/www.sage.com\/es-es\/blog\/wp-content\/uploads\/sites\/8\/2022\/04\/GettyImages-1073797282-1440x810.jpg 1440w\" sizes=\"auto, (min-width: 48em) 250px, (min-width: 30em) 100vw, 100vw\" \/>\t\t\t\n\t\t\t\n\t\t\t\t\t<\/figure>\n\n\t\t\n\t\t\t\t\t<div class=\"card-post__meta\">\n\t\t\t\t\t\t\t\t\t\t\t\t\t\t\t\t\t\t\t\t\t\t\t\t\t\t<span class=\"card-post__meta-text\"><span class=\"posted-on \"><time class=\"entry-date published\" datetime=\"2025-01-08T11:01:01+01:00\">8 enero, 2025<\/time><\/span><\/span>\n\t\t\t\t\t\t\t\t\t\t\t\t\t\t\t\t\t\t\t\t\t\t\t\t<span class=\"card-post__meta-text\"><span class=\"reading-time\">3 minutos de lectura<\/span><\/span>\n\t\t\t\t\t\t\t\t\t\t\t\t\t\t\t\t\t\t<\/div>\n\t\t\n\t\t<p class=\"card-post__title h5\">\n\t\t\tEstas son las medidas aprobadas sobre el impuesto complementario\t\t<\/p>\n\n\t\t\t<\/a>\n\t\n\t\n\t\t\n\t\n\t<\/article>\n\t\t\t\t\t<\/div>\n\t\t\t\t\t\t\t<\/div>\n\t\t\t<\/div>\n<\/section>\n<\/div>\n","protected":false},"excerpt":{"rendered":"<p>Tras la publicaci\u00f3n de las medidas de prevenci\u00f3n y lucha contra el fraude fiscal se publica ahora el  nuevo Reglamento de Certificaci\u00f3n de Software.\u00a0<\/p>\n","protected":false},"author":248,"featured_media":23652,"comment_status":"closed","ping_status":"closed","sticky":false,"template":"","format":"standard","meta":{"_yoast_wpseo_is_cornerstone":"","_yoast_wpseo_meta-robots-noindex":"","_yoast_wpseo_meta-robots-nofollow":"","_yoast_wpseo_opengraph-title":"Software antifraude: As\u00ed es el Reglamento de Certificaci\u00f3n de Software","_yoast_wpseo_opengraph-description":"Tras la publicaci\u00f3n de las medidas de prevenci\u00f3n y lucha contra el fraude fiscal se publica ahora el Reglamento de Certificaci\u00f3n de Software.\u00a0","_yoast_wpseo_opengraph-image":"","_yoast_wpseo_opengraph-image-id":"","_yoast_wpseo_twitter-title":"Software antifraude: As\u00ed es el Reglamento de Certificaci\u00f3n de Software","_yoast_wpseo_twitter-description":"Tras la publicaci\u00f3n de las medidas de prevenci\u00f3n y lucha contra el fraude fiscal se publica ahora el Reglamento de Certificaci\u00f3n de Software.\u00a0","_yoast_wpseo_twitter-image":"","_yoast_wpseo_twitter-image-id":"","_yoast_wpseo_schema_page_type":"","_yoast_wpseo_schema_article_type":"","_sage_video":false,"_yoast_wpseo_focuskeywords":"","_yoast_wpseo_keywordsynonyms":"","_yoast_wpseo_primary_category":"6","post_featured_image_hide":false,"sage_hide_published_date":false,"sage_hide_read_time":false,"sage_hide_share_buttons":false,"_pwl_sage_podcast_buzzsprout_src":"","footnotes":""},"categories":[6],"tags":[201],"business_type":[10,11,8],"lilypad":[],"context":[],"industry":[],"persona":[],"imagine_tag":[260],"coauthors":[670],"class_list":["post-19539","post","type-post","status-publish","format-standard","has-post-thumbnail","hentry","category-legal","tag-normativa-legal","business_type-pequena-empresa","business_type-mediana-empresa","business_type-asesorias-despachos-profesionales"],"sage_meta":{"region":"es-es","author_name":"Ronald Lozano","featured_image":"https:\/\/www.sage.com\/es-es\/blog\/wp-content\/uploads\/sites\/8\/2023\/09\/GettyImages-1481370237.jpg","imagine_tags":{"260":"Legal"}},"distributor_meta":false,"distributor_terms":false,"distributor_media":false,"distributor_original_site_name":"Sage Advice Espa\u00f1a","distributor_original_site_url":"https:\/\/www.sage.com\/es-es\/blog","push-errors":false,"_links":{"self":[{"href":"https:\/\/www.sage.com\/es-es\/blog\/api\/wp\/v2\/posts\/19539","targetHints":{"allow":["GET"]}}],"collection":[{"href":"https:\/\/www.sage.com\/es-es\/blog\/api\/wp\/v2\/posts"}],"about":[{"href":"https:\/\/www.sage.com\/es-es\/blog\/api\/wp\/v2\/types\/post"}],"author":[{"embeddable":true,"href":"https:\/\/www.sage.com\/es-es\/blog\/api\/wp\/v2\/users\/248"}],"replies":[{"embeddable":true,"href":"https:\/\/www.sage.com\/es-es\/blog\/api\/wp\/v2\/comments?post=19539"}],"version-history":[{"count":0,"href":"https:\/\/www.sage.com\/es-es\/blog\/api\/wp\/v2\/posts\/19539\/revisions"}],"wp:featuredmedia":[{"embeddable":true,"href":"https:\/\/www.sage.com\/es-es\/blog\/api\/wp\/v2\/media\/23652"}],"wp:attachment":[{"href":"https:\/\/www.sage.com\/es-es\/blog\/api\/wp\/v2\/media?parent=19539"}],"wp:term":[{"taxonomy":"category","embeddable":true,"href":"https:\/\/www.sage.com\/es-es\/blog\/api\/wp\/v2\/categories?post=19539"},{"taxonomy":"post_tag","embeddable":true,"href":"https:\/\/www.sage.com\/es-es\/blog\/api\/wp\/v2\/tags?post=19539"},{"taxonomy":"business_type","embeddable":true,"href":"https:\/\/www.sage.com\/es-es\/blog\/api\/wp\/v2\/business_type?post=19539"},{"taxonomy":"lilypad","embeddable":true,"href":"https:\/\/www.sage.com\/es-es\/blog\/api\/wp\/v2\/lilypad?post=19539"},{"taxonomy":"context","embeddable":true,"href":"https:\/\/www.sage.com\/es-es\/blog\/api\/wp\/v2\/context?post=19539"},{"taxonomy":"industry","embeddable":true,"href":"https:\/\/www.sage.com\/es-es\/blog\/api\/wp\/v2\/industry?post=19539"},{"taxonomy":"persona","embeddable":true,"href":"https:\/\/www.sage.com\/es-es\/blog\/api\/wp\/v2\/persona?post=19539"},{"taxonomy":"imagine_tag","embeddable":true,"href":"https:\/\/www.sage.com\/es-es\/blog\/api\/wp\/v2\/imagine_tag?post=19539"},{"taxonomy":"author","embeddable":true,"href":"https:\/\/www.sage.com\/es-es\/blog\/api\/wp\/v2\/coauthors?post=19539"}],"curies":[{"name":"wp","href":"https:\/\/api.w.org\/{rel}","templated":true}]}}