{"id":20119,"date":"2024-04-16T14:35:06","date_gmt":"2024-04-16T12:35:06","guid":{"rendered":"https:\/\/www.sage.com\/es-es\/blog\/?p=20119"},"modified":"2026-02-04T15:38:04","modified_gmt":"2026-02-04T14:38:04","slug":"por-que-se-celebra-dia-mundial-emprendimiento","status":"publish","type":"post","link":"https:\/\/www.sage.com\/es-es\/blog\/por-que-se-celebra-dia-mundial-emprendimiento\/","title":{"rendered":"\u00bfPor qu\u00e9 se celebra el D\u00eda Mundial del Emprendimiento?"},"content":{"rendered":"<header class=\"entry-header has-dark-background-color entry-header--has-illustration entry-header--has-illustration--generic\">\n\t<div class=\"container\">\n\t\t<div class=\"entry-header__row row align-center\">\n\t\t\t<div class=\"col col-lg-7 col-xlg-6 entry-header__content\">\n\t\t\t\t\t\t\t<div class=\"component component-single-header\">\n\t\t\t\t\t\t\t\t\t\t<div class=\"entry-header__misc text--subtitle text--uppercase text--small\">\n\t\t\t\t\t\t\t<a href=\"https:\/\/www.sage.com\/es-es\/blog\/categoria\/estrategia-gestion\/\" class=\"entry-header__link\">Estrategia y Gesti\u00f3n<\/a>\t\t\t\t\t\t<\/div>\n\t\t\t\t\n\t\t\t\t<div class=\"entry-title-wrapper\">\n\t\t\t\t\t<h1 class=\"entry-title\">\n\t\t\t\t\t\t\u00bfPor qu\u00e9 se celebra el D\u00eda Mundial del Emprendimiento?\t\t\t\t\t<\/h1>\n\t\t\t\t<\/div>\n\n\t\t\t\t\t\t\t\t\t<p class=\"entry-header__description\">\n\t\t\t\t\t\t\t\t\t\t\t<\/p>\n\t\t\t\t\n\t\t\t\t\n\t\t\t\t\n\t\t\t<\/div>\n\n\t\t\t\t\t<\/div>\n\t\t\t\t\t<\/div>\n\t<\/div>\n\t<div class=\"single-post-details container\">\n\t\t<div class=\"col\">\n\t\t\t<span class=\"posted-on \"><time class=\"entry-date published\" datetime=\"2024-04-16T14:35:06+02:00\">16 April, 2024<\/time><\/span><span class=\"reading-time\"> minutos de lectura<\/span>\n\t\t<button\n\t\t\ttype=\"button\"\n\t\t\tclass=\"social-share-button button button--icon button--secondary js-social-share-button\"\n\t\t\tdata-share-title=\"\u00bfPor qu\u00e9 se celebra el D\u00eda Mundial del Emprendimiento?\"\n\t\t\tdata-share-url=\"https:\/\/www.sage.com\/es-es\/blog\/por-que-se-celebra-dia-mundial-emprendimiento\/\"\n\t\t\tdata-share-text=\"Please read this interesting article\"\n\t\t>\n\t\t\t<span class=\"social-share-button__share-label\">Compartir<\/span>\n\t\t\t<span class=\"social-share-button__copy-label\" hidden>Copiar enlace<\/span>\n\t\t\t<span class=\"social-share-button__copy-tooltip\" aria-hidden=\"true\" hidden>Copiado<\/span>\n\t\t<\/button>\n\n\t\t\t\t<\/div>\n\t<\/div>\n<\/header>\n\n\n\n<div class=\"wp-block-post-author has-dark-background-color alignfull\">\n\t<div class=\"container\">\n\t\t<div class=\"col\">\n\t\t\t\t\t\t\t<div class=\"co-authors\">\n\t\t\t\t\t\n\t\t<div class=\"entry-author-wrapper\">\n\t\t\t<a class=\"entry-author\" href=\"https:\/\/www.sage.com\/es-es\/blog\/author\/joseantoniocalvo\/\">\n\t\t\t\t<img loading=\"lazy\" decoding=\"async\" width=\"40\" height=\"40\" src=\"https:\/\/www.sage.com\/es-es\/blog\/wp-content\/uploads\/sites\/8\/2021\/10\/Foto_Jose-Antonio-Calvo_800x800-350x350.jpg\" class=\"entry-author__image\" alt=\"Sage\" srcset=\"https:\/\/www.sage.com\/es-es\/blog\/wp-content\/uploads\/sites\/8\/2021\/10\/Foto_Jose-Antonio-Calvo_800x800-350x350.jpg 350w, https:\/\/www.sage.com\/es-es\/blog\/wp-content\/uploads\/sites\/8\/2021\/10\/Foto_Jose-Antonio-Calvo_800x800-768x768.jpg 768w, https:\/\/www.sage.com\/es-es\/blog\/wp-content\/uploads\/sites\/8\/2021\/10\/Foto_Jose-Antonio-Calvo_800x800.jpg 800w\" sizes=\"auto, (max-width: 40px) 100vw, 40px\" \/>\t\t\t\t<span class=\"entry-author__name\">Jose Antonio Calvo<\/span>\n\t\t\t<\/a>\n\n\t\t\t\t\t<\/div>\n\n\t\t\t\t\t\t<\/div>\n\t\t\t\t\t<\/div>\n\t<\/div>\n<\/div>\n\n\n\n<h4 class=\"wp-block-heading\" id=\"h-el-dia-mundial-del-emprendimiento-que-se-celebra-el-16-de-abril-tiene-como-objetivo-dar-visibilidad-y-promover-el-espiritu-emprendedor-en-todo-el-mundo-en-este-articulo-conoceras-los-motivos-de-esta-celebracion\" style=\"font-style:normal;font-weight:100\">El D\u00eda Mundial del Emprendimiento, que se celebra el 16 de abril, tiene como objetivo dar visibilidad y promover el esp\u00edritu emprendedor en todo el mundo. En este art\u00edculo conocer\u00e1s los motivos de esta celebraci\u00f3n.<\/h4>\n\n\n\n<ul class=\"wp-block-list\">\n<li>El 80% de los emprendedores en Espa\u00f1a son hombres, su media edad se sit\u00faa en los 32 a\u00f1os y el 98% cuenta con un t\u00edtulo universitario.<\/li>\n\n\n\n<li>El emprendimiento genera empleo y nuevas oportunidades de desarrollo, de ah\u00ed la necesidad de conmemorar el D\u00eda Mundial del Emprendedor.<\/li>\n<\/ul>\n\n\n\n<p>El 16 de abril se celebra el D\u00eda Mundial del Emprendedor. Pero, \u00bfpor qu\u00e9 tiene lugar este acontecimiento?<\/p>\n\n\n\n<p><em><mark class=\"highlight-and-share\"><strong>\u00a1COMPARTE!<\/strong> \u00bfSab\u00edas que el 16 de abril se celebra el D\u00eda Mundial del Emprendimiento? Descubre el perfil del emprendedor en Espa\u00f1a y los 5 mejores sectores&nbsp; para empezar un negocio.<\/mark><\/em><\/p>\n\n\n\n<h2 class=\"wp-block-heading\" id=\"h-dia-mundial-del-emprendimiento-por-que-es-necesario\">D\u00eda Mundial del Emprendimiento: \u00bfpor qu\u00e9 es necesario?<\/h2>\n\n\n\n<p>La finalidad de esta jornada es visibilizar la importancia de crear nuevos negocios para la econom\u00eda de los pa\u00edses. Adem\u00e1s, pretende fomentar el esp\u00edritu del emprendimiento entre la poblaci\u00f3n y dar a conocer el impacto de los&nbsp;<a href=\"https:\/\/www.sage.com\/es-es\/blog\/como-resaltar-potencial-emprendedor-frente-nuevos-inversores\/\">emprendedores<\/a>&nbsp;en situaciones de crisis.<\/p>\n\n\n\n<p>Cabe destacar que toda persona que desarrolla una idea de negocio es un emprendedor. Y que, como tal, uno de sus objetivos es <strong>satisfacer las necesidades <\/strong>de la poblaci\u00f3n, adem\u00e1s de contribuir a crear empleo y, con ello, incrementar el valor de la econom\u00eda y contribuir al bienestar de la sociedad.<\/p>\n\n\n\n<div class=\"single-cta gated-content\">\n\t<div class=\"single-cta__positioner\">\n\t\t<div class=\"single-cta__wrapper has-dark-background-color\">\n\t\t\t<div class=\"single-cta__content\">\n\t\t\t\t\t\t\t\t<h2 class=\"single-cta__title h3\">Kit de supervivencia<\/h2>\n\n\t\t\t\t\t\t\t\t\t<div class=\"single-cta__description\">\n\t\t\t\t\t\t<p><!-- wp:paragraph --><\/p>\n<p class=\"\">\u00a1Desc\u00e1rgate el kit de supervivencia! Incluye una plantilla de plan de negocio y de previsi\u00f3n de flujo de caja.<\/p>\n<p><!-- \/wp:paragraph --><\/p>\n\t\t\t\t\t<\/div>\n\t\t\t\t\n\t\t\t\t\t\t\t\t\t\t\t\t\t\t<a\n\t\t\t\t\t\thref=\"#gate-cdcf9195-0bf7-4154-8af3-1b51b92f667e\"\n\t\t\t\t\t\tclass=\"single-cta__button button button--primary\"\n\t\t\t\t\t\t\t\t\t\t\t\t\t\t\t\t\t>\u00a1Quiero descargar mi KIT gratis!<\/a>\n\t\t\t\t\t\t\t<\/div>\n\n\t\t\t\t\t<\/div>\n\n\t\t\t\t\t<img decoding=\"async\" width=\"1252\" height=\"810\" src=\"https:\/\/www.sage.com\/es-es\/blog\/wp-content\/uploads\/sites\/8\/2024\/02\/SAGE_Mockup_Banner_Kit-supervivencia-pyme_BLANCO-1252x810.jpg\" class=\"single-cta__image\" alt=\"Sage\" loading=\"lazy\" srcset=\"https:\/\/www.sage.com\/es-es\/blog\/wp-content\/uploads\/sites\/8\/2024\/02\/SAGE_Mockup_Banner_Kit-supervivencia-pyme_BLANCO-1252x810.jpg 1252w\" sizes=\"auto, (min-width: 48em) 33vw, 100vw\" \/>\t\t\t<\/div>\n<\/div>\n\n\n\n<h2 class=\"wp-block-heading\" id=\"h-cual-es-el-perfil-del-emprendedor-en-espana\">\u00bfCu\u00e1l es el perfil del emprendedor en Espa\u00f1a?<\/h2>\n\n\n\n<p>Con motivo del D\u00eda Mundial del Emprendimiento, queremos recordar&nbsp;<strong>cu\u00e1l es el perfil emprendedor<\/strong>&nbsp;en Espa\u00f1a: \u00bfqu\u00e9 edad tienen?, \u00bfpredominan las mujeres o los hombres?, \u00bftienen estudios?<\/p>\n\n\n\n<p>Seg\u00fan el \u00faltimo informe \u201cMapa del Emprendimiento 2023\u201d realizado por&nbsp;<a href=\"https:\/\/www.southsummit.io\/wp-content\/uploads\/2023\/10\/MAPA-EMPRENDIMIENTO-2023.pdf\" target=\"_blank\" rel=\"noreferrer noopener\">South Summit<\/a>, el perfil del emprendedor en Espa\u00f1a es mayoritariamente hombre, con una media de edad de 32 a\u00f1os. En su mayor\u00eda, el 98%, tiene estudios universitarios y casi ocho de cada diez cuenta con un m\u00e1ster. Por consiguiente, podemos afirmar que&nbsp;<strong>los emprendedores de nuestro pa\u00eds son personas muy preparadas<\/strong>.<\/p>\n\n\n\n<p>Poco menos de la mitad (el 49%) ha trabajado para otra empresa, la mayor\u00eda en el sector privado, mientras que el 8% tambi\u00e9n ha estado empleado en una startup. El 61% son emprendedores de serie y un tercio de ellos han creado m\u00e1s de 3 startups en su vida. Son personas que desde que terminan sus estudios se lanzan a emprender un negocio. Para ellos, tal y como se muestra en el informe, la experiencia es aprendizaje.<\/p>\n\n\n\n<p>En lo que respecta al \u00edmpetu por comenzar una actividad por cuenta propia, el 40% asegura que siempre ha querido&nbsp;<a href=\"https:\/\/www.sage.com\/es-es\/blog\/quiero-emprender-que-modelo-de-negocio-escojo\/\">montar sus propios negocios<\/a>, y otro 40% se ha lanzado para aprovechar una oportunidad en el mercado. De hecho, mientras que el emprendedor en serie tiene un empuje m\u00e1s vocacional, la persona que emprende por primera vez suele ser m\u00e1s pragm\u00e1tica y lo hace porque ha detectado un nicho desatendido o para dar un vuelco a su vida profesional.&nbsp;<\/p>\n\n\n\n<h3 class=\"wp-block-heading\" id=\"h-que-pasa-con-las-emprendedoras\">\u00bfQu\u00e9 pasa con las emprendedoras?<\/h3>\n\n\n\n<p>Por su parte, las&nbsp;<strong>mujeres siguen siendo minor\u00eda en el perfil emprendedor<\/strong>&nbsp;de nuestro pa\u00eds. Representan el 20% del total y su media de edad son 35 a\u00f1os (emprenden tres a\u00f1os despu\u00e9s que los hombres).<\/p>\n\n\n\n<p>No obstante, <strong>la gran mayor\u00eda cuenta con un t\u00edtulo universitario (el 94%)<\/strong> y el 53% tambi\u00e9n tienen un m\u00e1ster, aunque estas cifras las sit\u00faan ligeramente por detr\u00e1s de la media de sus hom\u00f3nimos masculinos.<\/p>\n\n\n\n<p><strong>Casi la mitad de las emprendedoras (43%) lo son de serie<\/strong> y el 45% ya ha trabajado en otra empresa en relaci\u00f3n de dependencia, mientras que el 7% ha estado en una startup. Curiosamente, solo el 7% de las emprendedoras consigue su primera financiaci\u00f3n del sector privado (menos de la mitad que los hombres). En cambio, tienen m\u00e1s \u00e9xito con los fondos p\u00fablicos: el 10% de las emprendedoras logran acceder a ellos (un 5% m\u00e1s que los hombres).<\/p>\n\n\n\n<p>Las mujeres siguen abriendo empresas en los sectores de la salud, la educaci\u00f3n y las finanzas, pero han comenzado a ampliar sus horizontes entrando con fuerza en \u00e1reas como el reciclaje, los servicios y todo lo relacionado con la sostenibilidad.&nbsp;<\/p>\n\n\n\n<h2 class=\"wp-block-heading\" id=\"h-sectores-para-montar-un-negocio-en-2024\">Sectores para montar un negocio en 2024<\/h2>\n\n\n\n<p>Para conmemorar el D\u00eda Mundial del Emprendimiento, a continuaci\u00f3n podr\u00e1s encontrar algunos sectores destacados que suponen una gran oportunidad para iniciar un negocio.<\/p>\n\n\n\n<blockquote class=\"wp-block-quote is-layout-flow wp-block-quote-is-layout-flow\">\n<p>En 2023, la Inteligencia Artificial lider\u00f3 el ranking de las tecnolog\u00edas que usan las startups mientras las empresas centradas en la sostenibilidad y el cambio clim\u00e1tico entraron en el top 10 de industrias destacadas.<\/p>\n<\/blockquote>\n\n\n\n<h3 class=\"wp-block-heading\" id=\"h-1-ciberseguridad\">1. Ciberseguridad<\/h3>\n\n\n\n<p>La&nbsp;<strong>ciberseguridad sigue siendo uno de los principales sectores<\/strong>&nbsp;para emprender este 2024. Debido al proceso de transformaci\u00f3n digital en el que est\u00e1n inmersas diferentes industrias, cada vez son m\u00e1s los ciberataques que reciben las empresas, por lo que ciberseguridad es una herramienta imprescindible para protegerse.&nbsp;<\/p>\n\n\n\n<p>Tal es su importancia que el Gobierno de Espa\u00f1a ha puesto en marcha&nbsp;<a href=\"https:\/\/www.incibe.es\/emprendimiento\" target=\"_blank\" rel=\"noreferrer noopener\">INCIBE Emprende<\/a>, un programa para apoyar la creaci\u00f3n de nuevas empresas en el \u00e1mbito de la&nbsp;<a href=\"https:\/\/www.sage.com\/es-es\/blog\/retos-de-las-pymes-en-materia-de-ciberseguridad\/\">ciberseguridad.<\/a> Por ese motivo, los negocios que ofrecen soluciones de seguridad inform\u00e1tica est\u00e1n experimentando un crecimiento notable.&nbsp;<\/p>\n\n\n\n<h3 class=\"wp-block-heading\" id=\"h-2-inteligencia-artificial\">2. Inteligencia Artificial<\/h3>\n\n\n\n<p>Esta&nbsp;<strong>tecnolog\u00eda est\u00e1 revolucionando<\/strong>&nbsp;(y facilitando) el trabajo del d\u00eda a d\u00eda en numerosos sectores. Su avance en los \u00faltimos dos a\u00f1os ha sido tan r\u00e1pido que probablemente 2024 se convierta en un punto de inflexi\u00f3n para integrar la Inteligencia Artificial en el funcionamiento empresarial, por lo que existe un mundo de oportunidades por explorar.&nbsp;<\/p>\n\n\n\n<p>Estos algoritmos seguir\u00e1n creciendo para optimizar los procesos y aportar valor, por lo que no es extra\u00f1o que ya est\u00e9n surgiendo diferentes startups enfocadas en aprovechar su potencial en las \u00e1reas m\u00e1s diversas, desde la salud hasta la agricultura o el asesoramiento financiero.&nbsp;<\/p>\n\n\n\n<h3 class=\"wp-block-heading\" id=\"h-3-sostenibilidad\">3. Sostenibilidad<\/h3>\n\n\n\n<p>Tenemos un solo planeta y el cambio clim\u00e1tico es una realidad, por lo que <strong>la sostenibilidad es un sector en auge que demanda m\u00e1s iniciativas emprendedoras.&nbsp;<\/strong>Toda innovaci\u00f3n centrada en reducir los efectos negativos del cambio clim\u00e1tico en cualquier sector tendr\u00e1 muchas oportunidades.<\/p>\n\n\n\n<p>Adem\u00e1s, se han puesto en marcha pol\u00edticas europeas que fomentan el empleo verde y facilitan la financiaci\u00f3n de proyectos que est\u00e9n relacionados con el emprendimiento sostenible. Las posibilidades son casi infinitas, no solo podr\u00e1s innovar en el sector de la movilidad, el <em>foodtech<\/em> o el reciclaje, sino tambi\u00e9n ayudar a otras empresas en su transici\u00f3n hacia modelos de negocio m\u00e1s verdes.<\/p>\n\n\n\n<h3 class=\"wp-block-heading\" id=\"h-4-energias-renovables\">4. Energ\u00edas renovables<\/h3>\n\n\n\n<p>Las energ\u00edas renovables merecen un cap\u00edtulo aparte debido al crecimiento espectacular que han vivido en los \u00faltimos a\u00f1os y la gran apuesta que han realizado los gobiernos europeos por ellas. En este sentido, <strong>Espa\u00f1a se presenta como una opci\u00f3n estrat\u00e9gica para los inversores, sobre todo en los proyectos de energ\u00eda solar y e\u00f3lica<\/strong>.<\/p>\n\n\n\n<p>Dado que estas fuentes de energ\u00eda limpias desempe\u00f1ar\u00e1n un papel crucial en la transici\u00f3n hacia una econom\u00eda m\u00e1s verde, las empresas que comiencen a generar energ\u00eda renovable y presenten soluciones tecnol\u00f3gicas innovadoras tendr\u00e1n una ventaja competitiva y ser\u00e1n particularmente atractivas para la inversi\u00f3n.<\/p>\n\n\n\n<h3 class=\"wp-block-heading\" id=\"h-5-educacion-y-capacitacion\">5. Educaci\u00f3n y capacitaci\u00f3n<\/h3>\n\n\n\n<p>El mercado laboral est\u00e1 cambiando continuamente, por lo que los profesionales necesitan mantenerse actualizados. Por ese motivo, no es extra\u00f1o que el sector de la educaci\u00f3n y la capacitaci\u00f3n est\u00e9 creciendo en todo el mundo. <a href=\"https:\/\/www.forbes.com\/sites\/forbesbusinesscouncil\/2022\/12\/26\/the-future-of-edtech\/\"><strong>Forbes<\/strong><\/a><strong> espera que el mercado <\/strong><strong><em>edtech<\/em><\/strong><strong> se expanda 2,5 veces hasta 2025<\/strong>, alcanzando un valor de 404 mil millones de d\u00f3lares.&nbsp;<\/p>\n\n\n\n<p>Lo m\u00e1s interesante de este sector es que facilita el acceso tanto a aut\u00f3nomos que quieran compartir sus conocimientos y habilidades a trav\u00e9s de cursos m\u00e1s personalizados como a startups que propongan soluciones originales para facilitar el aprendizaje y la capacitaci\u00f3n.&nbsp;<\/p>\n\n\n\n<h2 class=\"wp-block-heading\" id=\"h-es-mejor-emprender-solo-o-en-equipo\">\u00bfEs mejor emprender solo o en equipo?<\/h2>\n\n\n\n<p>Como uno de los principales objetivos del D\u00eda Mundial del Emprendimiento es <strong>aumentar la cifra de emprendedores y visibilizar<\/strong> su importancia, queremos ayudarte a tomar la decisi\u00f3n. Una de las preguntas que probablemente te est\u00e9s haciendo es: \u00bfemprendo solo o en equipo?<\/p>\n\n\n\n<p>Cada alternativa tiene sus pros y contras. Al trabajar en equipo, el principal reto al que se enfrentan las personas que quieren crear un negocio, la financiaci\u00f3n, es m\u00e1s f\u00e1cil de superar, ya que cada socio aportar\u00e1 una cantidad. Adem\u00e1s, se reparten las responsabilidades, lo que permite ser m\u00e1s efectivo.<\/p>\n\n\n\n<p>La principal&nbsp;<strong>desventaja de trabajar en equipo es la diferencia de ideas&nbsp;<\/strong>y la unidad. Es decir, pueden producirse problemas de entendimiento, as\u00ed como retrasos en el cumplimiento de los objetivos si no se trabaja conjuntamente.<\/p>\n\n\n\n<p>En cambio, al&nbsp;<strong>emprender solo la toma de decisiones es m\u00e1s \u00e1gil&nbsp;<\/strong>y ofrece una total libertad. As\u00ed mismo, las ganancias son exclusivas por lo que podr\u00edas obtener mayores beneficios. En cambio, como desventajas se encuentran la dificultad para suplir las carencias de conocimientos o ideas, as\u00ed como la dificultad para recabar todo el&nbsp;<a href=\"https:\/\/www.sage.com\/es-es\/blog\/podcast-entrevista-del-crowdfunding-a-la-internacionalizacion-la-historia-de-cocoro\/\">capital inicial necesario.<\/a><\/p>\n\n\n\n<p>Como&nbsp; resumen, es importante recalcar que emprender es tambi\u00e9n una manera de&nbsp;<strong>favorecer el empleo y mejorar la econom\u00eda<\/strong>&nbsp;de nuestro pa\u00eds. Por tanto, hay muchas razones para celebrar el pr\u00f3ximo 16 de abril, el D\u00eda Mundial del Emprendimiento.<\/p>\n\n\n\n<p><em><strong>Nota del editor: <\/strong>Este art\u00edculo fue publicado con anterioridad y actualizado a 2024 por su relevancia.<\/em><\/p>\n\n\n\n<div class=\"single-cta gated-content\">\n\t<div class=\"single-cta__positioner\">\n\t\t<div class=\"single-cta__wrapper has-dark-background-color\">\n\t\t\t<div class=\"single-cta__content\">\n\t\t\t\t\t\t\t\t<h2 class=\"single-cta__title h3\">Kit de supervivencia<\/h2>\n\n\t\t\t\t\t\t\t\t\t<div class=\"single-cta__description\">\n\t\t\t\t\t\t<p><!-- wp:paragraph --><\/p>\n<p class=\"\">\u00bfQU\u00c9 INCLUYE?<\/p>\n<p><!-- \/wp:paragraph --><\/p>\n<p><!-- wp:list --><\/p>\n<ul><!-- wp:list-item --><\/p>\n<li><small>Una gu\u00eda con los retos de una pyme en sus inicios.<\/small><\/li>\n<p><!-- \/wp:list-item --><\/p>\n<p><!-- wp:list-item --><\/p>\n<li><small>Una plantilla para preparar tu plan de negocio<\/small>.<\/li>\n<p><!-- \/wp:list-item --><\/p>\n<p><!-- wp:list-item --><\/p>\n<li><small>Una plantilla para la previsi\u00f3n de flujo de caja.<\/small><\/li>\n<p><!-- \/wp:list-item --><\/ul>\n<p><!-- \/wp:list --><\/p>\n\t\t\t\t\t<\/div>\n\t\t\t\t\n\t\t\t\t\t\t\t\t\t\t\t\t\t\t<a\n\t\t\t\t\t\thref=\"#gate-cdcf9195-0bf7-4154-8af3-1b51b92f667e\"\n\t\t\t\t\t\tclass=\"single-cta__button button button--primary\"\n\t\t\t\t\t\t\t\t\t\t\t\t\t\t\t\t\t>\u00a1Quiero descargar mi KIT gratis!<\/a>\n\t\t\t\t\t\t\t<\/div>\n\n\t\t\t\t\t<\/div>\n\n\t\t\t\t\t<img decoding=\"async\" width=\"1252\" height=\"810\" src=\"https:\/\/www.sage.com\/es-es\/blog\/wp-content\/uploads\/sites\/8\/2023\/11\/SAGE_Mockup_Banner_Kit-supervivencia-pyme_VERDE-1252x810.jpg\" class=\"single-cta__image\" alt=\"Sage\" loading=\"lazy\" srcset=\"https:\/\/www.sage.com\/es-es\/blog\/wp-content\/uploads\/sites\/8\/2023\/11\/SAGE_Mockup_Banner_Kit-supervivencia-pyme_VERDE-1252x810.jpg 1252w\" sizes=\"auto, (min-width: 48em) 33vw, 100vw\" \/>\t\t\t<\/div>\n<\/div>\n","protected":false},"excerpt":{"rendered":"<p>Descubre por qu\u00e9 se celebra el D\u00eda Mundial del Emprendimiento, el perfil del emprendedor actual y los mejores sectores para emprender.<\/p>\n","protected":false},"author":1305,"featured_media":20057,"comment_status":"open","ping_status":"open","sticky":false,"template":"","format":"standard","meta":{"_sage_video":false,"post_featured_image_hide":false,"footnotes":""},"categories":[3],"tags":[16,27,29],"business_type":[10],"lilypad":[],"context":[],"industry":[],"persona":[],"imagine_tag":[285],"coauthors":[560],"class_list":["post-20119","post","type-post","status-publish","format-standard","has-post-thumbnail","hentry","category-estrategia-gestion","tag-autonomos","tag-emprendedores","tag-facturacion","business_type-pequena-empresa"],"sage_meta":{"region":"es-es","author_name":"Jose Antonio Calvo","featured_image":"https:\/\/www.sage.com\/es-es\/blog\/wp-content\/uploads\/sites\/8\/2022\/04\/GettyImages-916352504.jpg","imagine_tags":{"285":"Emprendedores"}},"distributor_meta":false,"distributor_terms":false,"distributor_media":false,"distributor_original_site_name":"Sage Advice Espa\u00f1a","distributor_original_site_url":"https:\/\/www.sage.com\/es-es\/blog","push-errors":false,"_links":{"self":[{"href":"https:\/\/www.sage.com\/es-es\/blog\/api\/wp\/v2\/posts\/20119","targetHints":{"allow":["GET"]}}],"collection":[{"href":"https:\/\/www.sage.com\/es-es\/blog\/api\/wp\/v2\/posts"}],"about":[{"href":"https:\/\/www.sage.com\/es-es\/blog\/api\/wp\/v2\/types\/post"}],"author":[{"embeddable":true,"href":"https:\/\/www.sage.com\/es-es\/blog\/api\/wp\/v2\/users\/1305"}],"replies":[{"embeddable":true,"href":"https:\/\/www.sage.com\/es-es\/blog\/api\/wp\/v2\/comments?post=20119"}],"version-history":[{"count":0,"href":"https:\/\/www.sage.com\/es-es\/blog\/api\/wp\/v2\/posts\/20119\/revisions"}],"wp:featuredmedia":[{"embeddable":true,"href":"https:\/\/www.sage.com\/es-es\/blog\/api\/wp\/v2\/media\/20057"}],"wp:attachment":[{"href":"https:\/\/www.sage.com\/es-es\/blog\/api\/wp\/v2\/media?parent=20119"}],"wp:term":[{"taxonomy":"category","embeddable":true,"href":"https:\/\/www.sage.com\/es-es\/blog\/api\/wp\/v2\/categories?post=20119"},{"taxonomy":"post_tag","embeddable":true,"href":"https:\/\/www.sage.com\/es-es\/blog\/api\/wp\/v2\/tags?post=20119"},{"taxonomy":"business_type","embeddable":true,"href":"https:\/\/www.sage.com\/es-es\/blog\/api\/wp\/v2\/business_type?post=20119"},{"taxonomy":"lilypad","embeddable":true,"href":"https:\/\/www.sage.com\/es-es\/blog\/api\/wp\/v2\/lilypad?post=20119"},{"taxonomy":"context","embeddable":true,"href":"https:\/\/www.sage.com\/es-es\/blog\/api\/wp\/v2\/context?post=20119"},{"taxonomy":"industry","embeddable":true,"href":"https:\/\/www.sage.com\/es-es\/blog\/api\/wp\/v2\/industry?post=20119"},{"taxonomy":"persona","embeddable":true,"href":"https:\/\/www.sage.com\/es-es\/blog\/api\/wp\/v2\/persona?post=20119"},{"taxonomy":"imagine_tag","embeddable":true,"href":"https:\/\/www.sage.com\/es-es\/blog\/api\/wp\/v2\/imagine_tag?post=20119"},{"taxonomy":"author","embeddable":true,"href":"https:\/\/www.sage.com\/es-es\/blog\/api\/wp\/v2\/coauthors?post=20119"}],"curies":[{"name":"wp","href":"https:\/\/api.w.org\/{rel}","templated":true}]}}