{"id":20137,"date":"2025-07-07T12:08:27","date_gmt":"2025-07-07T10:08:27","guid":{"rendered":"https:\/\/www.sage.com\/es-es\/blog\/?p=20137"},"modified":"2025-07-07T12:08:29","modified_gmt":"2025-07-07T10:08:29","slug":"como-los-autonomos-deben-tributar-ayudas-percibidas-declaracion-renta","status":"publish","type":"post","link":"https:\/\/www.sage.com\/es-es\/blog\/como-los-autonomos-deben-tributar-ayudas-percibidas-declaracion-renta\/","title":{"rendered":"C\u00f3mo los aut\u00f3nomos deben tributar las ayudas percibidas en su declaraci\u00f3n de la Renta"},"content":{"rendered":"<header class=\"entry-header has-dark-background-color entry-header--has-illustration entry-header--has-illustration--generic\">\n\t<div class=\"container\">\n\t\t<div class=\"entry-header__row row align-center\">\n\t\t\t<div class=\"col col-lg-7 col-xlg-6 entry-header__content\">\n\t\t\t\t\t\t\t<div class=\"component component-single-header\">\n\t\t\t\t\t\t\t\t\t\t<div class=\"entry-header__misc text--subtitle text--uppercase text--small\">\n\t\t\t\t\t\t\t<a href=\"https:\/\/www.sage.com\/es-es\/blog\/categoria\/asesorias-despachos-profesionales\/\" class=\"entry-header__link\">Asesor\u00edas y Despachos Profesionales<\/a>\t\t\t\t\t\t<\/div>\n\t\t\t\t\n\t\t\t\t<div class=\"entry-title-wrapper\">\n\t\t\t\t\t<h1 class=\"entry-title\">\n\t\t\t\t\t\tC\u00f3mo los aut\u00f3nomos deben tributar las ayudas percibidas en su declaraci\u00f3n de la Renta\t\t\t\t\t<\/h1>\n\t\t\t\t<\/div>\n\n\t\t\t\t\t\t\t\t\t<p class=\"entry-header__description\">\n\t\t\t\t\t\t\t\t\t\t\t<\/p>\n\t\t\t\t\n\t\t\t\t\n\t\t\t\t\n\t\t\t<\/div>\n\n\t\t\t\t\t<\/div>\n\t\t\t\t\t<\/div>\n\t<\/div>\n\t<div class=\"single-post-details container\">\n\t\t<div class=\"col\">\n\t\t\t<span class=\"posted-on \"><time class=\"entry-date published\" datetime=\"2025-07-07T12:08:27+02:00\">7 July, 2025<\/time><\/span><span class=\"reading-time\"> minutos de lectura<\/span>\n\t\t<button\n\t\t\ttype=\"button\"\n\t\t\tclass=\"social-share-button button button--icon button--secondary js-social-share-button\"\n\t\t\tdata-share-title=\"C\u00f3mo los aut\u00f3nomos deben tributar las ayudas percibidas en su declaraci\u00f3n de la Renta\"\n\t\t\tdata-share-url=\"https:\/\/www.sage.com\/es-es\/blog\/como-los-autonomos-deben-tributar-ayudas-percibidas-declaracion-renta\/\"\n\t\t\tdata-share-text=\"Please read this interesting article\"\n\t\t>\n\t\t\t<span class=\"social-share-button__share-label\">Compartir<\/span>\n\t\t\t<span class=\"social-share-button__copy-label\" hidden>Copiar enlace<\/span>\n\t\t\t<span class=\"social-share-button__copy-tooltip\" aria-hidden=\"true\" hidden>Copiado<\/span>\n\t\t<\/button>\n\n\t\t\t\t<\/div>\n\t<\/div>\n<\/header>\n\n\n\n<div class=\"wp-block-post-author has-dark-background-color alignfull\">\n\t<div class=\"container\">\n\t\t<div class=\"col\">\n\t\t\t\t\t\t\t<div class=\"co-authors\">\n\t\t\t\t\t\n\t\t<div class=\"entry-author-wrapper\">\n\t\t\t<a class=\"entry-author\" href=\"https:\/\/www.sage.com\/es-es\/blog\/author\/gonzalo-garcia-abad\/\">\n\t\t\t\t<img loading=\"lazy\" decoding=\"async\" width=\"40\" height=\"40\" src=\"https:\/\/www.sage.com\/es-es\/blog\/wp-content\/uploads\/sites\/8\/2024\/02\/Gonzalo-Garcia_2024_600x600-350x350.jpg\" class=\"entry-author__image\" alt=\"\" srcset=\"https:\/\/www.sage.com\/es-es\/blog\/wp-content\/uploads\/sites\/8\/2024\/02\/Gonzalo-Garcia_2024_600x600-350x350.jpg 350w, https:\/\/www.sage.com\/es-es\/blog\/wp-content\/uploads\/sites\/8\/2024\/02\/Gonzalo-Garcia_2024_600x600.jpg 600w\" sizes=\"auto, (max-width: 40px) 100vw, 40px\" \/>\t\t\t\t<span class=\"entry-author__name\">Gonzalo Garc\u00eda Abad<\/span>\n\t\t\t<\/a>\n\n\t\t\t\t\t<\/div>\n\n\t\t\t\t\t\t<\/div>\n\t\t\t\t\t<\/div>\n\t<\/div>\n<\/div>\n\n\n\n\n\n<p><p style=\"font-size:24px;\">En este art\u00edculo, con contenido actualizado, hacemos un repaso de c\u00f3mo los aut\u00f3nomos deben tributar las ayudas percibidas en su declaraci\u00f3n de la Renta de 2024, presentada en 2025.<\/p><\/p>\n\n\n\n<ul class=\"wp-block-list\">\n<li>Muchas subvenciones para aut\u00f3nomos tienen, en la declaraci\u00f3n de la Renta, pero es clave saber c\u00f3mo tributar las ayudas correctamente.<\/li>\n\n\n\n<li>Los asesores deben seguir todo el ciclo fiscal de la subvenci\u00f3n.<\/li>\n<\/ul>\n\n\n\n<p>Aunque pueda parecer parad\u00f3jico, el Estado tambi\u00e9n puede reclamar su parte en las <strong>ayudas para los aut\u00f3nomos. <\/strong>Por eso es importante saber c\u00f3mo tributar las ayudas en la declaraci\u00f3n de la Renta. Son un ingreso m\u00e1s y, por tanto, deben incluirse en la <a href=\"https:\/\/www.sage.com\/es-es\/blog\/todo-sobre-irpf-ebook\/\"><strong>declaraci\u00f3n de la Renta<\/strong><\/a>. No obstante, en muchos casos, el efecto es neutro, ya que se han recibido para realizar desembolsos que acaban generando gastos desgravables.<\/p>\n\n\n\n<p><strong><mark class=\"highlight-and-share\"><em>\u00a1TUITE\u00c1LO!<\/em><\/mark><\/strong><em><mark class=\"highlight-and-share\"> \u00bfEres aut\u00f3nomo y has recibido ayudas para tu negocio en 2023? Te contamos c\u00f3mo declararlas.<\/mark><\/em><\/p>\n\n\n\n<p>Por supuesto, los <strong>aut\u00f3nomos societarios<\/strong> las habr\u00e1n incluido en la declaraci\u00f3n del <strong>Impuesto sobre Sociedades<\/strong>. Por tanto, en su declaraci\u00f3n de la Renta personal no deber\u00e1n incluirlas. El resto s\u00ed han debido tenerlas presentes en la campa\u00f1a recientemente terminada, siempre que se trate de ayudas concedidas en 2024. Veamos c\u00f3mo se tratan los principales casos.<\/p>\n\n\n\n<div class=\"single-cta gated-content\">\n\t<div class=\"single-cta__positioner\">\n\t\t<div class=\"single-cta__wrapper has-dark-background-color\">\n\t\t\t<div class=\"single-cta__content\">\n\t\t\t\t\t\t\t\t<h2 class=\"single-cta__title h3\">Campa\u00f1a Renta 2026<\/h2>\n\n\t\t\t\t\t\t\t\t\t<div class=\"single-cta__description\">\n\t\t\t\t\t\t<p><!-- wp:paragraph --><\/p>\n<p>En la gu\u00eda esencial para asesor\u00edas &#8220;Novedades IRPF 2025&#8221; encontrar\u00e1s todas las novedades legales en el c\u00e1lculo y\u00a0presentaci\u00f3n del ejercicio 2025.<\/p>\n<p><!-- \/wp:paragraph --><\/p>\n\t\t\t\t\t<\/div>\n\t\t\t\t\n\t\t\t\t\t\t\t\t\t\t\t\t\t\t<a\n\t\t\t\t\t\thref=\"#gate-79f4224a-f097-4605-b505-646dba520e83\"\n\t\t\t\t\t\tclass=\"single-cta__button button button--primary\"\n\t\t\t\t\t\t\t\t\t\t\t\t\t\t\t\t\t>\u00a1Quiero mi gu\u00eda GRATIS!<\/a>\n\t\t\t\t\t\t\t<\/div>\n\n\t\t\t\t\t<\/div>\n\n\t\t\t\t\t<img decoding=\"async\" width=\"1377\" height=\"810\" src=\"https:\/\/www.sage.com\/es-es\/blog\/wp-content\/uploads\/sites\/8\/2024\/05\/image-1700x1000-1-1377x810.jpg\" class=\"single-cta__image\" alt=\"Sage\" loading=\"lazy\" srcset=\"https:\/\/www.sage.com\/es-es\/blog\/wp-content\/uploads\/sites\/8\/2024\/05\/image-1700x1000-1-1377x810.jpg 1377w\" sizes=\"auto, (min-width: 48em) 33vw, 100vw\" \/>\t\t\t<\/div>\n<\/div>\n\n\n\n<p><strong>CONTENIDO DEL POST<\/strong><\/p>\n\n\n<?xml encoding=\"utf-8\" ?><div class=\"wp-block-yoast-seo-table-of-contents yoast-table-of-contents\"><ul><li><a href=\"#los-asesores-y-las-ayudas-para-autonomos-en-la-declaracion-de-la-renta\" data-level=\"2\">Los asesores y las ayudas para aut&oacute;nomos en la declaraci&oacute;n de la Renta<\/a><\/li><li><a href=\"#subvenciones-para-autonomos-por-cese-de-actividad\" data-level=\"2\">Subvenciones para aut&oacute;nomos por cese de actividad<\/a><\/li><li><a href=\"#ayudas-a-autonomos-en-la-declaracion-de-la-renta-en-estimacion-directa\" data-level=\"2\">Ayudas a aut&oacute;nomos en la declaraci&oacute;n de la Renta en estimaci&oacute;n directa<\/a><ul><li><a href=\"#subvenciones-para-garantizar-una-rentabilidad-minima-o-cubrir-un-deficit-de-explotacion\" data-level=\"3\">Subvenciones para garantizar una rentabilidad m&iacute;nima o cubrir un d&eacute;ficit de explotaci&oacute;n<\/a><\/li><li><a href=\"#subvenciones-para-autonomos-para-adquirir-determinados-activos-no-corrientes\" data-level=\"3\">Subvenciones para aut&oacute;nomos para adquirir determinados activos no corrientes<\/a><\/li><li><a href=\"#ayudas-para-financiar-gastos-especificos\" data-level=\"3\">Ayudas para financiar gastos espec&iacute;ficos<\/a><\/li><li><a href=\"#adquisicion-de-existencias\" data-level=\"3\">Adquisici&oacute;n de existencias<\/a><\/li><li><a href=\"#adquisicion-de-activos-financieros\" data-level=\"3\">Adquisici&oacute;n de activos financieros<\/a><\/li><li><a href=\"#cancelacion-de-deudas\" data-level=\"3\">Cancelaci&oacute;n de deudas<\/a><\/li><\/ul><\/li><li><a href=\"#h-h2-subvenciones-a-autonomos-en-estimacion-objetiva\" data-level=\"2\">H2: Subvenciones a aut&oacute;nomos en estimaci&oacute;n objetiva<\/a><\/li><li><a href=\"#ayudas-pendientes-de-resolucion-judicial\" data-level=\"2\">Ayudas pendientes de resoluci&oacute;n judicial<\/a><\/li><\/ul><\/div>\n\n\n\n<figure class=\"wp-block-pullquote\"><blockquote><p>Con <a href=\"https:\/\/www.sage.com\/es-es\/productos\/sage-for-accountants\/\">Sage for Accountants<\/a>, cumple con las obligaciones legales sin esfuerzo, aumenta la productividad y la colaboraci\u00f3n con las herramientas de automatizaci\u00f3n.<\/p><\/blockquote><\/figure>\n\n\n\n<h2 class=\"wp-block-heading\" id=\"los-asesores-y-las-ayudas-para-autonomos-en-la-declaracion-de-la-renta\">Los asesores y las ayudas para aut\u00f3nomos en la declaraci\u00f3n de la Renta<\/h2>\n\n\n\n<p>Los <strong>asesores fiscales<\/strong>, contables y jur\u00eddicos juegan un <strong>papel importante en todo el ciclo<\/strong> de la ayuda:<\/p>\n\n\n\n<ul class=\"wp-block-list\">\n<li><strong>Alertan<\/strong> a los clientes de la <strong>posibilidad de acceder a las ayudas<\/strong>.<\/li>\n\n\n\n<li><strong>Asesoran sobre los requisitos<\/strong> que deber\u00e1n cubrir y si tiene cuenta ponerse al d\u00eda sobre los que a\u00fan no se cumplen.<\/li>\n\n\n\n<li><strong>Preparan la documentaci\u00f3n<\/strong> y realizan, en representaci\u00f3n de los clientes, tr\u00e1mites de presentaci\u00f3n.<\/li>\n\n\n\n<li><strong>Analizan el impacto contable y fiscal<\/strong>, tanto en la planificaci\u00f3n como en la presentaci\u00f3n de los modelos tributarios.&nbsp;<\/li>\n\n\n\n<li>Plantean, en caso de ser necesario, <strong>consultas tributarias y contables<\/strong> e, incluso,<strong> recursos administrativos y judiciales<\/strong>.<\/li>\n\n\n\n<li>Verifican que <strong>se conserven todos los documentos justificantes<\/strong> de la subvenci\u00f3n durante los per\u00edodos exigidos.<\/li>\n<\/ul>\n\n\n\n<p>Por ello, es<strong> esencial que la <\/strong><a href=\"https:\/\/www.sage.com\/es-es\/blog\/estas-son-las-claves-de-la-confianza-entre-asesor-y-cliente\/\"><strong>conexi\u00f3n entre asesor y cliente<\/strong><\/a><strong> fluya <\/strong>a lo largo de toda la relaci\u00f3n. Una subvenci\u00f3n no es un tr\u00e1mite aislado, sino una prueba constante para asesor y cliente. En ese sentido, en la actualidad, existen herramientas que, como <a href=\"https:\/\/www.sage.com\/es-es\/productos\/sage-for-accountants\/\">Sage for Accountants<\/a>, sirven en bandeja un contacto fruct\u00edfero entre ambos.<\/p>\n\n\n\n<h2 class=\"wp-block-heading\" id=\"subvenciones-para-autonomos-por-cese-de-actividad\">Subvenciones para aut\u00f3nomos por cese de actividad<\/h2>\n\n\n\n<p>A las dudas sobre la tributaci\u00f3n en el IRPF de la prestaci\u00f3n por cese de actividad, ha respondido la Direcci\u00f3n General de Tributos <strong>en varias consultas vinculantes<\/strong>. La respuesta ha sido siempre que deben tributar como rendimientos del trabajo, incluso en aquellos casos en los que hubo prestaciones extraordinarias.<\/p>\n\n\n\n<p>Adem\u00e1s, en la <a href=\"https:\/\/petete.tributos.hacienda.gob.es\/consultas\/?num_consulta=V0071-21\" target=\"_blank\" rel=\"noreferrer noopener\"><strong>consulta vinculante V0071-21<\/strong><\/a> aclara qu\u00e9 pasa con los<strong> beneficios en las cotizaciones de los aut\u00f3nomos<\/strong> asociados a las prestaciones por cese de actividades. Explica que no hay incidencia en el IRPF. Por lo que tienen un efecto neutro que se manifiesta en que:<\/p>\n\n\n\n<ul class=\"wp-block-list\">\n<li>El beneficio en la cotizaci\u00f3n disfrutado no tributa en el IRPF.<\/li>\n\n\n\n<li>La parte de la cuota que no se paga tampoco supone un gasto deducible para calcular el rendimiento de la actividad econ\u00f3mica.<\/li>\n<\/ul>\n\n\n\n<p>Este criterio<strong> beneficia a aquellas personas que no tienen rendimientos del trabajo<\/strong>. Podr\u00e1n disfrutar del gasto deducible de 2.000 euros. En la pr\u00e1ctica, es como si solo tributasen por el importe que la cuant\u00eda de la prestaci\u00f3n haya superado esa cantidad.<\/p>\n\n\n\n<p>En todo caso, hay que tener en cuenta que, en la actualidad, son m\u00e1s frecuentes <strong>otro tipo de ayudas<\/strong> (auton\u00f3micas, por ejemplo). Con ellas, no se logra que la cuota sea m\u00e1s peque\u00f1a, sino que se paga lo mismo, pero te dan un dinero para sufragar ese desembolso. En este caso, el tratamiento es diferente, del modo que explica, por ejemplo, la consulta <a href=\"https:\/\/petete.tributos.hacienda.gob.es\/consultas\/?num_consulta=V0622-20\" target=\"_blank\" rel=\"noreferrer noopener\">V0622-20<\/a>:<\/p>\n\n\n\n<ul class=\"wp-block-list\">\n<li>La ayuda se declara como una subvenci\u00f3n corriente.<\/li>\n\n\n\n<li>El importe de las cotizaciones, incluso la parte subvencionada, es desgravable.<\/li>\n<\/ul>\n\n\n\n<p>Por tanto, <strong>se declaran de forma diferente<\/strong>:<\/p>\n\n\n\n<ul class=\"wp-block-list\">\n<li>Si la cuota es menor por la ayuda, no se declara ni desgrava nada.<\/li>\n\n\n\n<li>Cuando se satisface la misma cuota, pero se disfruta de una ayuda para pagarla, declaras la ayuda y desgravas la cuota.&nbsp;<\/li>\n<\/ul>\n\n\n\n<h2 class=\"wp-block-heading\" id=\"ayudas-a-autonomos-en-la-declaracion-de-la-renta-en-estimacion-directa\">Ayudas a aut\u00f3nomos en la declaraci\u00f3n de la Renta en estimaci\u00f3n directa<\/h2>\n\n\n\n<p>En <strong>estimaci\u00f3n directa<\/strong>, las subvenciones para aut\u00f3nomos deben imputarse conforme a los criterios de la normativa del Impuesto sobre Sociedades. Esta, como calcula la base imponible corrigiendo el resultado contable, nos remite al <a href=\"https:\/\/www.sage.com\/es-es\/blog\/que-es-el-plan-general-contable\/\">Plan General de Contabilidad<\/a>. De acuerdo con ello, puedes encontrarte varios casos.<\/p>\n\n\n\n<h3 class=\"wp-block-heading\" id=\"subvenciones-para-garantizar-una-rentabilidad-minima-o-cubrir-un-deficit-de-explotacion\">Subvenciones para garantizar una rentabilidad m\u00ednima o cubrir un d\u00e9ficit de explotaci\u00f3n<\/h3>\n\n\n\n<p>Los <strong>dos principales casos<\/strong> son:<\/p>\n\n\n\n<ul class=\"wp-block-list\">\n<li>Subvenciones para paliar <strong>una coyuntura concreta desfavorable<\/strong>. Ejemplo de ello son muchas de las <a href=\"https:\/\/www.sage.com\/es-es\/blog\/como-solicitar-ayudas-dana\/\">ayudas recibidas por los afectados por la DANA<\/a>. De todos modos, debes comprobar que no encaja mejor en otra de las categor\u00edas que comentamos a lo largo de este art\u00edculo.<\/li>\n\n\n\n<li>Ayudas a <strong>empresas que tienen p\u00e9rdidas de forma sostenida en el tiempo<\/strong>. En general, suelen estar prohibidas por el art\u00edculo 107 del Tratado de Funcionamiento de la Uni\u00f3n Europea, pero existen excepciones.<\/li>\n<\/ul>\n\n\n\n<p>En este caso, lo que se hace es integrar en el resultado la subvenci\u00f3n completa y, por tanto, declararla <strong>en el a\u00f1o en que se concedan<\/strong>, no en el que se reciban. La excepci\u00f3n ser\u00eda que est\u00e9 previsto que cubran p\u00e9rdidas futuras de otros a\u00f1os. En ese caso, en la \u00faltima declaraci\u00f3n, habr\u00e1s declarado solo la parte correspondiente a 2024 y en a\u00f1os sucesivos lo que corresponda.<\/p>\n\n\n\n<figure class=\"wp-block-pullquote\"><blockquote><p>En general, las subvenciones para aut\u00f3nomos recibidas para compensar las p\u00e9rdidas se declaran en el a\u00f1o de su concesi\u00f3n. De todos modos, existe una excepci\u00f3n adicional importante: si sigues el criterio de cobros y pagos, deber\u00e1s declararlas en el per\u00edodo en que las cobras.<\/p><\/blockquote><\/figure>\n\n\n\n<h3 class=\"wp-block-heading\" id=\"subvenciones-para-autonomos-para-adquirir-determinados-activos-no-corrientes\">Subvenciones para aut\u00f3nomos para adquirir determinados activos no corrientes<\/h3>\n\n\n\n<p>Aqu\u00ed encontramos, por ejemplo, las destinadas a adquirir inmovilizados materiales, intangibles e inmobiliarios. Se imputan a cada ejercicio <strong>conforme<\/strong><a href=\"https:\/\/www.sage.com\/es-es\/blog\/tablas-amortizacion-pymes-autonomos-como-funcionan\/\"><strong> se amortizan los activos adquiridos<\/strong><\/a>. No obstante, si los vendes, en ese mismo ejercicio deber\u00e1s declarar todo lo que te quede.<\/p>\n\n\n\n<h3 class=\"wp-block-heading\" id=\"ayudas-para-financiar-gastos-especificos\">Ayudas para financiar gastos espec\u00edficos<\/h3>\n\n\n\n<p>El impulso de programas de recuperaci\u00f3n ha venido haciendo bastante populares <strong>subvenciones para aut\u00f3nomos para financiar gastos concretos<\/strong>.&nbsp;<\/p>\n\n\n\n<p>Entre ellos, se incluyen los <a href=\"https:\/\/www.sage.com\/es-es\/blog\/ayudas-programas-subvenciones-digitalizacion-empresas\/\">que financian servicios digitales<\/a>. Hablamos de:<\/p>\n\n\n\n<ul class=\"wp-block-list\">\n<li>Servicios de consultor\u00eda.<\/li>\n\n\n\n<li>Auditor\u00edas y valoraciones.<\/li>\n\n\n\n<li>Apoyo en operaciones de internacionalizaci\u00f3n.<\/li>\n\n\n\n<li>Cursos de formaci\u00f3n.<\/li>\n\n\n\n<li>Etc\u00e9tera.&nbsp;<\/li>\n<\/ul>\n\n\n\n<p>Se imputan en el mismo ejercicio en el que desgravamos los gastos.&nbsp;<\/p>\n\n\n\n<h3 class=\"wp-block-heading\" id=\"adquisicion-de-existencias\">Adquisici\u00f3n de existencias<\/h3>\n\n\n\n<p>Aqu\u00ed podemos encontrar<strong> varias categor\u00edas<\/strong>:<\/p>\n\n\n\n<ul class=\"wp-block-list\">\n<li>Si te subvencionan la adquisici\u00f3n de inventarios de algo que no vendes ni incorporas a los procesos de producci\u00f3n, podr\u00eda entenderse como <strong>materiales diversos<\/strong>. En ese caso, las incluir\u00edas en la declaraci\u00f3n al mismo ritmo que las das de baja en el balance, siguiendo un criterio como FIFO o el precio medio ponderado.<\/li>\n\n\n\n<li>Si te han subvencionado la adquisici\u00f3n de algo que vendes o incorporas a los procesos, tambi\u00e9n deber\u00e1s declararlo como<strong> ingresos del ejercicio en que se produzca su enajenaci\u00f3n, correcci\u00f3n valorativa por deterioro o baja en balance<\/strong>.<\/li>\n<\/ul>\n\n\n\n<h3 class=\"wp-block-heading\" id=\"adquisicion-de-activos-financieros\">Adquisici\u00f3n de activos financieros<\/h3>\n\n\n\n<p>Las imputar\u00e1s como ingresos del ejercicio en el que se produzca su <strong>enajenaci\u00f3n, correcci\u00f3n valorativa por deterioro o baja en balance.<\/strong><\/p>\n\n\n\n<h3 class=\"wp-block-heading\" id=\"cancelacion-de-deudas\">Cancelaci\u00f3n de deudas<\/h3>\n\n\n\n<p>Podemos encontrarnos con dos casos:<\/p>\n\n\n\n<ul class=\"wp-block-list\">\n<li>Si te subvencionan la <strong>cancelaci\u00f3n de una deuda <\/strong>asumida para financiar un elemento espec\u00edfico (como algo que tengas que haber adquirido), se imputa en funci\u00f3n del elemento financiado.<\/li>\n\n\n\n<li>En los dem\u00e1s casos, tributar\u00e1 por completo en el ejercicio que la subvenci\u00f3n cancele tu deuda.<\/li>\n<\/ul>\n\n\n\n<h2 class=\"wp-block-heading\" id=\"h-h2-subvenciones-a-autonomos-en-estimacion-objetiva\">H2: Subvenciones a aut\u00f3nomos en estimaci\u00f3n objetiva<\/h2>\n\n\n\n<p>En el caso de la estimaci\u00f3n objetiva, el c\u00e1lculo no tiene en cuenta las normas contables. Sin embargo, en las actividades distintas de las agr\u00edcolas, ganaderas y forestales, para el c\u00e1lculo del rendimiento, se suman <strong>otras percepciones empresariales<\/strong>.&nbsp;<\/p>\n\n\n\n<p>Entre estas, se incluyen las subvenciones, que se imputar\u00e1n a un a\u00f1o u otro de forma an\u00e1loga a lo que sucede en estimaci\u00f3n directa.<\/p>\n\n\n\n<figure class=\"wp-block-pullquote\"><blockquote><p>Si tributas por m\u00f3dulos y tu actividad no es agr\u00edcola, ganadera o forestal, deber\u00e1s incluir el importe de las subvenciones en la declaraci\u00f3n de la Renta. Saber c\u00f3mo tributar las ayudas correctamente es esencial para evitar sanciones o errores en tu Renta.<\/p><\/blockquote><\/figure>\n\n\n\n<h2 class=\"wp-block-heading\" id=\"ayudas-pendientes-de-resolucion-judicial\">Ayudas pendientes de resoluci\u00f3n judicial<\/h2>\n\n\n\n<p>Puede darse el caso de que hayas pedido una ayuda y te la hayan denegado. Una opci\u00f3n ser\u00e1, tras recurrir a la propia Administraci\u00f3n, acudir a la jurisdicci\u00f3n contencioso-administrativa. Si esta te acaba dando la raz\u00f3n, tendr\u00e1s que declarar la ayuda en <strong>el per\u00edodo en el que la sentencia adquiera firmeza<\/strong>.<\/p>\n\n\n\n<p>Como ves, tributar las ayudas recibidas como aut\u00f3nomos<strong> deben incluirse en la declaraci\u00f3n de la Renta en la mayor\u00eda de los casos <\/strong>y requiere conocer su tratamiento fiscal. No obstante, en ciertas situaciones no todo se imputa en el mismo ejercicio e, incluso, algunas no tributan como rendimientos de la actividad econ\u00f3mica.<\/p>\n\n\n\n<p><em><strong>Nota del editor: <\/strong>Este art\u00edculo fue publicado con anterioridad y actualizado a 2025 por su relevancia.<\/em><\/p>\n\n\n\n<div class=\"single-cta gated-content\">\n\t<div class=\"single-cta__positioner\">\n\t\t<div class=\"single-cta__wrapper has-dark-background-color\">\n\t\t\t<div class=\"single-cta__content\">\n\t\t\t\t\t\t\t\t<h2 class=\"single-cta__title h3\">Campa\u00f1a Renta 2026<\/h2>\n\n\t\t\t\t\t\t\t\t\t<div class=\"single-cta__description\">\n\t\t\t\t\t\t<p><!-- wp:paragraph --><\/p>\n<p>DESCARGA TU GU\u00cdA GRATUITA<\/p>\n<p><!-- \/wp:paragraph --><\/p>\n<p><!-- wp:paragraph --><\/p>\n<p>Conoce todas las novedades en la Renta del ejercicio 2025:<\/p>\n<p><!-- \/wp:paragraph --><\/p>\n<p><!-- wp:list --><\/p>\n<ul class=\"wp-block-list\"><!-- wp:list-item --><\/p>\n<li>Qu\u00e9 novedades hay que aplicar este a\u00f1o.<\/li>\n<p><!-- \/wp:list-item --><\/p>\n<p><!-- wp:list-item --><\/p>\n<li>C\u00f3mo se declara en funci\u00f3n de la actividad.<\/li>\n<p><!-- \/wp:list-item --><\/p>\n<p><!-- wp:list-item --><\/p>\n<li>Qu\u00e9 trucos puedes aplicar.<\/li>\n<p><!-- \/wp:list-item --><\/ul>\n<p><!-- \/wp:list --><\/p>\n\t\t\t\t\t<\/div>\n\t\t\t\t\n\t\t\t\t\t\t\t\t\t\t\t\t\t\t<a\n\t\t\t\t\t\thref=\"#gate-79f4224a-f097-4605-b505-646dba520e83\"\n\t\t\t\t\t\tclass=\"single-cta__button button button--primary\"\n\t\t\t\t\t\t\t\t\t\t\t\t\t\t\t\t\t>\u00a1Quier mi gu\u00eda GRATIS!<\/a>\n\t\t\t\t\t\t\t<\/div>\n\n\t\t\t\t\t<\/div>\n\n\t\t\t\t\t<img decoding=\"async\" width=\"1377\" height=\"810\" src=\"https:\/\/www.sage.com\/es-es\/blog\/wp-content\/uploads\/sites\/8\/2024\/05\/image-1700x1000-1-1377x810.jpg\" class=\"single-cta__image\" alt=\"Sage\" loading=\"lazy\" srcset=\"https:\/\/www.sage.com\/es-es\/blog\/wp-content\/uploads\/sites\/8\/2024\/05\/image-1700x1000-1-1377x810.jpg 1377w\" sizes=\"auto, (min-width: 48em) 33vw, 100vw\" \/>\t\t\t<\/div>\n<\/div>\n","protected":false},"excerpt":{"rendered":"<p> C\u00f3mo declarar las ayudas para aut\u00f3nomos en la declaraci\u00f3n de la Renta. Explora el impacto fiscal de diferentes tipos de subvenciones.<\/p>\n","protected":false},"author":240,"featured_media":23654,"comment_status":"closed","ping_status":"closed","sticky":false,"template":"","format":"standard","meta":{"_sage_video":false,"post_featured_image_hide":false,"footnotes":""},"categories":[7],"tags":[187,16,27,181],"business_type":[8],"lilypad":[],"context":[],"industry":[],"persona":[],"imagine_tag":[280],"coauthors":[412],"class_list":["post-20137","post","type-post","status-publish","format-standard","has-post-thumbnail","hentry","category-asesorias-despachos-profesionales","tag-asesorias-y-despachos-profesionales","tag-autonomos","tag-emprendedores","tag-impuestos","business_type-asesorias-despachos-profesionales"],"sage_meta":{"region":"es-es","author_name":"Gonzalo Garc\u00eda Abad","featured_image":"https:\/\/www.sage.com\/es-es\/blog\/wp-content\/uploads\/sites\/8\/2023\/09\/GettyImages-481292847.jpg","imagine_tags":{"280":"Asesor\u00edas y despachos"}},"distributor_meta":false,"distributor_terms":false,"distributor_media":false,"distributor_original_site_name":"Sage Advice Espa\u00f1a","distributor_original_site_url":"https:\/\/www.sage.com\/es-es\/blog","push-errors":false,"_links":{"self":[{"href":"https:\/\/www.sage.com\/es-es\/blog\/api\/wp\/v2\/posts\/20137","targetHints":{"allow":["GET"]}}],"collection":[{"href":"https:\/\/www.sage.com\/es-es\/blog\/api\/wp\/v2\/posts"}],"about":[{"href":"https:\/\/www.sage.com\/es-es\/blog\/api\/wp\/v2\/types\/post"}],"author":[{"embeddable":true,"href":"https:\/\/www.sage.com\/es-es\/blog\/api\/wp\/v2\/users\/240"}],"replies":[{"embeddable":true,"href":"https:\/\/www.sage.com\/es-es\/blog\/api\/wp\/v2\/comments?post=20137"}],"version-history":[{"count":0,"href":"https:\/\/www.sage.com\/es-es\/blog\/api\/wp\/v2\/posts\/20137\/revisions"}],"wp:featuredmedia":[{"embeddable":true,"href":"https:\/\/www.sage.com\/es-es\/blog\/api\/wp\/v2\/media\/23654"}],"wp:attachment":[{"href":"https:\/\/www.sage.com\/es-es\/blog\/api\/wp\/v2\/media?parent=20137"}],"wp:term":[{"taxonomy":"category","embeddable":true,"href":"https:\/\/www.sage.com\/es-es\/blog\/api\/wp\/v2\/categories?post=20137"},{"taxonomy":"post_tag","embeddable":true,"href":"https:\/\/www.sage.com\/es-es\/blog\/api\/wp\/v2\/tags?post=20137"},{"taxonomy":"business_type","embeddable":true,"href":"https:\/\/www.sage.com\/es-es\/blog\/api\/wp\/v2\/business_type?post=20137"},{"taxonomy":"lilypad","embeddable":true,"href":"https:\/\/www.sage.com\/es-es\/blog\/api\/wp\/v2\/lilypad?post=20137"},{"taxonomy":"context","embeddable":true,"href":"https:\/\/www.sage.com\/es-es\/blog\/api\/wp\/v2\/context?post=20137"},{"taxonomy":"industry","embeddable":true,"href":"https:\/\/www.sage.com\/es-es\/blog\/api\/wp\/v2\/industry?post=20137"},{"taxonomy":"persona","embeddable":true,"href":"https:\/\/www.sage.com\/es-es\/blog\/api\/wp\/v2\/persona?post=20137"},{"taxonomy":"imagine_tag","embeddable":true,"href":"https:\/\/www.sage.com\/es-es\/blog\/api\/wp\/v2\/imagine_tag?post=20137"},{"taxonomy":"author","embeddable":true,"href":"https:\/\/www.sage.com\/es-es\/blog\/api\/wp\/v2\/coauthors?post=20137"}],"curies":[{"name":"wp","href":"https:\/\/api.w.org\/{rel}","templated":true}]}}