{"id":20219,"date":"2022-05-06T10:58:53","date_gmt":"2022-05-06T08:58:53","guid":{"rendered":"https:\/\/www.sage.com\/es-es\/blog\/?p=20219"},"modified":"2026-02-04T16:40:33","modified_gmt":"2026-02-04T15:40:33","slug":"quien-es-maximo-responsable-etica-inteligencia-artificial-en-companias","status":"publish","type":"post","link":"https:\/\/www.sage.com\/es-es\/blog\/quien-es-maximo-responsable-etica-inteligencia-artificial-en-companias\/","title":{"rendered":"\u00bfQui\u00e9n es el m\u00e1ximo responsable de la \u00e9tica de la Inteligencia Artificial en las compa\u00f1\u00edas?"},"content":{"rendered":"<header class=\"entry-header has-dark-background-color entry-header--has-illustration entry-header--has-illustration--generic\">\n\t<div class=\"container\">\n\t\t<div class=\"entry-header__row row align-center\">\n\t\t\t<div class=\"col col-lg-7 col-xlg-6 entry-header__content\">\n\t\t\t\t\t\t\t<div class=\"component component-single-header\">\n\t\t\t\t\t\t\t\t\t\t<div class=\"entry-header__misc text--subtitle text--uppercase text--small\">\n\t\t\t\t\t\t\t<a href=\"https:\/\/www.sage.com\/es-es\/blog\/categoria\/tecnologia-innovacion\/\" class=\"entry-header__link\">Tecnolog\u00eda e Innovaci\u00f3n<\/a>\t\t\t\t\t\t<\/div>\n\t\t\t\t\n\t\t\t\t<div class=\"entry-title-wrapper\">\n\t\t\t\t\t<h1 class=\"entry-title\">\n\t\t\t\t\t\t\u00bfQui\u00e9n es el m\u00e1ximo responsable de la \u00e9tica de la Inteligencia Artificial en las compa\u00f1\u00edas?\t\t\t\t\t<\/h1>\n\t\t\t\t<\/div>\n\n\t\t\t\t\t\t\t\t\t<p class=\"entry-header__description\">\n\t\t\t\t\t\t\t\t\t\t\t<\/p>\n\t\t\t\t\n\t\t\t\t\n\t\t\t\t\n\t\t\t<\/div>\n\n\t\t\t\t\t<\/div>\n\t\t\t\t\t<\/div>\n\t<\/div>\n\t<div class=\"single-post-details container\">\n\t\t<div class=\"col\">\n\t\t\t<span class=\"posted-on \"><time class=\"entry-date published\" datetime=\"2022-05-06T10:58:53+02:00\">6 May, 2022<\/time><\/span><span class=\"reading-time\"> minutos de lectura<\/span>\n\t\t<button\n\t\t\ttype=\"button\"\n\t\t\tclass=\"social-share-button button button--icon button--secondary js-social-share-button\"\n\t\t\tdata-share-title=\"\u00bfQui\u00e9n es el m\u00e1ximo responsable de la \u00e9tica de la Inteligencia Artificial en las compa\u00f1\u00edas?\"\n\t\t\tdata-share-url=\"https:\/\/www.sage.com\/es-es\/blog\/quien-es-maximo-responsable-etica-inteligencia-artificial-en-companias\/\"\n\t\t\tdata-share-text=\"Please read this interesting article\"\n\t\t>\n\t\t\t<span class=\"social-share-button__share-label\">Compartir<\/span>\n\t\t\t<span class=\"social-share-button__copy-label\" hidden>Copiar enlace<\/span>\n\t\t\t<span class=\"social-share-button__copy-tooltip\" aria-hidden=\"true\" hidden>Copiado<\/span>\n\t\t<\/button>\n\n\t\t\t\t<\/div>\n\t<\/div>\n<\/header>\n\n\n\n<div class=\"wp-block-post-author has-dark-background-color alignfull\">\n\t<div class=\"container\">\n\t\t<div class=\"col\">\n\t\t\t\t\t\t\t<div class=\"co-authors\">\n\t\t\t\t\t\n\t\t<div class=\"entry-author-wrapper\">\n\t\t\t<a class=\"entry-author\" href=\"https:\/\/www.sage.com\/es-es\/blog\/author\/joseantoniocalvo\/\">\n\t\t\t\t<img loading=\"lazy\" decoding=\"async\" width=\"40\" height=\"40\" src=\"https:\/\/www.sage.com\/es-es\/blog\/wp-content\/uploads\/sites\/8\/2021\/10\/Foto_Jose-Antonio-Calvo_800x800-350x350.jpg\" class=\"entry-author__image\" alt=\"Sage\" srcset=\"https:\/\/www.sage.com\/es-es\/blog\/wp-content\/uploads\/sites\/8\/2021\/10\/Foto_Jose-Antonio-Calvo_800x800-350x350.jpg 350w, https:\/\/www.sage.com\/es-es\/blog\/wp-content\/uploads\/sites\/8\/2021\/10\/Foto_Jose-Antonio-Calvo_800x800-768x768.jpg 768w, https:\/\/www.sage.com\/es-es\/blog\/wp-content\/uploads\/sites\/8\/2021\/10\/Foto_Jose-Antonio-Calvo_800x800.jpg 800w\" sizes=\"auto, (max-width: 40px) 100vw, 40px\" \/>\t\t\t\t<span class=\"entry-author__name\">Jose Antonio Calvo<\/span>\n\t\t\t<\/a>\n\n\t\t\t\t\t<\/div>\n\n\t\t\t\t\t\t<\/div>\n\t\t\t\t\t<\/div>\n\t<\/div>\n<\/div>\n<div class=\"sage-block-classic-wrapper\">\n\n<p>En este art\u00edculo encontrar\u00e1s una reflexi\u00f3n sobre c\u00f3mo crece la implantaci\u00f3n de la inteligencia artificial en las empresas y cambian los responsables de las cuestiones \u00e9ticas que esta tecnolog\u00eda conlleva.<!--more--><\/p>\n<ul>\n<li>Crece la relevancia de la \u00e9tica en la aplicaci\u00f3n de soluciones de Inteligencia Artificial.<\/li>\n<li>Analizamos los cambios respecto al perfil responsable de esta cuesti\u00f3n, por su impacto directo en el RSC y resultado econ\u00f3mico en las empresas.<\/li>\n<\/ul>\n<p>Aumenta la adopci\u00f3n de Inteligencia artificial (IA) en las empresas espa\u00f1olas. Seg\u00fan el informe \u2018Uso de tecnolog\u00edas digitales por empresas en Espa\u00f1a\u2019, del Observatorio Nacional de Tecnolog\u00eda y Sociedad, la incorporaci\u00f3n de esta tecnolog\u00eda en las empresas creci\u00f3 un 1% en 2021, con respecto al a\u00f1o anterior.<\/p>\n<p>Madrid se posiciona como la Comunidad Aut\u00f3noma con m\u00e1s empresas haciendo uso de IA para sus procesos, con el 11% de las compa\u00f1\u00edas que la utilizan en todo el pa\u00eds.<\/p>\n<p><strong>Espa\u00f1a mantiene unos niveles de adopci\u00f3n similares a Europa<\/strong>. Sin embargo, el informe destaca que en todo el continente ser\u00e1 una tendencia al alza, en lo que a su implantaci\u00f3n se refiere.<\/p>\n<p>De hecho, tanto el propio informe como diferentes organismos p\u00fablicos la definen como un <strong>factor clave para impulsar el desarrollo econ\u00f3mico<\/strong>. Siendo una de las tecnolog\u00edas preferentes dentro de los planes de <a href=\"https:\/\/www.sage.com\/es-es\/blog\/programa-kit-digital-que-es-y-como-solicitar-las-ayudas-para-digitalizar-tu-pyme\/\">ayuda para la digitalizaci\u00f3n<\/a> a nivel estatal y europeo.<\/p>\n<p><em><mark class=\"highlight-and-share\"><strong>\u00a1TUITEALO!<\/strong> Los l\u00edderes no t\u00e9cnicos toman las riendas de la \u00e9tica en Inteligencia artificial, por su impacto en los planes RSC y econ\u00f3micos de las compa\u00f1\u00edas.<\/mark><\/em><\/p>\n<p>El mencionado informe establece, m\u00e1s concretamente, que se espera que sea un impulsor clave del desarrollo econ\u00f3mico del pa\u00eds y el continente, por su enorme <strong>capacidad de potenciar innovaciones<\/strong> en los sectores donde se aplica.<\/p>\n<p>No cabe duda, por tanto, de que ser\u00e1 una tendencia en auge pr\u00f3ximamente. Pero, \u00bf<strong>qui\u00e9n se hace cargo de los condicionantes \u00e9ticos<\/strong> a la hora de implantar esta tecnolog\u00eda?<\/p>\n<h2>Los responsables de la \u00e9tica en Inteligencia artificial<\/h2>\n<p>Para dar respuesta a esta cuesti\u00f3n nos acercamos al an\u00e1lisis realizado por IBM Institute for Business Value. En su informe \u2018<a href=\"https:\/\/www.ibm.com\/thought-leadership\/institute-business-value\/report\/ai-ethics-in-action\" target=\"_blank\" rel=\"noopener\">AI ethics in action<\/a>\u2019, encontramos un cambio de paradigma sobre qui\u00e9nes son los responsables de este aspecto en las compa\u00f1\u00edas a nivel europeo.<\/p>\n<blockquote><p>La progresiva implantaci\u00f3n de Inteligencia artificial en las empresas es considerada un factor clave para impulsar el desarrollo econ\u00f3mico en Espa\u00f1a y Europa.<\/p><\/blockquote>\n<p>Se trata de un an\u00e1lisis junto a Oxford Economics, que ha entrevistado a 1.200 ejecutivos de 16 tipos de negocios y tecnolog\u00edas diferentes, en 22 pa\u00edses. Seg\u00fan este informe, de metodolog\u00eda similar al que se realiz\u00f3 en 2018, la <strong>responsabilidad \u00e9tica en <\/strong><strong>la Inteligencia artificial <\/strong><strong>ha cambiado dr\u00e1sticamente<\/strong> en apenas tres a\u00f1os.<\/p>\n<p>Mientras que en <strong>2018<\/strong> los <strong>l\u00edderes t\u00e9cnicos eran los responsables de la \u00e9tica<\/strong> del IA en sus empresas, <strong>en la actualidad se trata de ejecutivos no t\u00e9cnicos<\/strong> los encargados de liderar la cuesti\u00f3n. En concreto, se ha pasado del 15% de perfiles no t\u00e9cnicos a un 80%. Mientras que antes, tan s\u00f3lo un 20% de los directores generales se ve\u00edan preparados para actuar, ahora este porcentaje se eleva al 80%.<\/p>\n<h2>Implicaci\u00f3n directiva en la responsabilidad \u00e9tica y corporativa<\/h2>\n<p>Este cambio se debe en gran medida a que tres de cada cuatro ejecutivos perciben la \u00e9tica como una fuente de diferenciaci\u00f3n frente a la competencia. Tambi\u00e9n por los <strong>resultados econ\u00f3micos<\/strong> que puede ofrecer a las empresas.<\/p>\n<p>El mencionado informe de IBM establece que las empresas que han adoptado soluciones avanzadas de IA lideran la \u00e9tica en este \u00e1mbito. Y las empresas que adoptan <a href=\"https:\/\/www.sage.com\/es-es\/blog\/inteligencia-artificial-pymes-aplicaciones-beneficios\/\">Inteligencia artificial<\/a> <strong>como <\/strong><strong>una pieza clave<\/strong> de la estrategia de su empresa aseguran que <strong>han conseguido un retorno de la inversi\u00f3n<\/strong> en proyectos IA <strong>hasta dos veces mayor<\/strong> que las empresas que no consideran relevante esta cuesti\u00f3n.<\/p>\n<p>Resulta curioso, adem\u00e1s, c\u00f3mo la encuesta revela una relaci\u00f3n entre las organizaciones que cuidan la \u00e9tica y sus implicaciones en otras parcelas empresariales. Como la sostenibilidad, la diversidad e inclusi\u00f3n o la responsabilidad social corporativa.<\/p>\n<p>Seg\u00fan los resultados publicados, m\u00e1s del 67% de las organizaciones que considera la \u00e9tica en IA como importante, aseguran tambi\u00e9n que son superiores a sus competidores en las cuestiones relacionadas con la sostenibilidad y el resto de valores descritos en material RSC.<\/p>\n<p>Dicho esto, <strong>el informe tambi\u00e9n detecta carencias<\/strong>. Especialmente en el \u00e1mbito de la diversidad. Los equipos de Inteligencia artificial de las compa\u00f1\u00edas son:<\/p>\n<ul>\n<li>5,4 menos inclusivos para las mujeres.<\/li>\n<li>4 veces menos inclusivos con colectivos LGTBQ+.<\/li>\n<li>17 menos inclusivos desde el punto de vista racial.<\/li>\n<\/ul>\n<p>De hecho, menos del 20% de los ejecutivos se muestran muy de acuerdo con la afirmaci\u00f3n de que sus acciones \u00e9ticas en IA cumplen o superan los valores declarados en esta materia.<\/p>\n<p>Queda, por tanto, mucho camino por recorrer. Tanto en lo que a<a href=\"https:\/\/www.sage.com\/es-es\/blog\/automatizacion-de-procesos-por-que-deberias-implementarlo-en-tu-pyme\/\"> implementaci\u00f3n general de la tecnolog\u00eda<\/a> se refiere, como en su gesti\u00f3n \u00e9tica. Lo que s\u00ed queda claro <strong>es la importancia que toma la cuesti\u00f3n<\/strong>. Desde el momento en que la misma ha pasado de forma dr\u00e1stica a formar parte de la agenda de los m\u00e1s altos directivos de las empresas, tal y como certifica el informe. Y en apenas unos a\u00f1os.<\/p>\n\n<\/div>\n<div class=\"single-cta\">\n\t<div class=\"single-cta__positioner\">\n\t\t<div class=\"single-cta__wrapper has-dark-background-color\">\n\t\t\t<div class=\"single-cta__content\">\n\t\t\t\t\t\t\t\t<h2 class=\"single-cta__title h3\">Software ERP<\/h2>\n\n\t\t\t\t\t\t\t\t\t<div class=\"single-cta__description\">\n\t\t\t\t\t\t<p>&nbsp;<\/p>\n<p><strong>Transforma tu negocio con la soluci\u00f3n ERP\u00a0 adaptada a tu empresa<\/strong><\/p>\n<ul>\n<li><span style=\"font-size: 11pt\">Solicita informaci\u00f3n sobre Sage X3 o Sage 200. Te asesoramos para que elijas el software que mejor se adapte a tus necesidades.<\/span><\/li>\n<\/ul>\n\t\t\t\t\t<\/div>\n\t\t\t\t\n\t\t\t\t\t\t\t\t\t\t\t\t\t\t<a\n\t\t\t\t\t\thref=\"https:\/\/www.sage.com\/es-es\/cp\/software-erp\/\"\n\t\t\t\t\t\tclass=\"single-cta__button button button--primary\"\n\t\t\t\t\t\t\t\t\t\t\t\t\tid=\"cta-id-18356\"\n\t\t\t\t\t\t\t\t\t\t\t\t\t\t\t\t\t\t\tdata-button-location=\"cta_box\"\n\t\t\t\t\t\t\t\t\t\t\t>Quiero m\u00e1s informaci\u00f3n<\/a>\n\t\t\t\t\t\t\t<\/div>\n\n\t\t\t\t\t<\/div>\n\n\t\t\t\t\t<img decoding=\"async\" width=\"1440\" height=\"810\" src=\"https:\/\/www.sage.com\/es-es\/blog\/wp-content\/uploads\/sites\/8\/2022\/04\/GettyImages-1213042683-1440x810.jpg\" class=\"single-cta__image\" alt=\"Chicas revisando unos informes\" loading=\"lazy\" srcset=\"https:\/\/www.sage.com\/es-es\/blog\/wp-content\/uploads\/sites\/8\/2022\/04\/GettyImages-1213042683-1440x810.jpg 1440w\" sizes=\"auto, (min-width: 48em) 33vw, 100vw\" \/>\t\t\t<\/div>\n<\/div>\n","protected":false},"excerpt":{"rendered":"<p>En este art\u00edculo encontrar\u00e1s una reflexi\u00f3n sobre c\u00f3mo crece la implantaci\u00f3n de la inteligencia artificial en las empresas y cambian los responsables de las cuestiones \u00e9ticas que esta tecnolog\u00eda conlleva.<\/p>\n","protected":false},"author":1305,"featured_media":19841,"comment_status":"closed","ping_status":"closed","sticky":false,"template":"","format":"standard","meta":{"_sage_video":false,"post_featured_image_hide":false,"footnotes":""},"categories":[5],"tags":[177,124,173],"business_type":[11],"lilypad":[],"context":[],"industry":[],"persona":[],"imagine_tag":[278],"coauthors":[560],"class_list":["post-20219","post","type-post","status-publish","format-standard","has-post-thumbnail","hentry","category-tecnologia-innovacion","tag-inteligencia-artificial","tag-solucion-de-gestion-empresarial-erp","tag-tecnologia","business_type-mediana-empresa"],"sage_meta":{"region":"es-es","author_name":"Jose Antonio Calvo","featured_image":"https:\/\/www.sage.com\/es-es\/blog\/wp-content\/uploads\/sites\/8\/2022\/04\/GettyImages-93912664.jpg","imagine_tags":{"278":"ERP"}},"distributor_meta":false,"distributor_terms":false,"distributor_media":false,"distributor_original_site_name":"Sage Advice Espa\u00f1a","distributor_original_site_url":"https:\/\/www.sage.com\/es-es\/blog","push-errors":false,"_links":{"self":[{"href":"https:\/\/www.sage.com\/es-es\/blog\/api\/wp\/v2\/posts\/20219","targetHints":{"allow":["GET"]}}],"collection":[{"href":"https:\/\/www.sage.com\/es-es\/blog\/api\/wp\/v2\/posts"}],"about":[{"href":"https:\/\/www.sage.com\/es-es\/blog\/api\/wp\/v2\/types\/post"}],"author":[{"embeddable":true,"href":"https:\/\/www.sage.com\/es-es\/blog\/api\/wp\/v2\/users\/1305"}],"replies":[{"embeddable":true,"href":"https:\/\/www.sage.com\/es-es\/blog\/api\/wp\/v2\/comments?post=20219"}],"version-history":[{"count":0,"href":"https:\/\/www.sage.com\/es-es\/blog\/api\/wp\/v2\/posts\/20219\/revisions"}],"wp:featuredmedia":[{"embeddable":true,"href":"https:\/\/www.sage.com\/es-es\/blog\/api\/wp\/v2\/media\/19841"}],"wp:attachment":[{"href":"https:\/\/www.sage.com\/es-es\/blog\/api\/wp\/v2\/media?parent=20219"}],"wp:term":[{"taxonomy":"category","embeddable":true,"href":"https:\/\/www.sage.com\/es-es\/blog\/api\/wp\/v2\/categories?post=20219"},{"taxonomy":"post_tag","embeddable":true,"href":"https:\/\/www.sage.com\/es-es\/blog\/api\/wp\/v2\/tags?post=20219"},{"taxonomy":"business_type","embeddable":true,"href":"https:\/\/www.sage.com\/es-es\/blog\/api\/wp\/v2\/business_type?post=20219"},{"taxonomy":"lilypad","embeddable":true,"href":"https:\/\/www.sage.com\/es-es\/blog\/api\/wp\/v2\/lilypad?post=20219"},{"taxonomy":"context","embeddable":true,"href":"https:\/\/www.sage.com\/es-es\/blog\/api\/wp\/v2\/context?post=20219"},{"taxonomy":"industry","embeddable":true,"href":"https:\/\/www.sage.com\/es-es\/blog\/api\/wp\/v2\/industry?post=20219"},{"taxonomy":"persona","embeddable":true,"href":"https:\/\/www.sage.com\/es-es\/blog\/api\/wp\/v2\/persona?post=20219"},{"taxonomy":"imagine_tag","embeddable":true,"href":"https:\/\/www.sage.com\/es-es\/blog\/api\/wp\/v2\/imagine_tag?post=20219"},{"taxonomy":"author","embeddable":true,"href":"https:\/\/www.sage.com\/es-es\/blog\/api\/wp\/v2\/coauthors?post=20219"}],"curies":[{"name":"wp","href":"https:\/\/api.w.org\/{rel}","templated":true}]}}