{"id":20398,"date":"2022-08-08T09:00:39","date_gmt":"2022-08-08T07:00:39","guid":{"rendered":"https:\/\/www.sage.com\/es-es\/blog\/?p=20398"},"modified":"2026-02-04T16:34:16","modified_gmt":"2026-02-04T15:34:16","slug":"como-se-han-adaptado-las-pymes-espanolas-a-ley-proteccion-datos","status":"publish","type":"post","link":"https:\/\/www.sage.com\/es-es\/blog\/como-se-han-adaptado-las-pymes-espanolas-a-ley-proteccion-datos\/","title":{"rendered":"C\u00f3mo se han adaptado las pymes espa\u00f1olas al Reglamento General de Protecci\u00f3n de Datos (RGPD)"},"content":{"rendered":"<header class=\"entry-header has-dark-background-color entry-header--has-illustration entry-header--has-illustration--generic\">\n\t<div class=\"container\">\n\t\t<div class=\"entry-header__row row align-center\">\n\t\t\t<div class=\"col col-lg-7 col-xlg-6 entry-header__content\">\n\t\t\t\t\t\t\t<div class=\"component component-single-header\">\n\t\t\t\t\t\t\t\t\t\t<div class=\"entry-header__misc text--subtitle text--uppercase text--small\">\n\t\t\t\t\t\t\t<a href=\"https:\/\/www.sage.com\/es-es\/blog\/categoria\/estrategia-gestion\/\" class=\"entry-header__link\">Estrategia y Gesti\u00f3n<\/a>\t\t\t\t\t\t<\/div>\n\t\t\t\t\n\t\t\t\t<div class=\"entry-title-wrapper\">\n\t\t\t\t\t<h1 class=\"entry-title\">\n\t\t\t\t\t\tC\u00f3mo se han adaptado las pymes espa\u00f1olas al Reglamento General de Protecci\u00f3n de Datos (RGPD)\t\t\t\t\t<\/h1>\n\t\t\t\t<\/div>\n\n\t\t\t\t\t\t\t\t\t<p class=\"entry-header__description\">\n\t\t\t\t\t\t\t\t\t\t\t<\/p>\n\t\t\t\t\n\t\t\t\t\n\t\t\t\t\n\t\t\t<\/div>\n\n\t\t\t\t\t<\/div>\n\t\t\t\t\t<\/div>\n\t<\/div>\n\t<div class=\"single-post-details container\">\n\t\t<div class=\"col\">\n\t\t\t<span class=\"posted-on \"><time class=\"entry-date published\" datetime=\"2022-08-08T09:00:39+02:00\">8 August, 2022<\/time><\/span><span class=\"reading-time\"> minutos de lectura<\/span>\n\t\t<button\n\t\t\ttype=\"button\"\n\t\t\tclass=\"social-share-button button button--icon button--secondary js-social-share-button\"\n\t\t\tdata-share-title=\"C\u00f3mo se han adaptado las pymes espa\u00f1olas al Reglamento General de Protecci\u00f3n de Datos (RGPD)\"\n\t\t\tdata-share-url=\"https:\/\/www.sage.com\/es-es\/blog\/como-se-han-adaptado-las-pymes-espanolas-a-ley-proteccion-datos\/\"\n\t\t\tdata-share-text=\"Please read this interesting article\"\n\t\t>\n\t\t\t<span class=\"social-share-button__share-label\">Compartir<\/span>\n\t\t\t<span class=\"social-share-button__copy-label\" hidden>Copiar enlace<\/span>\n\t\t\t<span class=\"social-share-button__copy-tooltip\" aria-hidden=\"true\" hidden>Copiado<\/span>\n\t\t<\/button>\n\n\t\t\t\t<\/div>\n\t<\/div>\n<\/header>\n\n\n\n<div class=\"wp-block-post-author has-dark-background-color alignfull\">\n\t<div class=\"container\">\n\t\t<div class=\"col\">\n\t\t\t\t\t\t\t<div class=\"co-authors\">\n\t\t\t\t\t\n\t\t<div class=\"entry-author-wrapper\">\n\t\t\t<a class=\"entry-author\" href=\"https:\/\/www.sage.com\/es-es\/blog\/author\/rociogonzalez\/\">\n\t\t\t\t<img loading=\"lazy\" decoding=\"async\" width=\"40\" height=\"40\" src=\"https:\/\/www.sage.com\/es-es\/blog\/wp-content\/uploads\/sites\/8\/2018\/09\/rocio-gonzalez-350x350.jpg\" class=\"entry-author__image\" alt=\"Roc\u00edo Gonz\u00e1lez\" srcset=\"https:\/\/www.sage.com\/es-es\/blog\/wp-content\/uploads\/sites\/8\/2018\/09\/rocio-gonzalez-350x350.jpg 350w, https:\/\/www.sage.com\/es-es\/blog\/wp-content\/uploads\/sites\/8\/2018\/09\/rocio-gonzalez-768x768.jpg 768w, https:\/\/www.sage.com\/es-es\/blog\/wp-content\/uploads\/sites\/8\/2018\/09\/rocio-gonzalez-810x810.jpg 810w, https:\/\/www.sage.com\/es-es\/blog\/wp-content\/uploads\/sites\/8\/2018\/09\/rocio-gonzalez.jpg 960w\" sizes=\"auto, (max-width: 40px) 100vw, 40px\" \/>\t\t\t\t<span class=\"entry-author__name\">Roc\u00edo Gonz\u00e1lez<\/span>\n\t\t\t<\/a>\n\n\t\t\t\t\t<\/div>\n\n\t\t\t\t\t\t<\/div>\n\t\t\t\t\t<\/div>\n\t<\/div>\n<\/div>\n<div class=\"sage-block-classic-wrapper\">\n\n<p>Las pymes espa\u00f1olas abrazan <strong>el Reglamento General de Protecci\u00f3n de Datos<\/strong>, aunque tambi\u00e9n han tenido que lidiar con problemas como el uso de los datos de terceros. En este art\u00edculo te explicamos c\u00f3mo las pymes han lidiado con la nueva ley.<!--more--><\/p>\n<ul>\n<li>Las empresas espa\u00f1olas tuvieron que cambiar su forma de concebir la protecci\u00f3n de datos a ra\u00edz de la entrada en vigor de la nueva ley.<\/li>\n<li>En 2021 se produjeron cerca de 14.000 reclamaciones en materia de protecci\u00f3n de datos, \u00bfa qu\u00e9 se debe?<\/li>\n<\/ul>\n<p>Han pasado cuatro a\u00f1os desde la entrada en vigor del Reglamento General de Protecci\u00f3n de Datos (o RGPD). Una norma que oblig\u00f3 a que empresas de todo tipo tuvieran que cambiar la forma de concebir la protecci\u00f3n de datos personales.<\/p>\n<p>La normativa ha situado, adem\u00e1s, a Europa como pionero en el \u00e1mbito legislativo en lo que a la protecci\u00f3n de datos personales se refiere. Hasta la entrada en vigor de la ley de protecci\u00f3n de datos, las empresas se hab\u00edan limitado a cumplir con las legislaciones espec\u00edficas que regulaban c\u00f3mo deb\u00edan tratarse estos datos en su actividad profesional. No obstante, con la aprobaci\u00f3n del <a href=\"https:\/\/www.sage.com\/es-es\/rgpd\/\">RGPD<\/a>, las empresas han tenido que ir un paso m\u00e1s all\u00e1 y desarrollar una aut\u00e9ntica estrategia para gestionar los riesgos asociados a la protecci\u00f3n de datos.<\/p>\n<p>Cuatro a\u00f1os despu\u00e9s, son muchos los expertos que aseguran que las pymes espa\u00f1olas se han adaptado relativamente bien a este nuevo marco legal, aunque tambi\u00e9n hay excepciones.<\/p>\n<p><em><mark class=\"highlight-and-share\"><strong>\u00a1TUIT\u00c9ALO!<\/strong> \u00bfC\u00f3mo han afrontado las pymes espa\u00f1olas la aplicaci\u00f3n de la nueva Ley de Protecci\u00f3n de Datos 4 a\u00f1os despu\u00e9s de su entrada en vigor?<\/mark><\/em><\/p>\n<p>&nbsp;<\/p>\n<h2>Dificultades al aplicar el Reglamento General de Protecci\u00f3n de Datos<\/h2>\n<p>Pese a que las empresas espa\u00f1olas est\u00e1n esforz\u00e1ndose en <a href=\"https:\/\/www.sage.com\/es-es\/blog\/herramientas-para-garantizar-un-mayor-nivel-de-cumplimiento-del-rgpd\/\">cumplir con el Reglamento General de Protecci\u00f3n de Datos<\/a>, el camino no ha estado exento de dificultades. Uno de los problemas que han tenido que afrontar las empresas tiene que ver con los <strong>plazos de conservaci\u00f3n de los datos de car\u00e1cter personal<\/strong>.<\/p>\n<p>Seg\u00fan expertos del bufete Legal Army, \u201cen un mercado donde los datos, personales o no, est\u00e1n convirti\u00e9ndose en uno de los activos principales de las empresas, existe cierto <strong>rechazo a la supresi\u00f3n<\/strong> <strong>de datos<\/strong> por miedo a perder informaci\u00f3n que pueda resultar \u00fatil\u201d. A eso se le a\u00f1ade la complejidad que tienen las empresas para cumplir con todo lo que indica la normativa. \u201cExisten multitud de plazos distintos, ampli\u00e1ndose la complejidad cuanto m\u00e1s grande es la empresa y m\u00e1s datos son tratados, lo que impide que las compa\u00f1\u00edas cumplan con sus obligaciones sin que el coste del proceso se vuelva inabarcable\u201d, indican desde el bufete.<\/p>\n<p>Por otro lado, las compa\u00f1\u00edas han tenido que enfrentarse al problema de la gesti\u00f3n de riesgos de terceros.<\/p>\n<blockquote><p>Para cumplir adecuadamente con la ley las empresas deben implementar programas efectivos para la evaluaci\u00f3n y supervisi\u00f3n de los proveedores con acceso a datos personales durante todo el ciclo de vida del servicio.<\/p><\/blockquote>\n<p>Lo mismo sucede cuando se trata de <strong>adaptar las transferencias internacionales<\/strong> <strong>de datos<\/strong> a las exigencias de los cambios normativos y jurisprudenciales.<\/p>\n<p>Igualmente, las pymes han tenido que lidiar con:<\/p>\n<ul>\n<li>Definir de manera clara las actividades de tratamiento, registro y c\u00f3mo articular las pol\u00edticas de actualizaci\u00f3n necesarias en este \u00e1mbito.<\/li>\n<li>La implantaci\u00f3n efectiva de operativas de privacidad desde el dise\u00f1o y por defecto.<\/li>\n<li>La aplicaci\u00f3n de modelos de evaluaci\u00f3n de impacto en materia de protecci\u00f3n de datos personales.<\/li>\n<li>La previsi\u00f3n de sistemas v\u00e1lidos de evaluaci\u00f3n y an\u00e1lisis de los riesgos asociados a las actividades de tratamiento.<\/li>\n<\/ul>\n<h2>Crecen las multas por incumplir el RGPD<\/h2>\n<p>A pesar de todo, <a href=\"https:\/\/www.sage.com\/es-es\/blog\/multas-por-incumplimiento-del-rgpd-asi-estan-aumentando\/\">las infracciones en materia de protecci\u00f3n de datos<\/a> siguen creciendo en las empresas espa\u00f1olas. As\u00ed se advierte en los \u00faltimos informes publicados por la <a href=\"https:\/\/www.aepd.es\/es\" target=\"_blank\" rel=\"noopener\"><strong>Agencia Espa\u00f1ola de Protecci\u00f3n de Datos (AEPD)<\/strong><\/a>. En concreto, en la memoria de 2021 se advierte que ese a\u00f1o se produjeron 13.905 reclamaciones de protecci\u00f3n de datos frente a las 10.324 de 2020.<\/p>\n<p>Entre las entidades m\u00e1s multadas se encuentran las financieras y las telecos. Aunque tambi\u00e9n destacan las empresas de publicidad, las de seguros o las de asuntos laborales.<\/p>\n<p>As\u00ed, por comunidades aut\u00f3nomas las que m\u00e1s brechas de cumplimiento notifican en materia de protecci\u00f3n de datos son:<\/p>\n<ul>\n<li>Madrid<\/li>\n<li>Catalu\u00f1a<\/li>\n<li>Andaluc\u00eda<\/li>\n<\/ul>\n<p>Por el contrario, las que menos sanciones han registrado en los \u00faltimos a\u00f1os han sido Ceuta y Melilla, que de momento no tienen ninguna brecha en lo que llevamos de 2022. Al igual que en 2021, donde tampoco se notificaron infracciones en este sentido.<\/p>\n<p>Aun as\u00ed, podemos decir que Espa\u00f1a sigue siendo un pa\u00eds avanzado en materia de protecci\u00f3n de datos personales. Aunque han pasado ya cuatro a\u00f1os desde la entrada en vigor de la nueva normativa, cada vez son m\u00e1s las pymes espa\u00f1olas concienciadas en la necesidad de proteger los datos que tratan.<\/p>\n\n<\/div>\n<div class=\"single-cta\">\n\t<div class=\"single-cta__positioner\">\n\t\t<div class=\"single-cta__wrapper has-dark-background-color\">\n\t\t\t<div class=\"single-cta__content\">\n\t\t\t\t\t\t\t\t<h2 class=\"single-cta__title h3\">Formaci\u00f3n bonificada sobre RGPD. \u00bfA qu\u00e9 esperas?<\/h2>\n\n\t\t\t\t\t\t\t\t\t<div class=\"single-cta__description\">\n\t\t\t\t\t\t<p><strong>Facilita a tus empleados el cumplimiento de la normativa RGPD con una formaci\u00f3n a medida<br \/>\n<\/strong><\/p>\n<ul>\n<li><span style=\"font-size: 11pt\">\u00a1Impartida por profesionales especializados, en modalidad online y con diploma acreditativo!<br \/>\n<\/span><\/li>\n<\/ul>\n\t\t\t\t\t<\/div>\n\t\t\t\t\n\t\t\t\t\t\t\t\t\t\t\t\t\t\t<a\n\t\t\t\t\t\thref=\"https:\/\/www.sage.com\/es-es\/rgpd\/curso-rgpd-empleados\/\"\n\t\t\t\t\t\tclass=\"single-cta__button button button--primary\"\n\t\t\t\t\t\t\t\t\t\t\t\t\tid=\"cta-id-11429\"\n\t\t\t\t\t\t\t\t\t\t\t\t\t\t\t\t\t\t\tdata-button-location=\"cta_box\"\n\t\t\t\t\t\t\t\t\t\t\t>Conoce nuestros cursos online<\/a>\n\t\t\t\t\t\t\t<\/div>\n\n\t\t\t\t\t<\/div>\n\n\t\t\t\t\t<img decoding=\"async\" width=\"1215\" height=\"810\" src=\"https:\/\/www.sage.com\/es-es\/blog\/wp-content\/uploads\/sites\/8\/2018\/09\/BrandShootLDN_Dec2021_ProfServs_AA0587-OK-1215x810.jpg\" class=\"single-cta__image\" alt=\"Compa\u00f1eros revisando temas en la oficina\" loading=\"lazy\" srcset=\"https:\/\/www.sage.com\/es-es\/blog\/wp-content\/uploads\/sites\/8\/2018\/09\/BrandShootLDN_Dec2021_ProfServs_AA0587-OK-1215x810.jpg 1215w\" sizes=\"auto, (min-width: 48em) 33vw, 100vw\" \/>\t\t\t<\/div>\n<\/div>\n","protected":false},"excerpt":{"rendered":"<p>Te contamos qu\u00e9 dificultades han tenido las pymes espa\u00f1olas para adaptarse al Reglamento General de Protecci\u00f3n de Datos. <\/p>\n","protected":false},"author":667,"featured_media":19653,"comment_status":"closed","ping_status":"closed","sticky":false,"template":"","format":"standard","meta":{"_sage_video":false,"post_featured_image_hide":false,"footnotes":""},"categories":[3],"tags":[201,249],"business_type":[10,11],"lilypad":[],"context":[],"industry":[],"persona":[],"imagine_tag":[365,260,284],"coauthors":[669],"class_list":["post-20398","post","type-post","status-publish","format-standard","has-post-thumbnail","hentry","category-estrategia-gestion","tag-normativa-legal","tag-rgpd","business_type-pequena-empresa","business_type-mediana-empresa"],"sage_meta":{"region":"es-es","author_name":"Roc\u00edo Gonz\u00e1lez","featured_image":"https:\/\/www.sage.com\/es-es\/blog\/wp-content\/uploads\/sites\/8\/2022\/04\/GettyImages-1350198497.jpg","imagine_tags":{"365":"GDPR","260":"Legal","284":"Pymes"}},"distributor_meta":false,"distributor_terms":false,"distributor_media":false,"distributor_original_site_name":"Sage Advice Espa\u00f1a","distributor_original_site_url":"https:\/\/www.sage.com\/es-es\/blog","push-errors":false,"_links":{"self":[{"href":"https:\/\/www.sage.com\/es-es\/blog\/api\/wp\/v2\/posts\/20398","targetHints":{"allow":["GET"]}}],"collection":[{"href":"https:\/\/www.sage.com\/es-es\/blog\/api\/wp\/v2\/posts"}],"about":[{"href":"https:\/\/www.sage.com\/es-es\/blog\/api\/wp\/v2\/types\/post"}],"author":[{"embeddable":true,"href":"https:\/\/www.sage.com\/es-es\/blog\/api\/wp\/v2\/users\/667"}],"replies":[{"embeddable":true,"href":"https:\/\/www.sage.com\/es-es\/blog\/api\/wp\/v2\/comments?post=20398"}],"version-history":[{"count":0,"href":"https:\/\/www.sage.com\/es-es\/blog\/api\/wp\/v2\/posts\/20398\/revisions"}],"wp:featuredmedia":[{"embeddable":true,"href":"https:\/\/www.sage.com\/es-es\/blog\/api\/wp\/v2\/media\/19653"}],"wp:attachment":[{"href":"https:\/\/www.sage.com\/es-es\/blog\/api\/wp\/v2\/media?parent=20398"}],"wp:term":[{"taxonomy":"category","embeddable":true,"href":"https:\/\/www.sage.com\/es-es\/blog\/api\/wp\/v2\/categories?post=20398"},{"taxonomy":"post_tag","embeddable":true,"href":"https:\/\/www.sage.com\/es-es\/blog\/api\/wp\/v2\/tags?post=20398"},{"taxonomy":"business_type","embeddable":true,"href":"https:\/\/www.sage.com\/es-es\/blog\/api\/wp\/v2\/business_type?post=20398"},{"taxonomy":"lilypad","embeddable":true,"href":"https:\/\/www.sage.com\/es-es\/blog\/api\/wp\/v2\/lilypad?post=20398"},{"taxonomy":"context","embeddable":true,"href":"https:\/\/www.sage.com\/es-es\/blog\/api\/wp\/v2\/context?post=20398"},{"taxonomy":"industry","embeddable":true,"href":"https:\/\/www.sage.com\/es-es\/blog\/api\/wp\/v2\/industry?post=20398"},{"taxonomy":"persona","embeddable":true,"href":"https:\/\/www.sage.com\/es-es\/blog\/api\/wp\/v2\/persona?post=20398"},{"taxonomy":"imagine_tag","embeddable":true,"href":"https:\/\/www.sage.com\/es-es\/blog\/api\/wp\/v2\/imagine_tag?post=20398"},{"taxonomy":"author","embeddable":true,"href":"https:\/\/www.sage.com\/es-es\/blog\/api\/wp\/v2\/coauthors?post=20398"}],"curies":[{"name":"wp","href":"https:\/\/api.w.org\/{rel}","templated":true}]}}