{"id":20542,"date":"2022-09-27T17:29:50","date_gmt":"2022-09-27T15:29:50","guid":{"rendered":"https:\/\/www.sage.com\/es-es\/blog\/?p=20542"},"modified":"2026-02-04T16:30:16","modified_gmt":"2026-02-04T15:30:16","slug":"impulsando-tu-negocio-tour-eventos-para-pequenos-empresarios-y-autonomos","status":"publish","type":"post","link":"https:\/\/www.sage.com\/es-es\/blog\/impulsando-tu-negocio-tour-eventos-para-pequenos-empresarios-y-autonomos\/","title":{"rendered":"\u201cImpulsando tu negocio\u201d 2022: Comienza el tour de eventos que apoyan, impulsan y conectan a peque\u00f1os empresarios y aut\u00f3nomos"},"content":{"rendered":"<header class=\"entry-header has-dark-background-color entry-header--has-illustration entry-header--has-illustration--generic\">\n\t<div class=\"container\">\n\t\t<div class=\"entry-header__row row align-center\">\n\t\t\t<div class=\"col col-lg-7 col-xlg-6 entry-header__content\">\n\t\t\t\t\t\t\t<div class=\"component component-single-header\">\n\t\t\t\t\t\t\t\t\t\t<div class=\"entry-header__misc text--subtitle text--uppercase text--small\">\n\t\t\t\t\t\t\t<a href=\"https:\/\/www.sage.com\/es-es\/blog\/categoria\/estrategia-gestion\/\" class=\"entry-header__link\">Estrategia y Gesti\u00f3n<\/a>\t\t\t\t\t\t<\/div>\n\t\t\t\t\n\t\t\t\t<div class=\"entry-title-wrapper\">\n\t\t\t\t\t<h1 class=\"entry-title\">\n\t\t\t\t\t\t\u201cImpulsando tu negocio\u201d 2022: Comienza el tour de eventos que apoyan, impulsan y conectan a peque\u00f1os empresarios y aut\u00f3nomos\t\t\t\t\t<\/h1>\n\t\t\t\t<\/div>\n\n\t\t\t\t\t\t\t\t\t<p class=\"entry-header__description\">\n\t\t\t\t\t\t\t\t\t\t\t<\/p>\n\t\t\t\t\n\t\t\t\t\n\t\t\t\t\n\t\t\t<\/div>\n\n\t\t\t\t\t<\/div>\n\t\t\t\t\t<\/div>\n\t<\/div>\n\t<div class=\"single-post-details container\">\n\t\t<div class=\"col\">\n\t\t\t<span class=\"posted-on \"><time class=\"entry-date published\" datetime=\"2022-09-27T17:29:50+02:00\">27 September, 2022<\/time><\/span><span class=\"reading-time\"> minutos de lectura<\/span>\n\t\t<button\n\t\t\ttype=\"button\"\n\t\t\tclass=\"social-share-button button button--icon button--secondary js-social-share-button\"\n\t\t\tdata-share-title=\"\u201cImpulsando tu negocio\u201d 2022: Comienza el tour de eventos que apoyan, impulsan y conectan a peque\u00f1os empresarios y aut\u00f3nomos\"\n\t\t\tdata-share-url=\"https:\/\/www.sage.com\/es-es\/blog\/impulsando-tu-negocio-tour-eventos-para-pequenos-empresarios-y-autonomos\/\"\n\t\t\tdata-share-text=\"Please read this interesting article\"\n\t\t>\n\t\t\t<span class=\"social-share-button__share-label\">Compartir<\/span>\n\t\t\t<span class=\"social-share-button__copy-label\" hidden>Copiar enlace<\/span>\n\t\t\t<span class=\"social-share-button__copy-tooltip\" aria-hidden=\"true\" hidden>Copiado<\/span>\n\t\t<\/button>\n\n\t\t\t\t<\/div>\n\t<\/div>\n<\/header>\n\n\n\n<div class=\"wp-block-post-author has-dark-background-color alignfull\">\n\t<div class=\"container\">\n\t\t<div class=\"col\">\n\t\t\t\t\t\t\t<div class=\"co-authors\">\n\t\t\t\t\t\n\t\t<div class=\"entry-author-wrapper\">\n\t\t\t<a class=\"entry-author\" href=\"https:\/\/www.sage.com\/es-es\/blog\/author\/rociogonzalez\/\">\n\t\t\t\t<img loading=\"lazy\" decoding=\"async\" width=\"40\" height=\"40\" src=\"https:\/\/www.sage.com\/es-es\/blog\/wp-content\/uploads\/sites\/8\/2018\/09\/rocio-gonzalez-350x350.jpg\" class=\"entry-author__image\" alt=\"Roc\u00edo Gonz\u00e1lez\" srcset=\"https:\/\/www.sage.com\/es-es\/blog\/wp-content\/uploads\/sites\/8\/2018\/09\/rocio-gonzalez-350x350.jpg 350w, https:\/\/www.sage.com\/es-es\/blog\/wp-content\/uploads\/sites\/8\/2018\/09\/rocio-gonzalez-768x768.jpg 768w, https:\/\/www.sage.com\/es-es\/blog\/wp-content\/uploads\/sites\/8\/2018\/09\/rocio-gonzalez-810x810.jpg 810w, https:\/\/www.sage.com\/es-es\/blog\/wp-content\/uploads\/sites\/8\/2018\/09\/rocio-gonzalez.jpg 960w\" sizes=\"auto, (max-width: 40px) 100vw, 40px\" \/>\t\t\t\t<span class=\"entry-author__name\">Roc\u00edo Gonz\u00e1lez<\/span>\n\t\t\t<\/a>\n\n\t\t\t\t\t<\/div>\n\n\t\t\t\t\t\t<\/div>\n\t\t\t\t\t<\/div>\n\t<\/div>\n<\/div>\n\n\n\n<h4 class=\"wp-block-heading\" id=\"h-el-tour-de-eventos-impulsa-tu-negocio-comenzara-el-29-de-septiembre-en-oviedo-y-recorrera-las-principales-ciudades-espanolas-para-ayudar-a-los-autonomos-y-pequenos-empresarios-a-mejorar-su-gestion\" style=\"font-style:normal;font-weight:100\">El tour de eventos \u201cImpulsa tu negocio\u201d comenzar\u00e1 el 29 de septiembre en Oviedo y recorrer\u00e1 las principales ciudades espa\u00f1olas para ayudar a los aut\u00f3nomos y peque\u00f1os empresarios a mejorar su gesti\u00f3n.<\/h4>\n\n\n\n<ul class=\"wp-block-list\">\n<li>El tour de eventos abordar\u00e1 tem\u00e1ticas como la digitalizaci\u00f3n, la formaci\u00f3n o las ayudas con las que cuentan las empresas.<\/li>\n\n\n\n<li>Se recorrer\u00e1n un total de 8 ciudades y se contar\u00e1 con las ponencias de expertos en distintos \u00e1mbitos.<\/li>\n<\/ul>\n\n\n\n<p>Apoyar a los aut\u00f3nomos, microempresas y profesionales a impulsar su negocio. Ese es el objetivo que persigue el tour de eventos 2022 \u201cImpulsando tu negocio\u201d. Promovido por la <strong>Uni\u00f3n de Profesionales y Trabajadores Aut\u00f3nomos <a href=\"https:\/\/upta.es\/\" target=\"_blank\" rel=\"noreferrer noopener\">(UPTA)<\/a> y Business+, <\/strong>con el patrocinio de <a href=\"https:\/\/www.sage.com\/es-es\/productos\/\"><strong>Sage<\/strong><\/a>, a trav\u00e9s de este tour se realizar\u00e1n una serie de charlas que ayudar\u00e1n a los emprendedores a la <a href=\"https:\/\/www.sage.com\/es-es\/blog\/digitalizacion-pymes-incrementa-inversion-software\/\">digitalizaci\u00f3n<\/a> de sus negocios y a ser m\u00e1s competitivos en el mercado.<\/p>\n\n\n\n<p><em><mark class=\"highlight-and-share\"><strong>\u00a1COMPARTE!<\/strong> Ap\u00fantate de modo gratuito a \u201cImpulsando tu negocio\u201d 2022, la cita que har\u00e1 crecer tu negocio.<\/mark><\/em><\/p>\n\n\n\n<h2 class=\"wp-block-heading\" id=\"h-tematicas-del-tour-de-eventos-impulsando-tu-negocio-2022\">Tem\u00e1ticas del tour de eventos \u201cImpulsando tu negocio\u201d 2022<\/h2>\n\n\n\n<p>La <strong>transformaci\u00f3n digital y la sostenibilidad<\/strong> de los negocios ser\u00e1n dos de los temas principales que se abordar\u00e1n en \u201cImpulsando tu negocio\u201d 2022. A trav\u00e9s de una serie de charlas, los peque\u00f1os empresarios y aut\u00f3nomos descubrir\u00e1n las claves de la digitalizaci\u00f3n real de sus empresas y c\u00f3mo conseguir beneficios de ella.<\/p>\n\n\n\n<p>Para ello, se tratar\u00e1n cuestiones como las <a href=\"https:\/\/www.sage.com\/es-es\/blog\/ayudas-programas-subvenciones-digitalizacion-empresas\/\">ayudas<\/a> de que disponen estos empresarios para conseguir una transformaci\u00f3n digital completa. Una de ellas es el <a href=\"https:\/\/www.sage.com\/es-es\/blog\/programa-kit-digital-que-es-y-como-solicitar-las-ayudas-para-digitalizar-tu-pyme\/\">Kit Digital<\/a> mediante el cual los profesionales pueden obtener ayudas para cuestiones como <strong>dise\u00f1ar su p\u00e1gina web o e-commerce o implementar la facturaci\u00f3n electr\u00f3nica.<\/strong><\/p>\n\n\n\n<p>Adem\u00e1s de eso, los participantes podr\u00e1n conocer c\u00f3mo transformar la sostenibilidad en una ventaja competitiva para su empresa. Esto tambi\u00e9n les ayudar\u00e1 a gestionar correctamente sus finanzas para lograr un negocio m\u00e1s rentable.<\/p>\n\n\n\n<p>A lo largo de las ocho sesiones del roadshow que recorrer\u00e1 las principales ciudades espa\u00f1olas hasta el 29 de noviembre, los participantes tambi\u00e9n conocer\u00e1n casos de \u00e9xito de negocios digitalizadores y sostenibles con los que pueden sentirse identificados.<\/p>\n\n\n\n<p>Esto, sumado a ponencias que les mostrar\u00e1n c\u00f3mo aprovechar los <strong>fondos Next Generation,<\/strong> para no perder el tren de la digitalizaci\u00f3n que ayudar\u00e1 a los negocios a mejorar su competitividad y su supervivencia.<\/p>\n\n\n\n<h3 class=\"wp-block-heading\" id=\"h-la-importancia-de-estar-al-lado-de-las-micropymes-y-autonomos\">La importancia de estar al lado de las micropymes y aut\u00f3nomos<\/h3>\n\n\n\n<p>Jos\u00e9 Luis Mart\u00edn Zabala, <strong>director general de Sage Iberia<\/strong>, ha destacado la importancia que tiene para Sage <strong>sumarse a este evento como patrocinador.<\/strong><\/p>\n\n\n\n<p>\u201cNuestro \u00faltimo informe <em>Peque\u00f1as empresas, \u00bfgrandes oportunidades?<\/em> resalta que, pese a la complicada coyuntura econ\u00f3mica y la incertidumbre, marcada por la pandemia y las consecuencias del conflicto militar en Ucrania, las empresas tienen intenci\u00f3n de crear unos 250.000 puestos de trabajo\u201d. \u201cNo podemos permitir que este anhelo quede en saco roto y para ello debemos contribuir, tanto desde la iniciativa p\u00fablica, a trav\u00e9s de una eficaz gesti\u00f3n de los fondos Next Generation y el Kit Digital, como desde la iniciativa privada, a trav\u00e9s de eventos como Impulsa tu Negocio, en poner a disposici\u00f3n de las pymes y aut\u00f3nomos los mejores recursos, soluciones tecnol\u00f3gicas, financieras, etc., que les permitan asegurar su crecimiento y sostenibilidad\u201d.<\/p>\n\n\n\n<figure class=\"wp-block-pullquote\"><blockquote><p> \u201cEn definitiva, darles la confianza y las herramientas necesarias para que esos 250.000 puestos de trabajo sean una realidad en 2023\u201d.<\/p><cite>Jos\u00e9 Luis Mart\u00edn Zabala, director general de Sage Iberia<\/cite><\/blockquote><\/figure>\n\n\n\n<h2 class=\"wp-block-heading\" id=\"h-un-tour-por-las-principales-ciudades-espanolas\">Un tour por las principales ciudades espa\u00f1olas<\/h2>\n\n\n\n<p>\u201cImpulsa tu negocio\u201d 2022 tendr\u00e1 presencia en las principales ciudades espa\u00f1olas. As\u00ed, la primera parada ser\u00e1 <strong>Oviedo<\/strong>, el pr\u00f3ximo 29 de septiembre.<\/p>\n\n\n\n<ul class=\"wp-block-list\">\n<li><strong>Oviedo<\/strong>. El evento tendr\u00e1 lugar en el Hotel Barcel\u00f3 Oviedo Cervantes, a las 16 horas. En Oviedo se hablar\u00e1, principalmente, de los retos que afrontan los empresarios en su d\u00eda a d\u00eda. Entre las tem\u00e1ticas que destacar\u00e1n en el encuentro, figuran la digitalizaci\u00f3n real de los negocios, las herramientas y ayudas que existen para este colectivo, pasando por el marketing digital, la formaci\u00f3n o la gesti\u00f3n financiera.\u00a0 Participar\u00e1n profesionales como <strong>Mar\u00eda Damas Martos, Public Affairs Manager en Sage<\/strong>, que hablar\u00e1 sobre los elementos clave para la digitalizaci\u00f3n de los negocios. Tambi\u00e9n participar\u00e1 <strong>\u00c1ngel Escribano, director de estrategia digital de Business+,<\/strong> que tratar\u00e1 las claves para optimizar el marketing y las ventas mediante la digitalizaci\u00f3n. En esta ocasi\u00f3n, <strong>Miguel Robles, CEO de Business+,<\/strong> trasladar\u00e1 su experiencia y visi\u00f3n como aut\u00f3nomo durante m\u00e1s de 20 a\u00f1os y, desde la <strong>FUNDAE, Ana Isabel San Jos\u00e9,<\/strong> dar\u00e1 a conocer las opciones de formaci\u00f3n que tienen los trabajadores aut\u00f3nomos y sus plantillas.\u00a0<\/li>\n<\/ul>\n\n\n\n<ul class=\"wp-block-list\">\n<li><strong>Madrid. 6 de octubre. <\/strong>Tras Oviedo, ser\u00e1 el turno de Madrid, en el Meeting Place Orense, 34, tambi\u00e9n a las 16 horas. En esta ocasi\u00f3n, <strong>C\u00e9sar Garc\u00eda, vicesecretario general de UPTA<\/strong>, se encargar\u00e1 de realizar la apertura institucional del evento, que tendr\u00e1 como ponentes a los mismos profesionales que ya participaron en Oviedo.\u00a0 Durante unas horas, los aut\u00f3nomos y profesionales aprender\u00e1n las claves para optimizar su gesti\u00f3n, especialmente en un a\u00f1o cargado de incertidumbre, como ha sido este 2022. En esta ocasi\u00f3n, se incorporar\u00e1 tambi\u00e9n a la charla de optimizaci\u00f3n del marketing y las ventas <strong>Iv\u00e1n Fanego, Fundador de AppCritic <\/strong>yla ponencia sobre las opciones de formaci\u00f3n de la FUNDAE la impartir\u00e1 <strong>Marisa Cosmen, responsable de la Unidad de Servicio al Cliente y Orientaci\u00f3n. <\/strong>La jornada, adem\u00e1s, la cerrar\u00e1 un representante del <strong>Ministerio de Industria, Comercio y Turismo.\u00a0<\/strong><\/li>\n<\/ul>\n\n\n\n<h3 class=\"wp-block-heading\" id=\"h-hasta-ocho-citas-por-todo-el-pais\">Hasta ocho citas por todo el pa\u00eds<\/h3>\n\n\n\n<p>Adem\u00e1s de estas dos ciudades, \u201cImpulsa tu negocio\u201d 2022 tambi\u00e9n recorrer\u00e1 las siguientes ciudades espa\u00f1olas:<\/p>\n\n\n\n<ul class=\"wp-block-list\">\n<li><strong>Valencia. 19 de octubre<\/strong><\/li>\n\n\n\n<li><strong>Murcia. 8 de noviembre<\/strong><\/li>\n\n\n\n<li><strong>Barcelona. 15 de noviembre<\/strong><\/li>\n\n\n\n<li><strong>Vigo. 22 de noviembre<\/strong><\/li>\n\n\n\n<li><strong>M\u00e1laga. 24 de noviembre<\/strong><\/li>\n\n\n\n<li><strong>Bilbao. 29 de noviembre<\/strong><\/li>\n<\/ul>\n\n\n\n<p>Cabe recordar que este evento sirve tambi\u00e9n de <strong>punto de encuentro entre profesionales de distintos \u00e1mbitos<\/strong>. Los asistentes podr\u00e1n aprovechar el espacio de networking para hacer negocios y el afterwork para relacionarse con otros empresarios, y dar a conocer la importancia de este colectivo como motor de la econom\u00eda, el empleo y la sociedad.<\/p>\n\n\n\n<p>En definitiva, <strong>\u201cImpulsa tu negocio\u201d 2022<\/strong> es una jornada que servir\u00e1 para ayudar a los <strong>peque\u00f1os empresarios a mejorar sus empresas<\/strong>, aumentar su competitividad y conseguir la sostenibilidad de sus negocios.<\/p>\n\n\n\n<p>Todos aquellos que est\u00e9n interesados en asistir a <strong>\u201cImpulsando tu negocio\u201d 2022<\/strong> no tienen m\u00e1s que <a href=\"https:\/\/impulsandotunegocio.es\/modernizacion-digitalizacion-sostenibilidad-viabilidad\/\" target=\"_blank\" rel=\"noopener\">registrarse de modo gratuito<\/a>. De esta manera, podr\u00e1n participar en una jornada en la que descubrir las claves de la digitalizaci\u00f3n real empresarial.<\/p>\n\n\n\n<div class=\"single-cta\">\n\t<div class=\"single-cta__positioner\">\n\t\t<div class=\"single-cta__wrapper has-dark-background-color\">\n\t\t\t<div class=\"single-cta__content\">\n\t\t\t\t\t\t\t\t<h2 class=\"single-cta__title h3\">Impulsando tu negocio<\/h2>\n\n\t\t\t\t\t\t\t\t\t<div class=\"single-cta__description\">\n\t\t\t\t\t\t<p><strong>Modernizaci\u00f3n, Digitalizaci\u00f3n, Sostenibilidad y Viabilidad<\/strong><\/p>\n<p><span style=\"font-size: 11pt\">Un encuentro para aut\u00f3nomos y microempresarios d\u00f3nde poner en com\u00fan ideas para que vuestro negocio sea m\u00e1s viable.<\/span><\/p>\n<ul>\n<li><strong> OVIEDO. <\/strong>29 septiembre<\/li>\n<li><strong>MADRID.<\/strong> 6 octubre<\/li>\n<li><strong>VALENCIA. <\/strong>19 de octubre<\/li>\n<li><strong> MURCIA. <\/strong>8 de noviembre<\/li>\n<li><strong> BARCELONA. <\/strong>15 de noviembre<\/li>\n<li><strong> VIGO. <\/strong>22 de noviembre<\/li>\n<li><strong>M\u00c1LAGA. <\/strong>24 de noviembre<\/li>\n<li><strong> BILBAO. <\/strong>29 de noviembre<\/li>\n<\/ul>\n\t\t\t\t\t<\/div>\n\t\t\t\t\n\t\t\t\t\t\t\t\t\t\t\t\t\t\t<a\n\t\t\t\t\t\thref=\"https:\/\/impulsandotunegocio.es\/modernizacion-digitalizacion-sostenibilidad-viabilidad\/\"\n\t\t\t\t\t\tclass=\"single-cta__button button button--primary\"\n\t\t\t\t\t\t\t\t\t\t\t\t\tid=\"cta-id-20184\"\n\t\t\t\t\t\t\t\t\t\t\t\t\t\t\t\t\t\t\tdata-button-location=\"cta_box\"\n\t\t\t\t\t\t\t\t\t\t\t>Inscr\u00edbete gratis<\/a>\n\t\t\t\t\t\t\t<\/div>\n\n\t\t\t\t\t<\/div>\n\n\t\t\t\t\t<img decoding=\"async\" width=\"1215\" height=\"810\" src=\"https:\/\/www.sage.com\/es-es\/blog\/wp-content\/uploads\/sites\/8\/2021\/01\/BrandShootSF_Oct2021_ProfSvcs_A6283-OK-1215x810.jpg\" class=\"single-cta__image\" alt=\"Sage\" loading=\"lazy\" srcset=\"https:\/\/www.sage.com\/es-es\/blog\/wp-content\/uploads\/sites\/8\/2021\/01\/BrandShootSF_Oct2021_ProfSvcs_A6283-OK-1215x810.jpg 1215w\" sizes=\"auto, (min-width: 48em) 33vw, 100vw\" \/>\t\t\t<\/div>\n<\/div>\n","protected":false},"excerpt":{"rendered":"<p>\u00a1Ap\u00fantate! Conoce las fechas de \u201cImpulsando tu negocio\u201d 2022, el tour que ayudar\u00e1 a peque\u00f1os empresarios y aut\u00f3nomos a ser m\u00e1s competitivos.<\/p>\n","protected":false},"author":667,"featured_media":19973,"comment_status":"open","ping_status":"open","sticky":false,"template":"","format":"standard","meta":{"_sage_video":false,"post_featured_image_hide":false,"footnotes":""},"categories":[3],"tags":[16,27,56],"business_type":[10],"lilypad":[],"context":[],"industry":[],"persona":[],"imagine_tag":[287,285,284],"coauthors":[669],"class_list":["post-20542","post","type-post","status-publish","format-standard","has-post-thumbnail","hentry","category-estrategia-gestion","tag-autonomos","tag-emprendedores","tag-pymes","business_type-pequena-empresa"],"sage_meta":{"region":"es-es","author_name":"Roc\u00edo Gonz\u00e1lez","featured_image":"https:\/\/www.sage.com\/es-es\/blog\/wp-content\/uploads\/sites\/8\/2022\/04\/GettyImages-968906646.jpg","imagine_tags":{"287":"Aut\u00f3nomos","285":"Emprendedores","284":"Pymes"}},"distributor_meta":false,"distributor_terms":false,"distributor_media":false,"distributor_original_site_name":"Sage Advice Espa\u00f1a","distributor_original_site_url":"https:\/\/www.sage.com\/es-es\/blog","push-errors":false,"_links":{"self":[{"href":"https:\/\/www.sage.com\/es-es\/blog\/api\/wp\/v2\/posts\/20542","targetHints":{"allow":["GET"]}}],"collection":[{"href":"https:\/\/www.sage.com\/es-es\/blog\/api\/wp\/v2\/posts"}],"about":[{"href":"https:\/\/www.sage.com\/es-es\/blog\/api\/wp\/v2\/types\/post"}],"author":[{"embeddable":true,"href":"https:\/\/www.sage.com\/es-es\/blog\/api\/wp\/v2\/users\/667"}],"replies":[{"embeddable":true,"href":"https:\/\/www.sage.com\/es-es\/blog\/api\/wp\/v2\/comments?post=20542"}],"version-history":[{"count":0,"href":"https:\/\/www.sage.com\/es-es\/blog\/api\/wp\/v2\/posts\/20542\/revisions"}],"wp:featuredmedia":[{"embeddable":true,"href":"https:\/\/www.sage.com\/es-es\/blog\/api\/wp\/v2\/media\/19973"}],"wp:attachment":[{"href":"https:\/\/www.sage.com\/es-es\/blog\/api\/wp\/v2\/media?parent=20542"}],"wp:term":[{"taxonomy":"category","embeddable":true,"href":"https:\/\/www.sage.com\/es-es\/blog\/api\/wp\/v2\/categories?post=20542"},{"taxonomy":"post_tag","embeddable":true,"href":"https:\/\/www.sage.com\/es-es\/blog\/api\/wp\/v2\/tags?post=20542"},{"taxonomy":"business_type","embeddable":true,"href":"https:\/\/www.sage.com\/es-es\/blog\/api\/wp\/v2\/business_type?post=20542"},{"taxonomy":"lilypad","embeddable":true,"href":"https:\/\/www.sage.com\/es-es\/blog\/api\/wp\/v2\/lilypad?post=20542"},{"taxonomy":"context","embeddable":true,"href":"https:\/\/www.sage.com\/es-es\/blog\/api\/wp\/v2\/context?post=20542"},{"taxonomy":"industry","embeddable":true,"href":"https:\/\/www.sage.com\/es-es\/blog\/api\/wp\/v2\/industry?post=20542"},{"taxonomy":"persona","embeddable":true,"href":"https:\/\/www.sage.com\/es-es\/blog\/api\/wp\/v2\/persona?post=20542"},{"taxonomy":"imagine_tag","embeddable":true,"href":"https:\/\/www.sage.com\/es-es\/blog\/api\/wp\/v2\/imagine_tag?post=20542"},{"taxonomy":"author","embeddable":true,"href":"https:\/\/www.sage.com\/es-es\/blog\/api\/wp\/v2\/coauthors?post=20542"}],"curies":[{"name":"wp","href":"https:\/\/api.w.org\/{rel}","templated":true}]}}