{"id":21124,"date":"2023-02-14T09:00:08","date_gmt":"2023-02-14T08:00:08","guid":{"rendered":"https:\/\/www.sage.com\/es-es\/blog\/?p=21124"},"modified":"2026-02-04T16:22:16","modified_gmt":"2026-02-04T15:22:16","slug":"consumo-medio-de-los-espanoles-en-san-valentin","status":"publish","type":"post","link":"https:\/\/www.sage.com\/es-es\/blog\/consumo-medio-de-los-espanoles-en-san-valentin\/","title":{"rendered":"Descubre el consumo medio en San Valent\u00edn: \u00bfCu\u00e1nto estamos dispuestos a gastar?"},"content":{"rendered":"<header class=\"entry-header has-dark-background-color entry-header--has-illustration entry-header--has-illustration--generic\">\n\t<div class=\"container\">\n\t\t<div class=\"entry-header__row row align-center\">\n\t\t\t<div class=\"col col-lg-7 col-xlg-6 entry-header__content\">\n\t\t\t\t\t\t\t<div class=\"component component-single-header\">\n\t\t\t\t\t\t\t\t\t\t<div class=\"entry-header__misc text--subtitle text--uppercase text--small\">\n\t\t\t\t\t\t\t<a href=\"https:\/\/www.sage.com\/es-es\/blog\/categoria\/estrategia-gestion\/\" class=\"entry-header__link\">Estrategia y Gesti\u00f3n<\/a>\t\t\t\t\t\t<\/div>\n\t\t\t\t\n\t\t\t\t<div class=\"entry-title-wrapper\">\n\t\t\t\t\t<h1 class=\"entry-title\">\n\t\t\t\t\t\tDescubre el consumo medio en San Valent\u00edn: \u00bfCu\u00e1nto estamos dispuestos a gastar?\t\t\t\t\t<\/h1>\n\t\t\t\t<\/div>\n\n\t\t\t\t\t\t\t\t\t<p class=\"entry-header__description\">\n\t\t\t\t\t\t\t\t\t\t\t<\/p>\n\t\t\t\t\n\t\t\t\t\n\t\t\t\t\n\t\t\t<\/div>\n\n\t\t\t\t\t<\/div>\n\t\t\t\t\t<\/div>\n\t<\/div>\n\t<div class=\"single-post-details container\">\n\t\t<div class=\"col\">\n\t\t\t<span class=\"posted-on \"><time class=\"entry-date published\" datetime=\"2023-02-14T09:00:08+01:00\">14 February, 2023<\/time><\/span><span class=\"reading-time\"> minutos de lectura<\/span>\n\t\t<button\n\t\t\ttype=\"button\"\n\t\t\tclass=\"social-share-button button button--icon button--secondary js-social-share-button\"\n\t\t\tdata-share-title=\"Descubre el consumo medio en San Valent\u00edn: \u00bfCu\u00e1nto estamos dispuestos a gastar?\"\n\t\t\tdata-share-url=\"https:\/\/www.sage.com\/es-es\/blog\/consumo-medio-de-los-espanoles-en-san-valentin\/\"\n\t\t\tdata-share-text=\"Please read this interesting article\"\n\t\t>\n\t\t\t<span class=\"social-share-button__share-label\">Compartir<\/span>\n\t\t\t<span class=\"social-share-button__copy-label\" hidden>Copiar enlace<\/span>\n\t\t\t<span class=\"social-share-button__copy-tooltip\" aria-hidden=\"true\" hidden>Copiado<\/span>\n\t\t<\/button>\n\n\t\t\t\t<\/div>\n\t<\/div>\n<\/header>\n\n\n\n<div class=\"wp-block-post-author has-dark-background-color alignfull\">\n\t<div class=\"container\">\n\t\t<div class=\"col\">\n\t\t\t\t\t\t\t<div class=\"co-authors\">\n\t\t\t\t\t\n\t\t<div class=\"entry-author-wrapper\">\n\t\t\t<a class=\"entry-author\" href=\"https:\/\/www.sage.com\/es-es\/blog\/author\/rociogonzalez\/\">\n\t\t\t\t<img loading=\"lazy\" decoding=\"async\" width=\"40\" height=\"40\" src=\"https:\/\/www.sage.com\/es-es\/blog\/wp-content\/uploads\/sites\/8\/2018\/09\/rocio-gonzalez-350x350.jpg\" class=\"entry-author__image\" alt=\"Roc\u00edo Gonz\u00e1lez\" srcset=\"https:\/\/www.sage.com\/es-es\/blog\/wp-content\/uploads\/sites\/8\/2018\/09\/rocio-gonzalez-350x350.jpg 350w, https:\/\/www.sage.com\/es-es\/blog\/wp-content\/uploads\/sites\/8\/2018\/09\/rocio-gonzalez-768x768.jpg 768w, https:\/\/www.sage.com\/es-es\/blog\/wp-content\/uploads\/sites\/8\/2018\/09\/rocio-gonzalez-810x810.jpg 810w, https:\/\/www.sage.com\/es-es\/blog\/wp-content\/uploads\/sites\/8\/2018\/09\/rocio-gonzalez.jpg 960w\" sizes=\"auto, (max-width: 40px) 100vw, 40px\" \/>\t\t\t\t<span class=\"entry-author__name\">Roc\u00edo Gonz\u00e1lez<\/span>\n\t\t\t<\/a>\n\n\t\t\t\t\t<\/div>\n\n\t\t\t\t\t\t<\/div>\n\t\t\t\t\t<\/div>\n\t<\/div>\n<\/div>\n\n\n\n<h4 class=\"wp-block-heading\" id=\"h-en-este-post-te-contamos-que-se-espera-del-consumo-en-san-valentin-en-espana-y-cuanto-estan-dispuestos-a-gastarse-este-2023\" style=\"font-style:normal;font-weight:100\">En este post te contamos qu\u00e9 se espera del consumo en San Valent\u00edn en Espa\u00f1a y cu\u00e1nto est\u00e1n dispuestos a gastarse este 2023.<\/h4>\n\n\n\n<ul class=\"wp-block-list\">\n<li>Seg\u00fan algunos estudios, el 38% de los espa\u00f1oles planea celebrar este d\u00eda.<\/li>\n\n\n\n<li>Una encuesta revela que los hombres se gastan una media de 171 euros y las mujeres, 77 euros.<\/li>\n<\/ul>\n\n\n\n<p>Espa\u00f1a ocupa el segundo puesto a nivel mundial donde m\u00e1s personas est\u00e1n dispuestas a celebrar San Valent\u00edn. Un estudio elaborado por Groupon sobre las tendencias globales de San Valent\u00edn muestra que <strong>un 38% de los espa\u00f1oles planea celebrar este d\u00eda. <\/strong>Esto lleva a preguntarse: \u00bfcu\u00e1l ser\u00e1 el <a href=\"https:\/\/www.sage.com\/es-es\/blog\/habitos-de-consumo-online-como-han-cambiado-con-la-pandemia\/\">consumo<\/a> en San Valent\u00edn? Sigue leyendo para descubrirlo.<\/p>\n\n\n\n<p><em><mark class=\"highlight-and-share\"><strong>\u00a1TUIT\u00c9ALO!<\/strong> \u00bfCu\u00e1nto est\u00e1s dispuesto a gastar en el \u201cgran d\u00eda del amor\u201d? Descubre el consumo en San Valent\u00edn previsto de los espa\u00f1oles.<\/mark><\/em><\/p>\n\n\n\n<h2 class=\"wp-block-heading\" id=\"h-cuanto-estamos-dispuestos-a-gastarnos-en-san-valentin\">\u00bfCu\u00e1nto estamos dispuestos a gastarnos en San Valent\u00edn?<\/h2>\n\n\n\n<p>San Valent\u00edn es conocido tradicionalmente como la celebraci\u00f3n del amor. As\u00ed lo considera la mayor\u00eda de los encuestados por Groupon. De hecho, en los \u00faltimos a\u00f1os este d\u00eda se ha asociado con la <strong>necesidad de comprar un regalo para el ser amado. <\/strong><strong><\/strong><\/p>\n\n\n\n<p>Sin ir m\u00e1s lejos, <strong>el 71% de los consumidores de Espa\u00f1a tienen previsto hacer compras<\/strong> para celebrar esta festividad. Los hombres planean gastar una media de 171 euros, mientras que las mujeres piensan gastar alrededor de 77 euros.<\/p>\n\n\n\n<p>Junto a esto destaca el hecho de que <strong>el 45% de espa\u00f1oles espera recibir un regalo este d\u00eda. <\/strong>Mientras que los hombres esperan recibir un regalo valorado en aproximadamente 85 euros, las mujeres esperan un regalo valorado en 73 euros.<\/p>\n\n\n\n<p>El documento tambi\u00e9n destaca las diferencias de gasto por rangos de edad. As\u00ed, los <strong>j\u00f3venes de entre 30 y 39 a\u00f1os son los m\u00e1s rom\u00e1nticos<\/strong> y gastar\u00e1n hasta un 16,3% m\u00e1s que las parejas de entre 20 y 29 a\u00f1os a la hora de celebrar San Valent\u00edn.<\/p>\n\n\n\n<p>Mientras que el gasto medio de los primeros rondar\u00e1 los 64 euros, el de los segundos ser\u00e1 solo de 54 euros. Por el contrario, las que menos gastar\u00e1n ser\u00e1n las parejas menores de 20 a\u00f1os, que prev\u00e9n gastar una media de 39 euros de media, seguidas de las que tienen entre 60 y 69 a\u00f1os, que gastar\u00e1n unos 48 euros.<\/p>\n\n\n\n<p>En este contexto, cabe destacar que<strong> la mayor\u00eda de los consumidores planea empezar sus compras con un par de semanas de antelaci\u00f3n.<\/strong>&nbsp; En Espa\u00f1a, un 34% de los consumidores realizar\u00e1n sus compras entre 2 y 3 semanas antes de esta fecha.<\/p>\n\n\n\n<blockquote class=\"wp-block-quote is-layout-flow wp-block-quote-is-layout-flow\">\n<p>El consumo en San Valent\u00edn es diferente entre mujeres y hombres. Los hombres planean gastar una media de m\u00e1s de 100 euros con respecto a las mujeres.<\/p>\n<\/blockquote>\n\n\n\n<h2 class=\"wp-block-heading\" id=\"h-consumo-en-san-valentin-por-comunidades-autonomas\">Consumo en San Valent\u00edn por comunidades aut\u00f3nomas<\/h2>\n\n\n\n<p>Por comunidades<strong>, Madrid y Catalu\u00f1a<\/strong> ser\u00e1n las que m\u00e1s inviertan en este d\u00eda. As\u00ed, la capital de Espa\u00f1a representar\u00e1 el 18% del gasto total espa\u00f1ol, un punto m\u00e1s que la regi\u00f3n catalana (17%). Completa el podio Andaluc\u00eda con un 15%, que junto con Madrid optan m\u00e1s por art\u00edculos de moda para regalar en estas fechas. Por su parte, los catalanes lo hacen por la electr\u00f3nica.<\/p>\n\n\n\n<p>En el lado opuesto se sit\u00faan La Rioja, cuyo gasto ser\u00e1 del 0,63% del gasto total en Espa\u00f1a; Navarra, (0,66%) y Cantabria (0,91%) ser\u00e1n las comunidades que menos gasten para celebrar San Valent\u00edn. En las tres comunidades predominan los regalos de art\u00edculos de moda.<\/p>\n\n\n\n<h2 class=\"wp-block-heading\" id=\"h-asi-celebran-san-valentin-los-espanoles\">As\u00ed celebran San Valent\u00edn los espa\u00f1oles <\/h2>\n\n\n\n<p>En cuanto a la forma m\u00e1s popular de celebrar San Valent\u00edn, destaca salir a cenar. Aquellos que optan por celebrar esta tradici\u00f3n <strong>prefieren salir a cenar con sus parejas, en un 23% de los casos.<\/strong> Por su parte, un peque\u00f1o porcentaje de ellos prefiere darse alg\u00fan que otro capricho.<\/p>\n\n\n\n<p>Aunque muchas personas planean celebrar el d\u00eda del amor, algunas no tienen previsto hacer nada especial para San Valent\u00edn. Esto ocurre en Espa\u00f1a en un 20% de los casos.<\/p>\n\n\n\n<p>Aparte, hay que tener en cuenta que en el informe tambi\u00e9n <strong>un 8% de los espa\u00f1oles tiene previsto preparar una cena especial en casa<\/strong>, mientras que un porcentaje inferior, el 2% de ellos optar\u00e1 por pedir comida para llevar.<\/p>\n\n\n\n<p>En las \u00faltimas semanas, se ha observado c\u00f3mo los restaurantes optan por llevar a cabo varias estrategias para atraer al p\u00fablico, como por ejemplo ofrecer kits de comida o clases de cocina a domicilio, o quiz\u00e1s habilitar una aplicaci\u00f3n para que los clientes puedan pedir comida para llevar.<\/p>\n\n\n\n<p>Una de las cosas que mucha gente hace en San Valent\u00edn es <strong>regalar bombones, pasteles y otros alimentos en forma de coraz\u00f3n<\/strong> o de color rosa para demostrar su amor.<\/p>\n\n\n\n<p>En Espa\u00f1a esta tradici\u00f3n es la misma, pero, por desgracia, no hay ning\u00fan alimento espec\u00edfico que los espa\u00f1oles solo coman en esta \u00e9poca del a\u00f1o. Productos ricos no faltan. Muchos optan por impresionar a su media naranja cocinando alg\u00fan plato tradicional y afrodisiaco, <strong>como son las ostras gallegas<\/strong>.<\/p>\n\n\n\n<p>En definitiva, Espa\u00f1a es uno de los pa\u00edses donde m\u00e1s personas est\u00e1n dispuestas a celebrar esta tradici\u00f3n, una fecha que sirve para reactivar el consumo despu\u00e9s de las fiestas navide\u00f1as.<\/p>\n\n\n<div class=\"single-cta\">\n\t<div class=\"single-cta__positioner\">\n\t\t<div class=\"single-cta__wrapper has-dark-background-color\">\n\t\t\t<div class=\"single-cta__content\">\n\t\t\t\t\t\t\t\t<h2 class=\"single-cta__title h3\">Subscr\u00edbete a la newsletter de Sage Advice<\/h2>\n\n\t\t\t\t\t\t\t\t\t<div class=\"single-cta__description\">\n\t\t\t\t\t\t<p>Recibe nuestros consejos m\u00e1s recientes directamente en la bandeja de entrada de tu correo electr\u00f3nico.<\/p>\n\t\t\t\t\t<\/div>\n\t\t\t\t\n\t\t\t\t\t\t\t\t\t\t\t\t\t\t<a\n\t\t\t\t\t\thref=\"#gate-263a5c00-99e4-4e71-8421-469deda8e674\"\n\t\t\t\t\t\tclass=\"single-cta__button button button--primary\"\n\t\t\t\t\t\t\t\t\t\t\t\t\t\t\t\t\t>Suscr\u00edbete<\/a>\n\t\t\t\t\t\t\t<\/div>\n\n\t\t\t\t\t<\/div>\n\n\t\t\t\t\t<img decoding=\"async\" width=\"1440\" height=\"810\" src=\"https:\/\/www.sage.com\/es-es\/blog\/wp-content\/uploads\/sites\/8\/2022\/04\/GettyImages-1171960556-1440x810.jpg\" class=\"single-cta__image\" alt=\"Sage\" loading=\"lazy\" srcset=\"https:\/\/www.sage.com\/es-es\/blog\/wp-content\/uploads\/sites\/8\/2022\/04\/GettyImages-1171960556-1440x810.jpg 1440w\" sizes=\"auto, (min-width: 48em) 33vw, 100vw\" \/>\t\t\t<\/div>\n<\/div>\n","protected":false},"excerpt":{"rendered":"<p>Febrero est\u00e1 marcado por una fecha especial en el calendario. Descubre cu\u00e1l es la previsi\u00f3n media de consumo en San Valent\u00edn en Espa\u00f1a.<\/p>\n","protected":false},"author":667,"featured_media":19619,"comment_status":"open","ping_status":"open","sticky":false,"template":"","format":"standard","meta":{"_sage_video":false,"post_featured_image_hide":false,"footnotes":""},"categories":[3],"tags":[67,89,129],"business_type":[10,11,8],"lilypad":[],"context":[],"industry":[],"persona":[],"imagine_tag":[],"coauthors":[669],"class_list":["post-21124","post","type-post","status-publish","format-standard","has-post-thumbnail","hentry","category-estrategia-gestion","tag-captacion-de-clientes","tag-fidelizacion-de-clientes","tag-ventas","business_type-pequena-empresa","business_type-mediana-empresa","business_type-asesorias-despachos-profesionales"],"sage_meta":{"region":"es-es","author_name":"Roc\u00edo Gonz\u00e1lez","featured_image":"https:\/\/www.sage.com\/es-es\/blog\/wp-content\/uploads\/sites\/8\/2022\/04\/GettyImages-1067477976.jpg","imagine_tags":[]},"distributor_meta":false,"distributor_terms":false,"distributor_media":false,"distributor_original_site_name":"Sage Advice Espa\u00f1a","distributor_original_site_url":"https:\/\/www.sage.com\/es-es\/blog","push-errors":false,"_links":{"self":[{"href":"https:\/\/www.sage.com\/es-es\/blog\/api\/wp\/v2\/posts\/21124","targetHints":{"allow":["GET"]}}],"collection":[{"href":"https:\/\/www.sage.com\/es-es\/blog\/api\/wp\/v2\/posts"}],"about":[{"href":"https:\/\/www.sage.com\/es-es\/blog\/api\/wp\/v2\/types\/post"}],"author":[{"embeddable":true,"href":"https:\/\/www.sage.com\/es-es\/blog\/api\/wp\/v2\/users\/667"}],"replies":[{"embeddable":true,"href":"https:\/\/www.sage.com\/es-es\/blog\/api\/wp\/v2\/comments?post=21124"}],"version-history":[{"count":0,"href":"https:\/\/www.sage.com\/es-es\/blog\/api\/wp\/v2\/posts\/21124\/revisions"}],"wp:featuredmedia":[{"embeddable":true,"href":"https:\/\/www.sage.com\/es-es\/blog\/api\/wp\/v2\/media\/19619"}],"wp:attachment":[{"href":"https:\/\/www.sage.com\/es-es\/blog\/api\/wp\/v2\/media?parent=21124"}],"wp:term":[{"taxonomy":"category","embeddable":true,"href":"https:\/\/www.sage.com\/es-es\/blog\/api\/wp\/v2\/categories?post=21124"},{"taxonomy":"post_tag","embeddable":true,"href":"https:\/\/www.sage.com\/es-es\/blog\/api\/wp\/v2\/tags?post=21124"},{"taxonomy":"business_type","embeddable":true,"href":"https:\/\/www.sage.com\/es-es\/blog\/api\/wp\/v2\/business_type?post=21124"},{"taxonomy":"lilypad","embeddable":true,"href":"https:\/\/www.sage.com\/es-es\/blog\/api\/wp\/v2\/lilypad?post=21124"},{"taxonomy":"context","embeddable":true,"href":"https:\/\/www.sage.com\/es-es\/blog\/api\/wp\/v2\/context?post=21124"},{"taxonomy":"industry","embeddable":true,"href":"https:\/\/www.sage.com\/es-es\/blog\/api\/wp\/v2\/industry?post=21124"},{"taxonomy":"persona","embeddable":true,"href":"https:\/\/www.sage.com\/es-es\/blog\/api\/wp\/v2\/persona?post=21124"},{"taxonomy":"imagine_tag","embeddable":true,"href":"https:\/\/www.sage.com\/es-es\/blog\/api\/wp\/v2\/imagine_tag?post=21124"},{"taxonomy":"author","embeddable":true,"href":"https:\/\/www.sage.com\/es-es\/blog\/api\/wp\/v2\/coauthors?post=21124"}],"curies":[{"name":"wp","href":"https:\/\/api.w.org\/{rel}","templated":true}]}}