{"id":21801,"date":"2023-04-10T10:39:19","date_gmt":"2023-04-10T08:39:19","guid":{"rendered":"https:\/\/www.sage.com\/es-es\/blog\/?p=21801"},"modified":"2025-02-18T11:27:20","modified_gmt":"2025-02-18T10:27:20","slug":"desafios-gestion-flotas-en-la-empresa","status":"publish","type":"post","link":"https:\/\/www.sage.com\/es-es\/blog\/desafios-gestion-flotas-en-la-empresa\/","title":{"rendered":"Los desaf\u00edos de la gesti\u00f3n de flotas: \u00bfC\u00f3mo garantizar la seguridad y bienestar de los empleados?"},"content":{"rendered":"<header class=\"entry-header has-dark-background-color entry-header--has-illustration entry-header--has-illustration--generic\">\n\t<div class=\"container\">\n\t\t<div class=\"entry-header__row row align-center\">\n\t\t\t<div class=\"col col-lg-7 col-xlg-6 entry-header__content\">\n\t\t\t\t\t\t\t<div class=\"component component-single-header\">\n\t\t\t\t\t\t\t\t\t\t<div class=\"entry-header__misc text--subtitle text--uppercase text--small\">\n\t\t\t\t\t\t\t<a href=\"https:\/\/www.sage.com\/es-es\/blog\/categoria\/tecnologia-innovacion\/\" class=\"entry-header__link\">Tecnolog\u00eda e Innovaci\u00f3n<\/a>\t\t\t\t\t\t<\/div>\n\t\t\t\t\n\t\t\t\t<div class=\"entry-title-wrapper\">\n\t\t\t\t\t<h1 class=\"entry-title\">\n\t\t\t\t\t\tLos desaf\u00edos de la gesti\u00f3n de flotas: \u00bfC\u00f3mo garantizar la seguridad y bienestar de los empleados?\t\t\t\t\t<\/h1>\n\t\t\t\t<\/div>\n\n\t\t\t\t\t\t\t\t\t<p class=\"entry-header__description\">\n\t\t\t\t\t\t\t\t\t\t\t<\/p>\n\t\t\t\t\n\t\t\t\t\n\t\t\t\t\n\t\t\t<\/div>\n\n\t\t\t\t\t<\/div>\n\t\t\t\t\t<\/div>\n\t<\/div>\n\t<div class=\"single-post-details container\">\n\t\t<div class=\"col\">\n\t\t\t<span class=\"posted-on \"><time class=\"entry-date published\" datetime=\"2023-04-10T10:39:19+02:00\">10 April, 2023<\/time><\/span><span class=\"reading-time\"> minutos de lectura<\/span>\n\t\t<button\n\t\t\ttype=\"button\"\n\t\t\tclass=\"social-share-button button button--icon button--secondary js-social-share-button\"\n\t\t\tdata-share-title=\"Los desaf\u00edos de la gesti\u00f3n de flotas: \u00bfC\u00f3mo garantizar la seguridad y bienestar de los empleados?\"\n\t\t\tdata-share-url=\"https:\/\/www.sage.com\/es-es\/blog\/desafios-gestion-flotas-en-la-empresa\/\"\n\t\t\tdata-share-text=\"Please read this interesting article\"\n\t\t>\n\t\t\t<span class=\"social-share-button__share-label\">Compartir<\/span>\n\t\t\t<span class=\"social-share-button__copy-label\" hidden>Copiar enlace<\/span>\n\t\t\t<span class=\"social-share-button__copy-tooltip\" aria-hidden=\"true\" hidden>Copiado<\/span>\n\t\t<\/button>\n\n\t\t\t\t<\/div>\n\t<\/div>\n<\/header>\n\n\n<div class=\"wp-block-post-author has-dark-background-color alignfull\">\n\t<div class=\"container\">\n\t\t<div class=\"col\">\n\t\t\t\t\t\t\t<div class=\"co-authors\">\n\t\t\t\t\t\n\t\t<div class=\"entry-author-wrapper\">\n\t\t\t<a class=\"entry-author\" href=\"https:\/\/www.sage.com\/es-es\/blog\/author\/gonzalo-garcia-abad\/\">\n\t\t\t\t<img loading=\"lazy\" decoding=\"async\" width=\"40\" height=\"40\" src=\"https:\/\/www.sage.com\/es-es\/blog\/wp-content\/uploads\/sites\/8\/2024\/02\/Gonzalo-Garcia_2024_600x600-350x350.jpg\" class=\"entry-author__image\" alt=\"\" srcset=\"https:\/\/www.sage.com\/es-es\/blog\/wp-content\/uploads\/sites\/8\/2024\/02\/Gonzalo-Garcia_2024_600x600-350x350.jpg 350w, https:\/\/www.sage.com\/es-es\/blog\/wp-content\/uploads\/sites\/8\/2024\/02\/Gonzalo-Garcia_2024_600x600.jpg 600w\" sizes=\"auto, (max-width: 40px) 100vw, 40px\" \/>\t\t\t\t<span class=\"entry-author__name\">Gonzalo Garc\u00eda Abad<\/span>\n\t\t\t<\/a>\n\n\t\t\t\t\t<\/div>\n\n\t\t\t\t\t\t<\/div>\n\t\t\t\t\t<\/div>\n\t<\/div>\n<\/div>\n\n\n\n<h4 class=\"wp-block-heading\" id=\"h-descubre-en-este-articulo-como-avanzar-en-la-gestion-de-flotas-de-tu-empresa-de-la-mano-de-tus-empleados\" style=\"font-style:normal;font-weight:100\">Descubre en este art\u00edculo c\u00f3mo avanzar en la gesti\u00f3n de flotas de tu empresa de la mano de tus empleados.<\/h4>\n\n\n\n<ul class=\"wp-block-list\">\n<li>En primer lugar, debes orientar siempre tu negocio hacia la movilidad sostenible.<\/li>\n\n\n\n<li>La suma de capital humano, tecnol\u00f3gico y organizaci\u00f3n hace las transiciones m\u00e1s fluidas e inteligentes.<\/li>\n<\/ul>\n\n\n\n<p>La gesti\u00f3n de flotas est\u00e1 en un momento de transformaciones decisivas. Las tecnolog\u00edas empujan hacia grandes cambios que, por otro lado, son demandados por una sociedad que cada vez m\u00e1s mira hacia la movilidad sostenible.<\/p>\n\n\n\n<p><em><mark class=\"highlight-and-share\"><strong>\u00a1COMPARTE!<\/strong> \u00bfEs posible modernizar la gesti\u00f3n de flotas de la mano de tus empleados? \u00a1Toma nota de los mejores consejos!<\/mark><\/em><\/p>\n\n\n\n<p>En este contexto, <strong>los empleados tienen un papel central<\/strong>. Las empresas reclaman una mayor especializaci\u00f3n y flexibilidad. A cambio, deben saber cuidar de su equipo humano y, para ello, algunas pautas pueden ser particularmente \u00fatiles.&nbsp;<\/p>\n\n\n\n<h2 class=\"wp-block-heading\" id=\"h-invierte-en-dispositivos-y-sensores-conectados\">Invierte en dispositivos y sensores conectados<\/h2>\n\n\n\n<p>Aunque la lista de tecnolog\u00edas para la log\u00edstica es inmensa, est\u00e1 claro que tener dispositivos y sensores conectados ha supuesto un punto de arranque clave. Permiten <strong>mantener un flujo de datos<\/strong> sobre m\u00faltiples aspectos:<\/p>\n\n\n\n<ul class=\"wp-block-list\">\n<li><strong>La mercanc\u00eda y el ambiente <\/strong>en el que se encuentra (ubicaci\u00f3n, propiedades f\u00edsicas y qu\u00edmicas, etc\u00e9tera).<\/li>\n\n\n\n<li>Los <strong>veh\u00edculos <\/strong>(datos de viaje, aver\u00edas, necesidades de revisiones rutinarias, avance de labores de mantenimiento y limpieza, etc\u00e9tera).<\/li>\n\n\n\n<li>Los <strong>conductores de los veh\u00edculos <\/strong>(lanzamiento de avisos y reportes, recepci\u00f3n de \u00f3rdenes y consejos, datos de rendimiento y otros).<\/li>\n\n\n\n<li><a href=\"https:\/\/www.sage.com\/es-es\/blog\/10-ideas-para-optimizar-la-gestion-de-almacen-en-una-pyme\/\"><strong>Almacenes<\/strong><\/a> (ubicaci\u00f3n e identificaci\u00f3n de art\u00edculos y ritmos de entrada y salida de las mercanc\u00edas y veh\u00edculos).<\/li>\n<\/ul>\n\n\n\n<p>No obstante, ten en cuenta que una <strong>gesti\u00f3n de flotas guiada por los datos <\/strong>ofrece mayor trazabilidad y transparencia, pero tambi\u00e9n reclama m\u00e1s responsabilidad. Afloran problemas que antes permanec\u00edan ocultos. Debes ser m\u00e1s resolutivo y constructivo y habr\u00e1s de ofrecer a tus empleados una experiencia de trabajo m\u00e1s enriquecedora.<\/p>\n\n\n\n<h2 class=\"wp-block-heading\" id=\"h-anticipa-tus-decisiones\">Anticipa tus decisiones<\/h2>\n\n\n\n<p>El gran avance que te van a dar los datos para la gesti\u00f3n de flotas es el de la <strong>anticipaci\u00f3n<\/strong>:<\/p>\n\n\n\n<ul class=\"wp-block-list\">\n<li>Dispondr\u00e1s de <strong>alertas tempranas <\/strong>ante cualquier incidencia que afecte a tus trabajadores, los veh\u00edculos, las mercanc\u00edas o cualquier otro aspecto.<\/li>\n\n\n\n<li>Determinadas acciones de regulaci\u00f3n de los procesos <a href=\"https:\/\/www.sage.com\/es-es\/blog\/inteligencia-artificial-en-logistica-como-puede-mejorar-la-eficiencia-de-tus-procesos-guia\/\">se pueden <strong>automatizar<\/strong><\/a>, con la ganancia de tiempo que supone.<\/li>\n\n\n\n<li>Podr\u00e1s<strong> predecir<\/strong> demandas, precios y ritmos de aprovisionamiento, fugas y desperdicios, probabilidades de fallos mec\u00e1nicos, etc\u00e9tera.<\/li>\n\n\n\n<li>Ser\u00e1s capaz de <strong>simular tus respuestas<\/strong> en entornos controlados y analizar los puntos fuertes y d\u00e9biles de tus procesos antes de implementar los cambios.<\/li>\n\n\n\n<li>Aportar\u00e1s <strong>orden a los flujos de \u00f3rdenes y reportes<\/strong>, de forma que evitar\u00e1s retrasos en la toma de decisiones.<\/li>\n<\/ul>\n\n\n\n<p>Esa<strong> racionalizaci\u00f3n del tiempo<\/strong> tiene profundas implicaciones en los profesionales implicados en la gesti\u00f3n de flotas:<\/p>\n\n\n\n<ul class=\"wp-block-list\">\n<li><strong>Disminuir\u00e1n los tiempos muertos<\/strong> a la espera de respuesta ante incidencias.<\/li>\n\n\n\n<li>Podr\u00e1n realizarse <strong>m\u00e1s transportes en menos tiempo<\/strong>. Ello redundar\u00e1 en que habr\u00e1 m\u00e1s ocasi\u00f3n de realizar otras <strong>labores complementarias<\/strong>.<\/li>\n<\/ul>\n\n\n\n<h2 class=\"wp-block-heading\" id=\"h-dota-a-tu-empresa-de-herramientas-para-la-gestion-de-los-datos\">Dota a tu empresa de herramientas para la gesti\u00f3n de los datos<\/h2>\n\n\n\n<p>De poco sirven los datos sin soluciones. A menudo, estas <strong>involucran a todo tu negocio<\/strong>. Por ejemplo, la predicci\u00f3n de la demanda tiene implicaciones diversas. De ella dependen:<\/p>\n\n\n\n<ul class=\"wp-block-list\">\n<li>los precios de tus productos,<\/li>\n\n\n\n<li>los ritmos de aprovisionamiento de materias primas,<\/li>\n\n\n\n<li>las fechas fijadas para los transportes,<\/li>\n\n\n\n<li>la contrataci\u00f3n de personal,<\/li>\n\n\n\n<li>los cobros y pagos asociados,<\/li>\n\n\n\n<li>etc.<\/li>\n<\/ul>\n\n\n\n<p>Por tanto, necesitar\u00e1s una <strong>visi\u00f3n global<\/strong>. En ese sentido, es muy \u00fatil contar con herramientas integrales, como los ERP <a href=\"https:\/\/www.sage.com\/es-es\/productos\/sage-200cloud\/\"><strong>Sage 200<\/strong><\/a> o <a href=\"https:\/\/www.sage.com\/es-es\/erp\/cloud\">ERP cloud<\/a> <a href=\"https:\/\/www.sage.com\/es-es\/sage-business-cloud\/sage-x3\/\"><strong>Sage X3<\/strong><\/a>, ya que la filosof\u00eda de colaboraci\u00f3n interdepartamental se hace imprescindible.<\/p>\n\n\n\n<p>Para el personal implicado en la gesti\u00f3n de flotas, todo esto se traduce en una palabra: <strong>fluidez<\/strong>. Y eso es sumamente importante para empleados que no pocas veces sufren los <a href=\"https:\/\/www.sage.com\/es-es\/blog\/estos-son-los-sintomas-que-te-indican-que-tu-empresa-necesita-una-solucion-de-gestion-empresarial\/\">cuellos de botella<\/a> procedentes de otros departamentos e, incluso, de terceros ajenos a la empresa.<\/p>\n\n\n\n<h2 class=\"wp-block-heading\" id=\"h-la-formacion-clave-en-la-gestion-de-flotas\">La formaci\u00f3n, clave en la gesti\u00f3n de flotas<\/h2>\n\n\n\n<p>La <strong>formaci\u00f3n <\/strong>es importante en cualquier campo. Hay algunos muy tradicionales para los empleados que dependen de la gesti\u00f3n de flotas como, entre otros, los de:&nbsp;<\/p>\n\n\n\n<ul class=\"wp-block-list\">\n<li>Conducci\u00f3n de veh\u00edculos.<\/li>\n\n\n\n<li>Labores de limpieza y mantenimiento.&nbsp;<\/li>\n\n\n\n<li>Gesti\u00f3n de riesgos en las mercanc\u00edas.<\/li>\n\n\n\n<li>Mec\u00e1nica de los veh\u00edculos.&nbsp;<\/li>\n\n\n\n<li>Carga, descarga, estiba y desestiba de las mercanc\u00edas.&nbsp;<\/li>\n\n\n\n<li>Procesos de almacenamiento.&nbsp;<\/li>\n\n\n\n<li>Tr\u00e1mites y documentaci\u00f3n ligados al movimiento de las mercanc\u00edas.<\/li>\n<\/ul>\n\n\n\n<blockquote class=\"wp-block-quote is-layout-flow wp-block-quote-is-layout-flow\">\n<p>La formaci\u00f3n es la prueba m\u00e1s palpable que quienes trabajan con las flotas necesitan para convencerse de que el cambio los empodera.<\/p>\n<\/blockquote>\n\n\n\n<p>Sin embargo, el contexto actual hace necesario<strong> reforzar la formaci\u00f3n en nuevos \u00e1mbitos complementarios<\/strong>:<\/p>\n\n\n\n<ul class=\"wp-block-list\">\n<li><strong>Dominio de herramientas tecnol\u00f3gicas<\/strong>. Como sensores y dispositivos conectados. Tienen un papel empoderador de los empleados, pero puede haber temores que la formaci\u00f3n deber\u00eda disipar.<\/li>\n\n\n\n<li><strong>Cambios en los procesos<\/strong>. La formaci\u00f3n debe ser capaz de responder a las dudas e integrar a los empleados en las transformaciones.<\/li>\n\n\n\n<li><strong>Datos<\/strong>. Es importante que los empleados de gesti\u00f3n de flotas comprendan su papel en el tratamiento de datos.<\/li>\n<\/ul>\n\n\n\n<h2 class=\"wp-block-heading\" id=\"h-incorpora-una-estrategia-de-movilidad-sostenible\">Incorpora una estrategia de movilidad sostenible<\/h2>\n\n\n\n<p>La <strong>movilidad sostenible<\/strong> es uno de los grandes motivos por los que se transforma la gesti\u00f3n de flotas. Y lo cierto es que plantea un amplio conjunto de tareas, entre las que sobresalen:<\/p>\n\n\n\n<ul class=\"wp-block-list\">\n<li><strong>Reducir las emisiones<\/strong> de los veh\u00edculos, tanto en su ciclo de vida como las necesarias para su construcci\u00f3n, mantenimiento y retirada.<\/li>\n\n\n\n<li>Contribuir a la<strong> lucha contra la congesti\u00f3n<\/strong> del tr\u00e1fico.<\/li>\n\n\n\n<li>Avanzar en la <strong>seguridad de los desplazamientos<\/strong>, tanto para las personas como para los veh\u00edculos y las cargas.<\/li>\n\n\n\n<li><strong>Disminuir los niveles de ruido <\/strong>asociados a las diferentes labores de las flotas.<\/li>\n\n\n\n<li><strong>Reducir fugas y desperdicios<\/strong>.<\/li>\n\n\n\n<li>Hacer un <strong>uso m\u00e1s razonable de los espacios de estacionamiento<\/strong>.<\/li>\n\n\n\n<li>Introducir la sostenibilidad en el coraz\u00f3n de las <strong>decisiones sobre mantenimiento, reparaci\u00f3n y sustituci\u00f3n de veh\u00edculos<\/strong>.<\/li>\n\n\n\n<li>Fomento de la <strong>confianza social<\/strong>, en especial en las relaciones con proveedores y clientes.<\/li>\n<\/ul>\n\n\n\n<p>Lo que se desprende de la movilidad sostenible es un <strong>reforzamiento de los lazos entre la empresa y sus trabajadores<\/strong>. Estos sienten que desarrollan su labor en una organizaci\u00f3n que aprende a mejorar su entorno cada d\u00eda. Y eso es un valor que se traslada a la confianza, pero que tambi\u00e9n sirve de experiencia enriquecedora desde el punto de vista profesional.<\/p>\n\n\n\n<p>En gesti\u00f3n de flotas, como en otros campos, el avance tecnol\u00f3gico exige<strong> liderazgo y esfuerzo organizativo<\/strong>. La sostenibilidad y la apuesta por el capital humano ser\u00e1n tus mejores aliados.<\/p>\n\n\n\n<figure class=\"wp-block-image size-full\"><a href=\"https:\/\/www.sage.com\/es-es\/cp\/software-erp\/\"><img loading=\"lazy\" decoding=\"async\" width=\"800\" height=\"418\" src=\"https:\/\/www.sage.com\/es-es\/blog\/wp-content\/uploads\/sites\/8\/2022\/11\/800x418_TW_MEDIUM_2.png\" alt=\"Sage animaci\u00f3n\" class=\"wp-image-20664\" srcset=\"https:\/\/www.sage.com\/es-es\/blog\/wp-content\/uploads\/sites\/8\/2022\/11\/800x418_TW_MEDIUM_2.png 800w, https:\/\/www.sage.com\/es-es\/blog\/wp-content\/uploads\/sites\/8\/2022\/11\/800x418_TW_MEDIUM_2-768x401.png 768w\" sizes=\"auto, (max-width: 800px) 100vw, 800px\" \/><\/a><\/figure>\n","protected":false},"excerpt":{"rendered":"<p>Te explicamos c\u00f3mo integrar a tus empleados en el avance tecnol\u00f3gico de la gesti\u00f3n de flotas y en la estrategia de movilidad sostenible.<\/p>\n","protected":false},"author":240,"featured_media":19840,"comment_status":"closed","ping_status":"closed","sticky":false,"template":"","format":"standard","meta":{"_sage_video":false,"post_featured_image_hide":false,"footnotes":""},"categories":[3,5],"tags":[130,176],"business_type":[11],"lilypad":[],"context":[],"industry":[],"persona":[],"imagine_tag":[278],"coauthors":[412],"class_list":["post-21801","post","type-post","status-publish","format-standard","has-post-thumbnail","hentry","category-estrategia-gestion","category-tecnologia-innovacion","tag-erp","tag-software-en-la-nube","business_type-mediana-empresa"],"sage_meta":{"region":"es-es","author_name":"Gonzalo Garc\u00eda Abad","featured_image":"https:\/\/www.sage.com\/es-es\/blog\/wp-content\/uploads\/sites\/8\/2022\/04\/GettyImages-93912449.jpg","imagine_tags":{"278":"ERP"}},"distributor_meta":false,"distributor_terms":false,"distributor_media":false,"distributor_original_site_name":"Sage Advice Espa\u00f1a","distributor_original_site_url":"https:\/\/www.sage.com\/es-es\/blog","push-errors":false,"_links":{"self":[{"href":"https:\/\/www.sage.com\/es-es\/blog\/api\/wp\/v2\/posts\/21801","targetHints":{"allow":["GET"]}}],"collection":[{"href":"https:\/\/www.sage.com\/es-es\/blog\/api\/wp\/v2\/posts"}],"about":[{"href":"https:\/\/www.sage.com\/es-es\/blog\/api\/wp\/v2\/types\/post"}],"author":[{"embeddable":true,"href":"https:\/\/www.sage.com\/es-es\/blog\/api\/wp\/v2\/users\/240"}],"replies":[{"embeddable":true,"href":"https:\/\/www.sage.com\/es-es\/blog\/api\/wp\/v2\/comments?post=21801"}],"version-history":[{"count":0,"href":"https:\/\/www.sage.com\/es-es\/blog\/api\/wp\/v2\/posts\/21801\/revisions"}],"wp:featuredmedia":[{"embeddable":true,"href":"https:\/\/www.sage.com\/es-es\/blog\/api\/wp\/v2\/media\/19840"}],"wp:attachment":[{"href":"https:\/\/www.sage.com\/es-es\/blog\/api\/wp\/v2\/media?parent=21801"}],"wp:term":[{"taxonomy":"category","embeddable":true,"href":"https:\/\/www.sage.com\/es-es\/blog\/api\/wp\/v2\/categories?post=21801"},{"taxonomy":"post_tag","embeddable":true,"href":"https:\/\/www.sage.com\/es-es\/blog\/api\/wp\/v2\/tags?post=21801"},{"taxonomy":"business_type","embeddable":true,"href":"https:\/\/www.sage.com\/es-es\/blog\/api\/wp\/v2\/business_type?post=21801"},{"taxonomy":"lilypad","embeddable":true,"href":"https:\/\/www.sage.com\/es-es\/blog\/api\/wp\/v2\/lilypad?post=21801"},{"taxonomy":"context","embeddable":true,"href":"https:\/\/www.sage.com\/es-es\/blog\/api\/wp\/v2\/context?post=21801"},{"taxonomy":"industry","embeddable":true,"href":"https:\/\/www.sage.com\/es-es\/blog\/api\/wp\/v2\/industry?post=21801"},{"taxonomy":"persona","embeddable":true,"href":"https:\/\/www.sage.com\/es-es\/blog\/api\/wp\/v2\/persona?post=21801"},{"taxonomy":"imagine_tag","embeddable":true,"href":"https:\/\/www.sage.com\/es-es\/blog\/api\/wp\/v2\/imagine_tag?post=21801"},{"taxonomy":"author","embeddable":true,"href":"https:\/\/www.sage.com\/es-es\/blog\/api\/wp\/v2\/coauthors?post=21801"}],"curies":[{"name":"wp","href":"https:\/\/api.w.org\/{rel}","templated":true}]}}