{"id":21957,"date":"2023-04-20T11:02:32","date_gmt":"2023-04-20T09:02:32","guid":{"rendered":"https:\/\/www.sage.com\/es-es\/blog\/?p=21957"},"modified":"2026-02-04T16:17:22","modified_gmt":"2026-02-04T15:17:22","slug":"ley-startups-retos-y-oportunidades-para-el-ecosistema-emprendedor","status":"publish","type":"post","link":"https:\/\/www.sage.com\/es-es\/blog\/ley-startups-retos-y-oportunidades-para-el-ecosistema-emprendedor\/","title":{"rendered":"La Ley de Startups en Espa\u00f1a: Retos y oportunidades para el ecosistema emprendedor"},"content":{"rendered":"<header class=\"entry-header has-dark-background-color entry-header--has-illustration entry-header--has-illustration--generic\">\n\t<div class=\"container\">\n\t\t<div class=\"entry-header__row row align-center\">\n\t\t\t<div class=\"col col-lg-7 col-xlg-6 entry-header__content\">\n\t\t\t\t\t\t\t<div class=\"component component-single-header\">\n\t\t\t\t\t\t\t\t\t\t<div class=\"entry-header__misc text--subtitle text--uppercase text--small\">\n\t\t\t\t\t\t\t<a href=\"https:\/\/www.sage.com\/es-es\/blog\/categoria\/estrategia-gestion\/\" class=\"entry-header__link\">Estrategia y Gesti\u00f3n<\/a>\t\t\t\t\t\t<\/div>\n\t\t\t\t\n\t\t\t\t<div class=\"entry-title-wrapper\">\n\t\t\t\t\t<h1 class=\"entry-title\">\n\t\t\t\t\t\tLa Ley de Startups en Espa\u00f1a: Retos y oportunidades para el ecosistema emprendedor\t\t\t\t\t<\/h1>\n\t\t\t\t<\/div>\n\n\t\t\t\t\t\t\t\t\t<p class=\"entry-header__description\">\n\t\t\t\t\t\t\t\t\t\t\t<\/p>\n\t\t\t\t\n\t\t\t\t\n\t\t\t\t\n\t\t\t<\/div>\n\n\t\t\t\t\t<\/div>\n\t\t\t\t\t<\/div>\n\t<\/div>\n\t<div class=\"single-post-details container\">\n\t\t<div class=\"col\">\n\t\t\t<span class=\"posted-on \"><time class=\"entry-date published\" datetime=\"2023-04-20T11:02:32+02:00\">20 April, 2023<\/time><\/span><span class=\"reading-time\"> minutos de lectura<\/span>\n\t\t<button\n\t\t\ttype=\"button\"\n\t\t\tclass=\"social-share-button button button--icon button--secondary js-social-share-button\"\n\t\t\tdata-share-title=\"La Ley de Startups en Espa\u00f1a: Retos y oportunidades para el ecosistema emprendedor\"\n\t\t\tdata-share-url=\"https:\/\/www.sage.com\/es-es\/blog\/ley-startups-retos-y-oportunidades-para-el-ecosistema-emprendedor\/\"\n\t\t\tdata-share-text=\"Please read this interesting article\"\n\t\t>\n\t\t\t<span class=\"social-share-button__share-label\">Compartir<\/span>\n\t\t\t<span class=\"social-share-button__copy-label\" hidden>Copiar enlace<\/span>\n\t\t\t<span class=\"social-share-button__copy-tooltip\" aria-hidden=\"true\" hidden>Copiado<\/span>\n\t\t<\/button>\n\n\t\t\t\t<\/div>\n\t<\/div>\n<\/header>\n\n\n\n<div class=\"wp-block-post-author has-dark-background-color alignfull\">\n\t<div class=\"container\">\n\t\t<div class=\"col\">\n\t\t\t\t\t\t\t<div class=\"co-authors\">\n\t\t\t\t\t\n\t\t<div class=\"entry-author-wrapper\">\n\t\t\t<a class=\"entry-author\" href=\"https:\/\/www.sage.com\/es-es\/blog\/author\/gonzalo-garcia-abad\/\">\n\t\t\t\t<img loading=\"lazy\" decoding=\"async\" width=\"40\" height=\"40\" src=\"https:\/\/www.sage.com\/es-es\/blog\/wp-content\/uploads\/sites\/8\/2024\/02\/Gonzalo-Garcia_2024_600x600-350x350.jpg\" class=\"entry-author__image\" alt=\"\" srcset=\"https:\/\/www.sage.com\/es-es\/blog\/wp-content\/uploads\/sites\/8\/2024\/02\/Gonzalo-Garcia_2024_600x600-350x350.jpg 350w, https:\/\/www.sage.com\/es-es\/blog\/wp-content\/uploads\/sites\/8\/2024\/02\/Gonzalo-Garcia_2024_600x600.jpg 600w\" sizes=\"auto, (max-width: 40px) 100vw, 40px\" \/>\t\t\t\t<span class=\"entry-author__name\">Gonzalo Garc\u00eda Abad<\/span>\n\t\t\t<\/a>\n\n\t\t\t\t\t<\/div>\n\n\t\t\t\t\t\t<\/div>\n\t\t\t\t\t<\/div>\n\t<\/div>\n<\/div>\n\n\n\n<h4 class=\"wp-block-heading\" id=\"h-te-contamos-cual-es-la-situacion-del-ecosistema-espanol-de-empresas-emergentes-tras-la-aprobacion-de-la-ley-de-startups\" style=\"font-style:normal;font-weight:100\">Te contamos cu\u00e1l es la situaci\u00f3n del ecosistema espa\u00f1ol de empresas emergentes tras la aprobaci\u00f3n de la Ley de <em>Startups<\/em>.<\/h4>\n\n\n\n<ul class=\"wp-block-list\">\n<li>Los pr\u00f3ximos meses vivir\u00e1n un fren\u00e9tico proceso de certificaci\u00f3n de empresas emergentes.<\/li>\n\n\n\n<li>La transferencia del conocimiento ser\u00e1 uno de los retos cr\u00edticos para el \u00e9xito de la Ley de <em>Startups<\/em>.<\/li>\n<\/ul>\n\n\n\n<p>La Ley de <em>Startups <\/em>est\u00e1 alcanzando una de sus etapas m\u00e1s decisivas. Tras la concreci\u00f3n de requisitos en una orden ministerial, ENISA comenzar\u00e1 a certificar empresas emergentes. Se esperan muchas solicitudes en pocos meses.<\/p>\n\n\n\n<p>Con ese motivo, y tras la reciente aprobaci\u00f3n del texto, <strong>Innovaspain <\/strong>celebr\u00f3 <a href=\"https:\/\/www.youtube.com\/watch?v=iCgnw2iFD9I\" target=\"_blank\" rel=\"noreferrer noopener\">un desayuno informativo<\/a> moderado por su responsable de Proyectos, <strong>Mar\u00eda Lacalle<\/strong>. En \u00e9l, han participado <strong>Jos\u00e9 Bay\u00f3n<\/strong>, CEO de Enisa; <strong>Nuria Marcos<\/strong>, directora general de<strong> PONS IP<\/strong>; <strong>I\u00f1igo Laucirica<\/strong>, gestor de inversiones en <strong>Samaipata <\/strong>y <strong>Carlos Mateo<\/strong>, presidente de la <strong>Asociaci\u00f3n Espa\u00f1ola de <em>Startups<\/em><\/strong>. Veamos en qu\u00e9 punto estamos y qu\u00e9 se transmiti\u00f3 en dicho encuentro.<\/p>\n\n\n\n<p><em><mark class=\"highlight-and-share\"><strong>\u00a1COMPARTE!<\/strong> \u00bfC\u00f3mo est\u00e1 el ecosistema de empresas emergentes espa\u00f1ol tras la Ley de Startups? \u00a1Toma nota!<\/mark><\/em><\/p>\n\n\n\n<h2 class=\"wp-block-heading\" id=\"h-el-arranque-de-la-ley-de-startups\"> <strong>El arranque de la Ley de <em>Startups<\/em><\/strong><\/h2>\n\n\n\n<p>La Ley de Startups sali\u00f3 <a href=\"https:\/\/www.boe.es\/buscar\/act.php?id=BOE-A-2022-21739&amp;p=20221222&amp;tn=2\" target=\"_blank\" rel=\"noreferrer noopener\"><strong>publicada en el BOE el 22 de diciembre de 2022<\/strong><\/a>. A la jornada siguiente, entr\u00f3 en vigor todo su texto. Supon\u00eda, hasta cierto punto, el fin de un primer trayecto. Cristalizaba as\u00ed un largo proceso de tramitaci\u00f3n en el que se ha optado por un enfoque colaborativo. Eso se ha manifestado en las conversaciones con diferentes sectores implicados y, ya una vez <a href=\"https:\/\/www.sage.com\/es-es\/blog\/claves-sobre-la-ley-de-startups\/\">redactado el proyecto<\/a>, en las aportaciones de los grupos parlamentarios.<\/p>\n\n\n\n<p>Jos\u00e9 Bay\u00f3n, en el desayuno de Innovaspain, explicaba que uno de los objetivos principales era lanzar <strong>el mensaje de que Espa\u00f1a tiene una estrategia de promoci\u00f3n del ecosistema <em>startup<\/em><\/strong>. Para ello, los cuatro principales ejes han sido:<\/p>\n\n\n\n<ul class=\"wp-block-list\">\n<li>Una <strong>definici\u00f3n jur\u00eddica de lo que es una <em>startup<\/em><\/strong>. Esto nos llevar\u00e1 al proceso de certificaci\u00f3n ante ENISA, que estudiar\u00e1 si una empresa cumple o no los requisitos para considerarse emergente.<\/li>\n\n\n\n<li><strong>Cambios e innovaciones regulatorias en diferentes \u00e1mbitos<\/strong>, como <em>sandbox<\/em>, compra p\u00fablica innovadora o las <em>startups<\/em> de estudiantes, entre otros.<\/li>\n\n\n\n<li>Un intento de <strong>simplificaci\u00f3n de tr\u00e1mites<\/strong>.<\/li>\n\n\n\n<li>El marco de<strong> incentivos fiscales<\/strong>.&nbsp;<\/li>\n<\/ul>\n\n\n\n<p>En la tramitaci\u00f3n parlamentaria, las principales <strong>controversias <\/strong>han girado en torno a este \u00faltimo eje. Ha habido diferentes posiciones tanto sobre la <strong>suficiencia o no de los incentivos<\/strong> para promocionar el ecosistema <em>startup <\/em>como sobre su<strong> impacto recaudatorio<\/strong>.&nbsp;<\/p>\n\n\n\n<figure class=\"wp-block-image aligncenter size-large\"><img decoding=\"async\" src=\"https:\/\/www.sage.com\/es-es\/blog\/wp-content\/uploads\/sites\/8\/2023\/04\/DESTACADO_Sage_Ley-de-Staturps_TW-1024x538.jpg\" alt=\"\" class=\"wp-image-21959\"\/><\/figure>\n\n\n\n<h2 class=\"wp-block-heading\" id=\"h-como-lo-valoran-startups-y-fondos\"> <strong>C\u00f3mo lo valoran <em>startups<\/em> y fondos<\/strong><\/h2>\n\n\n\n<p>En general, estos dos importantes sectores implicados han recibido la Ley de Startups con <strong>satisfacci\u00f3n con matices<\/strong>. En el desayuno de <em>Innovaspain<\/em> se apuntaron algunos:<\/p>\n\n\n\n<ul class=\"wp-block-list\">\n<li>Carlos Mateo saluda la decisi\u00f3n de contar con ENISA para la certificaci\u00f3n, por su experiencia y porque entiende bien qu\u00e9 es la innovaci\u00f3n. Sin embargo, entiende que <strong>algunos requisitos pueden ser demasiado restrictivos<\/strong>. Entre ellos, cita los de antig\u00fcedad, volumen de negocio o porcentaje de la plantilla en Espa\u00f1a.<\/li>\n\n\n\n<li>I\u00f1igo Laucirica se felicita del <strong>equilibrio <\/strong>que entiende que la ley ha aportado a la tributaci\u00f3n de los fondos. No obstante, observa que la regulaci\u00f3n de las <strong><em>stock options<\/em> <\/strong>puede contener algunas deficiencias que induzcan al temor a su uso en ciertos empleados o empresas.<\/li>\n<\/ul>\n\n\n\n<h2 class=\"wp-block-heading\" id=\"h-la-cuestion-de-la-proteccion-de-la-propiedad-intelectual-e-industrial\">La cuesti\u00f3n de la protecci\u00f3n de la propiedad intelectual e industrial<\/h2>\n\n\n\n<p>Este es uno de los aspectos clave en el marco regulatorio del ecosistema de empresas emergentes. Sin embargo, no es uno de los ejes de la Ley de Startups. Es claro que <strong>la nueva norma no aspira a ser un c\u00f3digo que contenga toda la legislaci\u00f3n sobre <em>startups<\/em><\/strong>. Lo ejemplifica muy bien el desarrollo paralelo de otros importantes proyectos como:<\/p>\n\n\n\n<ul class=\"wp-block-list\">\n<li>La Ley de Ciencia.<\/li>\n\n\n\n<li>El plan de transferencia de transferencia y colaboraci\u00f3n.<\/li>\n\n\n\n<li>La <a href=\"https:\/\/www.sage.com\/es-es\/blog\/creacion-y-crecimiento-empresas-principales-novedades-sobre-el-anteproyecto-de-ley\/\">Ley Crea y Crece<\/a>.<\/li>\n<\/ul>\n\n\n\n<p>En todo caso, la <strong>protecci\u00f3n de la propiedad intelectual e industrial<\/strong> es un campo muy decisivo para el sector, como ha insistido la moderadora del desayuno, Mar\u00eda Lacalle. En ese sentido, Nuria Marcos realiz\u00f3 dos valoraciones:<\/p>\n\n\n\n<ul class=\"wp-block-list\">\n<li>Es razonable que no se haya introducido una reforma de la<strong> legislaci\u00f3n sobre propiedad intelectual e industrial <\/strong>en la Ley de Startups. Al fin y al cabo, existe una regulaci\u00f3n armonizada a nivel internacional.<\/li>\n\n\n\n<li>Defiende que <strong>hay que generar una cultura de la protecci\u00f3n<\/strong>. Eso puede incluir una patente, pero tambi\u00e9n una secuencia de otros mecanismos, como un protocolo de secreto, por ejemplo. El primer paso, en todo caso, es<strong> identificar los elementos valiosos <\/strong>que cada empresa emergente posea.<\/li>\n<\/ul>\n\n\n\n<h2 class=\"wp-block-heading\" id=\"h-siempre-el-talento\">Siempre el talento<\/h2>\n\n\n\n<p>No es ning\u00fan secreto que la <a href=\"https:\/\/www.sage.com\/es-es\/blog\/cinco-consejos-practicos-para-mejorar-el-capital-humano-de-la-empresa\/\"><strong>gesti\u00f3n del talento<\/strong><\/a><strong> <\/strong>es uno de los factores m\u00e1s importantes en el desarrollo del ecosistema de empresas emergentes. En realidad, lo es para cualquier \u00e1mbito empresarial y, por supuesto, las <em>startups <\/em>no solo no son una excepci\u00f3n, sino que son uno de los exponentes principales de este principio.&nbsp;<\/p>\n\n\n\n<p>Lo que sucede es que <strong>el talento <em>startup<\/em> tiene requerimientos complejos<\/strong>:<\/p>\n\n\n\n<ul class=\"wp-block-list\">\n<li>Una s\u00f3lida base cient\u00edfica, bien formada y puesta al d\u00eda.<\/li>\n\n\n\n<li>Sentido pr\u00e1ctico, con un conocimiento profundo de c\u00f3mo la ingenier\u00eda va moviendo sus propias fronteras del conocimiento.<\/li>\n\n\n\n<li>Capacidad para el dise\u00f1o de planes y proyectos y para el control de los procesos.<\/li>\n\n\n\n<li>Habilidades expositivas.<\/li>\n\n\n\n<li>Comprensi\u00f3n del marco jur\u00eddico presente y previsto en Espa\u00f1a y en otros territorios.<\/li>\n\n\n\n<li>Sensibilidad para la detecci\u00f3n y an\u00e1lisis de los cambios en el entorno.<\/li>\n\n\n\n<li>Una productiva red de contactos y destrezas para las relaciones personales y la colaboraci\u00f3n.<\/li>\n\n\n\n<li>Entendimiento de la dimensi\u00f3n estrat\u00e9gica de las decisiones y de la importancia de la secuencia temporal en el impacto financiero.<\/li>\n\n\n\n<li>Visi\u00f3n, experiencia y cultura internacionales.&nbsp;<\/li>\n\n\n\n<li>Predisposici\u00f3n flexible y proactiva a la adaptaci\u00f3n a las necesidades de sostenibilidad social y ambiental.<\/li>\n\n\n\n<li>Dotes de liderazgo.&nbsp;<\/li>\n<\/ul>\n\n\n\n<p>Por eso, uno de los objetivos importantes de la Ley de Startups ha sido la <strong>atracci\u00f3n, retenci\u00f3n y fidelizaci\u00f3n del talento<\/strong>. En el desayuno, Jos\u00e9 Bay\u00f3n y Carlos Mateo han puesto como ejemplo a Estonia, un pa\u00eds que, en pocos a\u00f1os, ha dado un salto muy importante en <em>startups<\/em>. Aunque, al comienzo, puede que no destacase por su cultura empresarial, Jos\u00e9 Bay\u00f3n apunta que s\u00ed lo hac\u00eda por su base cient\u00edfica, que ha sido una de las claves de su \u00e9xito.<\/p>\n\n\n\n<p>Finalmente, existe un deseo compartido:<strong> que esta ley estimule el ecosistema <em>startup<\/em> espa\u00f1ol <\/strong>y que eso se traduzca en beneficios para nuestra sociedad.<\/p>\n\n\n\n<div class=\"single-cta\">\n\t<div class=\"single-cta__positioner\">\n\t\t<div class=\"single-cta__wrapper has-dark-background-color\">\n\t\t\t<div class=\"single-cta__content\">\n\t\t\t\t\t\t\t\t<h2 class=\"single-cta__title h3\">Software de facturaci\u00f3n<\/h2>\n\n\t\t\t\t\t\t\t\t\t<div class=\"single-cta__description\">\n\t\t\t\t\t\t<p><strong>\u00a1ADAPTADO A FACTURA ELECTR\u00d3NICA !<\/strong><\/p>\n<ul>\n<li>Descubre c\u00f3mo tener tus facturas bajo control con el programa de facturaci\u00f3n adecuado:\n<ul>\n<li>Cobrar\u00e1s m\u00e1s r\u00e1pido tus facturas<\/li>\n<li>Reducir\u00e1s los errores en su elaboraci\u00f3n<\/li>\n<\/ul>\n<\/li>\n<\/ul>\n\t\t\t\t\t<\/div>\n\t\t\t\t\n\t\t\t\t\t\t\t\t\t\t\t\t\t\t<a\n\t\t\t\t\t\thref=\"https:\/\/www.sage.com\/es-es\/software-facturacion\/\"\n\t\t\t\t\t\tclass=\"single-cta__button button button--primary\"\n\t\t\t\t\t\t\t\t\t\t\t\t\tid=\"cta-id-14072\"\n\t\t\t\t\t\t\t\t\t\t\t\t\t\t\t\t\t\t\tdata-button-location=\"cta_box\"\n\t\t\t\t\t\t\t\t\t\t\t>M\u00e1s informaci\u00f3n<\/a>\n\t\t\t\t\t\t\t<\/div>\n\n\t\t\t\t\t<\/div>\n\n\t\t\t\t\t<img decoding=\"async\" width=\"1215\" height=\"810\" src=\"https:\/\/www.sage.com\/es-es\/blog\/wp-content\/uploads\/sites\/8\/2018\/11\/BrandShootUK_Dec2022_SmallAccounting_0416-original_low-1215x810.jpg\" class=\"single-cta__image\" alt=\"Sage\" loading=\"lazy\" srcset=\"https:\/\/www.sage.com\/es-es\/blog\/wp-content\/uploads\/sites\/8\/2018\/11\/BrandShootUK_Dec2022_SmallAccounting_0416-original_low-1215x810.jpg 1215w\" sizes=\"auto, (min-width: 48em) 33vw, 100vw\" \/>\t\t\t<\/div>\n<\/div>\n","protected":false},"excerpt":{"rendered":"<p>Analizamos la situaci\u00f3n del ecosistema de empresas emergentes espa\u00f1ol tras la aprobaci\u00f3n de la Ley de Startups.<\/p>\n","protected":false},"author":240,"featured_media":20000,"comment_status":"open","ping_status":"open","sticky":false,"template":"","format":"standard","meta":{"_sage_video":false,"post_featured_image_hide":false,"footnotes":""},"categories":[3],"tags":[16,27],"business_type":[10],"lilypad":[],"context":[],"industry":[],"persona":[],"imagine_tag":[285],"coauthors":[412],"class_list":["post-21957","post","type-post","status-publish","format-standard","has-post-thumbnail","hentry","category-estrategia-gestion","tag-autonomos","tag-emprendedores","business_type-pequena-empresa"],"sage_meta":{"region":"es-es","author_name":"Gonzalo Garc\u00eda Abad","featured_image":"https:\/\/www.sage.com\/es-es\/blog\/wp-content\/uploads\/sites\/8\/2022\/04\/GettyImages-1187476453.jpg","imagine_tags":{"285":"Emprendedores"}},"distributor_meta":false,"distributor_terms":false,"distributor_media":false,"distributor_original_site_name":"Sage Advice Espa\u00f1a","distributor_original_site_url":"https:\/\/www.sage.com\/es-es\/blog","push-errors":false,"_links":{"self":[{"href":"https:\/\/www.sage.com\/es-es\/blog\/api\/wp\/v2\/posts\/21957","targetHints":{"allow":["GET"]}}],"collection":[{"href":"https:\/\/www.sage.com\/es-es\/blog\/api\/wp\/v2\/posts"}],"about":[{"href":"https:\/\/www.sage.com\/es-es\/blog\/api\/wp\/v2\/types\/post"}],"author":[{"embeddable":true,"href":"https:\/\/www.sage.com\/es-es\/blog\/api\/wp\/v2\/users\/240"}],"replies":[{"embeddable":true,"href":"https:\/\/www.sage.com\/es-es\/blog\/api\/wp\/v2\/comments?post=21957"}],"version-history":[{"count":0,"href":"https:\/\/www.sage.com\/es-es\/blog\/api\/wp\/v2\/posts\/21957\/revisions"}],"wp:featuredmedia":[{"embeddable":true,"href":"https:\/\/www.sage.com\/es-es\/blog\/api\/wp\/v2\/media\/20000"}],"wp:attachment":[{"href":"https:\/\/www.sage.com\/es-es\/blog\/api\/wp\/v2\/media?parent=21957"}],"wp:term":[{"taxonomy":"category","embeddable":true,"href":"https:\/\/www.sage.com\/es-es\/blog\/api\/wp\/v2\/categories?post=21957"},{"taxonomy":"post_tag","embeddable":true,"href":"https:\/\/www.sage.com\/es-es\/blog\/api\/wp\/v2\/tags?post=21957"},{"taxonomy":"business_type","embeddable":true,"href":"https:\/\/www.sage.com\/es-es\/blog\/api\/wp\/v2\/business_type?post=21957"},{"taxonomy":"lilypad","embeddable":true,"href":"https:\/\/www.sage.com\/es-es\/blog\/api\/wp\/v2\/lilypad?post=21957"},{"taxonomy":"context","embeddable":true,"href":"https:\/\/www.sage.com\/es-es\/blog\/api\/wp\/v2\/context?post=21957"},{"taxonomy":"industry","embeddable":true,"href":"https:\/\/www.sage.com\/es-es\/blog\/api\/wp\/v2\/industry?post=21957"},{"taxonomy":"persona","embeddable":true,"href":"https:\/\/www.sage.com\/es-es\/blog\/api\/wp\/v2\/persona?post=21957"},{"taxonomy":"imagine_tag","embeddable":true,"href":"https:\/\/www.sage.com\/es-es\/blog\/api\/wp\/v2\/imagine_tag?post=21957"},{"taxonomy":"author","embeddable":true,"href":"https:\/\/www.sage.com\/es-es\/blog\/api\/wp\/v2\/coauthors?post=21957"}],"curies":[{"name":"wp","href":"https:\/\/api.w.org\/{rel}","templated":true}]}}