{"id":22093,"date":"2023-04-28T10:08:23","date_gmt":"2023-04-28T08:08:23","guid":{"rendered":"https:\/\/www.sage.com\/es-es\/blog\/?p=22093"},"modified":"2026-02-04T16:16:45","modified_gmt":"2026-02-04T15:16:45","slug":"estrategia-espanola-de-seguridad-y-salud-en-el-trabajo","status":"publish","type":"post","link":"https:\/\/www.sage.com\/es-es\/blog\/estrategia-espanola-de-seguridad-y-salud-en-el-trabajo\/","title":{"rendered":"Todo lo que debes saber sobre la Estrategia de Seguridad y Salud en el Trabajo 2023-2027"},"content":{"rendered":"<header class=\"entry-header has-dark-background-color entry-header--has-illustration entry-header--has-illustration--generic\">\n\t<div class=\"container\">\n\t\t<div class=\"entry-header__row row align-center\">\n\t\t\t<div class=\"col col-lg-7 col-xlg-6 entry-header__content\">\n\t\t\t\t\t\t\t<div class=\"component component-single-header\">\n\t\t\t\t\t\t\t\t\t\t<div class=\"entry-header__misc text--subtitle text--uppercase text--small\">\n\t\t\t\t\t\t\t<a href=\"https:\/\/www.sage.com\/es-es\/blog\/categoria\/personas-liderazgo\/\" class=\"entry-header__link\">Personas y Liderazgo<\/a>\t\t\t\t\t\t<\/div>\n\t\t\t\t\n\t\t\t\t<div class=\"entry-title-wrapper\">\n\t\t\t\t\t<h1 class=\"entry-title\">\n\t\t\t\t\t\tTodo lo que debes saber sobre la Estrategia de Seguridad y Salud en el Trabajo 2023-2027\t\t\t\t\t<\/h1>\n\t\t\t\t<\/div>\n\n\t\t\t\t\t\t\t\t\t<p class=\"entry-header__description\">\n\t\t\t\t\t\t\t\t\t\t\t<\/p>\n\t\t\t\t\n\t\t\t\t\n\t\t\t\t\n\t\t\t<\/div>\n\n\t\t\t\t\t<\/div>\n\t\t\t\t\t<\/div>\n\t<\/div>\n\t<div class=\"single-post-details container\">\n\t\t<div class=\"col\">\n\t\t\t<span class=\"posted-on \"><time class=\"entry-date published\" datetime=\"2023-04-28T10:08:23+02:00\">28 April, 2023<\/time><\/span><span class=\"reading-time\"> minutos de lectura<\/span>\n\t\t<button\n\t\t\ttype=\"button\"\n\t\t\tclass=\"social-share-button button button--icon button--secondary js-social-share-button\"\n\t\t\tdata-share-title=\"Todo lo que debes saber sobre la Estrategia de Seguridad y Salud en el Trabajo 2023-2027\"\n\t\t\tdata-share-url=\"https:\/\/www.sage.com\/es-es\/blog\/estrategia-espanola-de-seguridad-y-salud-en-el-trabajo\/\"\n\t\t\tdata-share-text=\"Please read this interesting article\"\n\t\t>\n\t\t\t<span class=\"social-share-button__share-label\">Compartir<\/span>\n\t\t\t<span class=\"social-share-button__copy-label\" hidden>Copiar enlace<\/span>\n\t\t\t<span class=\"social-share-button__copy-tooltip\" aria-hidden=\"true\" hidden>Copiado<\/span>\n\t\t<\/button>\n\n\t\t\t\t<\/div>\n\t<\/div>\n<\/header>\n\n\n\n<div class=\"wp-block-post-author has-dark-background-color alignfull\">\n\t<div class=\"container\">\n\t\t<div class=\"col\">\n\t\t\t\t\t\t\t<div class=\"co-authors\">\n\t\t\t\t\t\n\t\t<div class=\"entry-author-wrapper\">\n\t\t\t<a class=\"entry-author\" href=\"https:\/\/www.sage.com\/es-es\/blog\/author\/arantxaalvaro\/\">\n\t\t\t\t<img loading=\"lazy\" decoding=\"async\" width=\"40\" height=\"40\" src=\"https:\/\/www.sage.com\/es-es\/blog\/wp-content\/uploads\/sites\/8\/2024\/02\/foto_arantxa_alvaro_400x400-350x350.jpg\" class=\"entry-author__image\" alt=\"Sage\" srcset=\"https:\/\/www.sage.com\/es-es\/blog\/wp-content\/uploads\/sites\/8\/2024\/02\/foto_arantxa_alvaro_400x400-350x350.jpg 350w, https:\/\/www.sage.com\/es-es\/blog\/wp-content\/uploads\/sites\/8\/2024\/02\/foto_arantxa_alvaro_400x400.jpg 400w\" sizes=\"auto, (max-width: 40px) 100vw, 40px\" \/>\t\t\t\t<span class=\"entry-author__name\">Arantxa \u00c1lvaro<\/span>\n\t\t\t<\/a>\n\n\t\t\t\t\t<\/div>\n\n\t\t\t\t\t\t<\/div>\n\t\t\t\t\t<\/div>\n\t<\/div>\n<\/div>\n\n\n\n<h4 class=\"wp-block-heading\" id=\"h-cuidar-de-la-seguridad-y-salud-en-el-trabajo-y-garantizar-la-prevencion-de-riesgos-laborales-es-una-prioridad-en-un-mundo-que-cambia-dia-a-dia-y-en-el-que-surgen-nuevos-riesgos\" style=\"font-style:normal;font-weight:100\">Cuidar de la seguridad y salud en el trabajo y garantizar la prevenci\u00f3n de riesgos laborales es una prioridad en un mundo que cambia d\u00eda a d\u00eda y en el que surgen nuevos riesgos.<\/h4>\n\n\n\n<ul class=\"wp-block-list\">\n<li>Seg\u00fan datos de CCOO, en 2022, los accidentes de trabajo con baja aumentaron un 10,4% respecto al a\u00f1o anterior.<\/li>\n\n\n\n<li>Para mejorar los datos que hemos detallado e impulsar la prevenci\u00f3n de riesgos laborales, en febrero de 2023 se present\u00f3 la Estrategia Espa\u00f1ola de Seguridad y Salud en el Trabajo 2023-2027. Te contamos todos los detalles en este art\u00edculo.<\/li>\n<\/ul>\n\n\n\n<p>El <strong>28 de abril se celebra el D\u00eda Mundial de la Seguridad y Salud en el Trabajo<\/strong>, proclamado por la Organizaci\u00f3n Internacional del Trabajo (OIT). El objetivo de este d\u00eda es visibilizar y fomentar la prevenci\u00f3n de los accidentes laborales y de las enfermedades profesionales. En este contexto, el 14 de marzo de 2023 se aprob\u00f3, en el Consejo de Ministros, la Estrategia Espa\u00f1ola de Seguridad y Salud en el Trabajo 2023-2027.<\/p>\n\n\n\n<p><em><mark class=\"highlight-and-share\">\u00a1<strong>COMP\u00c1RTELO!<\/strong> Cuidar la salud laboral y prevenir riesgos es crucial en un mundo cambiante. Descubre la Estrategia Espa\u00f1ola de Seguridad y Salud en el Trabajo 2023-2027.<\/mark><\/em><\/p>\n\n\n\n<figure class=\"wp-block-image aligncenter size-full\"><img loading=\"lazy\" decoding=\"async\" width=\"1135\" height=\"978\" src=\"https:\/\/www.sage.com\/es-es\/blog\/wp-content\/uploads\/sites\/8\/2023\/04\/SAGE_IMG_Estrategia-Espanola-de-Seguridad-y-Salud-en-el-Trabajo_01.jpg\" alt=\"Quote sobre estrategia de seguridad laboral\" class=\"wp-image-22095\" srcset=\"https:\/\/www.sage.com\/es-es\/blog\/wp-content\/uploads\/sites\/8\/2023\/04\/SAGE_IMG_Estrategia-Espanola-de-Seguridad-y-Salud-en-el-Trabajo_01.jpg 1135w, https:\/\/www.sage.com\/es-es\/blog\/wp-content\/uploads\/sites\/8\/2023\/04\/SAGE_IMG_Estrategia-Espanola-de-Seguridad-y-Salud-en-el-Trabajo_01-768x662.jpg 768w, https:\/\/www.sage.com\/es-es\/blog\/wp-content\/uploads\/sites\/8\/2023\/04\/SAGE_IMG_Estrategia-Espanola-de-Seguridad-y-Salud-en-el-Trabajo_01-940x810.jpg 940w\" sizes=\"auto, (max-width: 1135px) 100vw, 1135px\" \/><\/figure>\n\n\n\n<h2 class=\"wp-block-heading\" id=\"h-aspectos-mas-destacados-de-la-estrategia-espanola-de-seguridad-y-salud-en-el-trabajo-2023-2027\">Aspectos m\u00e1s destacados de la Estrategia Espa\u00f1ola de Seguridad y Salud en el Trabajo 2023-2027<\/h2>\n\n\n\n<p>La protecci\u00f3n de la salud de los trabajadores depende de la mejora de las condiciones de seguridad en las empresas y de la previsi\u00f3n de posibles riesgos. La Estrategia Espa\u00f1ola de Seguridad y Salud en el Trabajo 2023-2027 (EESST) se enfoca en ese objetivo y tiene los siguientes aspectos a destacar:<\/p>\n\n\n\n<h3 class=\"wp-block-heading\" id=\"h-apertura-de-mesa-de-dialogo-social\">Apertura de mesa de di\u00e1logo social<\/h3>\n\n\n\n<p>Est\u00e1 previsto que se abra una mesa de di\u00e1logo social para <strong>modificar la Ley de Prevenci\u00f3n de Riesgos Laborales<\/strong>, que se integre la perspectiva de g\u00e9nero en la gesti\u00f3n de los riesgos y se refuerce la protecci\u00f3n de los trabajadores frente a riesgos psicosociales.<\/p>\n\n\n\n<h3 class=\"wp-block-heading\" id=\"h-objetivos-de-la-estrategia-espanola-de-seguridad-y-salud-en-el-trabajo\">Objetivos de la Estrategia Espa\u00f1ola de Seguridad y Salud en el Trabajo<\/h3>\n\n\n\n<p>Los <strong>objetivos de la EESST<\/strong> m\u00e1s destacados son los siguientes:<\/p>\n\n\n\n<ul class=\"wp-block-list\">\n<li>Mejorar la prevenci\u00f3n de accidentes de trabajo y enfermedades profesionales.<\/li>\n\n\n\n<li>Gestionar los cambios derivados de las nuevas formas de organizaci\u00f3n del trabajo, la evoluci\u00f3n demogr\u00e1fica y el cambio clim\u00e1tico.<\/li>\n\n\n\n<li>Mejorar la gesti\u00f3n de la seguridad y salud de las PYMES.<\/li>\n\n\n\n<li>Reforzar la protecci\u00f3n de los trabajadores en situaciones m\u00e1s vulnerables.<\/li>\n\n\n\n<li>Introducir una perspectiva de g\u00e9nero en la seguridad y salud en el trabajo.<\/li>\n\n\n\n<li>Fortalecer el sistema nacional de seguridad y salud.<\/li>\n<\/ul>\n\n\n\n<p>Adem\u00e1s, se elaborar\u00e1n <strong>gu\u00edas para informar sobre factores que aumentan el riesgo cardiovascular.<\/strong> Se pondr\u00e1 en foco en actividades que tienen un mayor n\u00famero de accidentes de trabajo para realizar una vigilancia m\u00e1s exhaustiva en cuanto al cumplimiento de la normativa.<\/p>\n\n\n\n<blockquote class=\"wp-block-quote is-layout-flow wp-block-quote-is-layout-flow\">\n<p>La EESST busca mejorar la prevenci\u00f3n laboral y adaptarse a nuevos desaf\u00edos como el cambio clim\u00e1tico y la demograf\u00eda, reforzar la protecci\u00f3n a los trabajadores y promover la igualdad de g\u00e9nero.<\/p>\n<\/blockquote>\n\n\n\n<h3 class=\"wp-block-heading\" id=\"h-creacion-de-la-agenda-para-la-prevencion-del-cancer-de-origen-profesional\">Creaci\u00f3n de la Agenda para la Prevenci\u00f3n del C\u00e1ncer de Origen Profesional<\/h3>\n\n\n\n<p>La Agenda permitir\u00e1 impulsar la identificaci\u00f3n de enfermedades profesionales y la realizaci\u00f3n de acciones para saber cu\u00e1l es la situaci\u00f3n del c\u00e1ncer de origen profesional en Espa\u00f1a. De esta forma, se podr\u00e1 adaptar la normativa y fomentar la detecci\u00f3n temprana.<\/p>\n\n\n\n<h3 class=\"wp-block-heading\" id=\"h-revision-de-la-normativa-de-prevencion-de-riesgos-laborales\">Revisi\u00f3n de la normativa de prevenci\u00f3n de riesgos laborales<\/h3>\n\n\n\n<p>La situaci\u00f3n demogr\u00e1fica actual obliga a revisar la <a href=\"https:\/\/www.sage.com\/es-es\/blog\/procedimiento-basico-para-evaluar-los-riesgos-laborales\/\">normativa<\/a> de prevenci\u00f3n de riesgos laborales para considerar la edad y la diversidad generacional en la gesti\u00f3n de riesgos. Adem\u00e1s, se apoyar\u00e1 a las empresas para definir los riesgos derivados de la digitalizaci\u00f3n y las nuevas formas de empleo.<\/p>\n\n\n\n<h3 class=\"wp-block-heading\" id=\"h-identificacion-de-trabajadores-vulnerables\">Identificaci\u00f3n de trabajadores vulnerables<\/h3>\n\n\n\n<p>Se va a identificar a los trabajadores que presenten peores datos de seguridad para analizar los aspectos que les hacen m\u00e1s vulnerables y modificar la normativa de prevenci\u00f3n de riesgos laborales. Adem\u00e1s, se enfocar\u00e1 la atenci\u00f3n en los trabajadores sociosanitarios para mejorar sus condiciones y conocer sus riesgos.<\/p>\n\n\n\n<h3 class=\"wp-block-heading\" id=\"h-ayuda-a-las-pymes-y-autonomos-para-la-prevencion-de-riesgos-laborales\">Ayuda a las PYMES y aut\u00f3nomos para la prevenci\u00f3n de riesgos laborales<\/h3>\n\n\n\n<ul class=\"wp-block-list\">\n<li>Para que las <strong>PYMES<\/strong> puedan adaptarse de forma sencilla a la normativa sobre prevenci\u00f3n de riesgos laborales, se modificar\u00e1 dicha normativa y se impulsar\u00e1 la formaci\u00f3n.<\/li>\n\n\n\n<li>En cuanto a los <strong>aut\u00f3nomos<\/strong>, se revisar\u00e1 la normativa para que obtengan la misma protecci\u00f3n que un trabajador por cuenta ajena.<\/li>\n<\/ul>\n\n\n\n<h3 class=\"wp-block-heading\" id=\"h-integracion-de-la-perspectiva-de-genero-en-la-prevencion-de-riesgos-laborales\">Integraci\u00f3n de la perspectiva de g\u00e9nero en la prevenci\u00f3n de riesgos laborales<\/h3>\n\n\n\n<p>Seg\u00fan datos de Comisiones Obreras, <strong>en 2022, el 69% de los accidentes de trabajo en jornada correspondieron a hombres.<\/strong> Esto se debe, entre otras razones, a que los hombres suelen realizar actividades con mayor riesgo de siniestralidad (miner\u00eda, construcci\u00f3n o transporte, entre otras).<\/p>\n\n\n\n<p>Sin embargo, existen otras actividades en las que son las mujeres quienes tienen m\u00e1s riesgo de sufrir un accidente. Por lo tanto, para protegerlas, se debe integrar la perspectiva de g\u00e9nero en la gesti\u00f3n de riesgos laborales.<\/p>\n\n\n\n<h3 class=\"wp-block-heading\" id=\"h-salud-mental\">Salud mental<\/h3>\n\n\n\n<p>La salud mental es un tema cada vez m\u00e1s relevante en el \u00e1mbito laboral y por ello la Estrategia Espa\u00f1ola de Seguridad y Salud en el Trabajo ha incluido una acci\u00f3n especial enfocada en este tema. En este sentido, se llevar\u00e1n a cabo acciones para <strong>identificar<\/strong> las posibles <strong>causas de origen laboral<\/strong> en pacientes con depresi\u00f3n y ansiedad, con el objetivo de dise\u00f1ar una intervenci\u00f3n preventiva en funci\u00f3n de los factores laborales identificados. Adem\u00e1s, se reconocer\u00e1 a aquellas empresas que acrediten buenas pr\u00e1cticas en el manejo de la salud emocional y prevenci\u00f3n de enfermedades mentales.<\/p>\n\n\n\n<figure class=\"wp-block-image aligncenter size-full\"><img loading=\"lazy\" decoding=\"async\" width=\"1135\" height=\"978\" src=\"https:\/\/www.sage.com\/es-es\/blog\/wp-content\/uploads\/sites\/8\/2023\/04\/SAGE_IMG_Estrategia-Espanola-de-Seguridad-y-Salud-en-el-Trabajo_02.jpg\" alt=\"Quote sobre estrategia de seguridad laboral\" class=\"wp-image-22097\" srcset=\"https:\/\/www.sage.com\/es-es\/blog\/wp-content\/uploads\/sites\/8\/2023\/04\/SAGE_IMG_Estrategia-Espanola-de-Seguridad-y-Salud-en-el-Trabajo_02.jpg 1135w, https:\/\/www.sage.com\/es-es\/blog\/wp-content\/uploads\/sites\/8\/2023\/04\/SAGE_IMG_Estrategia-Espanola-de-Seguridad-y-Salud-en-el-Trabajo_02-768x662.jpg 768w, https:\/\/www.sage.com\/es-es\/blog\/wp-content\/uploads\/sites\/8\/2023\/04\/SAGE_IMG_Estrategia-Espanola-de-Seguridad-y-Salud-en-el-Trabajo_02-940x810.jpg 940w\" sizes=\"auto, (max-width: 1135px) 100vw, 1135px\" \/><\/figure>\n\n\n\n<p>Otra de las iniciativas destacadas es la puesta a disposici\u00f3n de las empresas de un procedimiento que facilite la empleabilidad y el retorno al trabajo tras padecer una enfermedad mental. Asimismo, se buscar\u00e1 alinear la Estrategia Espa\u00f1ola de Seguridad y Salud en el Trabajo con la Estrategia de Salud Mental del Sistema Nacional de Salud. Es decir, en \u00e1reas de conocimiento y salud mental del personal sanitario y sociosanitario. El objetivo de &#8220;cuidar a quien cuida&#8221;. Tambi\u00e9n se estudiar\u00e1 espec\u00edficamente la <strong>influencia de los factores psicosociales en el riesgo para la salud mental. <\/strong>Y se constituir\u00e1 un grupo de trabajo para elaborar una gu\u00eda de identificaci\u00f3n, evaluaci\u00f3n y prevenci\u00f3n de los riesgos psicosociales y vigilancia de la salud en el \u00e1mbito laboral.<\/p>\n\n\n\n<p>En definitiva, es necesario <strong>aumentar la protecci\u00f3n de los trabajadores <\/strong>y adaptarse a la realidad actual del mercado laboral para que la normativa logre el objetivo de cuidar la salud de los empleados y reducir los accidentes de trabajo.<\/p>\n\n\n\n<p>Si quieres gestionar a tu plantilla y controlar las bajas de tus empleados, <strong>descubre <a href=\"https:\/\/www.sage.com\/es-es\/sage-business-cloud\/hr\/\">Sage HR<\/a>. <\/strong>Comienza a hacer una gesti\u00f3n efectiva de las personas que forman parte de tu organizaci\u00f3n.<\/p>\n\n\n\n<div class=\"single-cta\">\n\t<div class=\"single-cta__positioner\">\n\t\t<div class=\"single-cta__wrapper has-dark-background-color\">\n\t\t\t<div class=\"single-cta__content\">\n\t\t\t\t\t\t\t\t<h2 class=\"single-cta__title h3\">Sage HR<\/h2>\n\n\t\t\t\t\t\t\t\t\t<div class=\"single-cta__description\">\n\t\t\t\t\t\t<p>Una herramienta de gesti\u00f3n de recursos humanos sencilla y centralizada adaptada a las PYMES como la tuya<\/p>\n\t\t\t\t\t<\/div>\n\t\t\t\t\n\t\t\t\t\t\t\t\t\t\t\t\t\t\t<a\n\t\t\t\t\t\thref=\"https:\/\/www.sage.com\/es-es\/sage-business-cloud\/sage-hr\/\"\n\t\t\t\t\t\tclass=\"single-cta__button button button--primary\"\n\t\t\t\t\t\t\t\t\t\t\t\t\tid=\"cta-id-17963\"\n\t\t\t\t\t\t\t\t\t\t\t\t\t\t\t\t\t\t\tdata-button-location=\"cta_box\"\n\t\t\t\t\t\t\t\t\t\t\t>Quiero m\u00e1s informaci\u00f3n<\/a>\n\t\t\t\t\t\t\t<\/div>\n\n\t\t\t\t\t<\/div>\n\n\t\t\t\t\t<img decoding=\"async\" width=\"1440\" height=\"810\" src=\"https:\/\/www.sage.com\/es-es\/blog\/wp-content\/uploads\/sites\/8\/2022\/04\/GettyImages-152264416-1440x810.jpg\" class=\"single-cta__image\" alt=\"Sage\" loading=\"lazy\" srcset=\"https:\/\/www.sage.com\/es-es\/blog\/wp-content\/uploads\/sites\/8\/2022\/04\/GettyImages-152264416-1440x810.jpg 1440w\" sizes=\"auto, (min-width: 48em) 33vw, 100vw\" \/>\t\t\t<\/div>\n<\/div>\n","protected":false},"excerpt":{"rendered":"<p>Te contamos los detalles de la nueva Estrategia Espa\u00f1ola de Seguridad y Salud en el Trabajo 2023-2027 y c\u00f3mo esta afecta a tu empresa.<\/p>\n","protected":false},"author":1304,"featured_media":19686,"comment_status":"closed","ping_status":"closed","sticky":false,"template":"","format":"standard","meta":{"_sage_video":false,"post_featured_image_hide":false,"footnotes":""},"categories":[4],"tags":[156,150],"business_type":[10,11,8],"lilypad":[],"context":[],"industry":[],"persona":[],"imagine_tag":[282],"coauthors":[443],"class_list":["post-22093","post","type-post","status-publish","format-standard","has-post-thumbnail","hentry","category-personas-liderazgo","tag-rrhh","tag-rrhh-y-nominas","business_type-pequena-empresa","business_type-mediana-empresa","business_type-asesorias-despachos-profesionales"],"sage_meta":{"region":"es-es","author_name":"Arantxa \u00c1lvaro","featured_image":"https:\/\/www.sage.com\/es-es\/blog\/wp-content\/uploads\/sites\/8\/2022\/04\/GettyImages-1155402459.jpg","imagine_tags":{"282":"RRHH y n\u00f3minas"}},"distributor_meta":false,"distributor_terms":false,"distributor_media":false,"distributor_original_site_name":"Sage Advice Espa\u00f1a","distributor_original_site_url":"https:\/\/www.sage.com\/es-es\/blog","push-errors":false,"_links":{"self":[{"href":"https:\/\/www.sage.com\/es-es\/blog\/api\/wp\/v2\/posts\/22093","targetHints":{"allow":["GET"]}}],"collection":[{"href":"https:\/\/www.sage.com\/es-es\/blog\/api\/wp\/v2\/posts"}],"about":[{"href":"https:\/\/www.sage.com\/es-es\/blog\/api\/wp\/v2\/types\/post"}],"author":[{"embeddable":true,"href":"https:\/\/www.sage.com\/es-es\/blog\/api\/wp\/v2\/users\/1304"}],"replies":[{"embeddable":true,"href":"https:\/\/www.sage.com\/es-es\/blog\/api\/wp\/v2\/comments?post=22093"}],"version-history":[{"count":0,"href":"https:\/\/www.sage.com\/es-es\/blog\/api\/wp\/v2\/posts\/22093\/revisions"}],"wp:featuredmedia":[{"embeddable":true,"href":"https:\/\/www.sage.com\/es-es\/blog\/api\/wp\/v2\/media\/19686"}],"wp:attachment":[{"href":"https:\/\/www.sage.com\/es-es\/blog\/api\/wp\/v2\/media?parent=22093"}],"wp:term":[{"taxonomy":"category","embeddable":true,"href":"https:\/\/www.sage.com\/es-es\/blog\/api\/wp\/v2\/categories?post=22093"},{"taxonomy":"post_tag","embeddable":true,"href":"https:\/\/www.sage.com\/es-es\/blog\/api\/wp\/v2\/tags?post=22093"},{"taxonomy":"business_type","embeddable":true,"href":"https:\/\/www.sage.com\/es-es\/blog\/api\/wp\/v2\/business_type?post=22093"},{"taxonomy":"lilypad","embeddable":true,"href":"https:\/\/www.sage.com\/es-es\/blog\/api\/wp\/v2\/lilypad?post=22093"},{"taxonomy":"context","embeddable":true,"href":"https:\/\/www.sage.com\/es-es\/blog\/api\/wp\/v2\/context?post=22093"},{"taxonomy":"industry","embeddable":true,"href":"https:\/\/www.sage.com\/es-es\/blog\/api\/wp\/v2\/industry?post=22093"},{"taxonomy":"persona","embeddable":true,"href":"https:\/\/www.sage.com\/es-es\/blog\/api\/wp\/v2\/persona?post=22093"},{"taxonomy":"imagine_tag","embeddable":true,"href":"https:\/\/www.sage.com\/es-es\/blog\/api\/wp\/v2\/imagine_tag?post=22093"},{"taxonomy":"author","embeddable":true,"href":"https:\/\/www.sage.com\/es-es\/blog\/api\/wp\/v2\/coauthors?post=22093"}],"curies":[{"name":"wp","href":"https:\/\/api.w.org\/{rel}","templated":true}]}}