{"id":22512,"date":"2023-06-15T15:25:01","date_gmt":"2023-06-15T13:25:01","guid":{"rendered":"https:\/\/www.sage.com\/es-es\/blog\/?p=22512"},"modified":"2025-05-07T15:45:35","modified_gmt":"2025-05-07T13:45:35","slug":"calor-extremo-en-el-trabajo-claves-nueva-normativa-laboral-para-proteger-trabajadores","status":"publish","type":"post","link":"https:\/\/www.sage.com\/es-es\/blog\/calor-extremo-en-el-trabajo-claves-nueva-normativa-laboral-para-proteger-trabajadores\/","title":{"rendered":"Calor extremo en el trabajo: Claves de la nueva normativa laboral para proteger a los trabajadores"},"content":{"rendered":"<header class=\"entry-header has-dark-background-color entry-header--has-illustration entry-header--has-illustration--generic\">\n\t<div class=\"container\">\n\t\t<div class=\"entry-header__row row align-center\">\n\t\t\t<div class=\"col col-lg-7 col-xlg-6 entry-header__content\">\n\t\t\t\t\t\t\t<div class=\"component component-single-header\">\n\t\t\t\t\t\t\t\t\t\t<div class=\"entry-header__misc text--subtitle text--uppercase text--small\">\n\t\t\t\t\t\t\t<a href=\"https:\/\/www.sage.com\/es-es\/blog\/categoria\/personas-liderazgo\/\" class=\"entry-header__link\">Personas y Liderazgo<\/a>\t\t\t\t\t\t<\/div>\n\t\t\t\t\n\t\t\t\t<div class=\"entry-title-wrapper\">\n\t\t\t\t\t<h1 class=\"entry-title\">\n\t\t\t\t\t\tCalor extremo en el trabajo: Claves de la nueva normativa laboral para proteger a los trabajadores\t\t\t\t\t<\/h1>\n\t\t\t\t<\/div>\n\n\t\t\t\t\t\t\t\t\t<p class=\"entry-header__description\">\n\t\t\t\t\t\t\t\t\t\t\t<\/p>\n\t\t\t\t\n\t\t\t\t\n\t\t\t\t\n\t\t\t<\/div>\n\n\t\t\t\t\t<\/div>\n\t\t\t\t\t<\/div>\n\t<\/div>\n\t<div class=\"single-post-details container\">\n\t\t<div class=\"col\">\n\t\t\t<span class=\"posted-on \"><time class=\"entry-date published\" datetime=\"2023-06-15T15:25:01+02:00\">15 June, 2023<\/time><\/span><span class=\"reading-time\"> minutos de lectura<\/span>\n\t\t<button\n\t\t\ttype=\"button\"\n\t\t\tclass=\"social-share-button button button--icon button--secondary js-social-share-button\"\n\t\t\tdata-share-title=\"Calor extremo en el trabajo: Claves de la nueva normativa laboral para proteger a los trabajadores\"\n\t\t\tdata-share-url=\"https:\/\/www.sage.com\/es-es\/blog\/calor-extremo-en-el-trabajo-claves-nueva-normativa-laboral-para-proteger-trabajadores\/\"\n\t\t\tdata-share-text=\"Please read this interesting article\"\n\t\t>\n\t\t\t<span class=\"social-share-button__share-label\">Compartir<\/span>\n\t\t\t<span class=\"social-share-button__copy-label\" hidden>Copiar enlace<\/span>\n\t\t\t<span class=\"social-share-button__copy-tooltip\" aria-hidden=\"true\" hidden>Copiado<\/span>\n\t\t<\/button>\n\n\t\t\t\t<\/div>\n\t<\/div>\n<\/header>\n\n\n<div class=\"wp-block-post-author has-dark-background-color alignfull\">\n\t<div class=\"container\">\n\t\t<div class=\"col\">\n\t\t\t\t\t\t\t<div class=\"co-authors\">\n\t\t\t\t\t\n\t\t<div class=\"entry-author-wrapper\">\n\t\t\t<a class=\"entry-author\" href=\"https:\/\/www.sage.com\/es-es\/blog\/author\/arantxaalvaro\/\">\n\t\t\t\t<img loading=\"lazy\" decoding=\"async\" width=\"40\" height=\"40\" src=\"https:\/\/www.sage.com\/es-es\/blog\/wp-content\/uploads\/sites\/8\/2024\/02\/foto_arantxa_alvaro_400x400-350x350.jpg\" class=\"entry-author__image\" alt=\"Sage\" srcset=\"https:\/\/www.sage.com\/es-es\/blog\/wp-content\/uploads\/sites\/8\/2024\/02\/foto_arantxa_alvaro_400x400-350x350.jpg 350w, https:\/\/www.sage.com\/es-es\/blog\/wp-content\/uploads\/sites\/8\/2024\/02\/foto_arantxa_alvaro_400x400.jpg 400w\" sizes=\"auto, (max-width: 40px) 100vw, 40px\" \/>\t\t\t\t<span class=\"entry-author__name\">Arantxa \u00c1lvaro<\/span>\n\t\t\t<\/a>\n\n\t\t\t\t\t<\/div>\n\n\t\t\t\t\t\t<\/div>\n\t\t\t\t\t<\/div>\n\t<\/div>\n<\/div>\n\n\n\n<h4 class=\"wp-block-heading\" style=\"font-style:normal;font-weight:100\">Conoce m\u00e1s sobre la nueva normativa que refuerza la prevenci\u00f3n de riesgos laborales en situaciones de calor extremo.<\/h4>\n\n\n\n<ul class=\"wp-block-list\">\n<li>\u00bfSab\u00edas que 2022 destac\u00f3 como el a\u00f1o con m\u00e1s muertes atribuibles al calor desde 2015?<\/li>\n\n\n\n<li>El Instituto de Salud Carlos III estima que en Espa\u00f1a se han producido algo m\u00e1s de 4.700 muertes relacionadas con el exceso de calor entre abril y septiembre de 2022. Para evitar esta situaci\u00f3n, se ha aprobado recientemente una normativa que limita el trabajo al aire libre con temperaturas extremas. Te contamos todos los detalles.<\/li>\n<\/ul>\n\n\n\n<p class=\"\">El d\u00eda 13 de mayo entr\u00f3 en vigor la nueva regulaci\u00f3n en materia de <strong>legislaci\u00f3n laboral <\/strong>para la protecci\u00f3n de los trabajadores que desarrollan su actividad al aire libre. En concreto, se modifica el Real Decreto regulador de las disposiciones m\u00ednimas de seguridad y salud en el trabajo para introducir una disposici\u00f3n adicional \u00fanica relativa a las condiciones ambientales m\u00ednimas en el trabajo al aire libre.<\/p>\n\n\n\n<h2 class=\"wp-block-heading\"><strong>\u00bfQu\u00e9 establece la nueva regulaci\u00f3n para casos de olas de calor?<\/strong><\/h2>\n\n\n\n<p class=\"\">La nueva normativa laboral establece lo siguiente:<\/p>\n\n\n\n<ul class=\"wp-block-list\">\n<li>Cuando se desarrollen trabajos al aire libre o en lugares que no puedan quedar cerrados, deber\u00e1n adoptarse <strong>medidas para la protecci\u00f3n de los trabajadores <\/strong>frente a cualquier riesgo relacionado con fen\u00f3menos meteorol\u00f3gicos adversos como las temperaturas extremas.<\/li>\n\n\n\n<li>Las medidas que se tomen derivadas de la evaluaci\u00f3n de riesgos laborales, en la que se considerar\u00e1n aspectos como:<ul><li>El fen\u00f3meno meteorol\u00f3gico concreto que pueda afectar al trabajo.<\/li><\/ul><ul><li>Las caracter\u00edsticas de la tarea que se desarrolle.<\/li><\/ul>\n<ul class=\"wp-block-list\">\n<li>Las caracter\u00edsticas personales o el estado biol\u00f3gico del trabajador.<\/li>\n<\/ul>\n<\/li>\n\n\n\n<li>Las medidas preventivas incluir\u00e1n la<strong> prohibici\u00f3n de trabajar durante las horas del d\u00eda en las que se produzcan fen\u00f3menos meteorol\u00f3gicos adversos <\/strong>y no se pueda garantizar la protecci\u00f3n de los trabajadores.<\/li>\n\n\n\n<li>En el caso en que se emita por la Agencia Estatal de Meteorolog\u00eda o por el \u00f3rgano auton\u00f3mico equivalente, un aviso de fen\u00f3menos meteorol\u00f3gicos adversos <strong>de nivel naranja o rojo<\/strong>, y las medidas preventivas no garanticen la protecci\u00f3n de los trabajadores, se tendr\u00e1n que adaptar las condiciones de trabajo. Por ejemplo, mediante la reducci\u00f3n o modificaci\u00f3n de la jornada.<\/li>\n<\/ul>\n\n\n\n<blockquote class=\"wp-block-quote is-layout-flow wp-block-quote-is-layout-flow\">\n<p class=\"\">Si no se puede garantizar la protecci\u00f3n de los trabajadores durante fen\u00f3menos meteorol\u00f3gicos extremos, se tendr\u00e1 que reducir o modificar la jornada laboral.<\/p>\n<\/blockquote>\n\n\n\n<h2 class=\"wp-block-heading\"><strong>\u00bfA qu\u00e9 tipos de trabajos afecta la nueva regulaci\u00f3n?<\/strong><\/h2>\n\n\n\n<p class=\"\">Tal y como hemos visto en el apartado anterior, la nueva regulaci\u00f3n afecta a los <strong>trabajos que se desarrollen al aire libre <\/strong>y aquellos en los que se trate de una actividad que no se pueda realizar en lugares que queden cerrados. Se incluyen expresamente los siguientes lugares:<\/p>\n\n\n\n<ul class=\"wp-block-list\">\n<li>medios de transporte utilizados fuera de la empresa o en el centro y el trabajo,<\/li>\n\n\n\n<li>obras de construcci\u00f3n,<\/li>\n\n\n\n<li>industrias de extracci\u00f3n,<\/li>\n\n\n\n<li>buques de pesca y campos de cultivo,<\/li>\n\n\n\n<li>bosques y otros terrenos situados fuera de la instalaci\u00f3n de la empresa.<\/li>\n<\/ul>\n\n\n\n<blockquote class=\"wp-block-quote is-layout-flow wp-block-quote-is-layout-flow\">\n<p class=\"\">La nueva regulaci\u00f3n afecta a los trabajos que se realicen al aire libre y aquellos que se desarrollen en lugares no cerrados.<\/p>\n<\/blockquote>\n\n\n\n<h3 class=\"wp-block-heading\"><strong>\u00bfQu\u00e9 legislaci\u00f3n laboral aplica en los lugares cerrados?<\/strong><\/h3>\n\n\n\n<p class=\"\">En el caso de los lugares cerrados, se aplican las condiciones ambientales reguladas en el <strong>Anexo III del Real Decreto 486\/1997, de 14 de abril, por el que se establecen las disposiciones m\u00ednimas de <\/strong><a href=\"https:\/\/www.sage.com\/es-es\/blog\/estrategia-espanola-de-seguridad-y-salud-en-el-trabajo\/\"><strong>seguridad y salud<\/strong><\/a><strong> en los lugares de trabajo<\/strong>.<\/p>\n\n\n\n<p class=\"\">Las condiciones para lugares cerrados son las siguientes:<\/p>\n\n\n\n<ul class=\"wp-block-list\">\n<li>La temperatura de los locales donde se realicen trabajos sedentarios, deber\u00e1 estar comprendida entre los 17 y los 27 \u00b0C.<\/li>\n\n\n\n<li>La temperatura de los locales donde se realizan trabajos ligeros estar\u00e1 comprendida entre los 14 y los 25 \u00b0C.<\/li>\n\n\n\n<li>La humedad relativa estar\u00e1 comprendida entre el 30 y el 70%, salvo que se trate de lugares donde exista riesgo por electricidad est\u00e1tica en lo que el l\u00edmite inferior ser\u00e1 el 50%.<\/li>\n\n\n\n<li>Los trabajadores no estar\u00e1n expuestos de forma continuada a corrientes de aire que excedan de los siguientes l\u00edmites:<ul><li>Para trabajos en ambientes no calurosos: 0,25 m\/s.<\/li><\/ul><ul><li>Para trabajos sedentarios en ambientes calurosos: 0,5 m\/s.<\/li><\/ul>\n<ul class=\"wp-block-list\">\n<li>Para trabajos no sedentarios en ambientes calurosos: 0,75 m\/s.<\/li>\n<\/ul>\n<\/li>\n<\/ul>\n\n\n\n<blockquote class=\"wp-block-quote is-layout-flow wp-block-quote-is-layout-flow\">\n<p class=\"\">En los lugares cerrados de trabajo donde se realicen trabajos sedentarios la temperatura de los locales deber\u00e1 estar comprendida entre los 17 y los 27 \u00b0C.<\/p>\n\n\n\n<p class=\"\"><\/p>\n<\/blockquote>\n\n\n\n<p class=\"\">En definitiva, la modificaci\u00f3n de la legislaci\u00f3n laboral en materia de protecci\u00f3n de los trabajadores afecta especialmente a aquellas empresas cuyos empleados realicen trabajos al aire libre. Estas empresas deben implementar medidas preventivas para proteger la salud de sus empleados en situaciones de altas temperaturas, como las que se han observado en los \u00faltimos <a href=\"https:\/\/www.sage.com\/es-es\/blog\/9-consejos-para-sobrevivir-solo-en-la-oficina-en-agosto\/\">verano<\/a>s.<\/p>\n\n\n\n<p class=\"\">Descubre <a href=\"https:\/\/www.sage.com\/es-es\/sage-business-cloud\/hr\/\">Sage HR<\/a>, la soluci\u00f3n ideal para gestionar de manera eficiente y automatizada a tu equipo. Con esta soluci\u00f3n de recursos humanos podr\u00e1s registrar f\u00e1cilmente la jornada laboral y garantizar la protecci\u00f3n de la salud de tus empleados.<\/p>\n \n<div class=\"single-cta\">\n\t<div class=\"single-cta__positioner\">\n\t\t<div class=\"single-cta__wrapper has-dark-background-color\">\n\t\t\t<div class=\"single-cta__content\">\n\t\t\t\t\t\t\t\t<h2 class=\"single-cta__title h3\">Sage HR<\/h2>\n\n\t\t\t\t\t\t\t\t\t<div class=\"single-cta__description\">\n\t\t\t\t\t\t<p>Una herramienta de gesti\u00f3n de recursos humanos sencilla y centralizada adaptada a las PYMES como la tuya<\/p>\n\t\t\t\t\t<\/div>\n\t\t\t\t\n\t\t\t\t\t\t\t\t\t\t\t\t\t\t<a\n\t\t\t\t\t\thref=\"https:\/\/www.sage.com\/es-es\/sage-business-cloud\/sage-hr\/\"\n\t\t\t\t\t\tclass=\"single-cta__button button button--primary\"\n\t\t\t\t\t\t\t\t\t\t\t\t\tid=\"cta-id-17963\"\n\t\t\t\t\t\t\t\t\t\t\t\t\t\t\t\t\t\t\tdata-button-location=\"cta_box\"\n\t\t\t\t\t\t\t\t\t\t\t>Quiero m\u00e1s informaci\u00f3n<\/a>\n\t\t\t\t\t\t\t<\/div>\n\n\t\t\t\t\t<\/div>\n\n\t\t\t\t\t<img decoding=\"async\" width=\"1440\" height=\"810\" src=\"https:\/\/www.sage.com\/es-es\/blog\/wp-content\/uploads\/sites\/8\/2022\/04\/GettyImages-152264416-1440x810.jpg\" class=\"single-cta__image\" alt=\"Sage\" loading=\"lazy\" srcset=\"https:\/\/www.sage.com\/es-es\/blog\/wp-content\/uploads\/sites\/8\/2022\/04\/GettyImages-152264416-1440x810.jpg 1440w\" sizes=\"auto, (min-width: 48em) 33vw, 100vw\" \/>\t\t\t<\/div>\n<\/div>\n","protected":false},"excerpt":{"rendered":"<p>Te contamos la \u00faltima novedad en la legislaci\u00f3n laboral para proteger a los trabajadores frente a las altas temperaturas del verano.<\/p>\n","protected":false},"author":1304,"featured_media":21262,"comment_status":"closed","ping_status":"closed","sticky":false,"template":"","format":"standard","meta":{"_sage_video":false,"post_featured_image_hide":false,"footnotes":""},"categories":[4],"tags":[142,156,150],"business_type":[11],"lilypad":[],"context":[],"industry":[],"persona":[],"imagine_tag":[282],"coauthors":[443],"class_list":["post-22512","post","type-post","status-publish","format-standard","has-post-thumbnail","hentry","category-personas-liderazgo","tag-legislacion-laboral","tag-rrhh","tag-rrhh-y-nominas","business_type-mediana-empresa"],"sage_meta":{"region":"es-es","author_name":"Arantxa \u00c1lvaro","featured_image":"https:\/\/www.sage.com\/es-es\/blog\/wp-content\/uploads\/sites\/8\/2023\/02\/GettyImages-1190025431.jpg","imagine_tags":{"282":"RRHH y n\u00f3minas"}},"distributor_meta":false,"distributor_terms":false,"distributor_media":false,"distributor_original_site_name":"Sage Advice Espa\u00f1a","distributor_original_site_url":"https:\/\/www.sage.com\/es-es\/blog","push-errors":false,"_links":{"self":[{"href":"https:\/\/www.sage.com\/es-es\/blog\/api\/wp\/v2\/posts\/22512","targetHints":{"allow":["GET"]}}],"collection":[{"href":"https:\/\/www.sage.com\/es-es\/blog\/api\/wp\/v2\/posts"}],"about":[{"href":"https:\/\/www.sage.com\/es-es\/blog\/api\/wp\/v2\/types\/post"}],"author":[{"embeddable":true,"href":"https:\/\/www.sage.com\/es-es\/blog\/api\/wp\/v2\/users\/1304"}],"replies":[{"embeddable":true,"href":"https:\/\/www.sage.com\/es-es\/blog\/api\/wp\/v2\/comments?post=22512"}],"version-history":[{"count":0,"href":"https:\/\/www.sage.com\/es-es\/blog\/api\/wp\/v2\/posts\/22512\/revisions"}],"wp:featuredmedia":[{"embeddable":true,"href":"https:\/\/www.sage.com\/es-es\/blog\/api\/wp\/v2\/media\/21262"}],"wp:attachment":[{"href":"https:\/\/www.sage.com\/es-es\/blog\/api\/wp\/v2\/media?parent=22512"}],"wp:term":[{"taxonomy":"category","embeddable":true,"href":"https:\/\/www.sage.com\/es-es\/blog\/api\/wp\/v2\/categories?post=22512"},{"taxonomy":"post_tag","embeddable":true,"href":"https:\/\/www.sage.com\/es-es\/blog\/api\/wp\/v2\/tags?post=22512"},{"taxonomy":"business_type","embeddable":true,"href":"https:\/\/www.sage.com\/es-es\/blog\/api\/wp\/v2\/business_type?post=22512"},{"taxonomy":"lilypad","embeddable":true,"href":"https:\/\/www.sage.com\/es-es\/blog\/api\/wp\/v2\/lilypad?post=22512"},{"taxonomy":"context","embeddable":true,"href":"https:\/\/www.sage.com\/es-es\/blog\/api\/wp\/v2\/context?post=22512"},{"taxonomy":"industry","embeddable":true,"href":"https:\/\/www.sage.com\/es-es\/blog\/api\/wp\/v2\/industry?post=22512"},{"taxonomy":"persona","embeddable":true,"href":"https:\/\/www.sage.com\/es-es\/blog\/api\/wp\/v2\/persona?post=22512"},{"taxonomy":"imagine_tag","embeddable":true,"href":"https:\/\/www.sage.com\/es-es\/blog\/api\/wp\/v2\/imagine_tag?post=22512"},{"taxonomy":"author","embeddable":true,"href":"https:\/\/www.sage.com\/es-es\/blog\/api\/wp\/v2\/coauthors?post=22512"}],"curies":[{"name":"wp","href":"https:\/\/api.w.org\/{rel}","templated":true}]}}