{"id":24844,"date":"2023-12-22T17:16:10","date_gmt":"2023-12-22T16:16:10","guid":{"rendered":"https:\/\/www.sage.com\/es-es\/blog\/?p=24844"},"modified":"2026-02-04T15:53:37","modified_gmt":"2026-02-04T14:53:37","slug":"podcast-entrevista-como-mooevo-esta-cambiando-el-futuro-de-la-movilidad","status":"publish","type":"post","link":"https:\/\/www.sage.com\/es-es\/blog\/podcast-entrevista-como-mooevo-esta-cambiando-el-futuro-de-la-movilidad\/","title":{"rendered":"[PODCAST] C\u00f3mo MOOEVO est\u00e1 cambiando el futuro de la movilidad con innovaci\u00f3n sostenible"},"content":{"rendered":"\n<h4 class=\"wp-block-heading\" id=\"h-en-este-episodio-de-sage-advice-podcast-gestion-empresarial-como-clave-del-exito-joan-boluda-charla-con-los-cofundadores-de-mooevo-sobre-como-se-convirtieron-en-una-empresa-pionera-en-movilidad-con-innovacion-sostenible-y-proposito-social\" style=\"font-style:normal;font-weight:100\">En este episodio de Sage Advice Podcast, <em>\u00abGesti\u00f3n empresarial como clave del \u00e9xito\u00bb<\/em>, Joan Boluda charla con los cofundadores de Mooevo  sobre c\u00f3mo se convirtieron en una empresa pionera en movilidad con innovaci\u00f3n sostenible y prop\u00f3sito social.<\/h4>\n\n\n\n<ul class=\"wp-block-list\">\n<li>Conocer\u00e1s c\u00f3mo detectar ideas de negocio, en especial, cuando surgen de una necesidad propia.<\/li>\n\n\n\n<li>Mooevo es una empresa de soluciones innovadoras para la movilidad el\u00e9ctrica de personas y el transporte.<\/li>\n<\/ul>\n\n\n\n<p><strong>\u00bfDe d\u00f3nde sacar ideas de negocio de innovaci\u00f3n sostenible cuando piensas que ya todo est\u00e1 inventado?<\/strong> Tengo algo que decirte. Hay ideas y propuestas de valor que a\u00fan no se han creado. Adem\u00e1s, conoceremos <strong>c\u00f3mo una necesidad particular puede convertirse en un modelo de negocio que funcione tan bien<\/strong> y que realice colaboraciones con otras empresas para crear servicios punteros.<\/p>\n\n\n\n<p>En esta ocasi\u00f3n, <strong>Ignacio Estell\u00e9s<\/strong>, Cofundador y CEO de <a href=\"https:\/\/mooevo.com\/\">Mooevo<\/a> y <strong>Pablo Carrasco<\/strong>, Cofundador e Inventor del carro de cartero del futuro, nos cuentan su idea de negocio.<\/p>\n\n\n\n<p><em><mark class=\"highlight-and-share\"><strong>\u00a1TUIT\u00c9ALO!<\/strong> Conoce el caso de \u00e9xito de innovaci\u00f3n sostenible de Mooevo, una empresa de soluciones innovadoras para la movilidad de personas y el transporte.<\/mark><\/em><\/p>\n\n\n\n<h2 class=\"wp-block-heading\" id=\"h-como-nacio-mooevo\">\u00bfC\u00f3mo naci\u00f3 Mooevo?<\/h2>\n\n\n\n<p>Los dos cofundadores cuentan con experiencia previa en la creaci\u00f3n de una empresa en el \u00e1mbito de las bicicletas (ROTOR). <strong>Mooevo surgi\u00f3 en paralelo de su inter\u00e9s hacia el mundo de los veh\u00edculos el\u00e9ctricos y de una necesidad muy concreta de uno de sus socios. <\/strong>A ellos se les ocurri\u00f3 la idea de electrificar una silla de ruedas para mayor comodidad y utilidad.<\/p>\n\n\n\n<p>La soluci\u00f3n es simple, pero consigue que la propia construcci\u00f3n de la silla de ruedas para pasear gobierne de cierta forma para que se comporte de manera natural. Patentaron este sistema. <strong>Empezaron a trav\u00e9s de un mini <a href=\"https:\/\/www.sage.com\/es-es\/blog\/ideas-financieras-innovadoras-para-tu-negocio\/\">crowdfunding<\/a>, quedando los fines de semana con padres que ten\u00edan hijos con par\u00e1lisis cerebral.<\/strong> Instalaron dicho sistema en cada silla de ruedas.<\/p>\n\n\n\n<p>Pronto se dieron cuenta de que esta soluci\u00f3n podr\u00eda ayudar a m\u00e1s gente e <strong>intentaron darle una estructura empresarial.<\/strong><\/p>\n\n\n\n<blockquote class=\"wp-block-quote is-layout-flow wp-block-quote-is-layout-flow\">\n<p>\u00bfC\u00f3mo hacer crecer un negocio aprovechando las necesidades que surgen de una situaci\u00f3n imprevista? En <a href=\"https:\/\/www.sage.com\/es-es\/blog\/tag\/sage-advice-podcast\/\">Sage Advice Podcast<\/a> consulta este y todos los podcast.<strong><\/strong><\/p>\n<\/blockquote>\n\n\n\n<h2 class=\"wp-block-heading\" id=\"h-como-le-dieron-forma-empresarial-al-proyecto-de-innovacion-sostenible\">\u00bfC\u00f3mo le dieron forma empresarial al proyecto de innovaci\u00f3n sostenible?<\/h2>\n\n\n\n<p><strong>Empezaron con familiares y amigos y han hecho un par de rondas de ampliaci\u00f3n de capital con crowdfunding.<\/strong> Esta iniciativa tuvo \u00e9xito al ser un proyecto muy atractivo <strong>con componente social<\/strong>. Formaron un equipo que persegu\u00eda un objetivo com\u00fan: llevar los beneficios de este sistema Mooevo hacia otras personas de todo el mundo.<\/p>\n\n\n\n<p>No hay ning\u00fan otro sistema parecido que transporte de esta manera al usuario en silla de ruedas. <strong>El gran descubrimiento para los pacientes era que pasaban de hacer paseos de 1 \u00bd kms a 5 o incluso 10 km, y a una velocidad adecuada.<\/strong><\/p>\n\n\n\n<h2 class=\"wp-block-heading\" id=\"h-existieron-otros-sectores-en-los-que-habia-demanda-para-este-tipo-de-movilidad\">\u00bfExistieron otros sectores en los que hab\u00eda demanda para este tipo de movilidad?<\/h2>\n\n\n\n<p>Efectivamente. <strong>Los cofundadores planearon el lanzamiento del proyecto Mooevo para marzo de 2020, encontr\u00e1ndose cara a cara con una pandemia mundial. <\/strong>Esta situaci\u00f3n aceler\u00f3 todos los planes, porque aprovecharon la oportunidad de presentar su proyecto en IFEMA para apoyar en los traslados durante el inicio del COVID-19. Uno de los modelos gust\u00f3 mucho. Los cofundadores llevaron las 30 unidades que ten\u00edan en stock.<\/p>\n\n\n\n<p>Tanto enfermeros, como doctores y farmac\u00e9uticos, adoptaron el proyecto, y al d\u00eda siguiente de empezar contribuyeron en el transporte de medicinas, pa\u00f1ales, anal\u00edticas, documentos, entre otros.<\/p>\n\n\n\n<p><strong>Ignacio y Pablo est\u00e1n orgullosos de haber colaborado en la situaci\u00f3n sanitaria. <\/strong>Con todo esto, surgi\u00f3 la aplicaci\u00f3n del proyecto Mooevo en otros \u00e1mbitos.<\/p>\n\n\n\n<p><strong>Previo a la pandemia, Correos hab\u00eda otorgado un premio al proyecto Mooevo<\/strong>, a la innovaci\u00f3n sostenible en el servicio postal. El premio inclu\u00eda un contrato para el desarrollo del carro de carteros del futuro. Correos entreg\u00f3 una serie de carritos para que desde Mooevo instalaran el sistema. Los mismos que sirvieron para los m\u00faltiples traslados en IFEMA.<\/p>\n\n\n\n<h2 class=\"wp-block-heading\" id=\"h-que-paso-despues-de-la-pandemia-con-el-proyecto-de-innovacion-sostenible\">\u00bfQu\u00e9 pas\u00f3 despu\u00e9s de la pandemia con el proyecto de innovaci\u00f3n sostenible?<\/h2>\n\n\n\n<p><strong>Mooevo ofrece sus servicios para distintos usos, no solo para transportar personas con movilidad reducida.<\/strong> Por ejemplo, log\u00edstica y en general algo que conlleve peso y necesite km para llegar a su lugar de destino.<\/p>\n\n\n\n<p>Despu\u00e9s, surgieron solicitudes de clientes sobre carros con regulaci\u00f3n de velocidad, marchas, entre otras. <strong>En la actualidad tienen distintos tipos de veh\u00edculos ligeros asistidos el\u00e9ctricamente para varios sectores.<\/strong> Correos adquiri\u00f3 una cantidad para realizar una prueba piloto que est\u00e1 funcionando en 12 ciudades en Espa\u00f1a. <strong>En 2024 se prev\u00e9 que se extienda a toda Espa\u00f1a <\/strong>y esto conllevar\u00e1 un gran desaf\u00edo para la empresa. <strong>Amazon y algunos Ayuntamientos han empezado a repartir con sus carros el\u00e9ctricos.<\/strong><\/p>\n\n\n\n<h2 class=\"wp-block-heading\" id=\"h-como-se-hizo-frente-a-las-adaptaciones-de-tipo-de-producto-y-como-se-desafio-el-crecimiento-debido-a-la-demanda\">\u00bfC\u00f3mo se hizo frente a las adaptaciones de tipo de producto y c\u00f3mo se desafi\u00f3 el crecimiento debido a la demanda?<\/h2>\n\n\n\n<p>Los cofundadores de Mooevo ya contaban con experiencia previa en el montaje de proyectos. Su pr\u00e1ctica contribuy\u00f3 al desarrollo adecuado y a las modificaciones que se requirieron realizar. <strong>Para empezar contaron con el apoyo de amistades que se involucraron desde el minuto 0.<\/strong> <strong>Entre ellos, el propio padre del ni\u00f1o por el que surgi\u00f3 el empuje para hacer el prototipo inicial.<\/strong><\/p>\n\n\n\n<blockquote class=\"wp-block-quote is-layout-flow wp-block-quote-is-layout-flow\">\n<p>Hay que recordar que uno de los motivos m\u00e1s importantes al montar una empresa es divertirse y que tenga prop\u00f3sito.<\/p>\n<\/blockquote>\n\n\n\n<h2 class=\"wp-block-heading\" id=\"h-cuales-son-los-objetivos-actuales-a-corto-plazo\">\u00bfCu\u00e1les son los objetivos actuales a corto plazo?<\/h2>\n\n\n\n<p>En la actualidad, se ha cerrado una gama b\u00e1sica de productos Mooevo que cubren las necesidades de los clientes m\u00e1s importantes. <strong>Est\u00e1 la asistencia el\u00e9ctrica para operarios que van andando y los veh\u00edculos asistidos o h\u00edbridos.<\/strong><\/p>\n\n\n\n<p>Esta es la <strong>gama completa de Mooevo<\/strong>:<\/p>\n\n\n\n<ul class=\"wp-block-list\">\n<li>Mooevo <strong>eDelivery<\/strong><\/li>\n\n\n\n<li>Mooevo <strong>eCargo<\/strong><\/li>\n\n\n\n<li>Mooevo <strong>Medioambiente<\/strong><\/li>\n\n\n\n<li>Mooevo <strong>Cargo eTrike<\/strong><\/li>\n\n\n\n<li>Mooevo <strong>Cargo Bike<\/strong><\/li>\n\n\n\n<li>Mooevo <strong>Healthcare<\/strong><\/li>\n<\/ul>\n\n\n\n<h2 class=\"wp-block-heading\" id=\"h-se-han-dado-pasos-a-nivel-internacional\">\u00bfSe han dado pasos a nivel internacional?<\/h2>\n\n\n\n<p>El objetivo de la empresa es primero asentar el mercado nacional. Asimismo, cuando uno desarrolla soluciones globales puede recibir solicitudes de cualquier parte del mundo, al contar con patente internacional. Los propios clientes van marcando el ritmo de la <a href=\"https:\/\/www.sage.com\/es-es\/blog\/caso-exito-eurofirms-group-su-camino-hacia-la-internacionalizacion\/\">internacionalizaci\u00f3n<\/a>, como en el caso de Mooevo.<\/p>\n\n\n\n<p><strong>Amazon, por ejemplo, hace unos d\u00edas ha homologado uno de los veh\u00edculos a nivel internacional para sus 3.000 distribuidores<\/strong>, present\u00e1ndolo en un evento interno en Seatle. &nbsp;<\/p>\n\n\n\n<p>En la <a href=\"https:\/\/mooevo.com\/\" target=\"_blank\" rel=\"noreferrer noopener\">p\u00e1gina web de Mooevo<\/a> puedes consultar toda la gama de veh\u00edculos. Y en su canal de YouTube podr\u00e1s visualizar v\u00eddeos de los veh\u00edculos en funcionamiento, incluso tienen videos divertidos y de los propios usuarios. Con Mooevo vemos claramente que de una necesidad espec\u00edfica puede surgir una propuesta de valor tan amplia.<\/p>\n\n\n\n<p><div class=\"sage-block-classic-wrapper\"><\/p>\n<!-- \/wp:post-content -->\n\n<!-- wp:paragraph -->\n<p><strong>ESCUCHA M\u00c1S PODCASTS<\/strong><\/p>\n<!-- \/wp:paragraph -->\n\n<!-- wp:paragraph -->\n<p>Suscr\u00edbete desde aqu\u00ed a nuestro canal de podcast en <a href=\"https:\/\/podcastsconnect.apple.com\/my-podcasts\/show\/sage-advice-podcast-i-gesti\u00f3n-empresarial-como-clave-de-\u00e9xito\/d54e73f1-9b8f-4faf-be75-a368d7ea6d69\" target=\"_blank\" rel=\"noopener\">Apple iTunes<\/a>. \u00a1Y recuerda que puedes escucharnos tambi\u00e9n en otros canales como <a href=\"https:\/\/www.ivoox.com\/podcast-gestion-empresarial-como-clave-del-exito_sq_f11469189_1.html\" target=\"_blank\" rel=\"noopener\">Ivoox<\/a> o <a href=\"https:\/\/open.spotify.com\/show\/2TD4nMPD8owzvuWRwIkUbM\" target=\"_blank\" rel=\"noopener\">Spotify<\/a>!<\/p>\n<!-- \/wp:paragraph -->\n\n<!-- wp:paragraph -->\n<p> <!-- wp:sage\/cta-box {\"ctaType\":\"sage_gated_content\",\"entryId\":19245} \/--><\/p>\n<!-- \/wp:paragraph --><\/div>","protected":false},"excerpt":{"rendered":"<p>Conoce el caso de \u00e9xito de de Mooevo, sobre c\u00f3mo se convirtieron en una empresa pionera en movilidad con innovaci\u00f3n sostenible.<\/p>\n","protected":false},"author":1326,"featured_media":24846,"comment_status":"closed","ping_status":"closed","sticky":false,"template":"","format":"audio","meta":{"_sage_video":false,"post_featured_image_hide":false,"footnotes":""},"categories":[2],"tags":[16,27,359],"business_type":[10],"lilypad":[],"context":[],"industry":[],"persona":[],"imagine_tag":[285],"coauthors":[545],"class_list":["post-24844","post","type-post","status-publish","format-audio","has-post-thumbnail","hentry","category-finanzas","tag-autonomos","tag-emprendedores","tag-sage-advice-podcast","post_format-post-format-audio","business_type-pequena-empresa"],"sage_meta":{"region":"es-es","author_name":"Joan Boluda","featured_image":"https:\/\/www.sage.com\/es-es\/blog\/wp-content\/uploads\/sites\/8\/2023\/12\/BrandShootLDN_Jul2022_TechSoftware_0285-original.jpg","imagine_tags":{"285":"Emprendedores"}},"distributor_meta":false,"distributor_terms":false,"distributor_media":false,"distributor_original_site_name":"Sage Advice Espa\u00f1a","distributor_original_site_url":"https:\/\/www.sage.com\/es-es\/blog","push-errors":false,"_links":{"self":[{"href":"https:\/\/www.sage.com\/es-es\/blog\/api\/wp\/v2\/posts\/24844","targetHints":{"allow":["GET"]}}],"collection":[{"href":"https:\/\/www.sage.com\/es-es\/blog\/api\/wp\/v2\/posts"}],"about":[{"href":"https:\/\/www.sage.com\/es-es\/blog\/api\/wp\/v2\/types\/post"}],"author":[{"embeddable":true,"href":"https:\/\/www.sage.com\/es-es\/blog\/api\/wp\/v2\/users\/1326"}],"replies":[{"embeddable":true,"href":"https:\/\/www.sage.com\/es-es\/blog\/api\/wp\/v2\/comments?post=24844"}],"version-history":[{"count":0,"href":"https:\/\/www.sage.com\/es-es\/blog\/api\/wp\/v2\/posts\/24844\/revisions"}],"wp:featuredmedia":[{"embeddable":true,"href":"https:\/\/www.sage.com\/es-es\/blog\/api\/wp\/v2\/media\/24846"}],"wp:attachment":[{"href":"https:\/\/www.sage.com\/es-es\/blog\/api\/wp\/v2\/media?parent=24844"}],"wp:term":[{"taxonomy":"category","embeddable":true,"href":"https:\/\/www.sage.com\/es-es\/blog\/api\/wp\/v2\/categories?post=24844"},{"taxonomy":"post_tag","embeddable":true,"href":"https:\/\/www.sage.com\/es-es\/blog\/api\/wp\/v2\/tags?post=24844"},{"taxonomy":"business_type","embeddable":true,"href":"https:\/\/www.sage.com\/es-es\/blog\/api\/wp\/v2\/business_type?post=24844"},{"taxonomy":"lilypad","embeddable":true,"href":"https:\/\/www.sage.com\/es-es\/blog\/api\/wp\/v2\/lilypad?post=24844"},{"taxonomy":"context","embeddable":true,"href":"https:\/\/www.sage.com\/es-es\/blog\/api\/wp\/v2\/context?post=24844"},{"taxonomy":"industry","embeddable":true,"href":"https:\/\/www.sage.com\/es-es\/blog\/api\/wp\/v2\/industry?post=24844"},{"taxonomy":"persona","embeddable":true,"href":"https:\/\/www.sage.com\/es-es\/blog\/api\/wp\/v2\/persona?post=24844"},{"taxonomy":"imagine_tag","embeddable":true,"href":"https:\/\/www.sage.com\/es-es\/blog\/api\/wp\/v2\/imagine_tag?post=24844"},{"taxonomy":"author","embeddable":true,"href":"https:\/\/www.sage.com\/es-es\/blog\/api\/wp\/v2\/coauthors?post=24844"}],"curies":[{"name":"wp","href":"https:\/\/api.w.org\/{rel}","templated":true}]}}