{"id":26066,"date":"2025-05-12T10:23:05","date_gmt":"2025-05-12T08:23:05","guid":{"rendered":"https:\/\/www.sage.com\/es-es\/blog\/?p=26066"},"modified":"2025-12-04T19:04:27","modified_gmt":"2025-12-04T18:04:27","slug":"factura-electronica-obligatoria-este-es-el-calendario-de-implementacion","status":"publish","type":"post","link":"https:\/\/www.sage.com\/es-es\/blog\/factura-electronica-obligatoria-este-es-el-calendario-de-implementacion\/","title":{"rendered":"Factura electr\u00f3nica obligatoria: Este es el calendario de implementaci\u00f3n"},"content":{"rendered":"<header class=\"entry-header has-dark-background-color entry-header--has-illustration entry-header--has-illustration--generic\">\n\t<div class=\"container\">\n\t\t<div class=\"entry-header__row row align-center\">\n\t\t\t<div class=\"col col-lg-7 col-xlg-6 entry-header__content\">\n\t\t\t\t\t\t\t<div class=\"component component-single-header\">\n\t\t\t\t\t\t\t\t\t\t<div class=\"entry-header__misc text--subtitle text--uppercase text--small\">\n\t\t\t\t\t\t\t<a href=\"https:\/\/www.sage.com\/es-es\/blog\/categoria\/finanzas\/\" class=\"entry-header__link\">Finanzas<\/a>\t\t\t\t\t\t<\/div>\n\t\t\t\t\n\t\t\t\t<div class=\"entry-title-wrapper\">\n\t\t\t\t\t<h1 class=\"entry-title\">\n\t\t\t\t\t\tFactura electr\u00f3nica obligatoria: Este es el calendario de implementaci\u00f3n\t\t\t\t\t<\/h1>\n\t\t\t\t<\/div>\n\n\t\t\t\t\t\t\t\t\t<p class=\"entry-header__description\">\n\t\t\t\t\t\t\t\t\t\t\t<\/p>\n\t\t\t\t\n\t\t\t\t\n\t\t\t\t\n\t\t\t<\/div>\n\n\t\t\t\t\t<\/div>\n\t\t\t\t\t<\/div>\n\t<\/div>\n\t<div class=\"single-post-details container\">\n\t\t<div class=\"col\">\n\t\t\t<span class=\"posted-on \"><time class=\"entry-date published\" datetime=\"2025-05-12T10:23:05+02:00\">12 May, 2025<\/time><\/span><span class=\"reading-time\"> minutos de lectura<\/span>\n\t\t<button\n\t\t\ttype=\"button\"\n\t\t\tclass=\"social-share-button button button--icon button--secondary js-social-share-button\"\n\t\t\tdata-share-title=\"Factura electr\u00f3nica obligatoria: Este es el calendario de implementaci\u00f3n\"\n\t\t\tdata-share-url=\"https:\/\/www.sage.com\/es-es\/blog\/factura-electronica-obligatoria-este-es-el-calendario-de-implementacion\/\"\n\t\t\tdata-share-text=\"Please read this interesting article\"\n\t\t>\n\t\t\t<span class=\"social-share-button__share-label\">Compartir<\/span>\n\t\t\t<span class=\"social-share-button__copy-label\" hidden>Copiar enlace<\/span>\n\t\t\t<span class=\"social-share-button__copy-tooltip\" aria-hidden=\"true\" hidden>Copiado<\/span>\n\t\t<\/button>\n\n\t\t\t\t<\/div>\n\t<\/div>\n<\/header>\n\n\n\n<div class=\"wp-block-post-author has-dark-background-color alignfull\">\n\t<div class=\"container\">\n\t\t<div class=\"col\">\n\t\t\t\t\t\t\t<div class=\"co-authors\">\n\t\t\t\t\t\n\t\t<div class=\"entry-author-wrapper\">\n\t\t\t<a class=\"entry-author\" href=\"https:\/\/www.sage.com\/es-es\/blog\/author\/gonzalo-garcia-abad\/\">\n\t\t\t\t<img loading=\"lazy\" decoding=\"async\" width=\"40\" height=\"40\" src=\"https:\/\/www.sage.com\/es-es\/blog\/wp-content\/uploads\/sites\/8\/2024\/02\/Gonzalo-Garcia_2024_600x600-350x350.jpg\" class=\"entry-author__image\" alt=\"\" srcset=\"https:\/\/www.sage.com\/es-es\/blog\/wp-content\/uploads\/sites\/8\/2024\/02\/Gonzalo-Garcia_2024_600x600-350x350.jpg 350w, https:\/\/www.sage.com\/es-es\/blog\/wp-content\/uploads\/sites\/8\/2024\/02\/Gonzalo-Garcia_2024_600x600.jpg 600w\" sizes=\"auto, (max-width: 40px) 100vw, 40px\" \/>\t\t\t\t<span class=\"entry-author__name\">Gonzalo Garc\u00eda Abad<\/span>\n\t\t\t<\/a>\n\n\t\t\t\t\t<\/div>\n\n\t\t\t\t\t\t<\/div>\n\t\t\t\t\t<\/div>\n\t<\/div>\n<\/div>\n\n\n\n\n\n<p class=\"has-paragraph-medium-font-size\">En este contenido actualizado, te explicamos cu\u00e1ndo llegar\u00e1 la factura electr\u00f3nica obligatoria en las relaciones B2B y c\u00f3mo encaja dentro del nuevo escenario normativo que incluye Verifactu y el software de facturaci\u00f3n certificado. Repasamos qu\u00e9 se sabe del calendario de implantaci\u00f3n, qu\u00e9 ha cambiado en 2025 y qu\u00e9 se espera realmente para los pr\u00f3ximos a\u00f1os.<\/p>\n\n\n\n<ul class=\"wp-block-list\">\n<li>En los pr\u00f3ximos a\u00f1os, se ir\u00e1n sucediendo cambios en la factura electr\u00f3nica B2B, el <em>software<\/em> antifraude y Verifactu.<\/li>\n\n\n\n<li>La mejor estrategia es la anticipaci\u00f3n con un flujo natural de cambios sencillos.<\/li>\n<\/ul>\n\n\n\n<p>En estos momentos, muchas pymes y aut\u00f3nomos se preguntan <strong>cu\u00e1ndo va a ser obligatoria la <\/strong><a href=\"https:\/\/www.sage.com\/es-es\/software-contabilidad\/factura-electronica\/\"><strong>factura electr\u00f3nica<\/strong><\/a>. Realmente, es una pregunta, hasta cierto punto, equivocada. Lo que hay que ir planteando no es una fecha l\u00edmite, sino una transici\u00f3n suave.<\/p>\n\n\n\n<p>En estos momentos, muchas pymes y aut\u00f3nomos se preguntan <strong>cu\u00e1ndo va a llegar la <\/strong><a href=\"https:\/\/www.sage.com\/es-es\/software-contabilidad\/factura-electronica\/\"><strong>factura electr\u00f3nica<\/strong><\/a> obligatoria a las relaciones B2B. Realmente, es una pregunta, hasta cierto punto, equivocada. Lo que hay que ir planteando no es un conjunto de fechas l\u00edmite dentro del <strong>calendario de implementaci\u00f3n<\/strong>, sino una transici\u00f3n suave.&nbsp;<\/p>\n\n\n\n<p>Un ejemplo cercano te ayudar\u00e1 a entender<strong> el valor de la anticipaci\u00f3n<\/strong>. Como sabes, de forma paralela a los cambios en la factura electr\u00f3nica, viene desarroll\u00e1ndose la reforma del <em>software <\/em>antifraude.&nbsp;<\/p>\n\n\n\n<p>Pues bien, quienes apuestan por soluciones como <a href=\"https:\/\/www.sage.com\/es-es\/productos\/sage-active\/\">Sage Active<\/a>, <a href=\"https:\/\/www.sage.com\/es-es\/productos\/sage-50cloud\/\">Sage 50<\/a>, <a href=\"https:\/\/www.sage.com\/es-es\/productos\/sage-200\">Sage 200<\/a>, <a href=\"https:\/\/www.sage.com\/es-es\/sage-business-cloud\/sage-x3\/\">Sage X3<\/a> y <a href=\"https:\/\/www.sage.com\/es-es\/productos\/sage-for-accountants\/\">Sage for Accountants <\/a>ya tienen su software preparado para Verifactu desde el 16 de abril de 2025. Con el aplazamiento aprobado por el Gobierno, la <strong>entrada obligatoria de Verifactu se traslada a 2027, <\/strong>manteniendo el mismo calendario, pero desplazado un a\u00f1o. <\/p>\n\n\n\n<p>La \u2018moraleja\u2019 es clara: hay que apostar por <em>software<\/em> que te d\u00e9 el suficiente tiempo no solo para cumplir con las novedades, sino para poder estar adaptado antes que tus competidores.<\/p>\n\n\n\n<div class=\"single-cta\">\n\t<div class=\"single-cta__positioner\">\n\t\t<div class=\"single-cta__wrapper has-dark-background-color\">\n\t\t\t<div class=\"single-cta__content\">\n\t\t\t\t\t\t\t\t<h2 class=\"single-cta__title h3\">\u00bfEst\u00e1 tu software listo para Verifactu 2027?<\/h2>\n\n\t\t\t\t\t\t\t\t\t<div class=\"single-cta__description\">\n\t\t\t\t\t\t<p><!-- wp:paragraph --><\/p>\n<p>\u2705 El calendario cambia y la <strong>entrada obligatoria se aplaza a 2027<\/strong>, pero la oportunidad de profesionalizar tu facturaci\u00f3n sigue ah\u00ed.<\/p>\n<p><!-- \/wp:paragraph --><\/p>\n<p><!-- wp:paragraph --><\/p>\n<p><small>Y aqu\u00ed tienes una ventaja: en Sage hemos sido los <strong>primeros en certificar nuestras soluciones con Verifactu<\/strong>, garant\u00eda de que ya trabajas con un <strong>software verdaderamente adaptado a la Ley Antifraude. <\/strong><\/small><\/p>\n<p><!-- \/wp:paragraph --><\/p>\n\t\t\t\t\t<\/div>\n\t\t\t\t\n\t\t\t\t\t\t\t\t\t\t\t\t\t\t<a\n\t\t\t\t\t\thref=\"https:\/\/www.sage.com\/es-es\/certificacion-software\/certificaciones-sage\/\"\n\t\t\t\t\t\tclass=\"single-cta__button button button--primary\"\n\t\t\t\t\t\t\t\t\t\t\t\t\tid=\"cta-id-31589\"\n\t\t\t\t\t\t\t\t\t\t\t\t\t\t\t\t\t\t\tdata-button-location=\"cta_box\"\n\t\t\t\t\t\t\t\t\t\t\t>Descubre cu\u00e1l se adapta mejor a tu negocio<\/a>\n\t\t\t\t\t\t\t<\/div>\n\n\t\t\t\t\t<\/div>\n\n\t\t\t\t\t<img decoding=\"async\" width=\"934\" height=\"810\" src=\"https:\/\/www.sage.com\/es-es\/blog\/wp-content\/uploads\/sites\/8\/2025\/05\/Verifactu-Ready-2-934x810.jpg\" class=\"single-cta__image\" alt=\"Sage\" loading=\"lazy\" srcset=\"https:\/\/www.sage.com\/es-es\/blog\/wp-content\/uploads\/sites\/8\/2025\/05\/Verifactu-Ready-2-934x810.jpg 934w\" sizes=\"auto, (min-width: 48em) 33vw, 100vw\" \/>\t\t\t<\/div>\n<\/div>\n\n\n\n<h2 class=\"wp-block-heading\">Contenido del post<\/h2>\n\n\n<?xml encoding=\"utf-8\" ?><div class=\"wp-block-yoast-seo-table-of-contents yoast-table-of-contents\"><ul><li><a href=\"#lo-que-ya-sabiamos-antes-de-2025-sobre-el-calendario-de-implementacion\" data-level=\"2\">Lo que ya sab&iacute;amos antes de 2025 sobre el calendario de implementaci&oacute;n&nbsp;<\/a><\/li><li><a href=\"#que-pasara-con-la-factura-electronica-obligatoria\" data-level=\"2\">2025-2026: &iquest;Qu&eacute; pasar&aacute; con la factura electr&oacute;nica obligatoria?<\/a><ul><li><a href=\"#como-prepararse-antes-de-que-el-calendario-de-implementacion-eche-a-andar\" data-level=\"3\">C&oacute;mo prepararse antes de que el calendario de implementaci&oacute;n eche a andar<\/a><\/li><li><a href=\"#la-ley-antifraude-de-2021\" data-level=\"3\">&iquest;Y la Ley Antifraude de 2021?<\/a><\/li><\/ul><\/li><li><a href=\"#2026-la-gran-fecha-para-las-pequenas-empresas\" data-level=\"2\">2026: &iquest;La gran fecha para las peque&ntilde;as empresas?<\/a><\/li><li><a href=\"#despues-de-2026\" data-level=\"2\">&iquest;Y despu&eacute;s de 2026?<\/a><\/li><\/ul><\/div>\n\n\n\n<h2 class=\"wp-block-heading\" id=\"lo-que-ya-sabiamos-antes-de-2025-sobre-el-calendario-de-implementacion\">Lo que ya sab\u00edamos antes de 2025 sobre el calendario de implementaci\u00f3n&nbsp;<\/h2>\n\n\n\n<p>En realidad, el pistoletazo de salida lo dio la publicaci\u00f3n de la<strong> <\/strong><a href=\"https:\/\/www.sage.com\/es-es\/blog\/video\/ley-antifraude-ley-crea-y-crece-aclara-tus-dudas\/\"><strong>Ley Crea y Crece<\/strong><\/a>, en 2022. Lo que sucede es que esta marca unos plazos condicionados a la publicaci\u00f3n del reglamento de facturaci\u00f3n electr\u00f3nica.&nbsp;<\/p>\n\n\n\n<p>En teor\u00eda, seg\u00fan el <a href=\"https:\/\/portal.mineco.gob.es\/RecursosArticulo\/mineco\/ministerio\/participacion_publica\/audiencia\/ficheros\/ECO_Pol_AP2_RD_factura_electronica.pdf\" target=\"_blank\" rel=\"noreferrer noopener\">texto del borrador del proyecto de Real Decreto<\/a>, hasta un a\u00f1o despu\u00e9s de que se publique no surge ninguna obligaci\u00f3n nueva. Por tanto, puede surgir la tentaci\u00f3n de cruzarse de brazos. Sin embargo, esa no es la filosof\u00eda. Al contrario,<strong> debes ser proactivo por varias razones<\/strong>:<\/p>\n\n\n\n<ul class=\"wp-block-list\">\n<li><a href=\"https:\/\/www.sage.com\/es-es\/blog\/diferencias-verifactu-facturacion-electronica\/\">Aunque sea una reforma diferente<\/a>, tienes una referencia pr\u00f3xima: el proyecto Verifactu. De este ya se saben algunas cosas importantes, fruto de normas como el <a href=\"https:\/\/www.sage.com\/es-es\/blog\/reglamento-verifactu-en-que-consiste\/\">reglamento Verifactu<\/a> o la Orden HAC\/1177\/2024. Todo ello te permite vislumbrar<strong> novedades en tus propios procesos administrativos que puedes ir valorando tranquilamente<\/strong>.<\/li>\n\n\n\n<li>Internamente, es interesante que aproveches este tiempo para analizar <strong>qui\u00e9nes facturan en tu empresa<\/strong>. Habr\u00e1s de trazar perfiles y ver qu\u00e9 tipo de formaci\u00f3n adicional necesitar\u00e1 cada uno.&nbsp;<\/li>\n\n\n\n<li>Tambi\u00e9n puedes<strong> ir hablando con clientes empresariales y proveedores<\/strong>. Quiz\u00e1 todav\u00eda no les afecten algunas obligaciones, pero est\u00e1n al caer y un buen n\u00famero querr\u00e1 pasarse al formato electr\u00f3nico. De hecho, muchos negocios comenzar\u00e1n a <a href=\"https:\/\/www.sage.com\/es-es\/blog\/factura-electronica-guia-basica-con-lo-que-necesitas-saber\/\">facturar electr\u00f3nicamente<\/a> porque se lo piden otros antes de que sea obligatorio por ley.<\/li>\n\n\n\n<li>Con tu an\u00e1lisis interno, las peticiones externas y los detalles normativos tambi\u00e9n<strong> las asesor\u00edas y despachos profesionales tendr\u00e1n mucho m\u00e1s que decir<\/strong>. Pide consejo, exp\u00f3n tus dudas y temores, expresa cu\u00e1les son tus puntos a reforzar y pregunta c\u00f3mo superarlos.<\/li>\n<\/ul>\n\n\n\n<p>Con todo este <strong>trabajo adelantado<\/strong>, en el momento en el que haya una factura electr\u00f3nica obligatoria, ver\u00e1s como todo fluye con facilidad. Y recuerda que, aunque el reglamento traer\u00e1 algunos cambios, si tu cliente te autoriza, ya has podido facturar electr\u00f3nicamente.<\/p>\n\n\n\n<h2 class=\"wp-block-heading\" id=\"que-pasara-con-la-factura-electronica-obligatoria\">2025-2026: \u00bfQu\u00e9 pasar\u00e1 con la factura electr\u00f3nica obligatoria?<\/h2>\n\n\n\n<p><strong>Actualizaci\u00f3n 2025:<\/strong> Aunque Verifactu <strong>ha pospuesto su entrada obligatoria a 2027<\/strong>, el calendario de la factura electr\u00f3nica B2B sigue dependiendo del desarrollo reglamentario. Esto significa que, aunque ambos proyectos avanzan en paralelo, sus fechas no est\u00e1n alineadas (de momento), y 2025\u20132026 ser\u00e1n a\u00f1os clave para conocer los plazos definitivos.<\/p>\n\n\n\n<p>En 2025, un nuevo borrador para el proyecto de reglamento ha tenido que pasar una segunda fase de audiencia p\u00fablica.\u00a0<\/p>\n\n\n\n<p>El texto ha cambiado en algunas cosas. Una de ellas, de las m\u00e1s importantes, es <strong>la forma en la que se aplicar\u00eda el calendario de implementaci\u00f3n<\/strong>: Seguramente, lo iremos concretando a lo largo de 2025 y 2026. De momento, lo que se vislumbra es lo siguiente:<\/p>\n\n\n\n<ul class=\"wp-block-list\">\n<li>En primer lugar,<strong> tiene que aprobarse el reglamento de facturaci\u00f3n electr\u00f3nica<\/strong>. Todo parece indicar que, tras haber finalizado una segunda fase de audiencia p\u00fablica, ese momento est\u00e1 cercano.<\/li>\n\n\n\n<li>Si no hay cambios de redacci\u00f3n en el texto final del reglamento, en esta nueva versi\u00f3n, se marca otro hito en el calendario de implementaci\u00f3n. Se tratar\u00eda de la<strong> publicaci\u00f3n de una orden ministerial <\/strong>que desarrolle los aspectos m\u00e1s t\u00e9cnicos. No ser\u00eda demasiado raro que esta llegase incluso m\u00e1s all\u00e1 del final de 2026, ya durante 2027.<\/li>\n\n\n\n<li>Una vez tengamos esa fecha marcada (la de la publicaci\u00f3n de la orden ministerial que desarrolle el reglamento), este \u00faltimo entrar\u00eda en vigor transcurrido <strong>un a\u00f1o adicional<\/strong>. Por tanto, es probable que ello nos lleve ya a 2027 o 2028.<\/li>\n<\/ul>\n\n\n\n<h3 class=\"wp-block-heading\" id=\"como-prepararse-antes-de-que-el-calendario-de-implementacion-eche-a-andar\">C\u00f3mo prepararse antes de que el calendario de implementaci\u00f3n eche a andar<\/h3>\n\n\n\n<p>Cuando la reforma eche a andar, las novedades comenzar\u00e1n, en ese primer momento, con empresas o aut\u00f3nomos con m\u00e1s de ocho euros de facturaci\u00f3n. Sin embargo,<strong> el cambio va m\u00e1s all\u00e1 y deber\u00e1s tenerlo presente<\/strong>:<\/p>\n\n\n\n<ul class=\"wp-block-list\">\n<li>Por un lado, junto con las nuevas obligaciones de facturar electr\u00f3nicamente surge <strong>un nuevo protocolo<\/strong>. Hay cambios sutiles pero importantes. Por ejemplo, cada vez que env\u00edes una factura electr\u00f3nica estar\u00e1s obligado a ponerla en conocimiento de la Administraci\u00f3n. Para ello, se arbitrar\u00edan dos posibilidades: utilizar la soluci\u00f3n p\u00fablica de facturaci\u00f3n o enviar a esta una copia de la factura electr\u00f3nica.<\/li>\n\n\n\n<li>Surgir\u00e1n <strong>plataformas privadas <\/strong>que faciliten el intercambio electr\u00f3nico de facturas.<\/li>\n\n\n\n<li>Por su parte, la <strong>soluci\u00f3n p\u00fablica<\/strong> contar\u00e1 con ciertas funcionalidades. Por ejemplo, podr\u00e1 ser utilizada con tu permiso por tu plataforma privada para la interconexi\u00f3n con otra plataforma privada del destinatario de la factura. Adem\u00e1s, servir\u00e1 de repositorio universal y obligatorio de todas las facturas electr\u00f3nicas y, si lo deseas, para realizar la facturaci\u00f3n e, incluso, los seguimientos de los cobros.<\/li>\n\n\n\n<li>Las <strong>grandes empresas<\/strong> (que tienen m\u00e1s de 8 millones de euros de facturaci\u00f3n) tendr\u00e1n que expedir, remitir y recibir facturas electr\u00f3nicas en sus relaciones B2B de forma obligatoria desde el primer momento.<\/li>\n\n\n\n<li><strong>Muchas peque\u00f1as empresas y aut\u00f3nomos tambi\u00e9n transitar\u00e1n hacia una facturaci\u00f3n electr\u00f3nica, aunque a\u00fan no sea obligatorio para ellas<\/strong>. Algunas se mover\u00e1n a ella por el influjo de los acuerdos a los que lleguen con las grandes; otras, por anticipaci\u00f3n.&nbsp;<\/li>\n\n\n\n<li>Tambi\u00e9n habr\u00e1 excepciones, <strong>casos en los que no ser\u00e1 obligatoria la factura electr\u00f3nica B2B<\/strong>, aunque s\u00ed pueda emplearse de forma voluntaria. Entre ellos, destacan las facturas simplificadas y las emitidas por ciertos sectores que autorice el ministro.&nbsp;<\/li>\n<\/ul>\n\n\n\n<figure class=\"wp-block-pullquote\"><blockquote><p>Cuando te acostumbras y tienes claro qui\u00e9n va a facturar electr\u00f3nicamente y c\u00f3mo lo har\u00e1, todo fluye de forma mucho m\u00e1s natural.<\/p><\/blockquote><\/figure>\n\n\n\n<h3 class=\"wp-block-heading\" id=\"la-ley-antifraude-de-2021\">\u00bfY la Ley Antifraude de 2021?<\/h3>\n\n\n\n<p>2025 y 2026 tambi\u00e9n ser\u00e1n a\u00f1os de<strong> cambios indirectos en la factura electr\u00f3nica <\/strong>procedentes de la ley antifraude de 2021. Estos afectar\u00e1n a los empresarios y profesionales que no est\u00e1n en el SII y emplean sistemas inform\u00e1ticos de facturaci\u00f3n. En particular, veremos una cascada de cambios progresivos, entre los que destacan los siguientes:<\/p>\n\n\n\n<ul class=\"wp-block-list\">\n<li>El <strong>29 de julio de 2025<\/strong> los <strong>productores y comercializadores<\/strong> de <em>software<\/em> solo podr\u00e1n producir y vender <em>software<\/em> certificado. Recuerda, en ese sentido, que Sage ya ha hecho los deberes con antelaci\u00f3n y tiene sus soluciones adaptadas a las nuevas normas desde el 16 de abril.&nbsp;<\/li>\n\n\n\n<li>Los <strong>contribuyentes del impuesto sobre sociedades<\/strong> (como una sociedad limitada o una an\u00f3nima, por ejemplo) estar\u00e1n obligados a utilizar el <em>software<\/em> certificado <strong>el 1 de enero del 2027 <\/strong>tras el aplazamiento del Gobierno.<\/li>\n\n\n\n<li><strong>El resto de los obligados<\/strong> (como una persona f\u00edsica o una sociedad civil, por ejemplo) tendr\u00edan de plazo hasta el <strong>1 de julio de 2027<\/strong> tras el aplazamiento del Gobierno.<\/li>\n\n\n\n<li>Por otro lado, pr\u00f3ximamente, entrar\u00e1 en funcionamiento <a href=\"https:\/\/www.sage.com\/es-es\/blog\/diccionario-empresarial\/verifactu\/\"><strong>Verifactu<\/strong><\/a>. Este es un sistema voluntario de remisi\u00f3n autom\u00e1tica de los registros de facturaci\u00f3n a la AEAT. En ese sentido, puede causar cierta confusi\u00f3n el hecho de que tanto en Verifactu como la factura electr\u00f3nica haya un env\u00edo de un archivo inform\u00e1tico a la AEAT. Sin embargo, su estructura ser\u00e1 diferente, como tambi\u00e9n los fines son distintos. En el caso de la factura electr\u00f3nica, lo primero que se persigue es la morosidad; en el de Verifactu, el objetivo es la lucha contra el fraude.<\/li>\n<\/ul>\n\n\n\n<h2 class=\"wp-block-heading\" id=\"2026-la-gran-fecha-para-las-pequenas-empresas\">2026: \u00bfLa gran fecha para las peque\u00f1as empresas?<\/h2>\n\n\n\n<p>Hay algo claro: 2026 debe ser el a\u00f1o de las <strong>primeras obligaciones con el software de facturaci\u00f3n antifraude.<\/strong> Por el contrario, con la factura electr\u00f3nica obligatoria en relaciones B2B todo parece distinto, ya que se acumulan algunos retrasos.&nbsp;<\/p>\n\n\n\n<p>Sin embargo, en la pr\u00e1ctica, lo normal es que muchos hayan hecho sus deberes con antelaci\u00f3n. Para entonces, la mayor\u00eda estar\u00e1n m\u00e1s que acostumbrados a lo que podemos llamar<strong> la nueva factura<\/strong> (producto de las modificaciones de las leyes <a href=\"https:\/\/www.sage.com\/es-es\/blog\/novedad-legal-como-afecta-la-ley-antifraude-al-software-de-tu-empresa\/\">Antifraude<\/a> y <a href=\"https:\/\/www.sage.com\/es-es\/blog\/obligado-a-hacer-factura-electronica-que-dice-nueva-ley-crea-y-crece\/\">Crea y Crece<\/a>).&nbsp;<\/p>\n\n\n\n<h2 class=\"wp-block-heading\" id=\"despues-de-2026\">\u00bfY despu\u00e9s de 2026?<\/h2>\n\n\n\n<p>Como hemos comentado, <strong>a\u00fan no se han publicado los textos definitivos<\/strong>, pero s\u00ed podemos ir vislumbrando el camino, que estar\u00e1 marcado, si no hay cambios, por los siguientes <strong>hitos<\/strong>:<\/p>\n\n\n\n<ul class=\"wp-block-list\">\n<li>El primero ser\u00e1 la <strong>publicaci\u00f3n del Real Decreto<\/strong> y, tras \u00e9l, la de la<strong> orden ministerial que lo desarrolle<\/strong>.<\/li>\n\n\n\n<li>Una vez pase <strong>un a\u00f1o de publicada la orden ministerial<\/strong>, entra en vigor el Real Decreto. Desde ese momento, los que tengan m\u00e1s de ocho millones de euros anuales de facturaci\u00f3n deber\u00edan cumplir con todas las obligaciones que marcar\u00e1 el reglamento. Las m\u00e1s importantes son las relativas a emisi\u00f3n y recepci\u00f3n de facturas en formato electr\u00f3nico en relaciones B2B y a la informaci\u00f3n sobre estados de facturaci\u00f3n.&nbsp;<\/li>\n\n\n\n<li><strong>Dos a\u00f1os despu\u00e9s de la publicaci\u00f3n de la orden ministerial<\/strong>, ser\u00eda obligatorio emitir y recibir facturas electr\u00f3nicas en relaciones B2B para los que tienen menos de ocho millones de euros de facturaci\u00f3n.&nbsp;<\/li>\n\n\n\n<li><strong>Tres a\u00f1os despu\u00e9s de la publicaci\u00f3n de la orden ministerial<\/strong>, los que tienen menos de ocho millones de euros estar\u00edan obligados a informar sobre estados de facturaci\u00f3n.<\/li>\n<\/ul>\n\n\n\n<p>Por lo dem\u00e1s, la nueva factura ser\u00e1 <strong>un proyecto vivo<\/strong> en el que ir\u00e1 habiendo cambios y mejoras organizativas, jur\u00eddicas y tecnol\u00f3gicas.&nbsp;<\/p>\n\n\n\n<p><em><strong>Nota del editor:<\/strong> Contenido actualizado a 4 de diciembre de 2025 e incorporando el aplazamiento oficial de Verifactu a 2027 y las \u00faltimas novedades del reglamento de software de facturaci\u00f3n.<\/em><\/p>\n\n\n\n<div class=\"single-cta\">\n\t<div class=\"single-cta__positioner\">\n\t\t<div class=\"single-cta__wrapper has-dark-background-color\">\n\t\t\t<div class=\"single-cta__content\">\n\t\t\t\t\t\t\t\t<h2 class=\"single-cta__title h3\">\u00bfEst\u00e1 tu software listo para Verifactu 2027?<\/h2>\n\n\t\t\t\t\t\t\t\t\t<div class=\"single-cta__description\">\n\t\t\t\t\t\t<p><!-- wp:paragraph --><\/p>\n<p>\u2705 El calendario cambia y la <strong>entrada obligatoria se aplaza a 2027<\/strong>, pero la oportunidad de profesionalizar tu facturaci\u00f3n sigue ah\u00ed.<\/p>\n<p><!-- \/wp:paragraph --><\/p>\n<p><!-- wp:paragraph --><\/p>\n<p><small>Y aqu\u00ed tienes una ventaja: en Sage hemos sido los <strong>primeros en certificar nuestras soluciones con Verifactu<\/strong>, garant\u00eda de que ya trabajas con un <strong>software verdaderamente adaptado a la Ley Antifraude. <\/strong><\/small><\/p>\n<p><!-- \/wp:paragraph --><\/p>\n\t\t\t\t\t<\/div>\n\t\t\t\t\n\t\t\t\t\t\t\t\t\t\t\t\t\t\t<a\n\t\t\t\t\t\thref=\"https:\/\/www.sage.com\/es-es\/certificacion-software\/certificaciones-sage\/\"\n\t\t\t\t\t\tclass=\"single-cta__button button button--primary\"\n\t\t\t\t\t\t\t\t\t\t\t\t\tid=\"cta-id-31589\"\n\t\t\t\t\t\t\t\t\t\t\t\t\t\t\t\t\t\t\tdata-button-location=\"cta_box\"\n\t\t\t\t\t\t\t\t\t\t\t>Descubre cu\u00e1l se adapta mejor a tu negocio<\/a>\n\t\t\t\t\t\t\t<\/div>\n\n\t\t\t\t\t<\/div>\n\n\t\t\t\t\t<img decoding=\"async\" width=\"934\" height=\"810\" src=\"https:\/\/www.sage.com\/es-es\/blog\/wp-content\/uploads\/sites\/8\/2025\/05\/Verifactu-Ready-2-934x810.jpg\" class=\"single-cta__image\" alt=\"Sage\" loading=\"lazy\" srcset=\"https:\/\/www.sage.com\/es-es\/blog\/wp-content\/uploads\/sites\/8\/2025\/05\/Verifactu-Ready-2-934x810.jpg 934w\" sizes=\"auto, (min-width: 48em) 33vw, 100vw\" \/>\t\t\t<\/div>\n<\/div>\n\n\n\n<p><br><\/p>\n","protected":false},"excerpt":{"rendered":"<p>En este art\u00edculo te explicamos cu\u00e1ndo va a ser obligatoria la factura electr\u00f3nica en relaciones B2B y c\u00f3mo ser\u00e1 el proceso de cambios. <\/p>\n","protected":false},"author":240,"featured_media":23665,"comment_status":"closed","ping_status":"closed","sticky":false,"template":"","format":"standard","meta":{"_sage_video":false,"post_featured_image_hide":false,"footnotes":""},"categories":[2],"tags":[28,29,30],"business_type":[10,11,8],"lilypad":[],"context":[],"industry":[],"persona":[],"imagine_tag":[266],"coauthors":[412],"class_list":["post-26066","post","type-post","status-publish","format-standard","has-post-thumbnail","hentry","category-finanzas","tag-factura-electronica","tag-facturacion","tag-facturas","business_type-pequena-empresa","business_type-mediana-empresa","business_type-asesorias-despachos-profesionales"],"sage_meta":{"region":"es-es","author_name":"Gonzalo Garc\u00eda Abad","featured_image":"https:\/\/www.sage.com\/es-es\/blog\/wp-content\/uploads\/sites\/8\/2023\/09\/GettyImages-1086590348.jpg","imagine_tags":{"266":"Facturaci\u00f3n"}},"distributor_meta":false,"distributor_terms":false,"distributor_media":false,"distributor_original_site_name":"Sage Advice Espa\u00f1a","distributor_original_site_url":"https:\/\/www.sage.com\/es-es\/blog","push-errors":false,"_links":{"self":[{"href":"https:\/\/www.sage.com\/es-es\/blog\/api\/wp\/v2\/posts\/26066","targetHints":{"allow":["GET"]}}],"collection":[{"href":"https:\/\/www.sage.com\/es-es\/blog\/api\/wp\/v2\/posts"}],"about":[{"href":"https:\/\/www.sage.com\/es-es\/blog\/api\/wp\/v2\/types\/post"}],"author":[{"embeddable":true,"href":"https:\/\/www.sage.com\/es-es\/blog\/api\/wp\/v2\/users\/240"}],"replies":[{"embeddable":true,"href":"https:\/\/www.sage.com\/es-es\/blog\/api\/wp\/v2\/comments?post=26066"}],"version-history":[{"count":0,"href":"https:\/\/www.sage.com\/es-es\/blog\/api\/wp\/v2\/posts\/26066\/revisions"}],"wp:featuredmedia":[{"embeddable":true,"href":"https:\/\/www.sage.com\/es-es\/blog\/api\/wp\/v2\/media\/23665"}],"wp:attachment":[{"href":"https:\/\/www.sage.com\/es-es\/blog\/api\/wp\/v2\/media?parent=26066"}],"wp:term":[{"taxonomy":"category","embeddable":true,"href":"https:\/\/www.sage.com\/es-es\/blog\/api\/wp\/v2\/categories?post=26066"},{"taxonomy":"post_tag","embeddable":true,"href":"https:\/\/www.sage.com\/es-es\/blog\/api\/wp\/v2\/tags?post=26066"},{"taxonomy":"business_type","embeddable":true,"href":"https:\/\/www.sage.com\/es-es\/blog\/api\/wp\/v2\/business_type?post=26066"},{"taxonomy":"lilypad","embeddable":true,"href":"https:\/\/www.sage.com\/es-es\/blog\/api\/wp\/v2\/lilypad?post=26066"},{"taxonomy":"context","embeddable":true,"href":"https:\/\/www.sage.com\/es-es\/blog\/api\/wp\/v2\/context?post=26066"},{"taxonomy":"industry","embeddable":true,"href":"https:\/\/www.sage.com\/es-es\/blog\/api\/wp\/v2\/industry?post=26066"},{"taxonomy":"persona","embeddable":true,"href":"https:\/\/www.sage.com\/es-es\/blog\/api\/wp\/v2\/persona?post=26066"},{"taxonomy":"imagine_tag","embeddable":true,"href":"https:\/\/www.sage.com\/es-es\/blog\/api\/wp\/v2\/imagine_tag?post=26066"},{"taxonomy":"author","embeddable":true,"href":"https:\/\/www.sage.com\/es-es\/blog\/api\/wp\/v2\/coauthors?post=26066"}],"curies":[{"name":"wp","href":"https:\/\/api.w.org\/{rel}","templated":true}]}}