{"id":27394,"date":"2024-08-07T11:53:06","date_gmt":"2024-08-07T09:53:06","guid":{"rendered":"https:\/\/www.sage.com\/es-es\/blog\/?p=27394"},"modified":"2026-03-12T17:25:13","modified_gmt":"2026-03-12T16:25:13","slug":"retos-factura-electronica","status":"publish","type":"post","link":"https:\/\/www.sage.com\/es-es\/blog\/retos-factura-electronica\/","title":{"rendered":"Falta de informaci\u00f3n y carga administrativa: Conoce los principales retos de la facturaci\u00f3n electr\u00f3nica y c\u00f3mo superarlos"},"content":{"rendered":"<header class=\"entry-header has-dark-background-color entry-header--standard entry-header--has-illustration entry-header--has-illustration--standard\">\n\t<div class=\"container\">\n\t\t<div class=\"entry-header__row row align-center\">\n\t\t\t<div class=\"col col-lg-7 col-xlg-6 entry-header__content\">\n\t\t\t\t\t\t\t<div class=\"component component-single-header\">\n\t\t\t\t\t\t\t\t\t\t<div class=\"entry-header__misc text--subtitle text--uppercase text--small\">\n\t\t\t\t\t\t\t<a href=\"https:\/\/www.sage.com\/es-es\/blog\/categoria\/estrategia-gestion\/\" class=\"entry-header__link\">Estrategia y Gesti\u00f3n<\/a>\t\t\t\t\t\t<\/div>\n\t\t\t\t\n\t\t\t\t<div class=\"entry-title-wrapper\">\n\t\t\t\t\t<h1 class=\"entry-title\">\n\t\t\t\t\t\tFalta de informaci\u00f3n y carga administrativa: Conoce los principales retos de la facturaci\u00f3n electr\u00f3nica y c\u00f3mo superarlos\t\t\t\t\t<\/h1>\n\t\t\t\t<\/div>\n\n\t\t\t\t\t\t\t\t\t<p class=\"entry-header__description\">\n\t\t\t\t\t\tLlega una nueva forma de facturaci\u00f3n. \u00bfSabes c\u00f3mo afrontar el reto de la factura electr\u00f3nica? Te contamos todo lo que debes conocer.\t\t\t\t\t<\/p>\n\t\t\t\t\n\t\t\t\t\n\t\t\t\t\n\t\t\t<\/div>\n\n\t\t\t\t\t<\/div>\n\t\t\t\t\t<\/div>\n\t<\/div>\n\t<div class=\"single-post-details container\">\n\t\t<div class=\"col\">\n\t\t\t<span class=\"posted-on \"><time class=\"entry-date published\" datetime=\"2024-08-07T11:53:06+02:00\">7 August, 2024<\/time><\/span><span class=\"reading-time\"> minutos de lectura<\/span>\n\t\t<button\n\t\t\ttype=\"button\"\n\t\t\tclass=\"social-share-button button button--icon button--secondary js-social-share-button\"\n\t\t\tdata-share-title=\"Falta de informaci\u00f3n y carga administrativa: Conoce los principales retos de la facturaci\u00f3n electr\u00f3nica y c\u00f3mo superarlos\"\n\t\t\tdata-share-url=\"https:\/\/www.sage.com\/es-es\/blog\/retos-factura-electronica\/\"\n\t\t\tdata-share-text=\"Please read this interesting article\"\n\t\t>\n\t\t\t<span class=\"social-share-button__share-label\">Compartir<\/span>\n\t\t\t<span class=\"social-share-button__copy-label\" hidden>Copiar enlace<\/span>\n\t\t\t<span class=\"social-share-button__copy-tooltip\" aria-hidden=\"true\" hidden>Copiado<\/span>\n\t\t<\/button>\n\n\t\t\t\t<\/div>\n\t<\/div>\n<\/header>\n\n\n\n<div class=\"wp-block-post-author has-dark-background-color alignfull\">\n\t<div class=\"container\">\n\t\t<div class=\"col\">\n\t\t\t\t\t\t\t<div class=\"co-authors\">\n\t\t\t\t\t\n\t\t<div class=\"entry-author-wrapper\">\n\t\t\t<a class=\"entry-author\" href=\"https:\/\/www.sage.com\/es-es\/blog\/author\/evasereno\/\">\n\t\t\t\t<img loading=\"lazy\" decoding=\"async\" width=\"40\" height=\"40\" src=\"https:\/\/www.sage.com\/es-es\/blog\/wp-content\/uploads\/sites\/8\/2023\/11\/foto-600-x-600-eva-sereno-350x350.jpg\" class=\"entry-author__image\" alt=\"Sage\" srcset=\"https:\/\/www.sage.com\/es-es\/blog\/wp-content\/uploads\/sites\/8\/2023\/11\/foto-600-x-600-eva-sereno-350x350.jpg 350w, https:\/\/www.sage.com\/es-es\/blog\/wp-content\/uploads\/sites\/8\/2023\/11\/foto-600-x-600-eva-sereno.jpg 600w\" sizes=\"auto, (max-width: 40px) 100vw, 40px\" \/>\t\t\t\t<span class=\"entry-author__name\">Eva Sereno<\/span>\n\t\t\t<\/a>\n\n\t\t\t\t\t<\/div>\n\n\t\t\t\t\t\t<\/div>\n\t\t\t\t\t<\/div>\n\t<\/div>\n<\/div>\n\n\n\n<h4 class=\"wp-block-heading\" id=\"h-la-ley-antifraude-y-la-ley-crea-y-crece-obligara-a-las-pymes-y-autonomos-a-emitir-factura-electronica-conoces-los-retos-que-ello-supone-y-los-avances-sobre-la-entrada-en-vigor-de-estas-normativas\">La Ley Antifraude y la Ley Crea y Crece obligar\u00e1 a las pymes y aut\u00f3nomos a emitir factura electr\u00f3nica. \u00bfConoces los retos que ello supone y los avances sobre la entrada en vigor de estas normativas?<\/h4>\n\n\n\n<ul class=\"wp-block-list\">\n<li>Las peque\u00f1as y medianas empresas y los trabajadores por cuenta propia tendr\u00e1n que utilizar un software certificado por la Agencia Tributaria.&nbsp;<\/li>\n\n\n\n<li>Los asesores y proveedores de soluciones tecnol\u00f3gicas de gesti\u00f3n empresarial se convertir\u00e1n en consejeros para ayudar en esta transici\u00f3n a pymes y aut\u00f3nomos.<\/li>\n<\/ul>\n\n\n\n<p>Las pymes y aut\u00f3nomos viven un momento de cambio importante. La pr\u00f3xima entrada en vigor de la <a href=\"https:\/\/www.sage.com\/es-es\/blog\/novedad-legal-como-afecta-la-ley-antifraude-al-software-de-tu-empresa\/\"><strong>Ley Antifraude<\/strong><\/a> y de la <a href=\"https:\/\/www.sage.com\/es-es\/certificacion-software\/ley-crea-y-crece\/\"><strong>Ley Crea y Crece<\/strong><\/a> obligar\u00e1 a operar en un marco legal distinto. Y hay que adaptarse para <strong>acabar con el fraude y la <\/strong><a href=\"https:\/\/www.sage.com\/es-es\/blog\/asi-afecta-la-ley-antifraude-a-los-listados-de-morosos\/\"><strong>morosidad<\/strong><\/a> comercial, entre otros fines. Pese a ello, todav\u00eda existe mucho desconocimiento y surgen numerosas dudas.<\/p>\n\n\n\n<p>Son dos leyes distintas, pero que tienen un punto en com\u00fan: <strong>afectan a la facturaci\u00f3n <\/strong>de las peque\u00f1as y medianas empresas y de los trabajadores por cuenta propia. Y ahora s\u00ed, y sin dilaci\u00f3n, hay que abrazar la transformaci\u00f3n digital. Este nuevo contexto plantea retos en la factura electr\u00f3nica. Son desaf\u00edos que tambi\u00e9n afectan a las compa\u00f1\u00edas desarrolladoras de software y a los asesores o gestores administrativos porque la digitalizaci\u00f3n de la factura aumentar\u00e1 en los pr\u00f3ximos meses y, especialmente, en 2025-2026.<\/p>\n\n\n\n<p><strong>CONTENIDO DEL POST<\/strong><\/p>\n\n\n<?xml encoding=\"utf-8\" ?><div class=\"wp-block-yoast-seo-table-of-contents yoast-table-of-contents\"><ul><li><a href=\"#a-que-nos-enfrentamos-con-la-factura-electronica\" data-level=\"2\">&iquest;A qu&eacute; nos enfrentamos con la factura electr&oacute;nica?&nbsp;<\/a><\/li><li><a href=\"#como-afecta-a-los-distintos-agentes\" data-level=\"2\">C&oacute;mo afecta a los distintos agentes<\/a><\/li><li><a href=\"#h-retos-de-la-factura-electronica-para-pymes-y-autonomos\" data-level=\"2\">Retos de la factura electr&oacute;nica para pymes y aut&oacute;nomos<\/a><\/li><li><a href=\"#que-hacer-para-estar-ready-ante-los-cambios-legales-en-facturacion\" data-level=\"2\">Qu&eacute; hacer para estar ready ante los cambios legales en facturaci&oacute;n<\/a><\/li><\/ul><\/div>\n\n\n\n<div class=\"single-cta gated-content\">\n\t<div class=\"single-cta__positioner\">\n\t\t<div class=\"single-cta__wrapper has-dark-background-color\">\n\t\t\t<div class=\"single-cta__content\">\n\t\t\t\t\t\t\t\t<h2 class=\"single-cta__title h3\">Facturaci\u00f3n Electr\u00f3nica<\/h2>\n\n\t\t\t\t\t\t\t\t\t<div class=\"single-cta__description\">\n\t\t\t\t\t\t<h6 class=\"destacado\">La facturaci\u00f3n electr\u00f3nica ya no es solo una opci\u00f3n, \u00a1es una necesidad ineludible para las pymes! \ud83d\udcc8\ud83d\udcbc<\/h6>\n<ul>\n<li>Entiende por qu\u00e9 es imprescindible hacer el cambio \ud83d\udd04<\/li>\n<li>Descubre c\u00f3mo la facturaci\u00f3n electr\u00f3nica puede mejorar la productividad \ud83d\ude80<\/li>\n<\/ul>\n\t\t\t\t\t<\/div>\n\t\t\t\t\n\t\t\t\t\t\t\t\t\t\t\t\t\t\t<a\n\t\t\t\t\t\thref=\"#gate-4d96f6e2-7799-481a-b89b-1d7f428833a9\"\n\t\t\t\t\t\tclass=\"single-cta__button button button--primary\"\n\t\t\t\t\t\t\t\t\t\t\t\t\t\t\t\t\t>\u00a1Quiero mi GUIA gratis!<\/a>\n\t\t\t\t\t\t\t<\/div>\n\n\t\t\t\t\t<\/div>\n\n\t\t\t\t\t<img decoding=\"async\" width=\"1252\" height=\"810\" src=\"https:\/\/www.sage.com\/es-es\/blog\/wp-content\/uploads\/sites\/8\/2024\/11\/Mockup_Banner_Sage_Facturacion-electronica_El-camino-hacia-una-economia-conectada_Fondo-Verde-1252x810.jpg\" class=\"single-cta__image\" alt=\"Sage\" loading=\"lazy\" srcset=\"https:\/\/www.sage.com\/es-es\/blog\/wp-content\/uploads\/sites\/8\/2024\/11\/Mockup_Banner_Sage_Facturacion-electronica_El-camino-hacia-una-economia-conectada_Fondo-Verde-1252x810.jpg 1252w\" sizes=\"auto, (min-width: 48em) 33vw, 100vw\" \/>\t\t\t<\/div>\n<\/div>\n\n\n\n<h2 class=\"wp-block-heading\" id=\"a-que-nos-enfrentamos-con-la-factura-electronica\">\u00bfA qu\u00e9 nos enfrentamos con la factura electr\u00f3nica?&nbsp;<\/h2>\n\n\n\n<p>\u00bfA qu\u00e9 retos de la factura electr\u00f3nica se enfrenta cada uno de ellos? \u00bfSon los mismos? \u00bfQu\u00e9 supone la entrada en vigor de estas leyes? Son temas que se han abordado en el encuentro eFactura F\u00f3rum, organizado con la colaboraci\u00f3n de Sage en Madrid. Un evento en el que todos los agentes han coincidido en se\u00f1alar que es necesario <a href=\"https:\/\/www.sage.com\/es-es\/blog\/implantacion-e-implementacion-de-software-las-claves-para-asesorar-mejor-a-tus-clientes\/\"><strong>comenzar este proceso cuanto antes<\/strong>.<\/a><\/p>\n\n\n\n<p>Y es que, a d\u00eda de hoy, se estima que alrededor del 30% de las empresas est\u00e1 digitalizada de alguna forma, pero la tecnolog\u00eda sigue sin ser una de las prioridades de muchas pymes y aut\u00f3nomos. Un motivo que lleva a pensar que asumir el reto de la factura electr\u00f3nica se dejar\u00e1 para el final y se pasar\u00e1 de ese 30% al 100% en tiempo r\u00e9cord.<\/p>\n\n\n\n<figure class=\"wp-block-image size-full\"><img loading=\"lazy\" decoding=\"async\" width=\"1200\" height=\"800\" src=\"https:\/\/www.sage.com\/es-es\/blog\/wp-content\/uploads\/sites\/8\/2024\/11\/SAGE_Creatividad_Fechas-Ley-Antifraude-Verifactu.png\" alt=\"Sage\" class=\"wp-image-28677\" srcset=\"https:\/\/www.sage.com\/es-es\/blog\/wp-content\/uploads\/sites\/8\/2024\/11\/SAGE_Creatividad_Fechas-Ley-Antifraude-Verifactu.png 1200w, https:\/\/www.sage.com\/es-es\/blog\/wp-content\/uploads\/sites\/8\/2024\/11\/SAGE_Creatividad_Fechas-Ley-Antifraude-Verifactu-768x512.png 768w\" sizes=\"auto, (max-width: 1200px) 100vw, 1200px\" \/><\/figure>\n\n\n\n<h2 class=\"wp-block-heading\" id=\"como-afecta-a-los-distintos-agentes\">C\u00f3mo afecta a los distintos agentes<\/h2>\n\n\n\n<p>Las dos leyes tienen en com\u00fan la regulaci\u00f3n de la facturaci\u00f3n, obligando a que todos los procesos relacionados est\u00e9n digitalizados. Y esto afecta a todos. En general, estas son las principales l\u00edneas que marcan el papel de cada parte implicada en la factura electr\u00f3nica:<\/p>\n\n\n\n<ul class=\"wp-block-list\">\n<li><strong>Pymes y aut\u00f3nomos<\/strong>: la <a href=\"https:\/\/www.sage.com\/es-es\/blog\/pymes-como-han-avanzado-en-su-digitalizacion-empresarial\/\">digitalizaci\u00f3n<\/a> va a ser obligatoria para poder facturar -con la excepci\u00f3n de particulares y consumidores finales-, y se tendr\u00e1 que realizar con sistemas que est\u00e9n acogidos a la ley porque cada factura electr\u00f3nica tendr\u00e1 un registro. Para una buena parte del tejido empresarial, sobre todo las microempresas y los trabajadores por cuenta propia, ser\u00e1 un salto importante porque muchos emplean todav\u00eda procesos manuales.&nbsp;<\/li>\n<\/ul>\n\n\n\n<ul class=\"wp-block-list\">\n<li><strong>Empresas fabricantes de software<\/strong>: tienen la funci\u00f3n de desarrollar y poner en el mercado las soluciones acordes a la legislaci\u00f3n vigente. Estas deber\u00e1n llegar a todas las zonas geogr\u00e1ficas para que las pymes y aut\u00f3nomos puedan implantarlas y cumplir con las leyes.<\/li>\n<\/ul>\n\n\n\n<ul class=\"wp-block-list\">\n<li><strong>Asesor\u00edas, gestores o despachos profesionales<\/strong>: son los encargados \u2013al ser la persona de confianza-, de explicar todo este cambio, aconsejar y acompa\u00f1ar a las pymes y aut\u00f3nomos en esta transici\u00f3n a la factura electr\u00f3nica para que sea f\u00e1cil y se produzca de forma ordenada.<\/li>\n<\/ul>\n\n\n\n<blockquote class=\"wp-block-quote is-layout-flow wp-block-quote-is-layout-flow\">\n<p>La entrada en vigor de la Ley Antifraude y de la Ley Crea y Crece obliga a las empresas a la digitalizaci\u00f3n para operar en el nuevo marco legal.<\/p>\n<\/blockquote>\n\n\n\n<h2 class=\"wp-block-heading\" id=\"h-retos-de-la-factura-electronica-para-pymes-y-autonomos\">Retos de la factura electr\u00f3nica para pymes y aut\u00f3nomos<\/h2>\n\n\n\n<p>Numerosas son las dudas con relaci\u00f3n a la Ley Antifraude y Ley Crea y Crece. Y esto se debe a la <strong>falta de informaci\u00f3n y comunicaci\u00f3n<\/strong> de estas normativas, que han surgido de forma paralela y ata\u00f1en al mismo objeto: la factura. Pero a\u00fan hay m\u00e1s factores a tener en cuenta:<\/p>\n\n\n\n<ul class=\"wp-block-list\">\n<li><strong>Software<\/strong>: es otro de los retos de la factura electr\u00f3nica. Hay que elegir aquel que est\u00e9 aceptado por la Agencia Tributaria. La decisi\u00f3n contempla tambi\u00e9n si utilizar o no <a href=\"https:\/\/www.sage.com\/es-es\/blog\/reglamento-verifactu-en-que-consiste\/\">Verifactu<\/a>, la soluci\u00f3n que esta Administraci\u00f3n ha habilitado.<\/li>\n<\/ul>\n\n\n\n<ul class=\"wp-block-list\">\n<li><strong>Carga administrativa<\/strong>: el nuevo marco legal supone un aumento de la carga administrativa para las peque\u00f1as y medianas empresas y aut\u00f3nomos, aunque esto ser\u00e1 al principio hasta conocer c\u00f3mo manejar la soluci\u00f3n.<\/li>\n<\/ul>\n\n\n\n<ul class=\"wp-block-list\">\n<li><strong>Formaci\u00f3n<\/strong>: ser\u00e1 necesario que las personas se formen para conocer c\u00f3mo utilizar el nuevo software o la soluci\u00f3n para la factura electr\u00f3nica.&nbsp;<\/li>\n<\/ul>\n\n\n\n<h2 class=\"wp-block-heading\" id=\"que-hacer-para-estar-ready-ante-los-cambios-legales-en-facturacion\">Qu\u00e9 hacer para estar <em>ready<\/em> ante los cambios legales en facturaci\u00f3n<\/h2>\n\n\n\n<p>Para evitar todos los problemas y superar los retos de la factura electr\u00f3nica, puedes seguir una serie de pasos y consejos:<\/p>\n\n\n\n<figure class=\"wp-block-pullquote\"><blockquote><p>Si eres pyme o aut\u00f3nomo, esto te interesa. Te contamos todos los pasos para implantar la factura electr\u00f3nica.<\/p><\/blockquote><\/figure>\n\n\n\n<h3 class=\"wp-block-heading\" id=\"asesoramiento\">Asesoramiento<\/h3>\n\n\n\n<p>Acude a tu asesor, gestor o proveedor de software de gesti\u00f3n empresarial para<strong> conocer si el sistema que empleas est\u00e1 certificado por la Agencia Tributaria<\/strong> para cumplir las nuevas normas legales. Cualquiera de estos agentes te podr\u00e1 ayudar a elegir el m\u00e1s adecuado, si necesitas uno, o bien para que conozcas c\u00f3mo funciona la nueva soluci\u00f3n o aplicaci\u00f3n que se implemente en el que ya emplees. En cualquier caso, queda claro que tendr\u00e1s que elegir qui\u00e9n es tu partner.&nbsp;<\/p>\n\n\n\n<h3 class=\"wp-block-heading\" id=\"analizar\">Analizar<\/h3>\n\n\n\n<p>Es importante que te pares a pensar c\u00f3mo afecta esto, a tu empresa o a tu trabajo como aut\u00f3nomo y no solo desde el punto de vista del software. Adem\u00e1s, conviene que identifiques la <strong>tipolog\u00eda de los clientes -empresa o aut\u00f3nomo-, porque, en funci\u00f3n de ellos, se tendr\u00e1 que hacer la factura. <\/strong>Otro punto por estudiar es la manera en la que afecta en el d\u00eda a d\u00eda de mi organizaci\u00f3n, aparte de tener claros conceptos como cu\u00e1ndo poner fecha de factura o fecha de operaci\u00f3n. No olvides que ya no se podr\u00e1n hacer facturas a tiempo pasado o futuro, ni tampoco modificarse.&nbsp;&nbsp;<\/p>\n\n\n\n<h3 class=\"wp-block-heading\" id=\"contabilidad\">Contabilidad<\/h3>\n\n\n\n<p>La factura electr\u00f3nica requerir\u00e1 a su vez que <strong>tengas controlados los cobros y los pagos<\/strong>, ya que uno de los fines del nuevo marco legal es acabar con la morosidad. Esto requiere que avances en la automatizaci\u00f3n del proceso. As\u00ed podr\u00e1s disponer de informaci\u00f3n fiable y de forma m\u00e1s r\u00e1pida para ganar a tus competidores.&nbsp;<\/p>\n\n\n\n<h3 class=\"wp-block-heading\" id=\"personal\">Personal<\/h3>\n\n\n\n<p>Es indispensable tener <strong>identificadas a las personas que se encargan de facturar<\/strong> y cerciorarse de que tienen los conocimientos necesarios.<\/p>\n\n\n\n<h3 class=\"wp-block-heading\" id=\"tiempo\">Tiempo<\/h3>\n\n\n\n<p>Debes ser consciente de que, cuanto antes comiences, <strong>mejor para que tengas el proceso de facturaci\u00f3n electr\u00f3nica totalmente implantado<\/strong> para la entrada en vigor. As\u00ed podr\u00e1s comprobar que todo funciona de forma adecuada y que puedes operar. Tambi\u00e9n evitar\u00e1s cuellos de botella.&nbsp;<\/p>\n\n\n\n<p>Es necesario que sigas estos dos consejos, aunque tengas ya automatizado el proceso y el cambio te vaya a costar menos. \u00bfPor qu\u00e9 si a\u00fan no hay fecha exacta de entrada en vigor? La clave est\u00e1 en que <strong>una vez se tenga el desarrollo reglamentario y la obligatoriedad <\/strong>de recibir y emitir la factura electr\u00f3nica, es probable que <strong>se produzca un per\u00edodo ca\u00f3tico.<\/strong> Anticiparse es la \u00fanica manera de estar <em>ready<\/em>.<\/p>\n\n\n\n<p><em><strong>Nota del editor: <\/strong>Este art\u00edculo est\u00e1 actualizado a 6 de noviembre de 2024 tras la publicaci\u00f3n del proyecto de modificaci\u00f3n del reglamento del software de facturaci\u00f3n.<\/em><\/p>\n\n\n\n<div class=\"single-cta\">\n\t<div class=\"single-cta__positioner\">\n\t\t<div class=\"single-cta__wrapper has-dark-background-color\">\n\t\t\t<div class=\"single-cta__content\">\n\t\t\t\t\t\t\t\t\t<p class=\"card-cta__eyebrow text--small mb-xxs\">\n\t\t\t\t\t\tLA NUEVA FACTURA\t\t\t\t\t<\/p>\n\t\t\t\t\t\t\t\t<h2 class=\"single-cta__title h3\">Get Ready<\/h2>\n\n\t\t\t\t\t\t\t\t\t<div class=\"single-cta__description\">\n\t\t\t\t\t\t<p><!-- wp:heading {\"level\":6} --><\/p>\n<h6 class=\"wp-block-heading\" id=\"h-factura-electronica-verifactu-perdido-entre-las-nuevas-normativas\"><strong>Factura electr\u00f3nica, Verifactu\u2026<\/strong> \u00bfPerdido entre las nuevas normativas?<\/h6>\n<p><!-- \/wp:heading --><\/p>\n<p><!-- wp:paragraph --><\/p>\n<p>\ud83d\ude80 <strong>Empieza por lo esencial: la factura.<\/strong> Simplifica tu transici\u00f3n a la facturaci\u00f3n electr\u00f3nica con el diagnosticador FacturaFlow.<\/p>\n<p><!-- \/wp:paragraph --><\/p>\n\t\t\t\t\t<\/div>\n\t\t\t\t\n\t\t\t\t\t\t\t\t\t\t\t\t\t\t<a\n\t\t\t\t\t\thref=\"https:\/\/www.sage.com\/es-es\/get-ready\/\"\n\t\t\t\t\t\tclass=\"single-cta__button button button--primary\"\n\t\t\t\t\t\t\t\t\t\t\t\t\tid=\"cta-id-28937\"\n\t\t\t\t\t\t\t\t\t\t\t\t\t\t\t\t\t\t\tdata-button-location=\"cta_box\"\n\t\t\t\t\t\t\t\t\t\t\t>Descubre m\u00e1s ahora<\/a>\n\t\t\t\t\t\t\t<\/div>\n\n\t\t\t\t\t<\/div>\n\n\t\t\t\t\t<img decoding=\"async\" width=\"1200\" height=\"777\" src=\"https:\/\/www.sage.com\/es-es\/blog\/wp-content\/uploads\/sites\/8\/2024\/12\/SGE_CTA_Ambassadors.jpg\" class=\"single-cta__image\" alt=\"Sage\" loading=\"lazy\" srcset=\"https:\/\/www.sage.com\/es-es\/blog\/wp-content\/uploads\/sites\/8\/2024\/12\/SGE_CTA_Ambassadors.jpg 1200w\" sizes=\"auto, (min-width: 48em) 33vw, 100vw\" \/>\t\t\t<\/div>\n<\/div>\n","protected":false},"excerpt":{"rendered":"<p>Llega una nueva forma de facturaci\u00f3n. \u00bfSabes c\u00f3mo afrontar el reto de la factura electr\u00f3nica? Te contamos todo lo que debes conocer.<\/p>\n","protected":false},"author":1743,"featured_media":27395,"comment_status":"closed","ping_status":"closed","sticky":false,"template":"","format":"standard","meta":{"_sage_video":false,"post_featured_image_hide":false,"footnotes":""},"categories":[3],"tags":[28,29,30],"business_type":[10,11,8],"lilypad":[],"context":[],"industry":[],"persona":[],"imagine_tag":[266],"coauthors":[505],"class_list":["post-27394","post","type-post","status-publish","format-standard","has-post-thumbnail","hentry","category-estrategia-gestion","tag-factura-electronica","tag-facturacion","tag-facturas","business_type-pequena-empresa","business_type-mediana-empresa","business_type-asesorias-despachos-profesionales"],"sage_meta":{"region":"es-es","author_name":"Eva Sereno","featured_image":"https:\/\/www.sage.com\/es-es\/blog\/wp-content\/uploads\/sites\/8\/2024\/08\/Sage_BrandShootNC_Feb2024_HR-Professionals_2843_OK.jpg","imagine_tags":{"266":"Facturaci\u00f3n"}},"distributor_meta":false,"distributor_terms":false,"distributor_media":false,"distributor_original_site_name":"Sage Advice Espa\u00f1a","distributor_original_site_url":"https:\/\/www.sage.com\/es-es\/blog","push-errors":false,"_links":{"self":[{"href":"https:\/\/www.sage.com\/es-es\/blog\/api\/wp\/v2\/posts\/27394","targetHints":{"allow":["GET"]}}],"collection":[{"href":"https:\/\/www.sage.com\/es-es\/blog\/api\/wp\/v2\/posts"}],"about":[{"href":"https:\/\/www.sage.com\/es-es\/blog\/api\/wp\/v2\/types\/post"}],"author":[{"embeddable":true,"href":"https:\/\/www.sage.com\/es-es\/blog\/api\/wp\/v2\/users\/1743"}],"replies":[{"embeddable":true,"href":"https:\/\/www.sage.com\/es-es\/blog\/api\/wp\/v2\/comments?post=27394"}],"version-history":[{"count":1,"href":"https:\/\/www.sage.com\/es-es\/blog\/api\/wp\/v2\/posts\/27394\/revisions"}],"predecessor-version":[{"id":37285,"href":"https:\/\/www.sage.com\/es-es\/blog\/api\/wp\/v2\/posts\/27394\/revisions\/37285"}],"wp:featuredmedia":[{"embeddable":true,"href":"https:\/\/www.sage.com\/es-es\/blog\/api\/wp\/v2\/media\/27395"}],"wp:attachment":[{"href":"https:\/\/www.sage.com\/es-es\/blog\/api\/wp\/v2\/media?parent=27394"}],"wp:term":[{"taxonomy":"category","embeddable":true,"href":"https:\/\/www.sage.com\/es-es\/blog\/api\/wp\/v2\/categories?post=27394"},{"taxonomy":"post_tag","embeddable":true,"href":"https:\/\/www.sage.com\/es-es\/blog\/api\/wp\/v2\/tags?post=27394"},{"taxonomy":"business_type","embeddable":true,"href":"https:\/\/www.sage.com\/es-es\/blog\/api\/wp\/v2\/business_type?post=27394"},{"taxonomy":"lilypad","embeddable":true,"href":"https:\/\/www.sage.com\/es-es\/blog\/api\/wp\/v2\/lilypad?post=27394"},{"taxonomy":"context","embeddable":true,"href":"https:\/\/www.sage.com\/es-es\/blog\/api\/wp\/v2\/context?post=27394"},{"taxonomy":"industry","embeddable":true,"href":"https:\/\/www.sage.com\/es-es\/blog\/api\/wp\/v2\/industry?post=27394"},{"taxonomy":"persona","embeddable":true,"href":"https:\/\/www.sage.com\/es-es\/blog\/api\/wp\/v2\/persona?post=27394"},{"taxonomy":"imagine_tag","embeddable":true,"href":"https:\/\/www.sage.com\/es-es\/blog\/api\/wp\/v2\/imagine_tag?post=27394"},{"taxonomy":"author","embeddable":true,"href":"https:\/\/www.sage.com\/es-es\/blog\/api\/wp\/v2\/coauthors?post=27394"}],"curies":[{"name":"wp","href":"https:\/\/api.w.org\/{rel}","templated":true}]}}