{"id":27661,"date":"2024-09-23T14:12:18","date_gmt":"2024-09-23T12:12:18","guid":{"rendered":"https:\/\/www.sage.com\/es-es\/blog\/?p=27661"},"modified":"2025-12-04T19:25:36","modified_gmt":"2025-12-04T18:25:36","slug":"rol-asesor-profesional-en-la-transicion-hacia-la-facturacion-electronica","status":"publish","type":"post","link":"https:\/\/www.sage.com\/es-es\/blog\/rol-asesor-profesional-en-la-transicion-hacia-la-facturacion-electronica\/","title":{"rendered":"El rol fundamental del asesor profesional en la transici\u00f3n hacia la facturaci\u00f3n electr\u00f3nica"},"content":{"rendered":"<header class=\"entry-header has-dark-background-color entry-header--has-illustration entry-header--has-illustration--generic\">\n\t<div class=\"container\">\n\t\t<div class=\"entry-header__row row align-center\">\n\t\t\t<div class=\"col col-lg-7 col-xlg-6 entry-header__content\">\n\t\t\t\t\t\t\t<div class=\"component component-single-header\">\n\t\t\t\t\t\t\t\t\t\t<div class=\"entry-header__misc text--subtitle text--uppercase text--small\">\n\t\t\t\t\t\t\t<a href=\"https:\/\/www.sage.com\/es-es\/blog\/categoria\/asesorias-despachos-profesionales\/\" class=\"entry-header__link\">Asesor\u00edas y Despachos Profesionales<\/a>\t\t\t\t\t\t<\/div>\n\t\t\t\t\n\t\t\t\t<div class=\"entry-title-wrapper\">\n\t\t\t\t\t<h1 class=\"entry-title\">\n\t\t\t\t\t\tEl rol fundamental del asesor profesional en la transici\u00f3n hacia la facturaci\u00f3n electr\u00f3nica\t\t\t\t\t<\/h1>\n\t\t\t\t<\/div>\n\n\t\t\t\t\t\t\t\t\t<p class=\"entry-header__description\">\n\t\t\t\t\t\t\t\t\t\t\t<\/p>\n\t\t\t\t\n\t\t\t\t\n\t\t\t\t\n\t\t\t<\/div>\n\n\t\t\t\t\t<\/div>\n\t\t\t\t\t<\/div>\n\t<\/div>\n\t<div class=\"single-post-details container\">\n\t\t<div class=\"col\">\n\t\t\t<span class=\"posted-on \"><time class=\"entry-date published\" datetime=\"2024-09-23T14:12:18+02:00\">23 September, 2024<\/time><\/span><span class=\"reading-time\"> minutos de lectura<\/span>\n\t\t<button\n\t\t\ttype=\"button\"\n\t\t\tclass=\"social-share-button button button--icon button--secondary js-social-share-button\"\n\t\t\tdata-share-title=\"El rol fundamental del asesor profesional en la transici\u00f3n hacia la facturaci\u00f3n electr\u00f3nica\"\n\t\t\tdata-share-url=\"https:\/\/www.sage.com\/es-es\/blog\/rol-asesor-profesional-en-la-transicion-hacia-la-facturacion-electronica\/\"\n\t\t\tdata-share-text=\"Please read this interesting article\"\n\t\t>\n\t\t\t<span class=\"social-share-button__share-label\">Compartir<\/span>\n\t\t\t<span class=\"social-share-button__copy-label\" hidden>Copiar enlace<\/span>\n\t\t\t<span class=\"social-share-button__copy-tooltip\" aria-hidden=\"true\" hidden>Copiado<\/span>\n\t\t<\/button>\n\n\t\t\t\t<\/div>\n\t<\/div>\n<\/header>\n\n\n\n<div class=\"wp-block-post-author has-dark-background-color alignfull\">\n\t<div class=\"container\">\n\t\t<div class=\"col\">\n\t\t\t\t\t\t\t<div class=\"co-authors\">\n\t\t\t\t\t\n\t\t<div class=\"entry-author-wrapper\">\n\t\t\t<a class=\"entry-author\" href=\"https:\/\/www.sage.com\/es-es\/blog\/author\/evasereno\/\">\n\t\t\t\t<img loading=\"lazy\" decoding=\"async\" width=\"40\" height=\"40\" src=\"https:\/\/www.sage.com\/es-es\/blog\/wp-content\/uploads\/sites\/8\/2023\/11\/foto-600-x-600-eva-sereno-350x350.jpg\" class=\"entry-author__image\" alt=\"Sage\" srcset=\"https:\/\/www.sage.com\/es-es\/blog\/wp-content\/uploads\/sites\/8\/2023\/11\/foto-600-x-600-eva-sereno-350x350.jpg 350w, https:\/\/www.sage.com\/es-es\/blog\/wp-content\/uploads\/sites\/8\/2023\/11\/foto-600-x-600-eva-sereno.jpg 600w\" sizes=\"auto, (max-width: 40px) 100vw, 40px\" \/>\t\t\t\t<span class=\"entry-author__name\">Eva Sereno<\/span>\n\t\t\t<\/a>\n\n\t\t\t\t\t<\/div>\n\n\t\t\t\t\t\t<\/div>\n\t\t\t\t\t<\/div>\n\t<\/div>\n<\/div>\n\n\n\n\n\n<p class=\"has-paragraph-medium-font-size\">Los asesores son perfectos aliados de las pymes para informarles de todos los cambios que llegan con la factura electr\u00f3nica.<\/p>\n\n\n\n<ul class=\"wp-block-list\">\n<li>Comprender la terminolog\u00eda de la Ley Crea y Crece es una de las principales barreras para implantar la e-factura.<\/li>\n\n\n\n<li>Los asesores no solo deber\u00e1n informar de la nueva norma, sino tambi\u00e9n deber\u00e1n aconsejar programas que cumplan con la legislaci\u00f3n vigente.<\/li>\n<\/ul>\n\n\n\n<p><strong>Factura electr\u00f3nica<\/strong>. Con tan solo o\u00edr estas palabras, muchas empresas, especialmente las pymes, empiezan a sentir una cierta inquietud al tener que <strong>facturar pr\u00f3ximamente por este sistema de acuerdo con la <\/strong><a href=\"https:\/\/www.sage.com\/es-es\/blog\/obligado-a-hacer-factura-electronica-que-dice-nueva-ley-crea-y-crece\/\"><strong>Ley Crea y Crece<\/strong><\/a>. Y el temor no es infundado porque todav\u00eda hay muchas incertidumbres sobre su funcionamiento.<\/p>\n\n\n\n<p>No obstante, no hay que tener miedo a este paso. Las empresas, sobre todo las pymes y micropymes, tienen un <strong>aliado en el asesor profesional<\/strong>. Es la persona que va a poder ayudarles en este tr\u00e1nsito hacia la factura electr\u00f3nica. El rol asesor es clave para que todo se haga de forma correcta y ordenada. <\/p>\n\n\n\n<p>En concreto, \u00bfqu\u00e9 papel van a tener? \u00bfCu\u00e1l va a ser su funci\u00f3n? Para responder a estas y m\u00e1s preguntas, en <strong>Sage hemos hablado con varios asesores profesionales<\/strong> para que nos aporten su visi\u00f3n y conocimiento.<\/p>\n\n\n\n<p><strong>CONTENIDO DEL POST<\/strong><\/p>\n\n\n<?xml encoding=\"utf-8\" ?><div class=\"wp-block-yoast-seo-table-of-contents yoast-table-of-contents\"><ul><li><a href=\"#situacion-actual-de-la-factura-electronica-en-las-empresas\" data-level=\"2\">Situaci&oacute;n actual de la factura electr&oacute;nica en las empresas<\/a><ul><li><a href=\"#h-la-preparacion-de-las-pymes-vs-las-empresas-pequenas\" data-level=\"3\">La preparaci&oacute;n de las pymes vs las empresas peque&ntilde;as<\/a><\/li><\/ul><\/li><li><a href=\"#los-desafios-hacia-la-facturacion-en-formato-digital\" data-level=\"2\">Los desaf&iacute;os hacia la facturaci&oacute;n en formato digital<\/a><\/li><li><a href=\"#el-rol-asesor-funciones-clave\" data-level=\"2\">El rol asesor: Funciones clave<\/a><ul><li><a href=\"#el-analisis-una-funcion-clave-en-el-rol-del-asesor\" data-level=\"3\">El an&aacute;lisis, una funci&oacute;n clave en el rol del asesor<\/a><\/li><\/ul><\/li><li><a href=\"#la-factura-electronica-como-oportunidad\" data-level=\"2\">La e-factura como oportunidad<\/a><\/li><\/ul><\/div>\n\n\n\n<div class=\"single-cta\">\n\t<div class=\"single-cta__positioner\">\n\t\t<div class=\"single-cta__wrapper has-dark-background-color\">\n\t\t\t<div class=\"single-cta__content\">\n\t\t\t\t\t\t\t\t<h2 class=\"single-cta__title h3\">\u00bfEst\u00e1 tu software listo para Verifactu 2027?<\/h2>\n\n\t\t\t\t\t\t\t\t\t<div class=\"single-cta__description\">\n\t\t\t\t\t\t<p><!-- wp:paragraph --><\/p>\n<p>\u2705 El calendario cambia y la <strong>entrada obligatoria se aplaza a 2027<\/strong>, pero la oportunidad de profesionalizar tu facturaci\u00f3n sigue ah\u00ed.<\/p>\n<p><!-- \/wp:paragraph --><\/p>\n<p><!-- wp:paragraph --><\/p>\n<p><small>Y aqu\u00ed tienes una ventaja: en Sage hemos sido los <strong>primeros en certificar nuestras soluciones con Verifactu<\/strong>, garant\u00eda de que ya trabajas con un <strong>software verdaderamente adaptado a la Ley Antifraude. <\/strong><\/small><\/p>\n<p><!-- \/wp:paragraph --><\/p>\n\t\t\t\t\t<\/div>\n\t\t\t\t\n\t\t\t\t\t\t\t\t\t\t\t\t\t\t<a\n\t\t\t\t\t\thref=\"https:\/\/www.sage.com\/es-es\/certificacion-software\/certificaciones-sage\/\"\n\t\t\t\t\t\tclass=\"single-cta__button button button--primary\"\n\t\t\t\t\t\t\t\t\t\t\t\t\tid=\"cta-id-31589\"\n\t\t\t\t\t\t\t\t\t\t\t\t\t\t\t\t\t\t\tdata-button-location=\"cta_box\"\n\t\t\t\t\t\t\t\t\t\t\t>Descubre cu\u00e1l se adapta mejor a tu negocio<\/a>\n\t\t\t\t\t\t\t<\/div>\n\n\t\t\t\t\t<\/div>\n\n\t\t\t\t\t<img decoding=\"async\" width=\"934\" height=\"810\" src=\"https:\/\/www.sage.com\/es-es\/blog\/wp-content\/uploads\/sites\/8\/2025\/05\/Verifactu-Ready-2-934x810.jpg\" class=\"single-cta__image\" alt=\"Sage\" loading=\"lazy\" srcset=\"https:\/\/www.sage.com\/es-es\/blog\/wp-content\/uploads\/sites\/8\/2025\/05\/Verifactu-Ready-2-934x810.jpg 934w\" sizes=\"auto, (min-width: 48em) 33vw, 100vw\" \/>\t\t\t<\/div>\n<\/div>\n\n\n\n<h2 class=\"wp-block-heading\" id=\"situacion-actual-de-la-factura-electronica-en-las-empresas\">Situaci\u00f3n actual de la factura electr\u00f3nica en las empresas<\/h2>\n\n\n\n<p>La utilizaci\u00f3n de la e-factura es desigual en el tejido empresarial, aunque, hoy en d\u00eda, \u201clas pymes est\u00e1n mejor preparadas para <a href=\"https:\/\/www.sage.com\/es-es\/blog\/efactura-en-la-empresa-es-muy-facil-implantarla\/\">adaptarse a la factura electr\u00f3nica<\/a>. <strong>En los \u00faltimos a\u00f1os ha habido un aumento muy significativo en la disponibilidad de software de facturaci\u00f3n <\/strong>espec\u00edficamente para las necesidades de peque\u00f1as y medianas empresas. Adem\u00e1s, son herramientas accesibles, asequibles y m\u00e1s f\u00e1ciles de usar que antes\u201d, afirma David Gonz\u00e1lez Pescador, de Glezco Asesores y Consultores.&nbsp;<\/p>\n\n\n\n<p>Este asesor profesional asegura que <strong>la pandemia aceler\u00f3 la digitalizaci\u00f3n en muchos sectores <\/strong>por lo que ya se empez\u00f3 a abrazar la factura electr\u00f3nica. La COVID-19 no ha sido el \u00fanico factor. Es una combinaci\u00f3n de \u201cmayor disponibilidad y accesibilidad de tecnolog\u00edas, el impulso regulatorio, la mejora en la capacitaci\u00f3n y la educaci\u00f3n, as\u00ed como un cambio cultural hacia la digitalizaci\u00f3n\u201d.&nbsp;<\/p>\n\n\n\n<h3 class=\"wp-block-heading\" id=\"h-la-preparacion-de-las-pymes-vs-las-empresas-pequenas\">La preparaci\u00f3n de las pymes vs las empresas peque\u00f1as<\/h3>\n\n\n\n<p>A pesar de esta evoluci\u00f3n, se observa que \u201c<strong>las pymes estar\u00e1n m\u00e1s preparadas que las empresas peque\u00f1as en cuanto a recursos<\/strong>\u201d, afirma Conchi Sancar, asesora y especialista en digitalizaci\u00f3n de asesor\u00edas. De hecho, en estos momentos, a\u00fan hay tejido empresarial que no ha dado el paso porque es \u201cun <strong>proceso en el que intervienen los asesores, las empresas inform\u00e1ticas y los administrativos o contables<\/strong>, que han de ejecutar los cambios en la factura electr\u00f3nica y nadie est\u00e1 por la labor todav\u00eda\u201d, a\u00f1ade la asesora fiscal Lluisa Ochoa.&nbsp;<\/p>\n\n\n\n<p>Y, en los aut\u00f3nomos, se observa que creen que es \u201cun trabajo de su asesor\u00eda\u201d, matiza Conchi Sancar, aunque no es as\u00ed. Esto lleva a su vez a \u201c<strong>mentalizar a los asesores de este nuevo reto<\/strong> e integrarlos en el mismo para no caer en la falsa idea de que este tema es solo competencia de las empresas inform\u00e1ticas\u201d, incide Lluisa Ochoa. Queda as\u00ed mucho trabajo por delante en el que el rol asesor es clave al estar en contacto con las pymes.<\/p>\n\n\n\n<figure class=\"wp-block-image size-full\"><img loading=\"lazy\" decoding=\"async\" width=\"2400\" height=\"1261\" src=\"https:\/\/www.sage.com\/es-es\/blog\/wp-content\/uploads\/sites\/8\/2024\/09\/BLOG_V1-1.jpg\" alt=\"Sage\" class=\"wp-image-27776\" srcset=\"https:\/\/www.sage.com\/es-es\/blog\/wp-content\/uploads\/sites\/8\/2024\/09\/BLOG_V1-1.jpg 2400w, https:\/\/www.sage.com\/es-es\/blog\/wp-content\/uploads\/sites\/8\/2024\/09\/BLOG_V1-1-768x404.jpg 768w, https:\/\/www.sage.com\/es-es\/blog\/wp-content\/uploads\/sites\/8\/2024\/09\/BLOG_V1-1-1440x757.jpg 1440w, https:\/\/www.sage.com\/es-es\/blog\/wp-content\/uploads\/sites\/8\/2024\/09\/BLOG_V1-1-1536x807.jpg 1536w, https:\/\/www.sage.com\/es-es\/blog\/wp-content\/uploads\/sites\/8\/2024\/09\/BLOG_V1-1-2048x1076.jpg 2048w\" sizes=\"auto, (max-width: 2400px) 100vw, 2400px\" \/><\/figure>\n\n\n\n<h2 class=\"wp-block-heading\" id=\"los-desafios-hacia-la-facturacion-en-formato-digital\">Los desaf\u00edos hacia la facturaci\u00f3n en formato digital<\/h2>\n\n\n\n<p>La implantaci\u00f3n de <a href=\"https:\/\/www.sage.com\/es-es\/blog\/facturacion-electronica-el-camino-hacia-una-economia-conectada\/\">la factura electr\u00f3nica tiene ante s\u00ed una serie de retos<\/a> en los que el rol asesor puede ayudar a superarlos. \u00bfCu\u00e1les son los principales? Te los contamos:&nbsp;<\/p>\n\n\n\n<ul class=\"wp-block-list\">\n<li><strong>Emociones<\/strong>: todo cambio en cualquier nivel de la empresa plantea un reto emocional, que hay que saber gestionar.&nbsp;<\/li>\n\n\n\n<li><strong>Informaci\u00f3n<\/strong>: ha ido estando disponible, pero no siempre en cantidad suficiente. Adem\u00e1s, est\u00e1 el problema de la \u201ccomprensi\u00f3n de la terminolog\u00eda\u201d que no siempre ha sido f\u00e1cil para las pymes, se\u00f1ala David Gonz\u00e1lez Pescador. Un motivo por el que el rol asesor vuelve a ser clave para hacer comprensibles todos los t\u00e9rminos y los cambios normativos de cara a las empresas. Conchi Sancar ahonda en esta premisa porque \u201cse informan por el asesor\u201d.&nbsp;<\/li>\n\n\n\n<li><strong>Adaptaci\u00f3n<\/strong>: es uno de los retos m\u00e1s importantes porque, \u201cde momento, no se est\u00e1 abordando\u201d, explica Lluisa Ochoa. No obstante, las empresas en proceso de renovaci\u00f3n global del software s\u00ed est\u00e1n introduciendo la e-factura.&nbsp;<\/li>\n\n\n\n<li><strong>Formaci\u00f3n<\/strong>: ser\u00e1 necesario capacitar al personal que, en ocasiones, \u201cmuestra resistencia al cambio\u201d, apunta el Socio Director de Glezco Asesores y Consultores.&nbsp;<\/li>\n\n\n\n<li><strong>Costumbres<\/strong>: la implantaci\u00f3n de la factura electr\u00f3nica llevar\u00e1 a \u201cromper\u201d con costumbres interiorizadas en los departamentos de Administraci\u00f3n.&nbsp;<\/li>\n\n\n\n<li><strong>Adecuaci\u00f3n<\/strong>: uno de los aspectos m\u00e1s complejos es adecuar todas las facturas al Reglamento de Facturaci\u00f3n. Con la mayor informaci\u00f3n que tendr\u00e1 la Agencia Tributaria, es vital que todo est\u00e9 conforme a la norma y sea correcto.&nbsp;<\/li>\n\n\n\n<li><strong>Sanciones<\/strong>: est\u00e1n recogidas en la normativa. Y, aunque hay que conocerlas, quiz\u00e1 no hay que poner el \u00e9nfasis en comunicarlas porque, \u201cen lugar de incentivar, paraliza y aleja\u201d, asevera Lluisa Ochoa.<\/li>\n<\/ul>\n\n\n\n<figure class=\"wp-block-image size-large\"><img loading=\"lazy\" decoding=\"async\" width=\"1440\" height=\"757\" src=\"https:\/\/www.sage.com\/es-es\/blog\/wp-content\/uploads\/sites\/8\/2024\/09\/BLOG_V1-3-1440x757.jpg\" alt=\"Sage\" class=\"wp-image-27780\" srcset=\"https:\/\/www.sage.com\/es-es\/blog\/wp-content\/uploads\/sites\/8\/2024\/09\/BLOG_V1-3-1440x757.jpg 1440w, https:\/\/www.sage.com\/es-es\/blog\/wp-content\/uploads\/sites\/8\/2024\/09\/BLOG_V1-3-768x404.jpg 768w, https:\/\/www.sage.com\/es-es\/blog\/wp-content\/uploads\/sites\/8\/2024\/09\/BLOG_V1-3-1536x807.jpg 1536w, https:\/\/www.sage.com\/es-es\/blog\/wp-content\/uploads\/sites\/8\/2024\/09\/BLOG_V1-3-2048x1076.jpg 2048w\" sizes=\"auto, (max-width: 1440px) 100vw, 1440px\" \/><\/figure>\n\n\n\n<h2 class=\"wp-block-heading\" id=\"el-rol-asesor-funciones-clave\">El rol asesor: Funciones clave<\/h2>\n\n\n\n<p>Adem\u00e1s de ayudar a superar todas las barreras anteriores, el <strong>rol asesor va a ser decisivo en la implantaci\u00f3n de la <a href=\"https:\/\/www.sage.com\/es-es\/software-contabilidad\/factura-electronica\/\">factura electr\u00f3nica<\/a><\/strong>. Sus funciones van a ser diversas. Incluso es probable que tengan que asumir algunas que no les corresponden. Estas son algunas de ellas.<\/p>\n\n\n\n<details class=\"wp-block-details is-layout-flow wp-block-details-is-layout-flow\"><summary>Comunicaci\u00f3n<\/summary>\n<p>Las asesor\u00edas deben transmitir el mensaje a las empresas de que son la persona m\u00e1s pr\u00f3xima al proceso contable y de emisi\u00f3n de facturas. Esto permitir\u00e1 dar tranquilidad ante la incertidumbre existente en muchas pymes. Adem\u00e1s, tienen que explicarles las normativas fiscales y relacionadas con la factura electr\u00f3nica.&nbsp;<\/p>\n<\/details>\n\n\n\n<details class=\"wp-block-details is-layout-flow wp-block-details-is-layout-flow\"><summary>Recomendaciones<\/summary>\n<p>Una de las funciones ser\u00e1 aconsejar alg\u00fan programa. Lo ideal es que haga la factura electr\u00f3nica por parte de los clientes, se verifique autom\u00e1ticamente y se integre de forma sencilla con la contabilidad que gestiona el asesor. Y todo ello sin obviar una seguridad robusta. En toda soluci\u00f3n de tecnolog\u00eda, el rol asesor implica asegurar que cumple con la normativa.&nbsp;<\/p>\n<\/details>\n\n\n\n<details class=\"wp-block-details is-layout-flow wp-block-details-is-layout-flow\"><summary>Formaci\u00f3n<\/summary>\n<p>Muchos asesores deber\u00e1n formar o dirigir al personal de las empresas en los programas de facturaci\u00f3n. Un rol asesor que, en este caso, ser\u00e1 compartido con las pymes, que tambi\u00e9n designar\u00e1n personas para realizar este cambio de forma interna. Las asesor\u00edas tendr\u00e1n que estar familiarizadas con el negocio y procesos de los clientes para orientarles desde el punto de vista legal, administrativo y en la elecci\u00f3n del partner tecnol\u00f3gico.&nbsp;<\/p>\n<\/details>\n\n\n\n<h3 class=\"wp-block-heading\" id=\"el-analisis-una-funcion-clave-en-el-rol-del-asesor\">El an\u00e1lisis, una funci\u00f3n clave en el rol del asesor<\/h3>\n\n\n\n<p>La factura electr\u00f3nica es una oportunidad para identificar oportunidades de mejora, hacer m\u00e1s eficiente el proceso de facturaci\u00f3n y evitar posibles sanciones. Un an\u00e1lisis que se incluye a su vez en este rol asesor.&nbsp;<\/p>\n\n\n\n<p>De momento, muchos asesores ya han dado algunos pasos en estas l\u00edneas como \u201cofrecer programas adaptados a la factura electr\u00f3nica. Otras van m\u00e1s all\u00e1 y exponen la normativa, dejando patente que <strong>ellos como asesores no son responsables, pero ayudar\u00e1n a las pymes a encontrar la soluci\u00f3n<\/strong>\u201d, expone Conchi Sancar.&nbsp;<\/p>\n\n\n\n<p>Por ejemplo, desde Glezco \u201cestamos haciendo un <strong>an\u00e1lisis individualizado para comprender las necesidades y desaf\u00edos espec\u00edficos de cada cliente<\/strong>, planificando una transici\u00f3n suave y personalizada\u201d, explica David Gonz\u00e1lez Pescador.&nbsp;<\/p>\n\n\n\n<p>Pero tambi\u00e9n queda camino por hacer porque las asesor\u00edas \u201candan agobiadas en el d\u00eda a d\u00eda, se ha tomado esta medida de factura electr\u00f3nica como algo a largo plazo. Quien va a tener que a<strong>daptarse realmente es el personal de la empresa que deber\u00e1 seguir las directrices de la asesor\u00eda<\/strong>\u201d, explica Lluisa Ochoa.<\/p>\n\n\n\n<figure class=\"wp-block-image size-full\"><img loading=\"lazy\" decoding=\"async\" width=\"2400\" height=\"1261\" src=\"https:\/\/www.sage.com\/es-es\/blog\/wp-content\/uploads\/sites\/8\/2024\/09\/BLOG_V1-2.jpg\" alt=\"Sage\" class=\"wp-image-27779\" srcset=\"https:\/\/www.sage.com\/es-es\/blog\/wp-content\/uploads\/sites\/8\/2024\/09\/BLOG_V1-2.jpg 2400w, https:\/\/www.sage.com\/es-es\/blog\/wp-content\/uploads\/sites\/8\/2024\/09\/BLOG_V1-2-768x404.jpg 768w, https:\/\/www.sage.com\/es-es\/blog\/wp-content\/uploads\/sites\/8\/2024\/09\/BLOG_V1-2-1440x757.jpg 1440w, https:\/\/www.sage.com\/es-es\/blog\/wp-content\/uploads\/sites\/8\/2024\/09\/BLOG_V1-2-1536x807.jpg 1536w, https:\/\/www.sage.com\/es-es\/blog\/wp-content\/uploads\/sites\/8\/2024\/09\/BLOG_V1-2-2048x1076.jpg 2048w\" sizes=\"auto, (max-width: 2400px) 100vw, 2400px\" \/><\/figure>\n\n\n\n<h2 class=\"wp-block-heading\" id=\"la-factura-electronica-como-oportunidad\"><strong>La e-factura como oportunidad<\/strong><\/h2>\n\n\n\n<p>La Ley Crea y Crece obliga a la factura electr\u00f3nica. Pero no hay que verlo como una obligaci\u00f3n porque tiene <strong>numerosas ventajas<\/strong>. Un punto de vista que debe tener en cuenta el rol asesor porque deber\u00e1 concienciar a las pymes:<strong>&nbsp;<\/strong><\/p>\n\n\n\n<ul class=\"wp-block-list\">\n<li><strong>Control fiscal<\/strong>: es beneficioso para las empresas por esa mayor trazabilidad de las transacciones. Tambi\u00e9n facilita un mejor registro de los gastos y facturas.&nbsp;&nbsp;&nbsp;<\/li>\n\n\n\n<li><strong>Errores<\/strong>: al producirse menos equivocaciones, se ahorran costes de emisi\u00f3n y env\u00edo.&nbsp;<\/li>\n\n\n\n<li><strong>Fraude fiscal<\/strong>: ayudar\u00e1 a <a href=\"https:\/\/www.sage.com\/es-es\/blog\/hacienda-y-el-control-del-fraude-fiscal-lo-que-debes-saber-del-plan-estrategico-2024-2027\/\">reducir el fraude fiscal<\/a> por la inalterabilidad de los procesos de facturaci\u00f3n.&nbsp;<\/li>\n\n\n\n<li><strong>Decisiones<\/strong>: el mayor control y trazabilidad va a permitir disponer de una informaci\u00f3n de m\u00e1s calidad, redundando en una mejor toma de decisiones de negocio.&nbsp;<\/li>\n\n\n\n<li><strong>Sostenibilidad<\/strong>: se reduce el uso del papel, contribuyendo a una mayor sostenibilidad.&nbsp;<\/li>\n<\/ul>\n\n\n\n<blockquote class=\"wp-block-quote is-layout-flow wp-block-quote-is-layout-flow\">\n<p>El asesor debe concienciar a las pymes de los beneficios de la factura electr\u00f3nica para aprovechar sus ventajas y se vea como una oportunidad de mejora.<\/p>\n<\/blockquote>\n\n\n\n<p>Son solo algunas de las ventajas que han apuntado estos tres asesores de la factura electr\u00f3nica que debe verse como una oportunidad. Eso s\u00ed, <a href=\"https:\/\/www.sage.com\/es-es\/blog\/factura-electronica-obligatoria-este-es-el-calendario-de-implementacion\/\">requiere <strong>comenzar ya a trabajar <\/strong>en este proceso<\/a>, si a\u00fan no se ha empezado.<\/p>\n\n\n\n<p>Los asesores juegan un papel fundamental al guiar a las empresas en el cumplimiento de esta nueva normativa. Pero no est\u00e1n solos en esta tarea. <strong>Sage<\/strong>, l\u00edder en soluciones empresariales, se posiciona como un <strong>aliado estrat\u00e9gico, acompa\u00f1ando a sus clientes durante todo el proceso <\/strong>de adaptaci\u00f3n a la factura electr\u00f3nica. Sage ofrece no solo formaci\u00f3n y soporte, sino tambi\u00e9n las herramientas tecnol\u00f3gicas necesarias para asegurar un cumplimiento eficiente y sin complicaciones.<\/p>\n\n\n\n<div class=\"single-cta gated-content\">\n\t<div class=\"single-cta__positioner\">\n\t\t<div class=\"single-cta__wrapper has-dark-background-color\">\n\t\t\t<div class=\"single-cta__content\">\n\t\t\t\t\t\t\t\t<h2 class=\"single-cta__title h3\">Factura electr\u00f3nica<\/h2>\n\n\t\t\t\t\t\t\t\t\t<div class=\"single-cta__description\">\n\t\t\t\t\t\t<p><!-- wp:paragraph --><\/p>\n<p>DESCARGA TU GU\u00cdA GRATUITA<\/p>\n<p><!-- \/wp:paragraph --><\/p>\n<p><!-- wp:paragraph --><\/p>\n<p>Si tienes que hacer una factura electr\u00f3nica electr\u00f3nica por primera vez, esta gu\u00eda es para ti.<\/p>\n<p><!-- \/wp:paragraph --><\/p>\n<p><!-- wp:list --><\/p>\n<ul class=\"wp-block-list\"><!-- wp:list-item --><\/p>\n<li>Qu\u00e9 es la factura electr\u00f3nica.<\/li>\n<p><!-- \/wp:list-item --><\/p>\n<p><!-- wp:list-item --><\/p>\n<li>Cu\u00e1l es el formato correcto.<\/li>\n<p><!-- \/wp:list-item --><\/p>\n<p><!-- wp:list-item --><\/p>\n<li>Diferencias versus la factura tradicional.<\/li>\n<p><!-- \/wp:list-item --><\/ul>\n<p><!-- \/wp:list --><\/p>\n\t\t\t\t\t<\/div>\n\t\t\t\t\n\t\t\t\t\t\t\t\t\t\t\t\t\t\t<a\n\t\t\t\t\t\thref=\"#gate-ed6a16f1-e973-493a-8fc7-7fc79df348dc\"\n\t\t\t\t\t\tclass=\"single-cta__button button button--primary\"\n\t\t\t\t\t\t\t\t\t\t\t\t\t\t\t\t\t>\u00a1Quiero mi gu\u00eda GRATIS!<\/a>\n\t\t\t\t\t\t\t<\/div>\n\n\t\t\t\t\t<\/div>\n\n\t\t\t\t\t<img decoding=\"async\" width=\"1252\" height=\"810\" src=\"https:\/\/www.sage.com\/es-es\/blog\/wp-content\/uploads\/sites\/8\/2024\/05\/SGE_Mockup_Banner_Fondo-Verde_Factura-electronica_como-sobrevivir-a-tu-primera-vez-1252x810.jpg\" class=\"single-cta__image\" alt=\"Sage\" loading=\"lazy\" srcset=\"https:\/\/www.sage.com\/es-es\/blog\/wp-content\/uploads\/sites\/8\/2024\/05\/SGE_Mockup_Banner_Fondo-Verde_Factura-electronica_como-sobrevivir-a-tu-primera-vez-1252x810.jpg 1252w\" sizes=\"auto, (min-width: 48em) 33vw, 100vw\" \/>\t\t\t<\/div>\n<\/div>\n","protected":false},"excerpt":{"rendered":"<p>Recomendar un software, velar por el cumplimiento normativo y que todas las facturas est\u00e9n adecuadas al marco legal son funciones en el rol del asesor en la transici\u00f3n hacia la facturaci\u00f3n electr\u00f3nica.<\/p>\n","protected":false},"author":1743,"featured_media":25974,"comment_status":"closed","ping_status":"closed","sticky":false,"template":"","format":"standard","meta":{"_sage_video":false,"post_featured_image_hide":false,"footnotes":""},"categories":[7],"tags":[187,28,30],"business_type":[8],"lilypad":[],"context":[],"industry":[],"persona":[],"imagine_tag":[280,266],"coauthors":[505],"class_list":["post-27661","post","type-post","status-publish","format-standard","has-post-thumbnail","hentry","category-asesorias-despachos-profesionales","tag-asesorias-y-despachos-profesionales","tag-factura-electronica","tag-facturas","business_type-asesorias-despachos-profesionales"],"sage_meta":{"region":"es-es","author_name":"Eva Sereno","featured_image":"https:\/\/www.sage.com\/es-es\/blog\/wp-content\/uploads\/sites\/8\/2024\/03\/Sage_BrandShootNC_Feb2024_HR-Professionals_2070.jpg","imagine_tags":{"280":"Asesor\u00edas y despachos","266":"Facturaci\u00f3n"}},"distributor_meta":false,"distributor_terms":false,"distributor_media":false,"distributor_original_site_name":"Sage Advice Espa\u00f1a","distributor_original_site_url":"https:\/\/www.sage.com\/es-es\/blog","push-errors":false,"_links":{"self":[{"href":"https:\/\/www.sage.com\/es-es\/blog\/api\/wp\/v2\/posts\/27661","targetHints":{"allow":["GET"]}}],"collection":[{"href":"https:\/\/www.sage.com\/es-es\/blog\/api\/wp\/v2\/posts"}],"about":[{"href":"https:\/\/www.sage.com\/es-es\/blog\/api\/wp\/v2\/types\/post"}],"author":[{"embeddable":true,"href":"https:\/\/www.sage.com\/es-es\/blog\/api\/wp\/v2\/users\/1743"}],"replies":[{"embeddable":true,"href":"https:\/\/www.sage.com\/es-es\/blog\/api\/wp\/v2\/comments?post=27661"}],"version-history":[{"count":0,"href":"https:\/\/www.sage.com\/es-es\/blog\/api\/wp\/v2\/posts\/27661\/revisions"}],"wp:featuredmedia":[{"embeddable":true,"href":"https:\/\/www.sage.com\/es-es\/blog\/api\/wp\/v2\/media\/25974"}],"wp:attachment":[{"href":"https:\/\/www.sage.com\/es-es\/blog\/api\/wp\/v2\/media?parent=27661"}],"wp:term":[{"taxonomy":"category","embeddable":true,"href":"https:\/\/www.sage.com\/es-es\/blog\/api\/wp\/v2\/categories?post=27661"},{"taxonomy":"post_tag","embeddable":true,"href":"https:\/\/www.sage.com\/es-es\/blog\/api\/wp\/v2\/tags?post=27661"},{"taxonomy":"business_type","embeddable":true,"href":"https:\/\/www.sage.com\/es-es\/blog\/api\/wp\/v2\/business_type?post=27661"},{"taxonomy":"lilypad","embeddable":true,"href":"https:\/\/www.sage.com\/es-es\/blog\/api\/wp\/v2\/lilypad?post=27661"},{"taxonomy":"context","embeddable":true,"href":"https:\/\/www.sage.com\/es-es\/blog\/api\/wp\/v2\/context?post=27661"},{"taxonomy":"industry","embeddable":true,"href":"https:\/\/www.sage.com\/es-es\/blog\/api\/wp\/v2\/industry?post=27661"},{"taxonomy":"persona","embeddable":true,"href":"https:\/\/www.sage.com\/es-es\/blog\/api\/wp\/v2\/persona?post=27661"},{"taxonomy":"imagine_tag","embeddable":true,"href":"https:\/\/www.sage.com\/es-es\/blog\/api\/wp\/v2\/imagine_tag?post=27661"},{"taxonomy":"author","embeddable":true,"href":"https:\/\/www.sage.com\/es-es\/blog\/api\/wp\/v2\/coauthors?post=27661"}],"curies":[{"name":"wp","href":"https:\/\/api.w.org\/{rel}","templated":true}]}}