{"id":27964,"date":"2024-10-09T19:52:17","date_gmt":"2024-10-09T17:52:17","guid":{"rendered":"https:\/\/www.sage.com\/es-es\/blog\/?p=27964"},"modified":"2026-02-04T15:21:41","modified_gmt":"2026-02-04T14:21:41","slug":"guia-recargo-de-equivalencia","status":"publish","type":"post","link":"https:\/\/www.sage.com\/es-es\/blog\/guia-recargo-de-equivalencia\/","title":{"rendered":"[GUIA] El recargo de equivalencia en la pr\u00e1ctica: Gu\u00eda para aut\u00f3nomos y pymes"},"content":{"rendered":"<header class=\"entry-header has-dark-background-color entry-header--has-illustration entry-header--has-illustration--generic\">\n\t<div class=\"container\">\n\t\t<div class=\"entry-header__row row align-center\">\n\t\t\t<div class=\"col col-lg-7 col-xlg-6 entry-header__content\">\n\t\t\t\t\t\t\t<div class=\"component component-single-header\">\n\t\t\t\t\t\t\t\t\t\t<div class=\"entry-header__misc text--subtitle text--uppercase text--small\">\n\t\t\t\t\t\t\t<a href=\"https:\/\/www.sage.com\/es-es\/blog\/categoria\/finanzas\/\" class=\"entry-header__link\">Finanzas<\/a>\t\t\t\t\t\t<\/div>\n\t\t\t\t\n\t\t\t\t<div class=\"entry-title-wrapper\">\n\t\t\t\t\t<h1 class=\"entry-title\">\n\t\t\t\t\t\t[GUIA] El recargo de equivalencia en la pr\u00e1ctica: Gu\u00eda para aut\u00f3nomos y pymes\t\t\t\t\t<\/h1>\n\t\t\t\t<\/div>\n\n\t\t\t\t\t\t\t\t\t<p class=\"entry-header__description\">\n\t\t\t\t\t\t\t\t\t\t\t<\/p>\n\t\t\t\t\n\t\t\t\t\n\t\t\t\t\n\t\t\t<\/div>\n\n\t\t\t\t\t<\/div>\n\t\t\t\t\t<\/div>\n\t<\/div>\n\t<div class=\"single-post-details container\">\n\t\t<div class=\"col\">\n\t\t\t<span class=\"posted-on \"><time class=\"entry-date published\" datetime=\"2024-10-09T19:52:17+02:00\">9 October, 2024<\/time><\/span><span class=\"reading-time\"> minutos de lectura<\/span>\n\t\t<button\n\t\t\ttype=\"button\"\n\t\t\tclass=\"social-share-button button button--icon button--secondary js-social-share-button\"\n\t\t\tdata-share-title=\"[GUIA] El recargo de equivalencia en la pr\u00e1ctica: Gu\u00eda para aut\u00f3nomos y pymes\"\n\t\t\tdata-share-url=\"https:\/\/www.sage.com\/es-es\/blog\/guia-recargo-de-equivalencia\/\"\n\t\t\tdata-share-text=\"Please read this interesting article\"\n\t\t>\n\t\t\t<span class=\"social-share-button__share-label\">Compartir<\/span>\n\t\t\t<span class=\"social-share-button__copy-label\" hidden>Copiar enlace<\/span>\n\t\t\t<span class=\"social-share-button__copy-tooltip\" aria-hidden=\"true\" hidden>Copiado<\/span>\n\t\t<\/button>\n\n\t\t\t\t<\/div>\n\t<\/div>\n<\/header>\n\n\n\n<div class=\"wp-block-post-author has-dark-background-color alignfull\">\n\t<div class=\"container\">\n\t\t<div class=\"col\">\n\t\t\t\t\t\t\t<div class=\"co-authors\">\n\t\t\t\t\t\n\t\t<div class=\"entry-author-wrapper\">\n\t\t\t<a class=\"entry-author\" href=\"https:\/\/www.sage.com\/es-es\/blog\/author\/gonzalo-garcia-abad\/\">\n\t\t\t\t<img loading=\"lazy\" decoding=\"async\" width=\"40\" height=\"40\" src=\"https:\/\/www.sage.com\/es-es\/blog\/wp-content\/uploads\/sites\/8\/2024\/02\/Gonzalo-Garcia_2024_600x600-350x350.jpg\" class=\"entry-author__image\" alt=\"\" srcset=\"https:\/\/www.sage.com\/es-es\/blog\/wp-content\/uploads\/sites\/8\/2024\/02\/Gonzalo-Garcia_2024_600x600-350x350.jpg 350w, https:\/\/www.sage.com\/es-es\/blog\/wp-content\/uploads\/sites\/8\/2024\/02\/Gonzalo-Garcia_2024_600x600.jpg 600w\" sizes=\"auto, (max-width: 40px) 100vw, 40px\" \/>\t\t\t\t<span class=\"entry-author__name\">Gonzalo Garc\u00eda Abad<\/span>\n\t\t\t<\/a>\n\n\t\t\t\t\t<\/div>\n\n\t\t\t\t\t\t<\/div>\n\t\t\t\t\t<\/div>\n\t<\/div>\n<\/div>\n\n\n\n<div class=\"single-cta gated-content\">\n\t<div class=\"single-cta__positioner\">\n\t\t<div class=\"single-cta__wrapper has-dark-background-color\">\n\t\t\t<div class=\"single-cta__content\">\n\t\t\t\t\t\t\t\t<h2 class=\"single-cta__title h3\">El recargo de equivalencia en la pr\u00e1ctica<\/h2>\n\n\t\t\t\t\t\t\t\t\t<div class=\"single-cta__description\">\n\t\t\t\t\t\t<p><!-- wp:paragraph --><\/p>\n<p>\u00a1Descarga nuestra gu\u00eda completa y descubre c\u00f3mo manejar este r\u00e9gimen especial del IVA! \ud83d\udcd8\u2728<\/p>\n<p><!-- \/wp:paragraph --><\/p>\n\t\t\t\t\t<\/div>\n\t\t\t\t\n\t\t\t\t\t\t\t\t\t\t\t\t\t\t<a\n\t\t\t\t\t\thref=\"#gate-6b43b100-0a22-4172-8e8c-f89660c6ed20\"\n\t\t\t\t\t\tclass=\"single-cta__button button button--primary\"\n\t\t\t\t\t\t\t\t\t\t\t\t\t\t\t\t\t>\u00a1Quiero gratis mi GUIA!<\/a>\n\t\t\t\t\t\t\t<\/div>\n\n\t\t\t\t\t<\/div>\n\n\t\t\t\t\t<img decoding=\"async\" width=\"1252\" height=\"810\" src=\"https:\/\/www.sage.com\/es-es\/blog\/wp-content\/uploads\/sites\/8\/2024\/10\/mockup_SGE_EBK_El-recargo-de-equivalencia-en-la-practica_guia-para-autonomos-y-pymes-blanco-1252x810.jpg\" class=\"single-cta__image\" alt=\"Sage\" loading=\"lazy\" srcset=\"https:\/\/www.sage.com\/es-es\/blog\/wp-content\/uploads\/sites\/8\/2024\/10\/mockup_SGE_EBK_El-recargo-de-equivalencia-en-la-practica_guia-para-autonomos-y-pymes-blanco-1252x810.jpg 1252w\" sizes=\"auto, (min-width: 48em) 33vw, 100vw\" \/>\t\t\t<\/div>\n<\/div>\n\n\n\n<h4 class=\"wp-block-heading\" id=\"h-te-presentamos-una-guia-de-descarga-gratuita-sobre-el-recargo-de-equivalencia-a-traves-de-ella-podras-comprender-como-funciona-este-regimen-especial-del-iva-y-las-repercusiones-que-tiene\">Te presentamos una gu\u00eda de descarga gratuita sobre el recargo de equivalencia. A trav\u00e9s de ella, podr\u00e1s comprender c\u00f3mo funciona este r\u00e9gimen especial del IVA y las repercusiones que tiene.<\/h4>\n\n\n\n<p>El <strong>recargo de equivalencia <\/strong>es un r\u00e9gimen especial del <a href=\"https:\/\/www.sage.com\/es-es\/blog\/diccionario-empresarial\/iva\/\">IVA<\/a> que se aplica en muchos peque\u00f1os comercios minoristas. Por ello, afecta, de forma indirecta, a un gran n\u00famero de empresas y consumidores.<\/p>\n\n\n\n<p>Entenderlo no solo es necesario para los obligados a <a href=\"https:\/\/www.sage.com\/es-es\/blog\/diccionario-empresarial\/recargo-de-equivalencia\/\">este r\u00e9gimen<\/a>, sino tambi\u00e9n para otros interesados en el funcionamiento de la cadena completa. Y, a lo largo de la <strong>gu\u00eda de descarga gratuita,<\/strong> pueden extraerse lecciones \u00fatiles.<\/p>\n\n\n\n<p>La gu\u00eda ofrece una visi\u00f3n pr\u00e1ctica del recargo de equivalencia, su aplicaci\u00f3n en comercios minoristas, los tipos de IVA aplicables y las implicaciones de su uso, destacando ventajas e inconvenientes, como la falta de deducci\u00f3n del IVA soportado.<\/p>\n\n\n\n<figure class=\"wp-block-image size-full\"><img loading=\"lazy\" decoding=\"async\" width=\"2560\" height=\"1281\" src=\"https:\/\/www.sage.com\/es-es\/blog\/wp-content\/uploads\/sites\/8\/2024\/10\/imagen_interior_SGE_EBK_El-recargo-de-equivalencia-en-la-practica_guia-para-autonomos-y-pymes--scaled.jpg\" alt=\"Sage\" class=\"wp-image-27965\" srcset=\"https:\/\/www.sage.com\/es-es\/blog\/wp-content\/uploads\/sites\/8\/2024\/10\/imagen_interior_SGE_EBK_El-recargo-de-equivalencia-en-la-practica_guia-para-autonomos-y-pymes--scaled.jpg 2560w, https:\/\/www.sage.com\/es-es\/blog\/wp-content\/uploads\/sites\/8\/2024\/10\/imagen_interior_SGE_EBK_El-recargo-de-equivalencia-en-la-practica_guia-para-autonomos-y-pymes--768x384.jpg 768w, https:\/\/www.sage.com\/es-es\/blog\/wp-content\/uploads\/sites\/8\/2024\/10\/imagen_interior_SGE_EBK_El-recargo-de-equivalencia-en-la-practica_guia-para-autonomos-y-pymes--1440x720.jpg 1440w, https:\/\/www.sage.com\/es-es\/blog\/wp-content\/uploads\/sites\/8\/2024\/10\/imagen_interior_SGE_EBK_El-recargo-de-equivalencia-en-la-practica_guia-para-autonomos-y-pymes--1536x768.jpg 1536w, https:\/\/www.sage.com\/es-es\/blog\/wp-content\/uploads\/sites\/8\/2024\/10\/imagen_interior_SGE_EBK_El-recargo-de-equivalencia-en-la-practica_guia-para-autonomos-y-pymes--2048x1025.jpg 2048w\" sizes=\"auto, (max-width: 2560px) 100vw, 2560px\" \/><\/figure>\n\n\n\n<h2 class=\"wp-block-heading\" id=\"el-sentido-y-mecanica-del-recargo-de-equivalencia\"><strong>El sentido y mec\u00e1nica del recargo de equivalencia<\/strong><\/h2>\n\n\n\n<p>Lo primero es saber <strong>de qu\u00e9 se habla cuando se menciona este r\u00e9gimen<\/strong> especial del IVA:<\/p>\n\n\n\n<ul class=\"wp-block-list\">\n<li>Qu\u00e9 es el recargo de equivalencia.<\/li>\n\n\n\n<li>C\u00f3mo funciona.<\/li>\n\n\n\n<li>Para qu\u00e9 sirve<\/li>\n\n\n\n<li>Qu\u00e9 tipos se aplican.<\/li>\n<\/ul>\n\n\n\n<h2 class=\"wp-block-heading\" id=\"comenzar-a-aplicar-el-recargo-de-equivalencia\"><strong>Comenzar a aplicar el recargo de equivalencia<\/strong><\/h2>\n\n\n\n<p>Cuando crees que puedes <strong>empezar a estar sujeto al recargo de equivalencia <\/strong>hay dos focos de atenci\u00f3n:<\/p>\n\n\n\n<ul class=\"wp-block-list\">\n<li>Saber si, dadas tus circunstancias, cumples las condiciones que llevan a estar sujeto al recargo de equivalencia.<\/li>\n\n\n\n<li>Entender c\u00f3mo son los procesos para comenzar a aplicar el r\u00e9gimen y, en su momento, para dejar de hacerlo.<\/li>\n<\/ul>\n\n\n\n<h2 class=\"wp-block-heading\" id=\"el-contexto-de-decision-que-rodea-al-recargo-de-equivalencia\"><strong>El contexto de decisi\u00f3n que rodea al recargo de equivalencia<\/strong><\/h2>\n\n\n\n<p>Estar sujeto al recargo de equivalencia implica <strong>trabajar de una forma concreta<\/strong>. Por ello, en la gu\u00eda te explicamos:<\/p>\n\n\n\n<ul class=\"wp-block-list\">\n<li>Qu\u00e9 ventajas e inconvenientes tiene este r\u00e9gimen.<\/li>\n\n\n\n<li>Cu\u00e1l es su futuro previsible.<\/li>\n<\/ul>\n\n\n\n<p>Conoce tambi\u00e9n c\u00f3mo este r\u00e9gimen podr\u00eda ser afectado en el futuro por la posible introducci\u00f3n de un r\u00e9gimen de franquicia de IVA, que podr\u00eda ofrecer una alternativa m\u00e1s adecuada para ciertos comerciantes.<\/p>\n\n\n\n<p>En resumen, el recargo de equivalencia es un r\u00e9gimen del IVA con un impacto significativo. Por eso, comprender su funcionamiento y sus implicaciones es esencial para empresarios, proveedores y cualquier interesado en el entorno empresarial. \u00a1Descarga nuestra gu\u00eda gratuita y mantente informado sobre este importante r\u00e9gimen fiscal!<\/p>\n\n\n\n<div class=\"single-cta gated-content\">\n\t<div class=\"single-cta__positioner\">\n\t\t<div class=\"single-cta__wrapper has-dark-background-color\">\n\t\t\t<div class=\"single-cta__content\">\n\t\t\t\t\t\t\t\t<h2 class=\"single-cta__title h3\">El recargo de equivalencia en la pr\u00e1ctica<\/h2>\n\n\t\t\t\t\t\t\t\t\t<div class=\"single-cta__description\">\n\t\t\t\t\t\t<p>CONSIGUE GRATIS TU GU\u00cdA Y CONOCER\u00c1S \ud83d\udcd8\u2728:<\/p>\n<ul>\n<li>Los tipos de recargo de equivalencia y su aplicaci\u00f3n.<\/li>\n<li>Los beneficios e inconvenientes de este r\u00e9gimen especial del IVA.<\/li>\n<\/ul>\n<p><!-- wp:paragraph --><\/p>\n<p><!-- \/wp:paragraph --><\/p>\n\t\t\t\t\t<\/div>\n\t\t\t\t\n\t\t\t\t\t\t\t\t\t\t\t\t\t\t<a\n\t\t\t\t\t\thref=\"#gate-6b43b100-0a22-4172-8e8c-f89660c6ed20\"\n\t\t\t\t\t\tclass=\"single-cta__button button button--primary\"\n\t\t\t\t\t\t\t\t\t\t\t\t\t\t\t\t\t>\u00a1Quiero gratis mi GUIA!<\/a>\n\t\t\t\t\t\t\t<\/div>\n\n\t\t\t\t\t<\/div>\n\n\t\t\t\t\t<img decoding=\"async\" width=\"1252\" height=\"810\" src=\"https:\/\/www.sage.com\/es-es\/blog\/wp-content\/uploads\/sites\/8\/2024\/10\/mockup_SGE_EBK_verde_El-recargo-de-equivalencia-en-la-practica_guia-para-autonomos-y-pymes-1252x810.jpg\" class=\"single-cta__image\" alt=\"Sage\" loading=\"lazy\" srcset=\"https:\/\/www.sage.com\/es-es\/blog\/wp-content\/uploads\/sites\/8\/2024\/10\/mockup_SGE_EBK_verde_El-recargo-de-equivalencia-en-la-practica_guia-para-autonomos-y-pymes-1252x810.jpg 1252w\" sizes=\"auto, (min-width: 48em) 33vw, 100vw\" \/>\t\t\t<\/div>\n<\/div>\n","protected":false},"excerpt":{"rendered":"<p>Descubre c\u00f3mo funciona el recargo de equivalencia, qui\u00e9nes deben aplicarlo y sus implicaciones para aut\u00f3nomos y pymes con esta gu\u00eda gratuita.<\/p>\n","protected":false},"author":240,"featured_media":27966,"comment_status":"closed","ping_status":"closed","sticky":false,"template":"","format":"standard","meta":{"_sage_video":false,"post_featured_image_hide":false,"footnotes":""},"categories":[308,2],"tags":[23,181,44,243],"business_type":[10],"lilypad":[],"context":[],"industry":[],"persona":[],"imagine_tag":[265,274],"coauthors":[412],"class_list":["post-27964","post","type-post","status-publish","format-standard","has-post-thumbnail","hentry","category-biblioteca-empresarial","category-finanzas","tag-contabilidad","tag-impuestos","tag-iva","tag-software-contabilidad","business_type-pequena-empresa"],"sage_meta":{"region":"es-es","author_name":"Gonzalo Garc\u00eda Abad","featured_image":"https:\/\/www.sage.com\/es-es\/blog\/wp-content\/uploads\/sites\/8\/2024\/10\/mockup_SGE_EBK_header_El-recargo-de-equivalencia-en-la-practica_guia-para-autonomos-y-pymes.jpg","imagine_tags":{"265":"Contabilidad","274":"Software contabilidad"}},"distributor_meta":false,"distributor_terms":false,"distributor_media":false,"distributor_original_site_name":"Sage Advice Espa\u00f1a","distributor_original_site_url":"https:\/\/www.sage.com\/es-es\/blog","push-errors":false,"_links":{"self":[{"href":"https:\/\/www.sage.com\/es-es\/blog\/api\/wp\/v2\/posts\/27964","targetHints":{"allow":["GET"]}}],"collection":[{"href":"https:\/\/www.sage.com\/es-es\/blog\/api\/wp\/v2\/posts"}],"about":[{"href":"https:\/\/www.sage.com\/es-es\/blog\/api\/wp\/v2\/types\/post"}],"author":[{"embeddable":true,"href":"https:\/\/www.sage.com\/es-es\/blog\/api\/wp\/v2\/users\/240"}],"replies":[{"embeddable":true,"href":"https:\/\/www.sage.com\/es-es\/blog\/api\/wp\/v2\/comments?post=27964"}],"version-history":[{"count":0,"href":"https:\/\/www.sage.com\/es-es\/blog\/api\/wp\/v2\/posts\/27964\/revisions"}],"wp:featuredmedia":[{"embeddable":true,"href":"https:\/\/www.sage.com\/es-es\/blog\/api\/wp\/v2\/media\/27966"}],"wp:attachment":[{"href":"https:\/\/www.sage.com\/es-es\/blog\/api\/wp\/v2\/media?parent=27964"}],"wp:term":[{"taxonomy":"category","embeddable":true,"href":"https:\/\/www.sage.com\/es-es\/blog\/api\/wp\/v2\/categories?post=27964"},{"taxonomy":"post_tag","embeddable":true,"href":"https:\/\/www.sage.com\/es-es\/blog\/api\/wp\/v2\/tags?post=27964"},{"taxonomy":"business_type","embeddable":true,"href":"https:\/\/www.sage.com\/es-es\/blog\/api\/wp\/v2\/business_type?post=27964"},{"taxonomy":"lilypad","embeddable":true,"href":"https:\/\/www.sage.com\/es-es\/blog\/api\/wp\/v2\/lilypad?post=27964"},{"taxonomy":"context","embeddable":true,"href":"https:\/\/www.sage.com\/es-es\/blog\/api\/wp\/v2\/context?post=27964"},{"taxonomy":"industry","embeddable":true,"href":"https:\/\/www.sage.com\/es-es\/blog\/api\/wp\/v2\/industry?post=27964"},{"taxonomy":"persona","embeddable":true,"href":"https:\/\/www.sage.com\/es-es\/blog\/api\/wp\/v2\/persona?post=27964"},{"taxonomy":"imagine_tag","embeddable":true,"href":"https:\/\/www.sage.com\/es-es\/blog\/api\/wp\/v2\/imagine_tag?post=27964"},{"taxonomy":"author","embeddable":true,"href":"https:\/\/www.sage.com\/es-es\/blog\/api\/wp\/v2\/coauthors?post=27964"}],"curies":[{"name":"wp","href":"https:\/\/api.w.org\/{rel}","templated":true}]}}