{"id":28358,"date":"2024-11-08T14:08:47","date_gmt":"2024-11-08T13:08:47","guid":{"rendered":"https:\/\/www.sage.com\/es-es\/blog\/?p=28358"},"modified":"2026-03-12T17:19:50","modified_gmt":"2026-03-12T16:19:50","slug":"conclusiones-sage-accountex-hr-expo","status":"publish","type":"post","link":"https:\/\/www.sage.com\/es-es\/blog\/conclusiones-sage-accountex-hr-expo\/","title":{"rendered":"Sage en Accountex y HR Expo 2024: Claves y tendencias para el futuro"},"content":{"rendered":"<header class=\"entry-header has-dark-background-color entry-header--standard entry-header--has-illustration entry-header--has-illustration--standard\">\n\t<div class=\"container\">\n\t\t<div class=\"entry-header__row row align-center\">\n\t\t\t<div class=\"col col-lg-7 col-xlg-6 entry-header__content\">\n\t\t\t\t\t\t\t<div class=\"component component-single-header\">\n\t\t\t\t\t\t\t\t\t\t<div class=\"entry-header__misc text--subtitle text--uppercase text--small\">\n\t\t\t\t\t\t\t<a href=\"https:\/\/www.sage.com\/es-es\/blog\/categoria\/asesorias-despachos-profesionales\/\" class=\"entry-header__link\">Asesor\u00edas y Despachos Profesionales<\/a>\t\t\t\t\t\t<\/div>\n\t\t\t\t\n\t\t\t\t<div class=\"entry-title-wrapper\">\n\t\t\t\t\t<h1 class=\"entry-title\">\n\t\t\t\t\t\tSage en Accountex y HR Expo 2024: Claves y tendencias para el futuro\t\t\t\t\t<\/h1>\n\t\t\t\t<\/div>\n\n\t\t\t\t\t\t\t\t\t<p class=\"entry-header__description\">\n\t\t\t\t\t\tConoce las principales conclusiones de Accountex y HR Expo 2024. Dos eventos de referencia que dan respuesta a los retos que afrontan los despachos profesionales y departamentos de RRHH.\t\t\t\t\t<\/p>\n\t\t\t\t\n\t\t\t\t\n\t\t\t\t\n\t\t\t<\/div>\n\n\t\t\t\t\t<\/div>\n\t\t\t\t\t<\/div>\n\t<\/div>\n\t<div class=\"single-post-details container\">\n\t\t<div class=\"col\">\n\t\t\t<span class=\"posted-on \"><time class=\"entry-date published\" datetime=\"2024-11-08T14:08:47+01:00\">8 November, 2024<\/time><\/span><span class=\"reading-time\"> minutos de lectura<\/span>\n\t\t<button\n\t\t\ttype=\"button\"\n\t\t\tclass=\"social-share-button button button--icon button--secondary js-social-share-button\"\n\t\t\tdata-share-title=\"Sage en Accountex y HR Expo 2024: Claves y tendencias para el futuro\"\n\t\t\tdata-share-url=\"https:\/\/www.sage.com\/es-es\/blog\/conclusiones-sage-accountex-hr-expo\/\"\n\t\t\tdata-share-text=\"Please read this interesting article\"\n\t\t>\n\t\t\t<span class=\"social-share-button__share-label\">Compartir<\/span>\n\t\t\t<span class=\"social-share-button__copy-label\" hidden>Copiar enlace<\/span>\n\t\t\t<span class=\"social-share-button__copy-tooltip\" aria-hidden=\"true\" hidden>Copiado<\/span>\n\t\t<\/button>\n\n\t\t\t\t<\/div>\n\t<\/div>\n<\/header>\n\n\n\n<div class=\"wp-block-post-author has-dark-background-color alignfull\">\n\t<div class=\"container\">\n\t\t<div class=\"col\">\n\t\t\t\t\t\t\t<div class=\"co-authors\">\n\t\t\t\t\t\n\t\t<div class=\"entry-author-wrapper\">\n\t\t\t<a class=\"entry-author\" href=\"https:\/\/www.sage.com\/es-es\/blog\/author\/evacoronado\/\">\n\t\t\t\t<img loading=\"lazy\" decoding=\"async\" width=\"40\" height=\"40\" src=\"https:\/\/www.sage.com\/es-es\/blog\/wp-content\/uploads\/sites\/8\/2022\/10\/Firma-Eva-Coronado.jpg\" class=\"entry-author__image\" alt=\"Sage\" \/>\t\t\t\t<span class=\"entry-author__name\">Eva Coronado<\/span>\n\t\t\t<\/a>\n\n\t\t\t\t\t<\/div>\n\n\t\t\t\t\t\t<\/div>\n\t\t\t\t\t<\/div>\n\t<\/div>\n<\/div>\n\n\n\n<h4 class=\"wp-block-heading\" id=\"h-una-edicion-que-ha-albergado-las-principales-innovaciones-en-optimizacion-de-procesos-de-los-departamentos-de-finanzas-contables-y-de-rrhh\">Una edici\u00f3n que ha albergado las principales innovaciones en optimizaci\u00f3n de procesos de los departamentos de finanzas, contables y de RRHH.<\/h4>\n\n\n\n<ul class=\"wp-block-list\">\n<li>Accountex Espa\u00f1a y HR Expo. Dos ferias ubicadas en un mismo espacio para abordar el futuro del despacho profesional y la gesti\u00f3n empresarial, as\u00ed como las tendencias y soluciones en la gesti\u00f3n del talento.<\/li>\n\n\n\n<li>Sage, como empresa patrocinadora, ha participado en varias ponencias y mesas redondas, presentando sus novedosas soluciones para la gesti\u00f3n de asesor\u00edas y despachos.<\/li>\n<\/ul>\n\n\n\n<p>Durante los pasados d\u00edas <strong>6 y 7 de noviembre<\/strong> se ha celebrado en el Recinto Ferial de IFEMA MADRID la <strong>tercera edici\u00f3n de Accountex Espa\u00f1a 2024<\/strong>. Un evento de referencia que responde a los retos diarios de los despachos profesionales, asesor\u00edas y departamentos financieros de pymes<strong>.<\/strong> Este a\u00f1o, y por primera vez, se ha organizado junto a <strong>HR Expo<\/strong>, la <strong>primera<\/strong> <strong>feria nacional de gran escala dedicada a las tendencias y soluciones en gesti\u00f3n de Recursos Humanos.&nbsp;<\/strong><\/p>\n\n\n\n<p>En esta edici\u00f3n han participado <strong>m\u00e1s de 165 las empresas expositoras<\/strong>, las cuales han presentado innovadoras herramientas en las \u00e1reas de cloud, ciberseguridad, firma digital, y gesti\u00f3n documental, entre otros. Sin duda, <strong>la protagonista de la edici\u00f3n ha sido la Inteligencia Artificial<\/strong> y la forma en la que est\u00e1 transformando la manera en la que las empresas, asesor\u00edas y despachos profesionales gestionan sus <a href=\"https:\/\/www.sage.com\/es-es\/blog\/inteligencia-artificial-en-las-finanzas\/\">procesos financieros<\/a>, contables y de <a href=\"https:\/\/www.sage.com\/es-es\/blog\/inteligencia-artificial-en-recursos-humanos\/\">gesti\u00f3n de RRHH<\/a>.<\/p>\n\n\n\n<p>A lo largo de estas dos jornadas, los visitantes han <strong>disfrutado <\/strong>de un <strong>amplio programa de conferencias, mesas redondas y talleres formativos <\/strong>impartidos por expertos de cada sector, procedentes tanto de la empresa privada como del sector p\u00fablico.<\/p>\n\n\n\n<p><strong>CONTENIDO DEL POST<\/strong><\/p>\n\n\n<?xml encoding=\"utf-8\" ?><div class=\"wp-block-yoast-seo-table-of-contents yoast-table-of-contents\"><ul><li><a href=\"#novedad-2024-hr-expo-y-la-innovacion-en-las-herramientas-para-la-gestion-del-capital-humano\" data-level=\"2\">Novedad 2024: HR Expo y la innovaci&oacute;n en las herramientas para la gesti&oacute;n del capital humano<\/a><\/li><li><a href=\"#la-inteligencia-artificial-protagonista-de-accountex-espana-2024-y-hr-expo\" data-level=\"2\">La Inteligencia Artificial protagonista de Accountex Espa&ntilde;a 2024 y HR Expo<\/a><\/li><li><a href=\"#conferencias-accountex-espana-2024\" data-level=\"2\">Conferencias Accountex Espa&ntilde;a 2024<\/a><\/li><li><a href=\"#balance-accountex-espana-2024-y-hr-expo\" data-level=\"2\">Balance Accountex Espa&ntilde;a 2024 y HR Expo<\/a><\/li><\/ul><\/div>\n\n\n\n<h2 class=\"wp-block-heading\" id=\"novedad-2024-hr-expo-y-la-innovacion-en-las-herramientas-para-la-gestion-del-capital-humano\">Novedad 2024: HR Expo y la innovaci\u00f3n en las herramientas para la gesti\u00f3n del capital humano<\/h2>\n\n\n\n<p>Este a\u00f1o,<strong> <\/strong>Sage tambi\u00e9n ha estado presente en la <strong>primera edici\u00f3n de HR Expo, <\/strong>una feria en la que hemos podido conocer las soluciones tecnol\u00f3gicas de m\u00e1s de 90 empresas y entidades especializadas en gesti\u00f3n de personal. Dichas soluciones permiten a los responsables de RRHH de las empresas <strong>optimizar la gesti\u00f3n diaria y el rendimiento de los equipos, fijar objetivos, y tomar decisiones mejor informadas.&nbsp;<\/strong><\/p>\n\n\n\n<p>Entre las herramientas presentadas durante <strong>HR Expo,<\/strong> destacan las de:&nbsp;<\/p>\n\n\n\n<ul class=\"wp-block-list\">\n<li>gesti\u00f3n de n\u00f3minas,&nbsp;<\/li>\n\n\n\n<li>plataformas de seguridad y salud laboral,&nbsp;<\/li>\n\n\n\n<li>gesti\u00f3n laboral,&nbsp;<\/li>\n\n\n\n<li>control horario,&nbsp;<\/li>\n\n\n\n<li>retribuciones flexibles,&nbsp;<\/li>\n\n\n\n<li>selecci\u00f3n de personal,&nbsp;<\/li>\n\n\n\n<li>comunicaci\u00f3n interna,&nbsp;<\/li>\n\n\n\n<li>desempe\u00f1o y evaluaci\u00f3n de equipos,&nbsp;<\/li>\n\n\n\n<li>destacando entre todas <strong>la <\/strong><a href=\"https:\/\/www.sage.com\/es-es\/blog\/futuro-del-capital-humano-inteligencia-artificial-en-la-gestion-de-rrhh\/\"><strong>IA aplicada a la selecci\u00f3n de personal<\/strong><\/a><strong>.<\/strong><\/li>\n<\/ul>\n\n\n\n<figure class=\"wp-block-image size-full\"><img loading=\"lazy\" decoding=\"async\" width=\"1650\" height=\"1100\" src=\"https:\/\/www.sage.com\/es-es\/blog\/wp-content\/uploads\/sites\/8\/2024\/11\/2024_Noviembre6_AdelantoSAGE_Accountex_010-1.jpg\" alt=\"Sage\" class=\"wp-image-28360\" srcset=\"https:\/\/www.sage.com\/es-es\/blog\/wp-content\/uploads\/sites\/8\/2024\/11\/2024_Noviembre6_AdelantoSAGE_Accountex_010-1.jpg 1650w, https:\/\/www.sage.com\/es-es\/blog\/wp-content\/uploads\/sites\/8\/2024\/11\/2024_Noviembre6_AdelantoSAGE_Accountex_010-1-768x512.jpg 768w, https:\/\/www.sage.com\/es-es\/blog\/wp-content\/uploads\/sites\/8\/2024\/11\/2024_Noviembre6_AdelantoSAGE_Accountex_010-1-1215x810.jpg 1215w, https:\/\/www.sage.com\/es-es\/blog\/wp-content\/uploads\/sites\/8\/2024\/11\/2024_Noviembre6_AdelantoSAGE_Accountex_010-1-1536x1024.jpg 1536w\" sizes=\"auto, (max-width: 1650px) 100vw, 1650px\" \/><\/figure>\n\n\n\n<p><em>Jose Luis Mart\u00edn Zabala, Managing Director de Sage Iberia y Bernardo Soto, L\u00edder del \u00c1rea Fiscal de CEOE<\/em> <em>durante una de las conferencias de Accountex 2024.<\/em><\/p>\n\n\n\n<h2 class=\"wp-block-heading\" id=\"la-inteligencia-artificial-protagonista-de-accountex-espana-2024-y-hr-expo\">La Inteligencia Artificial protagonista de Accountex Espa\u00f1a 2024 y HR Expo<\/h2>\n\n\n\n<p>La <strong>IA y su aplicaci\u00f3n<\/strong> en los despachos profesionales, asesor\u00edas y pymes, ha tenido un <strong>espacio destacado<\/strong> en el programa de conferencias de ambas ferias, as\u00ed como en las soluciones ofrecidas por las empresas expositoras. Esta tecnolog\u00eda supone un antes y un despu\u00e9s en las funciones contables, financieras y de gesti\u00f3n de RRHH de las empresas.<\/p>\n\n\n\n<p>Seg\u00fan palabras de <strong>Jos\u00e9 Luis Mart\u00edn Zabala<\/strong> (Managing Director Sage Iberia), la IA es ya una realidad, no un futuro, ya que en un estudio conjunto realizado por <strong>Sage<\/strong> y Forrester Consulting, en el que se ha encuestado a m\u00e1s de 2.500 empresas, el 68 % de \u00e9stas ya la est\u00e1 utilizando en su d\u00eda a d\u00eda.<\/p>\n\n\n\n<figure class=\"wp-block-pullquote\"><blockquote><p> \u201cLa IA es una ventaja competitiva que ofrece una gran oportunidad a los expertos contables y financieros as\u00ed como a los departamentos de RRHH.\u201d<\/p><cite>Jos\u00e9 Luis Mart\u00edn Zabala, Managing Director Sage Iberia<\/cite><\/blockquote><\/figure>\n\n\n\n<h2 class=\"wp-block-heading\" id=\"conferencias-accountex-espana-2024\">Conferencias Accountex Espa\u00f1a 2024<\/h2>\n\n\n\n<p>En las diversas salas y escenarios de <strong>Accountex Espa\u00f1a 2024 y HR Expo, <\/strong>han tenido lugar una serie de <strong>interesantes conferencias y mesas redondas con ponentes de primer nivel<\/strong>. Gracias a estas charlas, todos los asistentes han podido descubrir las pr\u00e1cticas m\u00e1s efectivas y <strong>casos de \u00e9xito<\/strong> que les ayudar\u00e1n en su d\u00eda a d\u00eda a optimizar la gesti\u00f3n y el rendimiento de sus despachos.<\/p>\n\n\n\n<p>Dos auditorios y 8 salas en total, que han permitido llevar a cabo un total de <strong>140 formaciones repartidas entre las dos jornadas<\/strong>. <strong>Sage<\/strong> ha participado en tres mesas redondas y en una conferencia. En ellas se han tratado temas tan interesantes como la <strong>gesti\u00f3n del talento en la era de la Inteligencia Artificial<\/strong>, la <strong>experiencia del empleado, la sostenibilidad e igualdad <\/strong>en las empresas y las <a href=\"https:\/\/partnerportal.sage.es\/2024\/09\/sage-revela-5-predicciones-clave-sobre-el-futuro-de-la-ia-aplicada-a-la-contabilidad-para-2030\/\"><strong>predicciones para una nueva era de transformaci\u00f3n impulsada por la IA en 2030<\/strong><\/a>. En esta \u00faltima se han presentado los resultados de un estudio llevado a cabo por <strong>Sage<\/strong> junto a Forrester Consulting en el que se ha encuestado a m\u00e1s de 2.500 empresas, tanto nacionales como internacionales, sobre el <strong>uso de la Inteligencia Artificial en sus procesos de negocio<\/strong>, dando como resultado <strong>cinco interesantes predicciones.<\/strong><\/p>\n\n\n\n<h2 class=\"wp-block-heading\" id=\"balance-accountex-espana-2024-y-hr-expo\">Balance Accountex Espa\u00f1a 2024 y HR Expo<\/h2>\n\n\n\n<p>Seg\u00fan nos comenta <strong>Josep Mar\u00eda Lozano<\/strong>, director de Ventas de Sage, <strong>el balance de esta edici\u00f3n ha sido muy positivo, <\/strong>ya que al celebrar conjuntamente <strong>HR Expo<\/strong> con <strong>Accountex<\/strong> <strong>Espa\u00f1a<\/strong>, han acudido a la feria tanto despachos, como empresas preocupadas por temas laborales.&nbsp;<\/p>\n\n\n\n<p>Entre las inquietudes de los visitantes se encuentran los cambios legales que suponen la <a href=\"https:\/\/www.sage.com\/es-es\/certificacion-software\/ley-crea-y-crece\/\">Ley Crea y Crece<\/a> y la <a href=\"https:\/\/www.sage.com\/es-es\/blog\/verifactu-ley-antifraude-cambios-normativa\/\">Ley Antifraude<\/a>, as\u00ed como todo lo referente al asesoramiento en la gesti\u00f3n de personas, y en c\u00f3mo conseguir que la misi\u00f3n de la propia empresa forme parte del ADN de los empleados. Seg\u00fan palabras de <strong>Josep Mar\u00eda Lozano<\/strong> \u201ces totalmente novedoso que el propio despacho venga a hablar no solo de n\u00f3minas sino tambi\u00e9n de gesti\u00f3n de personas, y que adem\u00e1s se traiga al propio cliente. Esto ha sido gracias a realizar conjuntamente la feria de <strong>Accountex Espa\u00f1a<\/strong> con <strong>HR Expo<\/strong>.\u201d<\/p>\n\n\n\n<p>Por \u00faltimo hay que destacar que esta edici\u00f3n ha tenido un <strong>car\u00e1cter eminentemente pr\u00e1ctico, <\/strong>huyendo del exceso de teor\u00eda que ha estado presente en ediciones pasadas.<\/p>\n\n\n<div class=\"single-cta\">\n\t<div class=\"single-cta__positioner\">\n\t\t<div class=\"single-cta__wrapper has-dark-background-color\">\n\t\t\t<div class=\"single-cta__content\">\n\t\t\t\t\t\t\t\t<h2 class=\"single-cta__title h3\">Subscr\u00edbete a la newsletter de Sage Advice<\/h2>\n\n\t\t\t\t\t\t\t\t\t<div class=\"single-cta__description\">\n\t\t\t\t\t\t<p>Recibe nuestros consejos m\u00e1s recientes directamente en la bandeja de entrada de tu correo electr\u00f3nico.<\/p>\n\t\t\t\t\t<\/div>\n\t\t\t\t\n\t\t\t\t\t\t\t\t\t\t\t\t\t\t<a\n\t\t\t\t\t\thref=\"#gate-263a5c00-99e4-4e71-8421-469deda8e674\"\n\t\t\t\t\t\tclass=\"single-cta__button button button--primary\"\n\t\t\t\t\t\t\t\t\t\t\t\t\t\t\t\t\t>Suscr\u00edbete<\/a>\n\t\t\t\t\t\t\t<\/div>\n\n\t\t\t\t\t<\/div>\n\n\t\t\t\t\t<img decoding=\"async\" width=\"1440\" height=\"810\" src=\"https:\/\/www.sage.com\/es-es\/blog\/wp-content\/uploads\/sites\/8\/2022\/04\/GettyImages-1171960556-1440x810.jpg\" class=\"single-cta__image\" alt=\"Sage\" loading=\"lazy\" srcset=\"https:\/\/www.sage.com\/es-es\/blog\/wp-content\/uploads\/sites\/8\/2022\/04\/GettyImages-1171960556-1440x810.jpg 1440w\" sizes=\"auto, (min-width: 48em) 33vw, 100vw\" \/>\t\t\t<\/div>\n<\/div>\n","protected":false},"excerpt":{"rendered":"<p>Conoce las principales conclusiones de Accountex y HR Expo 2024. Dos eventos de referencia que dan respuesta a los retos que afrontan los despachos profesionales y departamentos de RRHH.<\/p>\n","protected":false},"author":1590,"featured_media":28359,"comment_status":"closed","ping_status":"closed","sticky":false,"template":"","format":"standard","meta":{"_sage_video":false,"post_featured_image_hide":false,"footnotes":""},"categories":[7,4],"tags":[187,156],"business_type":[10,11,8],"lilypad":[],"context":[],"industry":[],"persona":[],"imagine_tag":[280,282],"coauthors":[886],"class_list":["post-28358","post","type-post","status-publish","format-standard","has-post-thumbnail","hentry","category-asesorias-despachos-profesionales","category-personas-liderazgo","tag-asesorias-y-despachos-profesionales","tag-rrhh","business_type-pequena-empresa","business_type-mediana-empresa","business_type-asesorias-despachos-profesionales"],"sage_meta":{"region":"es-es","author_name":"Eva Coronado","featured_image":"https:\/\/www.sage.com\/es-es\/blog\/wp-content\/uploads\/sites\/8\/2024\/11\/2024_Noviembre6_AdelantoSAGE_Accountex_003-1.jpg","imagine_tags":{"280":"Asesor\u00edas y despachos","282":"RRHH y n\u00f3minas"}},"distributor_meta":false,"distributor_terms":false,"distributor_media":false,"distributor_original_site_name":"Sage Advice Espa\u00f1a","distributor_original_site_url":"https:\/\/www.sage.com\/es-es\/blog","push-errors":false,"_links":{"self":[{"href":"https:\/\/www.sage.com\/es-es\/blog\/api\/wp\/v2\/posts\/28358","targetHints":{"allow":["GET"]}}],"collection":[{"href":"https:\/\/www.sage.com\/es-es\/blog\/api\/wp\/v2\/posts"}],"about":[{"href":"https:\/\/www.sage.com\/es-es\/blog\/api\/wp\/v2\/types\/post"}],"author":[{"embeddable":true,"href":"https:\/\/www.sage.com\/es-es\/blog\/api\/wp\/v2\/users\/1590"}],"replies":[{"embeddable":true,"href":"https:\/\/www.sage.com\/es-es\/blog\/api\/wp\/v2\/comments?post=28358"}],"version-history":[{"count":1,"href":"https:\/\/www.sage.com\/es-es\/blog\/api\/wp\/v2\/posts\/28358\/revisions"}],"predecessor-version":[{"id":37278,"href":"https:\/\/www.sage.com\/es-es\/blog\/api\/wp\/v2\/posts\/28358\/revisions\/37278"}],"wp:featuredmedia":[{"embeddable":true,"href":"https:\/\/www.sage.com\/es-es\/blog\/api\/wp\/v2\/media\/28359"}],"wp:attachment":[{"href":"https:\/\/www.sage.com\/es-es\/blog\/api\/wp\/v2\/media?parent=28358"}],"wp:term":[{"taxonomy":"category","embeddable":true,"href":"https:\/\/www.sage.com\/es-es\/blog\/api\/wp\/v2\/categories?post=28358"},{"taxonomy":"post_tag","embeddable":true,"href":"https:\/\/www.sage.com\/es-es\/blog\/api\/wp\/v2\/tags?post=28358"},{"taxonomy":"business_type","embeddable":true,"href":"https:\/\/www.sage.com\/es-es\/blog\/api\/wp\/v2\/business_type?post=28358"},{"taxonomy":"lilypad","embeddable":true,"href":"https:\/\/www.sage.com\/es-es\/blog\/api\/wp\/v2\/lilypad?post=28358"},{"taxonomy":"context","embeddable":true,"href":"https:\/\/www.sage.com\/es-es\/blog\/api\/wp\/v2\/context?post=28358"},{"taxonomy":"industry","embeddable":true,"href":"https:\/\/www.sage.com\/es-es\/blog\/api\/wp\/v2\/industry?post=28358"},{"taxonomy":"persona","embeddable":true,"href":"https:\/\/www.sage.com\/es-es\/blog\/api\/wp\/v2\/persona?post=28358"},{"taxonomy":"imagine_tag","embeddable":true,"href":"https:\/\/www.sage.com\/es-es\/blog\/api\/wp\/v2\/imagine_tag?post=28358"},{"taxonomy":"author","embeddable":true,"href":"https:\/\/www.sage.com\/es-es\/blog\/api\/wp\/v2\/coauthors?post=28358"}],"curies":[{"name":"wp","href":"https:\/\/api.w.org\/{rel}","templated":true}]}}