{"id":28600,"date":"2024-11-25T09:10:00","date_gmt":"2024-11-25T08:10:00","guid":{"rendered":"https:\/\/www.sage.com\/es-es\/blog\/?p=28600"},"modified":"2024-11-22T18:46:44","modified_gmt":"2024-11-22T17:46:44","slug":"nueva-relacion-despacho-cliente","status":"publish","type":"post","link":"https:\/\/www.sage.com\/es-es\/blog\/nueva-relacion-despacho-cliente\/","title":{"rendered":"Nuevo paradigma de la relaci\u00f3n despacho, clientes y Administraciones P\u00fablicas"},"content":{"rendered":"<header class=\"entry-header has-dark-background-color entry-header--has-illustration entry-header--has-illustration--generic\">\n\t<div class=\"container\">\n\t\t<div class=\"entry-header__row row align-center\">\n\t\t\t<div class=\"col col-lg-7 col-xlg-6 entry-header__content\">\n\t\t\t\t\t\t\t<div class=\"component component-single-header\">\n\t\t\t\t\t\t\t\t\t\t<div class=\"entry-header__misc text--subtitle text--uppercase text--small\">\n\t\t\t\t\t\t\t<a href=\"https:\/\/www.sage.com\/es-es\/blog\/categoria\/asesorias-despachos-profesionales\/\" class=\"entry-header__link\">Asesor\u00edas y Despachos Profesionales<\/a>\t\t\t\t\t\t<\/div>\n\t\t\t\t\n\t\t\t\t<div class=\"entry-title-wrapper\">\n\t\t\t\t\t<h1 class=\"entry-title\">\n\t\t\t\t\t\tNuevo paradigma de la relaci\u00f3n despacho, clientes y Administraciones P\u00fablicas\t\t\t\t\t<\/h1>\n\t\t\t\t<\/div>\n\n\t\t\t\t\t\t\t\t\t<p class=\"entry-header__description\">\n\t\t\t\t\t\t\t\t\t\t\t<\/p>\n\t\t\t\t\n\t\t\t\t\n\t\t\t\t\n\t\t\t<\/div>\n\n\t\t\t\t\t<\/div>\n\t\t\t\t\t<\/div>\n\t<\/div>\n\t<div class=\"single-post-details container\">\n\t\t<div class=\"col\">\n\t\t\t<span class=\"posted-on \"><time class=\"entry-date published\" datetime=\"2024-11-25T09:10:00+01:00\">25 November, 2024<\/time><\/span><span class=\"reading-time\"> minutos de lectura<\/span>\n\t\t<button\n\t\t\ttype=\"button\"\n\t\t\tclass=\"social-share-button button button--icon button--secondary js-social-share-button\"\n\t\t\tdata-share-title=\"Nuevo paradigma de la relaci\u00f3n despacho, clientes y Administraciones P\u00fablicas\"\n\t\t\tdata-share-url=\"https:\/\/www.sage.com\/es-es\/blog\/nueva-relacion-despacho-cliente\/\"\n\t\t\tdata-share-text=\"Please read this interesting article\"\n\t\t>\n\t\t\t<span class=\"social-share-button__share-label\">Compartir<\/span>\n\t\t\t<span class=\"social-share-button__copy-label\" hidden>Copiar enlace<\/span>\n\t\t\t<span class=\"social-share-button__copy-tooltip\" aria-hidden=\"true\" hidden>Copiado<\/span>\n\t\t<\/button>\n\n\t\t\t\t<\/div>\n\t<\/div>\n<\/header>\n\n\n<div class=\"wp-block-post-author has-dark-background-color alignfull\">\n\t<div class=\"container\">\n\t\t<div class=\"col\">\n\t\t\t\t\t\t\t<div class=\"co-authors\">\n\t\t\t\t\t\n\t\t<div class=\"entry-author-wrapper\">\n\t\t\t<a class=\"entry-author\" href=\"https:\/\/www.sage.com\/es-es\/blog\/author\/evacoronado\/\">\n\t\t\t\t<img loading=\"lazy\" decoding=\"async\" width=\"40\" height=\"40\" src=\"https:\/\/www.sage.com\/es-es\/blog\/wp-content\/uploads\/sites\/8\/2022\/10\/Firma-Eva-Coronado.jpg\" class=\"entry-author__image\" alt=\"Sage\" \/>\t\t\t\t<span class=\"entry-author__name\">Eva Coronado<\/span>\n\t\t\t<\/a>\n\n\t\t\t\t\t<\/div>\n\n\t\t\t\t\t\t<\/div>\n\t\t\t\t\t<\/div>\n\t<\/div>\n<\/div>\n\n\n\n<h4 class=\"wp-block-heading\" id=\"h-la-relacion-despacho-cliente-evoluciona-con-la-factura-electronica-y-la-transformacion-digital-ofreciendo-nuevas-oportunidades-para-empresas-y-asesorias\">La relaci\u00f3n despacho cliente evoluciona con la factura electr\u00f3nica y la transformaci\u00f3n digital, ofreciendo nuevas oportunidades para empresas y asesor\u00edas.<\/h4>\n\n\n\n<ul class=\"wp-block-list\">\n<li>Durante la segunda jornada de Accountex Espa\u00f1a 2024, se celebr\u00f3 una mesa redonda moderada por Ronald Lozano de Sage, quien entrevist\u00f3 a Unai Mart\u00edn de la Agencia Tributaria.\u00a0<\/li>\n\n\n\n<li>El debate se centr\u00f3 en la transformaci\u00f3n digital y la nueva legislaci\u00f3n sobre factura electr\u00f3nica, analizando los cambios que implica en los m\u00e9todos de trabajo de empresas, asesor\u00edas, despachos profesionales y la propia Agencia Tributaria.<\/li>\n<\/ul>\n\n\n\n<p>En <strong>Accountex Espa\u00f1a 2024<\/strong> pudimos disfrutar de diversas charlas y mesas redondas como la que tuvo lugar en su Auditorio Principal con el nombre \u201c<strong>Nuevo paradigma de la <\/strong><strong>relaci\u00f3n Despacho, Clientes <\/strong><strong>y Administraciones P\u00fablicas<\/strong>\u201d. Dicha mesa fue <strong>coordinada por Ronald Lozano,<\/strong> Engineering Legal Team Manager de Sage. Este plante\u00f3 una serie de interesantes cuestiones a <strong>Unai Mart\u00edn<\/strong>, jefe de la dependencia regional de inform\u00e1tica de Madrid de la <strong>Agencia Tributaria<\/strong>.<\/p>\n\n\n\n<p>Ronald y Unai debatieron sobre transformaci\u00f3n digital, as\u00ed como sobre la nueva legislaci\u00f3n que regula la <a href=\"https:\/\/www.sage.com\/es-es\/blog\/factura-electronica-guia-basica-con-lo-que-necesitas-saber\/\">factura electr\u00f3nica<\/a> y los cambios que esto conlleva en la manera de trabajar. Tanto de la Agencia Tributaria como de las empresas, asesor\u00edas y despachos profesionales.&nbsp;<\/p>\n\n\n\n<p><strong>CONTENIDO DEL POST<\/strong><\/p>\n\n\n<?xml encoding=\"utf-8\" ?><div class=\"wp-block-yoast-seo-table-of-contents yoast-table-of-contents\"><ul><li><a href=\"#transformacion-digital-en-la-aeat\" data-level=\"2\">Transformaci&oacute;n digital en la AEAT<\/a><\/li><li><a href=\"#en-busqueda-del-dato-unico\" data-level=\"2\">En b&uacute;squeda del dato &uacute;nico<\/a><\/li><li><a href=\"#el-papel-de-verifactu\" data-level=\"2\">El papel de VeriFactu<\/a><\/li><li><a href=\"#verifactu-si-o-verifactu-no\" data-level=\"2\">&iquest;VeriFactu s&iacute; o VeriFactu no?<\/a><\/li><li><a href=\"#el-papel-de-las-asesorias-y-despachos-profesionales\" data-level=\"2\">El papel de las asesor&iacute;as y despachos profesionales<\/a><\/li><\/ul><\/div>\n\n\n<div class=\"wp-block-buttons is-layout-flex wp-block-buttons-is-layout-flex\">\n<div class=\"wp-block-button\"><a class=\"wp-block-button__link wp-element-button\" href=\"https:\/\/www.sage.com\/es-es\/productos\/sage-for-accountants\/\">Automatiza y simplifica la gesti\u00f3n de tu asesor\u00eda con Sage for Accountants, la soluci\u00f3n cloud integral.<\/a><\/div>\n<\/div>\n\n\n<h2 class=\"wp-block-heading\" id=\"transformacion-digital-en-la-aeat\">Transformaci\u00f3n digital en la AEAT<\/h2>\n\n\n\n<p>La primera cuesti\u00f3n planteada por <strong>Ronald Lozano<\/strong> abord\u00f3 el <strong>proceso de transformaci\u00f3n digital llevado a cabo por la AEAT.<\/strong><\/p>\n\n\n\n<p>Seg\u00fan <strong>Unai Mart\u00edn<\/strong>, desde la Agencia Tributaria <strong>se est\u00e1n logrando todos los retos<\/strong> planteados a nivel de <strong>transformaci\u00f3n digital<\/strong>, siendo fundamental que el sector p\u00fablico avance en paralelo junto al sector privado. Tambi\u00e9n ha destacado que la <strong>transformaci\u00f3n digital llevada a cabo por la AEAT<\/strong> en los \u00faltimos a\u00f1os ha tenido <strong>dos importantes objetivos<\/strong>.&nbsp;<\/p>\n\n\n\n<ul class=\"wp-block-list\">\n<li>El primero de ellos <strong>ofrecer todos sus servicios de forma digital. <\/strong>Gracias a<strong> <\/strong>la <strong>Sede Electr\u00f3nica<\/strong> cualquier tr\u00e1mite que tenga que realizar un ciudadano puede efectuarse de forma digital.\u00a0<\/li>\n\n\n\n<li>El segundo <strong>facilitar que el contribuyente se relacione con la AEAT<\/strong> de manera digital. Desde hace ya varios a\u00f1os, todo documento que llega a la Agencia Tributaria se transforma autom\u00e1ticamente en un documento electr\u00f3nico para ser trabajado de una forma m\u00e1s eficiente.\u00a0<\/li>\n<\/ul>\n\n\n\n<p>Actualmente tambi\u00e9n se ha lanzado una aplicaci\u00f3n m\u00f3vil de la Agencia Tributaria, y se est\u00e1n poniendo en marcha los <a href=\"https:\/\/www.sage.com\/es-es\/blog\/los-asistentes-virtuales-que-la-aeat-utiliza-para-gestionar-el-sii-y-el-iva\/\">asistentes virtuales<\/a> basados en IA.<\/p>\n\n\n\n<h2 class=\"wp-block-heading\" id=\"en-busqueda-del-dato-unico\">En b\u00fasqueda del dato \u00fanico<\/h2>\n\n\n\n<p>La segunda cuesti\u00f3n que <strong>Ronald Lozano<\/strong> puso sobre la mesa es <strong>la forma en la que se comparte la informaci\u00f3n entre la Administraci\u00f3n P\u00fablica y las empresas.<\/strong>&nbsp;<\/p>\n\n\n\n<p>Respecto a este punto <strong>Unai Mart\u00edn<\/strong> coment\u00f3 que la <strong>Agencia Tributaria recopila mucha informaci\u00f3n<\/strong>. No solo la facilitada por los propios contribuyentes, sino tambi\u00e9n la proporcionada por empresas, terceros, bancos, u otros organismos p\u00fablicos. La finalidad de la nueva legislaci\u00f3n es que toda esta <strong>informaci\u00f3n sea compartida <\/strong>con los interesados <strong>con total transparencia<\/strong>, estando siempre disponible para ellos.&nbsp;<\/p>\n\n\n\n<p>Es decir, la AEAT recoge informaci\u00f3n del contribuyente que se reparte o es compartida entre administraciones para ofrecer servicios adicionales al contribuyente. El cual a su vez puede recuperar dicha informaci\u00f3n cuando desee y aprovecharla para su propio beneficio. Todo esto hace que se <strong>facilite y simplifique mucho el trabajo,<\/strong> tanto para las empresas y despachos como para la Administraci\u00f3n P\u00fablica.<\/p>\n\n\n\n<h2 class=\"wp-block-heading\" id=\"el-papel-de-verifactu\">El papel de VeriFactu<\/h2>\n\n\n\n<p>Un <strong>sistema SIF o Sistema Inform\u00e1tico de Facturaci\u00f3n<\/strong> es aquel que est\u00e1 homologado seg\u00fan los requisitos t\u00e9cnicos definidos por la ley, y que toda empresa o aut\u00f3nomo va a tener que utilizar para generar y emitir facturas. Estos <strong>sistemas SIF que<\/strong> <strong>env\u00edan registros de altas de facturas a la Agencia Tributaria<\/strong> se consideran <a href=\"https:\/\/www.sage.com\/es-es\/blog\/diccionario-empresarial\/sistemas-de-emision-de-facturas-verificables\/\"><strong>Sistemas de Emisi\u00f3n de Facturas Verificables<\/strong><\/a><strong> o VeriFactu<\/strong>. De esta forma, todas las facturas que contengan la frase <strong>\u201cFactura verificable en la sede electr\u00f3nica de la AEAT\u201d o VeriFactu<\/strong>, son las que <strong>habr\u00e1n sido correctamente registradas en la AEAT.<\/strong><\/p>\n\n\n\n<p>Tal y como nos explica <strong>Unai<\/strong>, mediante <strong>VeriFactu<\/strong> se pretende el <strong>cumplimiento por dise\u00f1o<\/strong>. Es decir,<strong> <\/strong>que los obligados tributarios <strong>cumplan sus obligaciones fiscales de forma natural. <\/strong>Esto supone<strong> <\/strong>que la <strong>informaci\u00f3n de la facturaci\u00f3n<\/strong> <strong>llegue directamente a los sistemas de la Agencia Tributaria,<\/strong> y que esa informaci\u00f3n pueda ser utilizada tanto en beneficio de los propios contribuyentes como de la propia Administraci\u00f3n.&nbsp;<\/p>\n\n\n\n<p>Gracias a <a href=\"https:\/\/www.sage.com\/es-es\/blog\/verifactu-ley-antifraude-cambios-normativa\/\"><strong>VeriFactu<\/strong><\/a> las empresas van a poder <strong>asegurarse<\/strong> de que:&nbsp;<\/p>\n\n\n\n<ul class=\"wp-block-list\">\n<li><strong>La factura que se ha expedido es ver\u00eddica.<\/strong><\/li>\n\n\n\n<li>No hay competencia desleal por parte de empresas que no facturen correctamente.<\/li>\n\n\n\n<li>El IVA de la factura que se ha pagado ha sido realmente enviado a la Agencia Tributaria.<\/li>\n<\/ul>\n\n\n\n<p>Seg\u00fan <strong>Unai<\/strong> <strong>Mart\u00edn<\/strong>, \u201ccon VeriFactu la Agencia Tributaria es como un servicio en la nube. En el momento en el que una empresa se acoge a este sistema tiene un repositorio legal y guardado por la Agencia Tributaria de todas sus facturaciones. No solamente de sus propias facturas, sino que va a poder consultar lo que terceras empresas le han facturado. Con lo cual, tiene acceso a toda la informaci\u00f3n que necesita y con la seguridad de que est\u00e1 cumpliendo con sus obligaciones fiscales. Sin hacer ning\u00fan esfuerzo, las empresas van a cumplir con sus <strong>obligaciones tributarias<\/strong>\u201d.<\/p>\n\n\n\n<h2 class=\"wp-block-heading\" id=\"verifactu-si-o-verifactu-no\">\u00bfVeriFactu s\u00ed o VeriFactu no?<\/h2>\n\n\n\n<p><strong>Ronald Lozano<\/strong> plante\u00f3 una cuesti\u00f3n que va a afectar de forma directa a todas las empresas y aut\u00f3nomos, <strong>\u00bfqu\u00e9 beneficios tiene <\/strong><a href=\"https:\/\/www.sage.com\/es-es\/blog\/reglamento-verifactu-en-que-consiste\/\"><strong>acogerse al sistema VeriFactu<\/strong><\/a><strong>? \u00bfes obligatorio?<\/strong><\/p>\n\n\n\n<p><strong>Unai<\/strong> fue claro al respecto, <strong>desde la Agencia Tributaria se recomienda el sistema VeriFactu<\/strong>, el cual es uno de los dos sistemas que se ofrecen a las empresas a la hora de facturar con la nueva legislaci\u00f3n. El <strong>primero<\/strong> de ellos consiste en el <strong>env\u00edo inmediato de las facturas,<\/strong> que es el que llamamos <strong>VeriFactu<\/strong>, y el <strong>segundo<\/strong> <strong>no supone enviar de forma inmediata la informaci\u00f3n<\/strong>, pero que por contra conlleva una serie de requisitos adicionales que tiene que cumplir el software utilizado.&nbsp;<\/p>\n\n\n\n<p>Gracias al <strong>env\u00edo en tiempo real de la informaci\u00f3n<\/strong>, los clientes de esas empresas van a poder <strong>verificar al instante y en todo momento la validez de la misma<\/strong>, adem\u00e1s de disfrutar de una serie de <strong>servicios a\u00f1adidos<\/strong>, como:&nbsp;<\/p>\n\n\n\n<ul class=\"wp-block-list\">\n<li>los de consulta,\u00a0<\/li>\n\n\n\n<li>los de guardado,\u00a0<\/li>\n\n\n\n<li>y el beneficio de presentar inmediatamente la declaraci\u00f3n de IVA, ya que la informaci\u00f3n ya estar\u00eda registrada en los sistemas de la AEAT.\u00a0<\/li>\n<\/ul>\n\n\n\n<p>No existe ning\u00fan motivo por el cual no acogerse al sistema VeriFactu para enviar las facturas. En ning\u00fan caso es una carga adicional al contribuyente, sino que es una facilidad para remitir la informaci\u00f3n y obtener ventajas de ella.<\/p>\n\n\n\n<figure class=\"wp-block-pullquote\"><blockquote><p>El sistema VeriFactu permite a empresas y aut\u00f3nomos generar y registrar facturas directamente en la Agencia Tributaria, asegurando su validez y cumplimiento fiscal. Este sistema automatiza el env\u00edo de datos en tiempo real, facilitando el cumplimiento tributario sin esfuerzo adicional y beneficiando tanto a los contribuyentes como a la administraci\u00f3n.\u00a0<\/p><\/blockquote><\/figure>\n\n\n\n<h2 class=\"wp-block-heading\" id=\"el-papel-de-las-asesorias-y-despachos-profesionales\">El papel de las asesor\u00edas y despachos profesionales<\/h2>\n\n\n\n<p>Para finalizar su intervenci\u00f3n, <strong>Unai<\/strong> coment\u00f3 a los asistentes que como Agencia Tributaria piensan que <strong>el sistema VeriFactu es una ayuda<\/strong> tanto para el ciudadano como para el asesor. Mediante su uso <strong>se pretende <\/strong><a href=\"https:\/\/www.sage.com\/es-es\/blog\/relacion-con-los-clientes-asesoria-como-mejorarla\/\"><strong>facilitar los procesos<\/strong> de las asesor\u00edas<\/a> y la relaci\u00f3n despacho cliente para que estos se dediquen realmente a ofrecer un valor a\u00f1adido, dejando a un lado las tareas m\u00e1s rutinarias.&nbsp;<\/p>\n\n\n\n<p>Adem\u00e1s, a\u00f1adi\u00f3 que la idea de este sistema es <strong>facilitar la labor de los asesores<\/strong>, pero en ning\u00fan caso ocupar su lugar. Para ello los despachos deber\u00e1n disponer de un software capaz de absorber todos los datos de las empresas y que permita comunicarse con la Agencia Tributaria de forma autom\u00e1tica.&nbsp;<\/p>\n\n\n\n<p>La factura electr\u00f3nica y sistemas como VeriFactu no solo simplifican los procesos tributarios, sino que tambi\u00e9n redefinen la relaci\u00f3n entre empresas, asesor\u00edas y la Agencia Tributaria. Este nuevo paradigma ofrece ventajas competitivas y asegura el cumplimiento fiscal con facilidad. \u00a1El futuro de la gesti\u00f3n est\u00e1 aqu\u00ed!<\/p>\n\n\n<div class=\"single-cta\">\n\t<div class=\"single-cta__positioner\">\n\t\t<div class=\"single-cta__wrapper has-dark-background-color\">\n\t\t\t<div class=\"single-cta__content\">\n\t\t\t\t\t\t\t\t<h2 class=\"single-cta__title h3\">Subscr\u00edbete a la newsletter de Sage Advice<\/h2>\n\n\t\t\t\t\t\t\t\t\t<div class=\"single-cta__description\">\n\t\t\t\t\t\t<p>Recibe nuestros consejos m\u00e1s recientes directamente en la bandeja de entrada de tu correo electr\u00f3nico.<\/p>\n\t\t\t\t\t<\/div>\n\t\t\t\t\n\t\t\t\t\t\t\t\t\t\t\t\t\t\t<a\n\t\t\t\t\t\thref=\"#gate-263a5c00-99e4-4e71-8421-469deda8e674\"\n\t\t\t\t\t\tclass=\"single-cta__button button button--primary\"\n\t\t\t\t\t\t\t\t\t\t\t\t\t\t\t\t\t>Suscr\u00edbete<\/a>\n\t\t\t\t\t\t\t<\/div>\n\n\t\t\t\t\t<\/div>\n\n\t\t\t\t\t<img decoding=\"async\" width=\"1440\" height=\"810\" src=\"https:\/\/www.sage.com\/es-es\/blog\/wp-content\/uploads\/sites\/8\/2022\/04\/GettyImages-1171960556-1440x810.jpg\" class=\"single-cta__image\" alt=\"Sage\" loading=\"lazy\" srcset=\"https:\/\/www.sage.com\/es-es\/blog\/wp-content\/uploads\/sites\/8\/2022\/04\/GettyImages-1171960556-1440x810.jpg 1440w\" sizes=\"auto, (min-width: 48em) 33vw, 100vw\" \/>\t\t\t<\/div>\n<\/div>\n","protected":false},"excerpt":{"rendered":"<p>C\u00f3mo la relaci\u00f3n despacho cliente evoluciona con la factura electr\u00f3nica y la digitalizaci\u00f3n, mejorando eficiencia y cumplimiento fiscal.<\/p>\n","protected":false},"author":1590,"featured_media":28601,"comment_status":"closed","ping_status":"open","sticky":false,"template":"","format":"standard","meta":{"_sage_video":false,"post_featured_image_hide":false,"footnotes":""},"categories":[7],"tags":[187,28,361],"business_type":[8],"lilypad":[],"context":[],"industry":[],"persona":[],"imagine_tag":[280,363],"coauthors":[886],"class_list":["post-28600","post","type-post","status-publish","format-standard","has-post-thumbnail","hentry","category-asesorias-despachos-profesionales","tag-asesorias-y-despachos-profesionales","tag-factura-electronica","tag-antifraude","business_type-asesorias-despachos-profesionales"],"sage_meta":{"region":"es-es","author_name":"Eva Coronado","featured_image":"https:\/\/www.sage.com\/es-es\/blog\/wp-content\/uploads\/sites\/8\/2024\/11\/2024_Noviembre6_AdelantoSAGE_Accountex_001-1.jpg","imagine_tags":{"280":"Asesor\u00edas y despachos","363":"Ley Antifraude"}},"distributor_meta":false,"distributor_terms":false,"distributor_media":false,"distributor_original_site_name":"Sage Advice Espa\u00f1a","distributor_original_site_url":"https:\/\/www.sage.com\/es-es\/blog","push-errors":false,"_links":{"self":[{"href":"https:\/\/www.sage.com\/es-es\/blog\/api\/wp\/v2\/posts\/28600","targetHints":{"allow":["GET"]}}],"collection":[{"href":"https:\/\/www.sage.com\/es-es\/blog\/api\/wp\/v2\/posts"}],"about":[{"href":"https:\/\/www.sage.com\/es-es\/blog\/api\/wp\/v2\/types\/post"}],"author":[{"embeddable":true,"href":"https:\/\/www.sage.com\/es-es\/blog\/api\/wp\/v2\/users\/1590"}],"replies":[{"embeddable":true,"href":"https:\/\/www.sage.com\/es-es\/blog\/api\/wp\/v2\/comments?post=28600"}],"version-history":[{"count":0,"href":"https:\/\/www.sage.com\/es-es\/blog\/api\/wp\/v2\/posts\/28600\/revisions"}],"wp:featuredmedia":[{"embeddable":true,"href":"https:\/\/www.sage.com\/es-es\/blog\/api\/wp\/v2\/media\/28601"}],"wp:attachment":[{"href":"https:\/\/www.sage.com\/es-es\/blog\/api\/wp\/v2\/media?parent=28600"}],"wp:term":[{"taxonomy":"category","embeddable":true,"href":"https:\/\/www.sage.com\/es-es\/blog\/api\/wp\/v2\/categories?post=28600"},{"taxonomy":"post_tag","embeddable":true,"href":"https:\/\/www.sage.com\/es-es\/blog\/api\/wp\/v2\/tags?post=28600"},{"taxonomy":"business_type","embeddable":true,"href":"https:\/\/www.sage.com\/es-es\/blog\/api\/wp\/v2\/business_type?post=28600"},{"taxonomy":"lilypad","embeddable":true,"href":"https:\/\/www.sage.com\/es-es\/blog\/api\/wp\/v2\/lilypad?post=28600"},{"taxonomy":"context","embeddable":true,"href":"https:\/\/www.sage.com\/es-es\/blog\/api\/wp\/v2\/context?post=28600"},{"taxonomy":"industry","embeddable":true,"href":"https:\/\/www.sage.com\/es-es\/blog\/api\/wp\/v2\/industry?post=28600"},{"taxonomy":"persona","embeddable":true,"href":"https:\/\/www.sage.com\/es-es\/blog\/api\/wp\/v2\/persona?post=28600"},{"taxonomy":"imagine_tag","embeddable":true,"href":"https:\/\/www.sage.com\/es-es\/blog\/api\/wp\/v2\/imagine_tag?post=28600"},{"taxonomy":"author","embeddable":true,"href":"https:\/\/www.sage.com\/es-es\/blog\/api\/wp\/v2\/coauthors?post=28600"}],"curies":[{"name":"wp","href":"https:\/\/api.w.org\/{rel}","templated":true}]}}