{"id":29087,"date":"2025-01-09T11:41:27","date_gmt":"2025-01-09T10:41:27","guid":{"rendered":"https:\/\/www.sage.com\/es-es\/blog\/?p=29087"},"modified":"2026-03-13T14:14:40","modified_gmt":"2026-03-13T13:14:40","slug":"novedad-legal-mecanismo-red","status":"publish","type":"post","link":"https:\/\/www.sage.com\/es-es\/blog\/novedad-legal-mecanismo-red\/","title":{"rendered":"Novedades en relaci\u00f3n al Mecanismo RED para el sector veh\u00edculos de motor"},"content":{"rendered":"<header class=\"entry-header has-dark-background-color entry-header--has-illustration entry-header--has-illustration--generic\">\n\t<div class=\"container\">\n\t\t<div class=\"entry-header__row row align-center\">\n\t\t\t<div class=\"col col-lg-7 col-xlg-6 entry-header__content\">\n\t\t\t\t\t\t\t<div class=\"component component-single-header\">\n\t\t\t\t\t\t\t\t\t\t<div class=\"entry-header__misc text--subtitle text--uppercase text--small\">\n\t\t\t\t\t\t\t<a href=\"https:\/\/www.sage.com\/es-es\/blog\/categoria\/legal\/\" class=\"entry-header__link\">Legal<\/a>\t\t\t\t\t\t<\/div>\n\t\t\t\t\n\t\t\t\t<div class=\"entry-title-wrapper\">\n\t\t\t\t\t<h1 class=\"entry-title\">\n\t\t\t\t\t\tNovedades en relaci\u00f3n al Mecanismo RED para el sector veh\u00edculos de motor\t\t\t\t\t<\/h1>\n\t\t\t\t<\/div>\n\n\t\t\t\t\t\t\t\t\t<p class=\"entry-header__description\">\n\t\t\t\t\t\t\t\t\t\t\t<\/p>\n\t\t\t\t\n\t\t\t\t\n\t\t\t\t\n\t\t\t<\/div>\n\n\t\t\t\t\t<\/div>\n\t\t\t\t\t<\/div>\n\t<\/div>\n\t<div class=\"single-post-details container\">\n\t\t<div class=\"col\">\n\t\t\t<span class=\"posted-on \"><time class=\"entry-date published\" datetime=\"2025-01-09T11:41:27+01:00\">9 January, 2025<\/time><\/span><span class=\"reading-time\"> minutos de lectura<\/span>\n\t\t<button\n\t\t\ttype=\"button\"\n\t\t\tclass=\"social-share-button button button--icon button--secondary js-social-share-button\"\n\t\t\tdata-share-title=\"Novedades en relaci\u00f3n al Mecanismo RED para el sector veh\u00edculos de motor\"\n\t\t\tdata-share-url=\"https:\/\/www.sage.com\/es-es\/blog\/novedad-legal-mecanismo-red\/\"\n\t\t\tdata-share-text=\"Please read this interesting article\"\n\t\t>\n\t\t\t<span class=\"social-share-button__share-label\">Compartir<\/span>\n\t\t\t<span class=\"social-share-button__copy-label\" hidden>Copiar enlace<\/span>\n\t\t\t<span class=\"social-share-button__copy-tooltip\" aria-hidden=\"true\" hidden>Copiado<\/span>\n\t\t<\/button>\n\n\t\t\t\t<\/div>\n\t<\/div>\n<\/header>\n\n\n\n<div class=\"wp-block-post-author has-dark-background-color alignfull\">\n\t<div class=\"container\">\n\t\t<div class=\"col\">\n\t\t\t\t\t\t\t<div class=\"co-authors\">\n\t\t\t\t\t\n\t\t<div class=\"entry-author-wrapper\">\n\t\t\t<a class=\"entry-author\" href=\"https:\/\/www.sage.com\/es-es\/blog\/author\/ronald-lozano\/\">\n\t\t\t\t<img loading=\"lazy\" decoding=\"async\" width=\"40\" height=\"40\" src=\"https:\/\/www.sage.com\/es-es\/blog\/wp-content\/uploads\/sites\/8\/2025\/02\/Ronald-Lozano-350x350.jpg\" class=\"entry-author__image\" alt=\"Sage\" srcset=\"https:\/\/www.sage.com\/es-es\/blog\/wp-content\/uploads\/sites\/8\/2025\/02\/Ronald-Lozano-350x350.jpg 350w, https:\/\/www.sage.com\/es-es\/blog\/wp-content\/uploads\/sites\/8\/2025\/02\/Ronald-Lozano.jpg 600w\" sizes=\"auto, (max-width: 40px) 100vw, 40px\" \/>\t\t\t\t<span class=\"entry-author__name\">Ronald Lozano<\/span>\n\t\t\t<\/a>\n\n\t\t\t\t\t<\/div>\n\n\t\t\t\t\t\t<\/div>\n\t\t\t\t\t<\/div>\n\t<\/div>\n<\/div>\n\n\n\n<h4 class=\"wp-block-heading\" id=\"h-el-ministerio-de-la-presidencia-justicia-y-relaciones-de-las-cortes-ha-publicado-la-orden-pjc-1472-2024-de-26-de-diciembre-por-la-que-se-publica-el-acuerdo-del-consejo-de-ministros-de-23-de-diciembre-de-2024-por-el-que-se-declara-la-activacion-del-mecanismo-red-de-flexibilidad-y-estabilizacion-del-empleo-de-conformidad-con-el-articulo-47-bis-del-texto-refundido-de-la-ley-del-estatuto-de-los-trabajadores-aprobado-por-el-real-decreto-legislativo-2-2015-de-23-de-octubre-para-el-sector-de-la-fabricacion-de-vehiculos-de-motor-mediante-la-cual-se-activa-el-mecanismo-red-sectorial-para-empresas-del-sector-de-vehiculos-a-motor\" style=\"font-style:normal;font-weight:100\"><em>El Ministerio de la Presidencia, Justicia y Relaciones de las Cortes ha publicado la Orden PJC\/1472\/2024, de 26 de diciembre, por la que se publica el Acuerdo del Consejo de Ministros de 23 de diciembre de 2024, por el que se declara la activaci\u00f3n del Mecanismo RED de Flexibilidad y Estabilizaci\u00f3n del Empleo, de conformidad con el art\u00edculo 47 bis del texto refundido de la Ley del Estatuto de los Trabajadores, aprobado por el Real Decreto Legislativo 2\/2015, de 23 de octubre, para el sector de la fabricaci\u00f3n de veh\u00edculos de motor, mediante la cual se activa el Mecanismo RED sectorial para empresas del sector de veh\u00edculos a motor.<\/em><\/h4>\n\n\n\n<p>A continuaci\u00f3n, encontrar\u00e1s un resumen de<strong> a qu\u00e9, a qui\u00e9n, c\u00f3mo y cu\u00e1ndo afectan<\/strong> las medidas.<\/p>\n\n\n\n<h2 class=\"wp-block-heading\" id=\"a-que-afecta\">\u00bfA qu\u00e9 afecta?<\/h2>\n\n\n\n<p>A la activaci\u00f3n del Mecanismo RED para empresas del sector de veh\u00edculos a motor.<\/p>\n\n\n\n<h2 class=\"wp-block-heading\" id=\"a-quien-afecta\">\u00bfA qui\u00e9n afecta?<\/h2>\n\n\n\n<p>1) Empresas del sector de la fabricaci\u00f3n de veh\u00edculos encuadradas en el CNAE-09 2910 &#8220;Fabricaci\u00f3n de veh\u00edculos a motor&#8221;<\/p>\n\n\n\n<p>2) Empresas integrantes de la cadena de valor de las empresas del sector de fabricaci\u00f3n de veh\u00edculos a motor encuadradas en los CNAE-09 siguientes: 2910, 2920, 2931, 2932, 2229, 4531, 5210, 5221. 8121, 8292<\/p>\n\n\n\n<h2 class=\"wp-block-heading\" id=\"como-afecta\">\u00bfC\u00f3mo afecta?<\/h2>\n\n\n\n<h4 class=\"wp-block-heading\" id=\"h-1-activacion-mecanismo-red\">1) Activaci\u00f3n Mecanismo RED<\/h4>\n\n\n\n<p>Queda activado el Mecanismo RED para empresas del sector del veh\u00edculo a motor desde 01\/01\/2025 hasta 31\/12\/2025<\/p>\n\n\n\n<h4 class=\"wp-block-heading\" id=\"h-2-solicitud-de-aplicacion-de-medidas\">2) Solicitud de aplicaci\u00f3n de medidas<\/h4>\n\n\n\n<p>Las medidas a solicitar son:<\/p>\n\n\n\n<ol class=\"wp-block-list\">\n<li>a) Reducci\u00f3n temporal de jornada<\/li>\n\n\n\n<li>b) Suspensi\u00f3n de contratos de trabajo<\/li>\n<\/ol>\n\n\n\n<h4 class=\"wp-block-heading\" id=\"h-3-obligaciones-de-las-empresas\">3) Obligaciones de las empresas<\/h4>\n\n\n\n<ol class=\"wp-block-list\">\n<li>a) Presentar una Declaraci\u00f3n Responsable y acompa\u00f1ar un plan de recualificaci\u00f3n de sus personas trabajadoras<\/li>\n\n\n\n<li>b) Compromiso de no llevar a cabo despidos ni individuales ni colectivos, tampoco reducciones de jornada o suspensiones de contratos durante los dos a\u00f1os siguientes a la finalizaci\u00f3n de la vigencia del mecanismo RED aplicado.<\/li>\n\n\n\n<li>c) En el caso de Cooperativas, no se permitir\u00e1 reducir el n\u00famero de puestos de trabajo de la cooperativa o modificarlos en proporci\u00f3n.<\/li>\n<\/ol>\n\n\n\n<h4 class=\"wp-block-heading\" id=\"h-4-exenciones-a-la-aportacion-empresarial-por-contingencias-comunes-y-conceptos-de-recaudacion-conjunta\">4) Exenciones a la aportaci\u00f3n empresarial por contingencias comunes y conceptos de recaudaci\u00f3n conjunta<\/h4>\n\n\n\n<p>Activado el Mecanismo RED sectorial, se podr\u00e1 aplicar una exenci\u00f3n del 40% a la aportaci\u00f3n empresaria por contingencias comunes y conceptos de recaudaci\u00f3n conjunta en el caso de ERTES a los que resulte aplicable el Mecanismo RED del sector de veh\u00edculos a motor.<\/p>\n\n\n\n<p>Se aplicar\u00e1 un 40% de exenci\u00f3n.<\/p>\n\n\n\n<h2 class=\"wp-block-heading\" id=\"cuando-afecta\">\u00bfCu\u00e1ndo afecta?<\/h2>\n\n\n\n<p>Efectos desde 01\/01\/2025.<\/p>\n\n\n\n<p><span style=\"font-size: larger;\">En resumen, se est\u00e1 haciendo el an\u00e1lisis de impacto y ver la posible afectaci\u00f3n a producto. Asimismo, estamos a la espera de que se publiquen instrucciones al respecto.<\/span><\/p>\n\n\n\n<p>Orden PJC\/1472\/2024, de 26 de diciembre, por la que se publica el Acuerdo del Consejo de Ministros de 23 de diciembre de 2024, por el que se declara la activaci\u00f3n del Mecanismo RED de Flexibilidad y Estabilizaci\u00f3n del Empleo, de conformidad con el art\u00edculo 47 bis del texto refundido de la Ley del Estatuto de los Trabajadores, aprobado por el Real Decreto Legislativo<br>\n2\/2015, de 23 de octubre, para el sector de la fabricaci\u00f3n de veh\u00edculos de motor.<br>\n<a href=\"https:\/\/www.boe.es\/boe\/dias\/2024\/12\/27\/pdfs\/BOE-A-2024-27144.pdf\" target=\"_blank\" rel=\"noopener\">Puedes consultar en este enlace la publicaci\u00f3n oficial.<\/a><\/p>\n\n\n<div class=\"single-cta\">\n\t<div class=\"single-cta__positioner\">\n\t\t<div class=\"single-cta__wrapper has-dark-background-color\">\n\t\t\t<div class=\"single-cta__content\">\n\t\t\t\t\t\t\t\t<h2 class=\"single-cta__title h3\">Subscr\u00edbete a la newsletter de Sage Advice<\/h2>\n\n\t\t\t\t\t\t\t\t\t<div class=\"single-cta__description\">\n\t\t\t\t\t\t<p>Recibe nuestros consejos m\u00e1s recientes directamente en la bandeja de entrada de tu correo electr\u00f3nico.<\/p>\n\t\t\t\t\t<\/div>\n\t\t\t\t\n\t\t\t\t\t\t\t\t\t\t\t\t\t\t<a\n\t\t\t\t\t\thref=\"#gate-263a5c00-99e4-4e71-8421-469deda8e674\"\n\t\t\t\t\t\tclass=\"single-cta__button button button--primary\"\n\t\t\t\t\t\t\t\t\t\t\t\t\t\t\t\t\t>Suscr\u00edbete<\/a>\n\t\t\t\t\t\t\t<\/div>\n\n\t\t\t\t\t<\/div>\n\n\t\t\t\t\t<img decoding=\"async\" width=\"1440\" height=\"810\" src=\"https:\/\/www.sage.com\/es-es\/blog\/wp-content\/uploads\/sites\/8\/2022\/04\/GettyImages-1171960556-1440x810.jpg\" class=\"single-cta__image\" alt=\"Sage\" loading=\"lazy\" srcset=\"https:\/\/www.sage.com\/es-es\/blog\/wp-content\/uploads\/sites\/8\/2022\/04\/GettyImages-1171960556-1440x810.jpg 1440w\" sizes=\"auto, (min-width: 48em) 33vw, 100vw\" \/>\t\t\t<\/div>\n<\/div>\n","protected":false},"excerpt":{"rendered":"<p>Conoce m\u00e1s novedades en relaci\u00f3n al mecanismo RED que afecta a las empresas del sector de veh\u00edculos a motor.<\/p>\n","protected":false},"author":248,"featured_media":23464,"comment_status":"closed","ping_status":"closed","sticky":false,"template":"","format":"standard","meta":{"_sage_video":false,"post_featured_image_hide":false,"footnotes":""},"categories":[6],"tags":[201,202],"business_type":[10,11,8],"lilypad":[],"context":[],"industry":[],"persona":[],"imagine_tag":[260],"coauthors":[670],"class_list":["post-29087","post","type-post","status-publish","format-standard","has-post-thumbnail","hentry","category-legal","tag-normativa-legal","tag-novedades-legales","business_type-pequena-empresa","business_type-mediana-empresa","business_type-asesorias-despachos-profesionales"],"sage_meta":{"region":"es-es","author_name":"Ronald Lozano","featured_image":"https:\/\/www.sage.com\/es-es\/blog\/wp-content\/uploads\/sites\/8\/2023\/09\/GettyImages-1475286239.jpg","imagine_tags":{"260":"Legal"}},"distributor_meta":false,"distributor_terms":false,"distributor_media":false,"distributor_original_site_name":"Sage Advice Espa\u00f1a","distributor_original_site_url":"https:\/\/www.sage.com\/es-es\/blog","push-errors":false,"_links":{"self":[{"href":"https:\/\/www.sage.com\/es-es\/blog\/api\/wp\/v2\/posts\/29087","targetHints":{"allow":["GET"]}}],"collection":[{"href":"https:\/\/www.sage.com\/es-es\/blog\/api\/wp\/v2\/posts"}],"about":[{"href":"https:\/\/www.sage.com\/es-es\/blog\/api\/wp\/v2\/types\/post"}],"author":[{"embeddable":true,"href":"https:\/\/www.sage.com\/es-es\/blog\/api\/wp\/v2\/users\/248"}],"replies":[{"embeddable":true,"href":"https:\/\/www.sage.com\/es-es\/blog\/api\/wp\/v2\/comments?post=29087"}],"version-history":[{"count":0,"href":"https:\/\/www.sage.com\/es-es\/blog\/api\/wp\/v2\/posts\/29087\/revisions"}],"wp:featuredmedia":[{"embeddable":true,"href":"https:\/\/www.sage.com\/es-es\/blog\/api\/wp\/v2\/media\/23464"}],"wp:attachment":[{"href":"https:\/\/www.sage.com\/es-es\/blog\/api\/wp\/v2\/media?parent=29087"}],"wp:term":[{"taxonomy":"category","embeddable":true,"href":"https:\/\/www.sage.com\/es-es\/blog\/api\/wp\/v2\/categories?post=29087"},{"taxonomy":"post_tag","embeddable":true,"href":"https:\/\/www.sage.com\/es-es\/blog\/api\/wp\/v2\/tags?post=29087"},{"taxonomy":"business_type","embeddable":true,"href":"https:\/\/www.sage.com\/es-es\/blog\/api\/wp\/v2\/business_type?post=29087"},{"taxonomy":"lilypad","embeddable":true,"href":"https:\/\/www.sage.com\/es-es\/blog\/api\/wp\/v2\/lilypad?post=29087"},{"taxonomy":"context","embeddable":true,"href":"https:\/\/www.sage.com\/es-es\/blog\/api\/wp\/v2\/context?post=29087"},{"taxonomy":"industry","embeddable":true,"href":"https:\/\/www.sage.com\/es-es\/blog\/api\/wp\/v2\/industry?post=29087"},{"taxonomy":"persona","embeddable":true,"href":"https:\/\/www.sage.com\/es-es\/blog\/api\/wp\/v2\/persona?post=29087"},{"taxonomy":"imagine_tag","embeddable":true,"href":"https:\/\/www.sage.com\/es-es\/blog\/api\/wp\/v2\/imagine_tag?post=29087"},{"taxonomy":"author","embeddable":true,"href":"https:\/\/www.sage.com\/es-es\/blog\/api\/wp\/v2\/coauthors?post=29087"}],"curies":[{"name":"wp","href":"https:\/\/api.w.org\/{rel}","templated":true}]}}