{"id":29313,"date":"2025-01-22T12:24:52","date_gmt":"2025-01-22T11:24:52","guid":{"rendered":"https:\/\/www.sage.com\/es-es\/blog\/?p=29313"},"modified":"2026-03-12T17:31:19","modified_gmt":"2026-03-12T16:31:19","slug":"sage-factura-show-preparate-para-la-nueva-era-de-la-factura-electronica","status":"publish","type":"post","link":"https:\/\/www.sage.com\/es-es\/blog\/sage-factura-show-preparate-para-la-nueva-era-de-la-factura-electronica\/","title":{"rendered":"Sage Factura Show: Prep\u00e1rate para liderar la nueva era de la facturaci\u00f3n"},"content":{"rendered":"<header class=\"entry-header has-dark-background-color entry-header--standard entry-header--has-illustration entry-header--has-illustration--standard\">\n\t<div class=\"container\">\n\t\t<div class=\"entry-header__row row align-center\">\n\t\t\t<div class=\"col col-lg-7 col-xlg-6 entry-header__content\">\n\t\t\t\t\t\t\t<div class=\"component component-single-header\">\n\t\t\t\t\t\t\t\t\t\t<div class=\"entry-header__misc text--subtitle text--uppercase text--small\">\n\t\t\t\t\t\t\t<a href=\"https:\/\/www.sage.com\/es-es\/blog\/categoria\/estrategia-gestion\/\" class=\"entry-header__link\">Estrategia y Gesti\u00f3n<\/a>\t\t\t\t\t\t<\/div>\n\t\t\t\t\n\t\t\t\t<div class=\"entry-title-wrapper\">\n\t\t\t\t\t<h1 class=\"entry-title\">\n\t\t\t\t\t\tSage Factura Show: Prep\u00e1rate para liderar la nueva era de la facturaci\u00f3n\t\t\t\t\t<\/h1>\n\t\t\t\t<\/div>\n\n\t\t\t\t\t\t\t\t\t<p class=\"entry-header__description\">\n\t\t\t\t\t\tDescubre todo sobre la factura electr\u00f3nica y c\u00f3mo debes adaptarte a la Ley Antifraude y la Ley Crea y Crece. \u00a1Asiste al Sage Factura Show!\u00a0\t\t\t\t\t<\/p>\n\t\t\t\t\n\t\t\t\t\n\t\t\t\t\n\t\t\t<\/div>\n\n\t\t\t\t\t<\/div>\n\t\t\t\t\t<\/div>\n\t<\/div>\n\t<div class=\"single-post-details container\">\n\t\t<div class=\"col\">\n\t\t\t<span class=\"posted-on \"><time class=\"entry-date published\" datetime=\"2025-01-22T12:24:52+01:00\">22 January, 2025<\/time><\/span><span class=\"reading-time\"> minutos de lectura<\/span>\n\t\t<button\n\t\t\ttype=\"button\"\n\t\t\tclass=\"social-share-button button button--icon button--secondary js-social-share-button\"\n\t\t\tdata-share-title=\"Sage Factura Show: Prep\u00e1rate para liderar la nueva era de la facturaci\u00f3n\"\n\t\t\tdata-share-url=\"https:\/\/www.sage.com\/es-es\/blog\/sage-factura-show-preparate-para-la-nueva-era-de-la-factura-electronica\/\"\n\t\t\tdata-share-text=\"Please read this interesting article\"\n\t\t>\n\t\t\t<span class=\"social-share-button__share-label\">Compartir<\/span>\n\t\t\t<span class=\"social-share-button__copy-label\" hidden>Copiar enlace<\/span>\n\t\t\t<span class=\"social-share-button__copy-tooltip\" aria-hidden=\"true\" hidden>Copiado<\/span>\n\t\t<\/button>\n\n\t\t\t\t<\/div>\n\t<\/div>\n<\/header>\n\n\n\n<div class=\"wp-block-post-author has-dark-background-color alignfull\">\n\t<div class=\"container\">\n\t\t<div class=\"col\">\n\t\t\t\t\t\t\t<div class=\"co-authors\">\n\t\t\t\t\t\n\t\t<div class=\"entry-author-wrapper\">\n\t\t\t<a class=\"entry-author\" href=\"https:\/\/www.sage.com\/es-es\/blog\/author\/jlmzabala\/\">\n\t\t\t\t<img loading=\"lazy\" decoding=\"async\" width=\"40\" height=\"40\" src=\"https:\/\/www.sage.com\/es-es\/blog\/wp-content\/uploads\/sites\/8\/2022\/12\/63-1-350x350.jpg\" class=\"entry-author__image\" alt=\"Sage\" \/>\t\t\t\t<span class=\"entry-author__name\">Jos\u00e9 Luis Mart\u00edn Zabala<\/span>\n\t\t\t<\/a>\n\n\t\t\t\t\t<\/div>\n\n\t\t\t\t\t\t<\/div>\n\t\t\t\t\t<\/div>\n\t<\/div>\n<\/div>\n\n\n\n<h4 class=\"wp-block-heading\" id=\"h-la-nueva-factura-transformara-la-gestion-empresarial-y-marcara-un-antes-y-un-despues-en-la-operativa-de-las-empresas-te-cuento-como-adaptarte-a-ella-y-aprovechar-las-nuevas-normativas-nbsp\" style=\"font-style:normal;font-weight:100\">La nueva factura transformar\u00e1 la gesti\u00f3n empresarial y marcar\u00e1 un antes y un despu\u00e9s en la operativa de las empresas. Te cuento c\u00f3mo adaptarte a ella y aprovechar las nuevas normativas.&nbsp;<\/h4>\n\n\n\n<ul class=\"wp-block-list\">\n<li>Aqu\u00ed encontrar\u00e1s un an\u00e1lisis de los principales cambios en la facturaci\u00f3n electr\u00f3nica tras las normativas recientes.&nbsp;<\/li>\n<\/ul>\n\n\n\n<ul class=\"wp-block-list\">\n<li>No te pierdas Sage Factura Show, una serie de eventos en los que aprender c\u00f3mo implementar estrategias eficaces para liderar la transformaci\u00f3n digital de tu negocio.&nbsp;<\/li>\n<\/ul>\n\n\n\n<p>El tejido empresarial espa\u00f1ol lidera la transformaci\u00f3n digital en el mercado hispano. No lo digo yo, lo dicen los datos: actualmente <strong>el 71 % de las compa\u00f1\u00edas nacionales est\u00e1n inmersas en este proceso.<\/strong> Y hay m\u00e1s: el 64 % han dado el salto hace m\u00e1s de un a\u00f1o, seg\u00fan recoge la tercera edici\u00f3n del \u200b\u200bestudio <em>Think Digital Report.&nbsp;<\/em>&nbsp;<\/p>\n\n\n\n<p>Viendo el panorama, tengo algo claro:<strong> la digitalizaci\u00f3n ya no es una opci\u00f3n.<\/strong> Es una necesidad imperativa para empresas que quieren continuar siendo competitivas en el mercado actual. De hecho, seg\u00fan ese mismo estudio, el 90 % cree que han surgido nuevos competidores dentro de su sector a la luz de la digitalizaci\u00f3n.&nbsp;<\/p>\n\n\n\n<figure class=\"wp-block-embed is-type-video is-provider-youtube wp-block-embed-youtube wp-embed-aspect-16-9 wp-has-aspect-ratio\"><div class=\"wp-block-embed__wrapper\">\n<div class=\"video-container-wrap -mode-full\"><div class=\"video-container\"><video\n\t\t\t\tclass=\"sage-video video-js vjs-default-skin \"\n\t\t\t\twidth=\"640\"\n\t\t\t\theight=\"360\"\n\t\t\t\tdata-setup='{ \"controls\": true, \"aspectRatio\" : \"16:9\", \"poster\": \"https:\/\/img.youtube.com\/vi\/COFqOp_VLSU\/maxresdefault.jpg\", \"techOrder\": [\"youtube\"], \"enablejsapi\": 1, \"origin\": \"https:\/\/www.sage.com\", \"sources\": [{ \"type\": \"video\/youtube\", \"src\": \"https:\/\/www.youtube.com\/watch?v=COFqOp_VLSU\"}], \"youtube\": { \"ytControls\": 0, \"cc_load_policy\": 3, \"modestbranding\": 1, \"hl\": \"es_ES\", \"playsinline\": 1 } }'\n\t\t\t\tcrossorigin=\"\"><\/video><\/div><\/div>\n<\/div><\/figure>\n\n\n\n<p><strong>CONTENIDO DEL POST<\/strong><\/p>\n\n\n<?xml encoding=\"utf-8\" ?><div class=\"wp-block-yoast-seo-table-of-contents yoast-table-of-contents\"><ul><li><a href=\"#que-cambios-trae-la-factura-electronica\" data-level=\"2\">&iquest;Qu&eacute; cambios trae la factura electr&oacute;nica?&nbsp;<\/a><\/li><li><a href=\"#como-prepararse-para-los-cambios-en-la-factura-electronica\" data-level=\"2\">&iquest;C&oacute;mo prepararse para los cambios en la factura electr&oacute;nica?&nbsp;<\/a><\/li><li><a href=\"#por-que-asistir-a-sage-factura-show\" data-level=\"2\">&iquest;Por qu&eacute; asistir a Sage Factura Show?&nbsp;&nbsp;<\/a><\/li><\/ul><\/div>\n\n\n\n<p>En ese contexto, la facturaci\u00f3n es uno de los \u00e1mbitos donde m\u00e1s avances se han dado. <a href=\"https:\/\/www.sage.com\/es-es\/blog\/automatizacion-de-procesos-por-que-deberias-implementarlo-en-tu-pyme\/\" target=\"_blank\" rel=\"noreferrer noopener\"><strong>Automatizaci\u00f3n de procesos,<\/strong><\/a> <a href=\"https:\/\/www.sage.com\/es-es\/blog\/la-conciliacion-de-cuentas-contables-automatica-o-manual\/\" target=\"_blank\" rel=\"noreferrer noopener\"><strong>conciliaci\u00f3n contable<\/strong><\/a>, <a href=\"https:\/\/www.sage.com\/es-es\/blog\/gestion-de-pagos-y-cobros-estrategias-para-una-administracion-financiera-eficiente\/\" target=\"_blank\" rel=\"noreferrer noopener\"><strong>gesti\u00f3n de cobros y pagos<\/strong><\/a>, menos errores, mayor transparencia y trazabilidad de las operaciones\u2026&nbsp;<\/p>\n\n\n\n<p>Precisamente, la nueva factura representa una evoluci\u00f3n estrat\u00e9gica. En Espa\u00f1a, los esfuerzos por fomentar esa transparencia y la eficiencia tambi\u00e9n han llegado desde los <strong>organismos p\u00fablicos<\/strong>. As\u00ed mismo, han dado lugar a normativas tan populares como importantes. L\u00e9ase, la <strong>Ley Antifraude<\/strong> y la <strong>Ley Crea y Crece<\/strong>, que imponen la adopci\u00f3n de la factura electr\u00f3nica obligatoria.&nbsp;&nbsp;<\/p>\n\n\n\n<p><em><mark class=\"highlight-and-share\"><strong>\u00a1COMPARTE! <\/strong>La factura electr\u00f3nica no solo es obligatoria, sino que es una oportunidad. Conoce qu\u00e9 cambios trae y c\u00f3mo prepararte en el Sage Factura Show.&nbsp;&nbsp;<\/mark><\/em><\/p>\n\n\n\n<h2 class=\"wp-block-heading\" id=\"que-cambios-trae-la-factura-electronica\">\u00bfQu\u00e9 cambios trae la factura electr\u00f3nica?&nbsp;<\/h2>\n\n\n\n<p>La adopci\u00f3n de la factura electr\u00f3nica obligatoria es m\u00e1s que una modificaci\u00f3n legal. Supone un cambio profundo en c\u00f3mo las empresas gestionan sus procesos.&nbsp;&nbsp;<\/p>\n\n\n\n<p>Con la aprobaci\u00f3n de la <a href=\"https:\/\/www.sage.com\/es-es\/blog\/componentes-clave-del-reglamento-ley-antifraude\/\" target=\"_blank\" rel=\"noreferrer noopener\"><strong>Ley Antifraude<\/strong><\/a> y la <a href=\"https:\/\/www.sage.com\/es-es\/certificacion-software\/ley-crea-y-crece\/\"><strong>Ley Crea y Crece<\/strong><\/a>, <strong>las organizaciones tienen que implementar programas de facturaci\u00f3n electr\u00f3nica. <\/strong>Es m\u00e1s, ser\u00e1 la \u00fanica forma de cumplir con ambas normativas.\u00a0<\/p>\n\n\n\n<p>Por su parte, estas dos leyes tienen tres objetivos muy marcados:&nbsp;<\/p>\n\n\n\n<ol start=\"1\" class=\"wp-block-list\">\n<li>Reducir la evasi\u00f3n fiscal y fomentar la transparencia.&nbsp;<\/li>\n<\/ol>\n\n\n\n<ol start=\"2\" class=\"wp-block-list\">\n<li>Promover la digitalizaci\u00f3n en pymes y grandes empresas.&nbsp;<\/li>\n<\/ol>\n\n\n\n<ol start=\"3\" class=\"wp-block-list\">\n<li>Simplificar las transacciones y fomentar la competitividad.&nbsp;<\/li>\n<\/ol>\n\n\n\n<h2 class=\"wp-block-heading\" id=\"como-prepararse-para-los-cambios-en-la-factura-electronica\">\u00bfC\u00f3mo prepararse para los cambios en la factura electr\u00f3nica?&nbsp;<\/h2>\n\n\n\n<p>Si a\u00fan no lo ha dado, cualquier negocio debe dar el salto. En este escenario, contar con las herramientas y las estrategias adecuadas es vital. As\u00ed que los <strong>programas de facturaci\u00f3n electr\u00f3nica <\/strong>han pasado a ser, hoy en d\u00eda y de cara a futuro,<strong> una necesidad.<\/strong>&nbsp;&nbsp;<\/p>\n\n\n\n<h3 class=\"wp-block-heading\" id=\"soluciones-de-facturacion-adaptadas-a-cada-necesidad\">Soluciones de facturaci\u00f3n adaptadas a cada necesidad&nbsp;<\/h3>\n\n\n\n<p>Si te has decidido y est\u00e1 en el momento de elegir entre varios sistemas de facturaci\u00f3n electr\u00f3nica, te recomiendo considerar lo siguiente antes de decidir:&nbsp;<\/p>\n\n\n\n<ul class=\"wp-block-list\">\n<li>El <strong>tama\u00f1o<\/strong> de tu empresa.&nbsp;<\/li>\n<\/ul>\n\n\n\n<ul class=\"wp-block-list\">\n<li>Las <strong>funcionalidades<\/strong> espec\u00edficas que necesitas.&nbsp;<\/li>\n<\/ul>\n\n\n\n<ul class=\"wp-block-list\">\n<li>El <strong>nivel de integraci\u00f3n<\/strong> que te ofrece para con tus sistemas actuales.&nbsp;<\/li>\n<\/ul>\n\n\n\n<ul class=\"wp-block-list\">\n<li>El <strong>presupuesto<\/strong> del que dispones.&nbsp;<\/li>\n<\/ul>\n\n\n\n<ul class=\"wp-block-list\">\n<li>La <strong>formaci\u00f3n<\/strong> que tiene tu equipo, as\u00ed como la que pueda necesitar.&nbsp;&nbsp;&nbsp;<\/li>\n<\/ul>\n\n\n\n<p>De todas formas, explora m\u00e1s recomendaciones que te dejamos en este art\u00edculo sobre <a href=\"https:\/\/www.sage.com\/es-es\/blog\/transformacion-digital-pymes\/\" target=\"_blank\" rel=\"noreferrer noopener\"><strong>transformaci\u00f3n digital en pymes<\/strong><\/a><strong>.<\/strong> Y, por supuesto, d\u00e9jate asesorar por expertos como los que <strong>acudir\u00e1n al <\/strong><a href=\"https:\/\/www.sage.com\/es-es\/cp\/roadshow\/\" target=\"_blank\" rel=\"noreferrer noopener\"><strong>evento Sage Factura Show<\/strong><\/a>.&nbsp;&nbsp;<\/p>\n\n\n\n<h2 class=\"wp-block-heading\" id=\"por-que-asistir-a-sage-factura-show\">\u00bfPor qu\u00e9 asistir a Sage Factura Show?&nbsp;&nbsp;<\/h2>\n\n\n\n<p>\u00bfY qu\u00e9 es Sage Factura Show? A mi modo de ver, es m\u00e1s que un evento; es una ocasi\u00f3n para entender de primera mano las <strong>novedades en la factura electr\u00f3nica<\/strong> <strong>y c\u00f3mo prepararte para los cambios.<\/strong> En cada sesi\u00f3n se tocan tres pilares claves:&nbsp;<\/p>\n\n\n\n<ul class=\"wp-block-list\">\n<li>Los detalles de normativas como la Ley Antifraude y la Ley Crea y Crece.&nbsp;<\/li>\n<\/ul>\n\n\n\n<ul class=\"wp-block-list\">\n<li>Casos de \u00e9xito de empresas que ya han adoptado la facturaci\u00f3n electr\u00f3nica.&nbsp;<\/li>\n<\/ul>\n\n\n\n<ul class=\"wp-block-list\">\n<li>Talleres pr\u00e1cticos para implementar soluciones de forma eficaz.&nbsp;<\/li>\n<\/ul>\n\n\n\n<p><strong>La adaptaci\u00f3n a la factura electr\u00f3nica representa un <\/strong><strong><em>win-win<\/em><\/strong><strong>: <\/strong>por un lado, cumples con una exigencia legal y, por otro, representa una oportunidad ideal para mejorar tu gesti\u00f3n y ser m\u00e1s competitivo.&nbsp;&nbsp;<\/p>\n\n\n\n<p>Desde Sage queremos ser tu socio estrat\u00e9gico en esta transformaci\u00f3n. Por eso, <strong>te invito personalmente al <a href=\"https:\/\/www.sage.com\/es-es\/cp\/roadshow\/\">Sage Factura Show<\/a><\/strong>, que tendr\u00e1 lugar en febrero en Sevilla, Madrid, Valencia y Barcelona. \u00a1Con\u00f3cenos y descubre c\u00f3mo liderar el cambio!&nbsp;<\/p>\n\n\n<div class=\"single-cta\">\n\t<div class=\"single-cta__positioner\">\n\t\t<div class=\"single-cta__wrapper has-dark-background-color\">\n\t\t\t<div class=\"single-cta__content\">\n\t\t\t\t\t\t\t\t<h2 class=\"single-cta__title h3\">Subscr\u00edbete a la newsletter de Sage Advice<\/h2>\n\n\t\t\t\t\t\t\t\t\t<div class=\"single-cta__description\">\n\t\t\t\t\t\t<p>Recibe nuestros consejos m\u00e1s recientes directamente en la bandeja de entrada de tu correo electr\u00f3nico.<\/p>\n\t\t\t\t\t<\/div>\n\t\t\t\t\n\t\t\t\t\t\t\t\t\t\t\t\t\t\t<a\n\t\t\t\t\t\thref=\"#gate-263a5c00-99e4-4e71-8421-469deda8e674\"\n\t\t\t\t\t\tclass=\"single-cta__button button button--primary\"\n\t\t\t\t\t\t\t\t\t\t\t\t\t\t\t\t\t>Suscr\u00edbete<\/a>\n\t\t\t\t\t\t\t<\/div>\n\n\t\t\t\t\t<\/div>\n\n\t\t\t\t\t<img decoding=\"async\" width=\"1440\" height=\"810\" src=\"https:\/\/www.sage.com\/es-es\/blog\/wp-content\/uploads\/sites\/8\/2022\/04\/GettyImages-1171960556-1440x810.jpg\" class=\"single-cta__image\" alt=\"Sage\" loading=\"lazy\" srcset=\"https:\/\/www.sage.com\/es-es\/blog\/wp-content\/uploads\/sites\/8\/2022\/04\/GettyImages-1171960556-1440x810.jpg 1440w\" sizes=\"auto, (min-width: 48em) 33vw, 100vw\" \/>\t\t\t<\/div>\n<\/div>\n","protected":false},"excerpt":{"rendered":"<p>Descubre todo sobre la factura electr\u00f3nica y c\u00f3mo debes adaptarte a la Ley Antifraude y la Ley Crea y Crece. \u00a1Asiste al Sage Factura Show!\u00a0<\/p>\n","protected":false},"author":922,"featured_media":29314,"comment_status":"closed","ping_status":"closed","sticky":false,"template":"","format":"standard","meta":{"_sage_video":true,"post_featured_image_hide":false,"footnotes":""},"categories":[3],"tags":[28,29,30,361],"business_type":[10,11,8],"lilypad":[],"context":[],"industry":[],"persona":[],"imagine_tag":[266,363],"coauthors":[544],"class_list":["post-29313","post","type-post","status-publish","format-standard","has-post-thumbnail","hentry","category-estrategia-gestion","tag-factura-electronica","tag-facturacion","tag-facturas","tag-antifraude","business_type-pequena-empresa","business_type-mediana-empresa","business_type-asesorias-despachos-profesionales"],"sage_meta":{"region":"es-es","author_name":"Jos\u00e9 Luis Mart\u00edn Zabala","featured_image":"https:\/\/www.sage.com\/es-es\/blog\/wp-content\/uploads\/sites\/8\/2025\/01\/2024_Noviembre6_AdelantoSAGE_Accountex_046-1.jpg","imagine_tags":{"266":"Facturaci\u00f3n","363":"Ley Antifraude"}},"distributor_meta":false,"distributor_terms":false,"distributor_media":false,"distributor_original_site_name":"Sage Advice Espa\u00f1a","distributor_original_site_url":"https:\/\/www.sage.com\/es-es\/blog","push-errors":false,"_links":{"self":[{"href":"https:\/\/www.sage.com\/es-es\/blog\/api\/wp\/v2\/posts\/29313","targetHints":{"allow":["GET"]}}],"collection":[{"href":"https:\/\/www.sage.com\/es-es\/blog\/api\/wp\/v2\/posts"}],"about":[{"href":"https:\/\/www.sage.com\/es-es\/blog\/api\/wp\/v2\/types\/post"}],"author":[{"embeddable":true,"href":"https:\/\/www.sage.com\/es-es\/blog\/api\/wp\/v2\/users\/922"}],"replies":[{"embeddable":true,"href":"https:\/\/www.sage.com\/es-es\/blog\/api\/wp\/v2\/comments?post=29313"}],"version-history":[{"count":1,"href":"https:\/\/www.sage.com\/es-es\/blog\/api\/wp\/v2\/posts\/29313\/revisions"}],"predecessor-version":[{"id":37289,"href":"https:\/\/www.sage.com\/es-es\/blog\/api\/wp\/v2\/posts\/29313\/revisions\/37289"}],"wp:featuredmedia":[{"embeddable":true,"href":"https:\/\/www.sage.com\/es-es\/blog\/api\/wp\/v2\/media\/29314"}],"wp:attachment":[{"href":"https:\/\/www.sage.com\/es-es\/blog\/api\/wp\/v2\/media?parent=29313"}],"wp:term":[{"taxonomy":"category","embeddable":true,"href":"https:\/\/www.sage.com\/es-es\/blog\/api\/wp\/v2\/categories?post=29313"},{"taxonomy":"post_tag","embeddable":true,"href":"https:\/\/www.sage.com\/es-es\/blog\/api\/wp\/v2\/tags?post=29313"},{"taxonomy":"business_type","embeddable":true,"href":"https:\/\/www.sage.com\/es-es\/blog\/api\/wp\/v2\/business_type?post=29313"},{"taxonomy":"lilypad","embeddable":true,"href":"https:\/\/www.sage.com\/es-es\/blog\/api\/wp\/v2\/lilypad?post=29313"},{"taxonomy":"context","embeddable":true,"href":"https:\/\/www.sage.com\/es-es\/blog\/api\/wp\/v2\/context?post=29313"},{"taxonomy":"industry","embeddable":true,"href":"https:\/\/www.sage.com\/es-es\/blog\/api\/wp\/v2\/industry?post=29313"},{"taxonomy":"persona","embeddable":true,"href":"https:\/\/www.sage.com\/es-es\/blog\/api\/wp\/v2\/persona?post=29313"},{"taxonomy":"imagine_tag","embeddable":true,"href":"https:\/\/www.sage.com\/es-es\/blog\/api\/wp\/v2\/imagine_tag?post=29313"},{"taxonomy":"author","embeddable":true,"href":"https:\/\/www.sage.com\/es-es\/blog\/api\/wp\/v2\/coauthors?post=29313"}],"curies":[{"name":"wp","href":"https:\/\/api.w.org\/{rel}","templated":true}]}}