{"id":32546,"date":"2025-08-22T09:52:04","date_gmt":"2025-08-22T07:52:04","guid":{"rendered":"https:\/\/www.sage.com\/es-es\/blog\/?p=32546"},"modified":"2025-08-22T09:52:41","modified_gmt":"2025-08-22T07:52:41","slug":"preparado-cambios-facturacion-expertos-legales-recomiendan","status":"publish","type":"post","link":"https:\/\/www.sage.com\/es-es\/blog\/preparado-cambios-facturacion-expertos-legales-recomiendan\/","title":{"rendered":"\u00bfPreparado para los pr\u00f3ximos cambios en facturaci\u00f3n? Esto recomiendan nuestros expertos legales"},"content":{"rendered":"<header class=\"entry-header has-dark-background-color entry-header--has-illustration entry-header--has-illustration--generic\">\n\t<div class=\"container\">\n\t\t<div class=\"entry-header__row row align-center\">\n\t\t\t<div class=\"col col-lg-7 col-xlg-6 entry-header__content\">\n\t\t\t\t\t\t\t<div class=\"component component-single-header\">\n\t\t\t\t\t\t\t\t\t\t<div class=\"entry-header__misc text--subtitle text--uppercase text--small\">\n\t\t\t\t\t\t\t<a href=\"https:\/\/www.sage.com\/es-es\/blog\/categoria\/estrategia-gestion\/\" class=\"entry-header__link\">Estrategia y Gesti\u00f3n<\/a>\t\t\t\t\t\t<\/div>\n\t\t\t\t\n\t\t\t\t<div class=\"entry-title-wrapper\">\n\t\t\t\t\t<h1 class=\"entry-title\">\n\t\t\t\t\t\t\u00bfPreparado para los pr\u00f3ximos cambios en facturaci\u00f3n? Esto recomiendan nuestros expertos legales\t\t\t\t\t<\/h1>\n\t\t\t\t<\/div>\n\n\t\t\t\t\t\t\t\t\t<p class=\"entry-header__description\">\n\t\t\t\t\t\t\t\t\t\t\t<\/p>\n\t\t\t\t\n\t\t\t\t\n\t\t\t\t\n\t\t\t<\/div>\n\n\t\t\t\t\t<\/div>\n\t\t\t\t\t<\/div>\n\t<\/div>\n\t<div class=\"single-post-details container\">\n\t\t<div class=\"col\">\n\t\t\t<span class=\"posted-on \"><time class=\"entry-date published\" datetime=\"2025-08-22T09:52:04+02:00\">22 August, 2025<\/time><\/span><span class=\"reading-time\"> minutos de lectura<\/span>\n\t\t<button\n\t\t\ttype=\"button\"\n\t\t\tclass=\"social-share-button button button--icon button--secondary js-social-share-button\"\n\t\t\tdata-share-title=\"\u00bfPreparado para los pr\u00f3ximos cambios en facturaci\u00f3n? Esto recomiendan nuestros expertos legales\"\n\t\t\tdata-share-url=\"https:\/\/www.sage.com\/es-es\/blog\/preparado-cambios-facturacion-expertos-legales-recomiendan\/\"\n\t\t\tdata-share-text=\"Please read this interesting article\"\n\t\t>\n\t\t\t<span class=\"social-share-button__share-label\">Compartir<\/span>\n\t\t\t<span class=\"social-share-button__copy-label\" hidden>Copiar enlace<\/span>\n\t\t\t<span class=\"social-share-button__copy-tooltip\" aria-hidden=\"true\" hidden>Copiado<\/span>\n\t\t<\/button>\n\n\t\t\t\t<\/div>\n\t<\/div>\n<\/header>\n\n\n\n<div class=\"wp-block-post-author has-dark-background-color alignfull\">\n\t<div class=\"container\">\n\t\t<div class=\"col\">\n\t\t\t\t\t\t\t<div class=\"co-authors\">\n\t\t\t\t\t\n\t\t<div class=\"entry-author-wrapper\">\n\t\t\t<a class=\"entry-author\" href=\"https:\/\/www.sage.com\/es-es\/blog\/author\/jose-ramon-fernandez-de-la-cigona\/\">\n\t\t\t\t<img loading=\"lazy\" decoding=\"async\" width=\"40\" height=\"40\" src=\"https:\/\/www.sage.com\/es-es\/blog\/wp-content\/uploads\/sites\/8\/2024\/02\/foto_jose-ramon_400x400-350x350.jpg\" class=\"entry-author__image\" alt=\"Sage\" srcset=\"https:\/\/www.sage.com\/es-es\/blog\/wp-content\/uploads\/sites\/8\/2024\/02\/foto_jose-ramon_400x400-350x350.jpg 350w, https:\/\/www.sage.com\/es-es\/blog\/wp-content\/uploads\/sites\/8\/2024\/02\/foto_jose-ramon_400x400.jpg 585w\" sizes=\"auto, (max-width: 40px) 100vw, 40px\" \/>\t\t\t\t<span class=\"entry-author__name\">Jose Ram\u00f3n Fern\u00e1ndez de la Cigo\u00f1a<\/span>\n\t\t\t<\/a>\n\n\t\t\t\t\t<\/div>\n\n\t\t\t\t\t\t<\/div>\n\t\t\t\t\t<\/div>\n\t<\/div>\n<\/div>\n\n\n\n\n\n<p class=\"has-paragraph-medium-font-size\">Las empresas y aut\u00f3nomos deben anticiparse a los cambios en facturaci\u00f3n para evitar sanciones, ahorrar costes y conseguir ventajas competitivas.<\/p>\n\n\n\n<ul class=\"wp-block-list\">\n<li>Conoce las recomendaciones de expertos de Sage y de los embajadores del Factura Show para prepararte de forma eficaz.<\/li>\n\n\n\n<li>Son muchas las pymes y asesor\u00edas que a\u00fan no est\u00e1n listas. Cuanto antes te adaptes, m\u00e1s sencillo ser\u00e1 cumplir las nuevas normativas.<\/li>\n<\/ul>\n\n\n\n<p>La entrada en vigor del sistema <strong>Veri*factu<\/strong> y otras novedades legales en materia de facturaci\u00f3n est\u00e1n generando dudas en muchas empresas. Pero no te preocupes, aqu\u00ed te ayudamos a entender qu\u00e9 implica este nuevo marco normativo.<\/p>\n\n\n\n<p><mark class=\"highlight-and-share\"><em><strong>COMPARTE<\/strong> \u00bfEst\u00e1s preparado para los pr\u00f3ximos cambios en facturaci\u00f3n? Los expertos de Sage te explican c\u00f3mo anticiparte, evitar errores y sacarles el m\u00e1ximo partido.&nbsp;<\/em><\/mark><\/p>\n\n\n\n<div class=\"single-cta gated-content\">\n\t<div class=\"single-cta__positioner\">\n\t\t<div class=\"single-cta__wrapper has-dark-background-color\">\n\t\t\t<div class=\"single-cta__content\">\n\t\t\t\t\t\t\t\t<h2 class=\"single-cta__title h3\">Prep\u00e1rate para Verifactu<\/h2>\n\n\t\t\t\t\t\t\t\t\t<div class=\"single-cta__description\">\n\t\t\t\t\t\t<p><!-- wp:paragraph --><\/p>\n<p><strong>\ud83d\udce5<\/strong> \u00a1Descarga nuestra gu\u00eda completa y comienza a prepararte para Verifactu desde hoy mismo!<\/p>\n<p><!-- \/wp:paragraph --><\/p>\n<p><!-- wp:paragraph --><\/p>\n<p><!-- \/wp:paragraph --><\/p>\n\t\t\t\t\t<\/div>\n\t\t\t\t\n\t\t\t\t\t\t\t\t\t\t\t\t\t\t<a\n\t\t\t\t\t\thref=\"#gate-c698f262-dbe3-4272-b5ef-bd58b1f77708\"\n\t\t\t\t\t\tclass=\"single-cta__button button button--primary\"\n\t\t\t\t\t\t\t\t\t\t\t\t\t\t\t\t\t>\u00a1Quiero gratis mi GUIA!<\/a>\n\t\t\t\t\t\t\t<\/div>\n\n\t\t\t\t\t<\/div>\n\n\t\t\t\t\t<img decoding=\"async\" width=\"1252\" height=\"810\" src=\"https:\/\/www.sage.com\/es-es\/blog\/wp-content\/uploads\/sites\/8\/2024\/10\/mockup_SGE_EBK_blanco_Preparate-para-Verifactu-1252x810.jpg\" class=\"single-cta__image\" alt=\"Sage\" loading=\"lazy\" srcset=\"https:\/\/www.sage.com\/es-es\/blog\/wp-content\/uploads\/sites\/8\/2024\/10\/mockup_SGE_EBK_blanco_Preparate-para-Verifactu-1252x810.jpg 1252w\" sizes=\"auto, (min-width: 48em) 33vw, 100vw\" \/>\t\t\t<\/div>\n<\/div>\n\n\n\n<h2 class=\"wp-block-heading\">Contenido del post<\/h2>\n\n\n<?xml encoding=\"utf-8\" ?><div class=\"wp-block-yoast-seo-table-of-contents yoast-table-of-contents\"><ul><li><a href=\"#por-que-debes-prepararte-para-los-proximos-cambios-en-facturacion\" data-level=\"2\">&iquest;Por qu&eacute; debes prepararte para los pr&oacute;ximos cambios en facturaci&oacute;n?<\/a><\/li><li><a href=\"#que-implican-estos-cambios\" data-level=\"2\">&iquest;Qu&eacute; implican estos cambios?<\/a><\/li><li><a href=\"#simplificando-la-transicion-estrategias-para-adaptarte-a-los-proximos-cambios-en-facturacion-de-la-mano-de-los-embajadores-de-sage\" data-level=\"2\">Simplificando la transici&oacute;n: Estrategias para adaptarte a los pr&oacute;ximos cambios en facturaci&oacute;n de la mano de los embajadores de Sage<\/a><\/li><li><a href=\"#consejos-de-los-expertos-de-sage-que-participaron-en-el-factura-show\" data-level=\"2\">Consejos de los expertos de Sage que participaron en el Factura Show<\/a><\/li><li><a href=\"#pasos-practicos-para-adaptarte-a-los-cambios-en-facturacion\" data-level=\"2\">Pasos pr&aacute;cticos para adaptarte a los cambios en facturaci&oacute;n<\/a><\/li><li><a href=\"#que-opinan-los-asesores-legales-sobre-estos-cambios-en-facturacion\" data-level=\"2\">&iquest;Qu&eacute; opinan los asesores legales sobre estos cambios en facturaci&oacute;n?<\/a><\/li><\/ul><\/div>\n\n\n\n<h2 class=\"wp-block-heading\" id=\"por-que-debes-prepararte-para-los-proximos-cambios-en-facturacion\">\u00bfPor qu\u00e9 debes prepararte para los pr\u00f3ximos cambios en facturaci\u00f3n?<\/h2>\n\n\n\n<p>La principal raz\u00f3n es que no hacerlo puede salirte caro. El nuevo modelo de facturaci\u00f3n electr\u00f3nica y las obligaciones de remisi\u00f3n inmediata de datos a Hacienda <strong>no son opcionales<\/strong>. La Ley Crea y Crece, la <a href=\"https:\/\/www.sage.com\/es-es\/blog\/entendiendo-diferencias-antifraude-y-crea-crece-facturacion\/\">Ley Antifraude<\/a> y el Reglamento de Veri*factu implican sanciones si no te adaptas a tiempo.<\/p>\n\n\n\n<p>Seg\u00fan los expertos legales de Sage <strong>la prevenci\u00f3n y la anticipaci\u00f3n son la mejor estrategia<\/strong>. Las herramientas de facturaci\u00f3n deben actualizarse, los equipos deben formarse y hay que prever posibles incidencias en la transici\u00f3n.<\/p>\n\n\n\n<figure class=\"wp-block-pullquote\"><blockquote><p>El cumplimiento normativo en los procesos de facturaci\u00f3n no es lo \u00fanico importante. Adaptarte a tiempo puede otorgarte una ventaja competitiva y mejorar la confianza de tus clientes.<\/p><\/blockquote><\/figure>\n\n\n\n<h2 class=\"wp-block-heading\" id=\"que-implican-estos-cambios\">\u00bfQu\u00e9 implican estos cambios?<\/h2>\n\n\n\n<p>Principalmente podemos destacar los siguientes cambios:<\/p>\n\n\n\n<ul class=\"wp-block-list\">\n<li>Emisi\u00f3n y env\u00edo autom\u00e1tico de facturas a la Agencia Tributaria.<\/li>\n\n\n\n<li>Uso de <strong>software certificado<\/strong> o con conectividad habilitada para el env\u00edo autom\u00e1tico de facturas a la Agencia Tributaria a su requerimiento.<\/li>\n\n\n\n<li>Adaptaci\u00f3n de procesos internos de facturaci\u00f3n, contabilidad y de gesti\u00f3n documental.<\/li>\n\n\n\n<li>Inclusi\u00f3n en las facturas de un <a href=\"https:\/\/www.sage.com\/es-es\/blog\/factura-electronica-incorporacion-codigo-qr-y-nuevos-elementos-obligatorios\/\">c\u00f3digo QR<\/a> que permita almacenar informaci\u00f3n de forma compacta<strong>&nbsp;<\/strong>y pueda ser le\u00eddo por dispositivos m\u00f3viles con c\u00e1mara.<\/li>\n\n\n\n<li>Utilizaci\u00f3n de la <strong>factura electr\u00f3nica en las operaciones entre empresas<\/strong> (B2B).<\/li>\n<\/ul>\n\n\n\n<p>As\u00ed te ayudan los embajadores de Sage a entender los cambios en facturaci\u00f3n<\/p>\n\n\n\n<section class=\"wp-block-sage-container is-constrained is-style-bordered\"><div class=\"sage-container__inner\">\n<p class=\"has-paragraph-standard-font-size\">\u2705 \u00bfTu software ya est\u00e1 Verifactu Ready? \u2705<\/p>\n\n\n\n<p class=\"has-paragraph-standard-font-size\">\u2022 En Sage hemos sido los primeros en certificar nuestras soluciones de facturaci\u00f3n con la Ley Antifraude.<br>\u2022 Si eres aut\u00f3nomo, pyme o asesor\u00eda, es el momento de asegurarte de que tu software cumple.<\/p>\n\n\n\n<div class=\"wp-block-buttons is-content-justification-center is-layout-flex wp-container-core-buttons-is-layout-16018d1d wp-block-buttons-is-layout-flex\">\n<div class=\"wp-block-button\"><a class=\"wp-block-button__link wp-element-button\" href=\"https:\/\/www.sage.com\/es-es\/certificacion-software\/certificaciones-sage\/\">\u00a1Consulta aqu\u00ed si tu producto Sage est\u00e1 certificado!<\/a><\/div>\n<\/div>\n<\/div><\/section>\n\n\n\n<h2 class=\"wp-block-heading\" id=\"simplificando-la-transicion-estrategias-para-adaptarte-a-los-proximos-cambios-en-facturacion-de-la-mano-de-los-embajadores-de-sage\">Simplificando la transici\u00f3n: Estrategias para adaptarte a los pr\u00f3ximos cambios en facturaci\u00f3n de la mano de los embajadores de Sage<\/h2>\n\n\n\n<p>La clave para afrontar los <strong>cambios en facturaci\u00f3n<\/strong> es la planificaci\u00f3n. No es un camino complicado si tienes las herramientas adecuadas.&nbsp;<\/p>\n\n\n\n<p>La transformaci\u00f3n digital en la facturaci\u00f3n es inevitable por imperativo legal y para mantener la competitividad.&nbsp;<\/p>\n\n\n\n<p>Sage te ayuda a afrontar estos cambios, a trav\u00e9s de su campa\u00f1a &#8220;Get Ready: La Nueva Factura&#8221;. Simplifica la transici\u00f3n legal en la facturaci\u00f3n de tu negocio conociendo las <a href=\"https:\/\/www.sage.com\/es-es\/blog\/get-ready-preparate-para-la-nueva-factura-con-nuestros-expertos\/\">estrategias de los Legal Changes Ambassadors de Sage<\/a>:<\/p>\n\n\n\n<ul class=\"wp-block-list\">\n<li><strong>David Gonz\u00e1lez Pescador, de Glezco Asesores y Consultores:<\/strong> seg\u00fan este experto se deben <strong>identificar los procesos clave en facturaci\u00f3n<\/strong>, las dificultades para afrontar los cambios y los checks necesarios para evaluar si tu empresa est\u00e1 preparada. Una vez identificado todo esto debes preparar un <strong>plan de arranque para cumplir con <\/strong><a href=\"https:\/\/www.sage.com\/es-es\/blog\/empresas-preparadas-verifactu-factura-electronica\/\">Veri*factu<\/a><strong> y la factura electr\u00f3nica<\/strong> obligatoria entre empresas.\u00a0<\/li>\n\n\n\n<li><strong>Samuel Cruz Palenzuela, de Cruz Asesores:<\/strong> los beneficios de implantar cuanto antes Veri*factu son incuestionables, por eso este experto recomienda <strong>adaptarse cuanto antes a los nuevos cambios<\/strong> de la mano del asesor fiscal.\u00a0\u00a0<\/li>\n\n\n\n<li><strong>Conchi Sancar, especialista en estrategia digital para asesor\u00edas y despachos profesionales.<\/strong> Esta reconocida profesional independiente hace hincapi\u00e9 en el <strong>valor a\u00f1adido de la e-factura<\/strong> para las empresas al reducir errores y costes administrativos, y mejorar la relaci\u00f3n con clientes y proveedores.<\/li>\n<\/ul>\n\n\n\n<p>Estos especialistas te ayudar\u00e1n a:<\/p>\n\n\n\n<ul class=\"wp-block-list\">\n<li>Entender las novedades legislativas de los cambios en facturaci\u00f3n.<\/li>\n\n\n\n<li>Ampliar tus conocimientos.<\/li>\n\n\n\n<li>Aplicar estrategias pr\u00e1cticas para afrontar los cambios en los procesos de emisi\u00f3n de facturas.<\/li>\n<\/ul>\n\n\n\n<p>Identificar los <strong>procedimientos clave de facturaci\u00f3n<\/strong>.<\/p>\n\n\n\n<p>As\u00ed, podr\u00e1s verificar que tu negocio est\u00e1 listo para afrontar los cambios en facturaci\u00f3n. \u00a1No esperes m\u00e1s para afrontarlos! El tiempo apremia.&nbsp;<\/p>\n\n\n\n<p>Desde el punto de vista legal, las facturas emitidas deben incluir un c\u00f3digo QR y poder enviarse autom\u00e1ticamente a Hacienda en tiempo real. Esto modifica sustancialmente la forma de emitir y gestionar facturas.<\/p>\n\n\n\n<h2 class=\"wp-block-heading\" id=\"consejos-de-los-expertos-de-sage-que-participaron-en-el-factura-show\">Consejos de los expertos de Sage que participaron en el Factura Show<\/h2>\n\n\n\n<p>En el <a href=\"https:\/\/www.youtube.com\/watch?v=VU9J2g-_sqs\"><em>Factura Show<\/em><\/a>, varios embajadores de Sage compartieron consejos pr\u00e1cticos que puedes aplicar desde hoy.<\/p>\n\n\n\n<p>Los m\u00e1s destacados:<\/p>\n\n\n\n<ul class=\"wp-block-list\">\n<li><strong>Anticiparse y prepararse:<\/strong> Carles Ransanz, VP Sales de Sage, enfatiza que la anticipaci\u00f3n y la preparaci\u00f3n son clave para afrontar los importantes cambios en la facturaci\u00f3n. Hay que estar preparados para el 1 de enero de 2026.<\/li>\n\n\n\n<li><strong>Software certificado:<\/strong> Bartolom\u00e9 Borrego Zabala, Vocal Adscrito de la AEAT, explica que es fundamental contar con un <a href=\"https:\/\/www.sage.com\/es-es\/blog\/software-facturacion-certificado-ley-antifraude\/\">software de facturaci\u00f3n certificado<\/a> para garantizar el cumplimiento normativo y evitar sanciones.<\/li>\n\n\n\n<li><strong>No modificar ni eliminar facturas:<\/strong> Ronald Lozano, Engineering Legal Team Manager de Sage, destaca que el software certificado no permitir\u00e1 eliminar ni modificar facturas, lo que representa un cambio importante en la forma de trabajar.<\/li>\n\n\n\n<li><strong>Comunicaci\u00f3n en tiempo real:<\/strong> Fran Merch\u00e1n, Growth Manager Medium de Sage, menciona que el software permitir\u00e1 la comunicaci\u00f3n en tiempo real con la administraci\u00f3n, simplificando los procesos.<\/li>\n\n\n\n<li><strong>Autodiagn\u00f3stico:<\/strong> Ronald Lozano recomienda realizar un autodiagn\u00f3stico para evaluar la situaci\u00f3n actual de la empresa y determinar los cambios necesarios.<\/li>\n\n\n\n<li><strong>Planificaci\u00f3n:<\/strong> Joan Ram\u00f3n Sola, Product Innovation Manager en Control Group, S.A, subraya la importancia de planificar la adaptaci\u00f3n a la nueva normativa, estableciendo un calendario y asignando recursos.<\/li>\n\n\n\n<li><strong>Aprovechar la oportunidad:<\/strong> Antonio Rold\u00e1n, Growth Manager Small de Sage, incide en que la nueva normativa es una oportunidad para ser m\u00e1s competitivos, eficientes y productivos.<\/li>\n\n\n\n<li><strong>Colaboraci\u00f3n:<\/strong> V\u00edctor Soria Corral, director general de Actividad Econ\u00f3mica de la Generalitat de Catalu\u00f1a, destaca la importancia de la colaboraci\u00f3n entre empresas, universidades y centros de desarrollo para impulsar la competitividad.<\/li>\n\n\n\n<li><strong>Formaci\u00f3n:<\/strong> Marina, responsable de Formaci\u00f3n de Sage, destaca que la formaci\u00f3n es fundamental para que las empresas puedan adaptarse a los cambios y aprovechar las nuevas tecnolog\u00edas.<\/li>\n<\/ul>\n\n\n\n<h2 class=\"wp-block-heading\" id=\"pasos-practicos-para-adaptarte-a-los-cambios-en-facturacion\">Pasos pr\u00e1cticos para adaptarte a los cambios en facturaci\u00f3n<\/h2>\n\n\n\n<p>Muchos negocios piensan que tienen tiempo, pero lo cierto es que el 1 de enero de 2026 est\u00e1 a vuelta de la esquina. En esta fecha las empresas tendr\u00e1n que utilizar obligatoriamente Veri*factu. Los aut\u00f3nomos y profesionales podr\u00e1n esperar 6 meses m\u00e1s.&nbsp;&nbsp;<\/p>\n\n\n\n<p><strong>Sigue estos pasos para anticiparte sin estr\u00e9s:<\/strong><\/p>\n\n\n\n<p><strong>Consulta con tu asesor\u00eda.<\/strong> Ellos tambi\u00e9n deben estar alineados con los nuevos requisitos.<\/p>\n\n\n\n<ul class=\"wp-block-list\">\n<li><strong>Eval\u00faa si tu software actual cumple con la normativa.<\/strong> Si no lo tienes claro, consulta con tu asesor\u00eda o proveedor tecnol\u00f3gico.<\/li>\n\n\n\n<li><strong>Forma a tu equipo.<\/strong> Todos deben saber c\u00f3mo se emitir\u00e1n y registrar\u00e1n las facturas a partir de ahora.<\/li>\n\n\n\n<li><strong>Elige herramientas con conectividad Veri*factu. <\/strong>Sage, ya dispone de soluciones adaptadas.<\/li>\n\n\n\n<li><strong>Revisa tus flujos de trabajo.<\/strong> Aprovecha para digitalizar procesos manuales o ineficientes.<\/li>\n<\/ul>\n\n\n\n<h2 class=\"wp-block-heading\" id=\"que-opinan-los-asesores-legales-sobre-estos-cambios-en-facturacion\">\u00bfQu\u00e9 opinan los asesores legales sobre estos cambios en facturaci\u00f3n?<\/h2>\n\n\n\n<p>Los asesores fiscales coinciden en que <strong>las pymes deben actuar cuanto antes<\/strong> para adaptarse a las nuevas normativas de facturaci\u00f3n.<\/p>\n\n\n\n<p>\u00bfQu\u00e9 recomiendan?<\/p>\n\n\n\n<ul class=\"wp-block-list\">\n<li><strong>Planificaci\u00f3n anticipada: <\/strong>no esperes al \u00faltimo momento.<\/li>\n\n\n\n<li><strong>Apuesta por software de confianza: <\/strong>Sage, como proveedor acreditado, garantiza compatibilidad y fiabilidad.\u00a0<\/li>\n\n\n\n<li><strong>Alineaci\u00f3n entre empresa y asesor\u00eda: <\/strong>un equipo coordinado evita errores.<\/li>\n<\/ul>\n\n\n\n<p>Por lo tanto, estar preparado para los pr\u00f3ximos <strong>cambios en facturaci\u00f3n<\/strong> es m\u00e1s que una obligaci\u00f3n legal: es una oportunidad para digitalizar tu negocio, evitar sanciones y ganar competitividad.<\/p>\n\n\n\n<div class=\"single-cta gated-content\">\n\t<div class=\"single-cta__positioner\">\n\t\t<div class=\"single-cta__wrapper has-dark-background-color\">\n\t\t\t<div class=\"single-cta__content\">\n\t\t\t\t\t\t\t\t<h2 class=\"single-cta__title h3\">Prep\u00e1rate para Verifactu<\/h2>\n\n\t\t\t\t\t\t\t\t\t<div class=\"single-cta__description\">\n\t\t\t\t\t\t<p><!-- wp:paragraph --><\/p>\n<p><strong>\ud83d\udce5 <\/strong>\u00a1DESCARGA NUESTRA GU\u00cdA COMPLETA!<\/p>\n<p><!-- \/wp:paragraph --><\/p>\n<p><!-- wp:list --><\/p>\n<ul class=\"wp-block-list\"><!-- wp:list-item --><\/p>\n<li><strong>\ud83d\udcc4 <\/strong>Descubre los sistemas de emisi\u00f3n de facturas verificables.<\/li>\n<p><!-- \/wp:list-item --><\/p>\n<p><!-- wp:list-item --><\/p>\n<li><strong>\ud83d\udcc5 <\/strong>Conoce las fechas clave y c\u00f3mo actuar ante la llegada de Verifactu.<\/li>\n<p><!-- \/wp:list-item --><\/ul>\n<p><!-- \/wp:list --><\/p>\n<p><!-- wp:paragraph --><\/p>\n<p><!-- \/wp:paragraph --><\/p>\n\t\t\t\t\t<\/div>\n\t\t\t\t\n\t\t\t\t\t\t\t\t\t\t\t\t\t\t<a\n\t\t\t\t\t\thref=\"#gate-c698f262-dbe3-4272-b5ef-bd58b1f77708\"\n\t\t\t\t\t\tclass=\"single-cta__button button button--primary\"\n\t\t\t\t\t\t\t\t\t\t\t\t\t\t\t\t\t>\u00a1Quiero gratis mi GUIA!<\/a>\n\t\t\t\t\t\t\t<\/div>\n\n\t\t\t\t\t<\/div>\n\n\t\t\t\t\t<img decoding=\"async\" width=\"1252\" height=\"810\" src=\"https:\/\/www.sage.com\/es-es\/blog\/wp-content\/uploads\/sites\/8\/2024\/10\/mockup_SGE_EBK_verde_Preparate-para-Verifactu-1252x810.jpg\" class=\"single-cta__image\" alt=\"Sage\" loading=\"lazy\" srcset=\"https:\/\/www.sage.com\/es-es\/blog\/wp-content\/uploads\/sites\/8\/2024\/10\/mockup_SGE_EBK_verde_Preparate-para-Verifactu-1252x810.jpg 1252w\" sizes=\"auto, (min-width: 48em) 33vw, 100vw\" \/>\t\t\t<\/div>\n<\/div>\n","protected":false},"excerpt":{"rendered":"<p>Prep\u00e1rate para los cambios obligatorios en facturaci\u00f3n a partir de enero de 2026 con consejos de expertos legales y embajadores de Sage.<\/p>\n","protected":false},"author":238,"featured_media":19819,"comment_status":"closed","ping_status":"closed","sticky":false,"template":"","format":"standard","meta":{"_sage_video":false,"post_featured_image_hide":false,"footnotes":""},"categories":[3],"tags":[187,361],"business_type":[10,11,8],"lilypad":[],"context":[],"industry":[],"persona":[],"imagine_tag":[363],"coauthors":[396],"class_list":["post-32546","post","type-post","status-publish","format-standard","has-post-thumbnail","hentry","category-estrategia-gestion","tag-asesorias-y-despachos-profesionales","tag-antifraude","business_type-pequena-empresa","business_type-mediana-empresa","business_type-asesorias-despachos-profesionales"],"sage_meta":{"region":"es-es","author_name":"Jose Ram\u00f3n Fern\u00e1ndez de la Cigo\u00f1a","featured_image":"https:\/\/www.sage.com\/es-es\/blog\/wp-content\/uploads\/sites\/8\/2022\/04\/GettyImages-1272758830.jpg","imagine_tags":{"363":"Ley Antifraude"}},"distributor_meta":false,"distributor_terms":false,"distributor_media":false,"distributor_original_site_name":"Sage Advice Espa\u00f1a","distributor_original_site_url":"https:\/\/www.sage.com\/es-es\/blog","push-errors":false,"_links":{"self":[{"href":"https:\/\/www.sage.com\/es-es\/blog\/api\/wp\/v2\/posts\/32546","targetHints":{"allow":["GET"]}}],"collection":[{"href":"https:\/\/www.sage.com\/es-es\/blog\/api\/wp\/v2\/posts"}],"about":[{"href":"https:\/\/www.sage.com\/es-es\/blog\/api\/wp\/v2\/types\/post"}],"author":[{"embeddable":true,"href":"https:\/\/www.sage.com\/es-es\/blog\/api\/wp\/v2\/users\/238"}],"replies":[{"embeddable":true,"href":"https:\/\/www.sage.com\/es-es\/blog\/api\/wp\/v2\/comments?post=32546"}],"version-history":[{"count":0,"href":"https:\/\/www.sage.com\/es-es\/blog\/api\/wp\/v2\/posts\/32546\/revisions"}],"wp:featuredmedia":[{"embeddable":true,"href":"https:\/\/www.sage.com\/es-es\/blog\/api\/wp\/v2\/media\/19819"}],"wp:attachment":[{"href":"https:\/\/www.sage.com\/es-es\/blog\/api\/wp\/v2\/media?parent=32546"}],"wp:term":[{"taxonomy":"category","embeddable":true,"href":"https:\/\/www.sage.com\/es-es\/blog\/api\/wp\/v2\/categories?post=32546"},{"taxonomy":"post_tag","embeddable":true,"href":"https:\/\/www.sage.com\/es-es\/blog\/api\/wp\/v2\/tags?post=32546"},{"taxonomy":"business_type","embeddable":true,"href":"https:\/\/www.sage.com\/es-es\/blog\/api\/wp\/v2\/business_type?post=32546"},{"taxonomy":"lilypad","embeddable":true,"href":"https:\/\/www.sage.com\/es-es\/blog\/api\/wp\/v2\/lilypad?post=32546"},{"taxonomy":"context","embeddable":true,"href":"https:\/\/www.sage.com\/es-es\/blog\/api\/wp\/v2\/context?post=32546"},{"taxonomy":"industry","embeddable":true,"href":"https:\/\/www.sage.com\/es-es\/blog\/api\/wp\/v2\/industry?post=32546"},{"taxonomy":"persona","embeddable":true,"href":"https:\/\/www.sage.com\/es-es\/blog\/api\/wp\/v2\/persona?post=32546"},{"taxonomy":"imagine_tag","embeddable":true,"href":"https:\/\/www.sage.com\/es-es\/blog\/api\/wp\/v2\/imagine_tag?post=32546"},{"taxonomy":"author","embeddable":true,"href":"https:\/\/www.sage.com\/es-es\/blog\/api\/wp\/v2\/coauthors?post=32546"}],"curies":[{"name":"wp","href":"https:\/\/api.w.org\/{rel}","templated":true}]}}