{"id":32823,"date":"2025-10-02T17:12:58","date_gmt":"2025-10-02T15:12:58","guid":{"rendered":"https:\/\/www.sage.com\/es-es\/blog\/?p=32823"},"modified":"2025-10-02T17:14:25","modified_gmt":"2025-10-02T15:14:25","slug":"implantacion-factura-electronica-asesoria","status":"publish","type":"post","link":"https:\/\/www.sage.com\/es-es\/blog\/implantacion-factura-electronica-asesoria\/","title":{"rendered":"Gu\u00eda paso a paso para implementar la factura electr\u00f3nica en tu asesor\u00eda"},"content":{"rendered":"<header class=\"entry-header has-dark-background-color entry-header--has-illustration entry-header--has-illustration--generic\">\n\t<div class=\"container\">\n\t\t<div class=\"entry-header__row row align-center\">\n\t\t\t<div class=\"col col-lg-7 col-xlg-6 entry-header__content\">\n\t\t\t\t\t\t\t<div class=\"component component-single-header\">\n\t\t\t\t\t\t\t\t\t\t<div class=\"entry-header__misc text--subtitle text--uppercase text--small\">\n\t\t\t\t\t\t\t<a href=\"https:\/\/www.sage.com\/es-es\/blog\/categoria\/asesorias-despachos-profesionales\/\" class=\"entry-header__link\">Asesor\u00edas y Despachos Profesionales<\/a>\t\t\t\t\t\t<\/div>\n\t\t\t\t\n\t\t\t\t<div class=\"entry-title-wrapper\">\n\t\t\t\t\t<h1 class=\"entry-title\">\n\t\t\t\t\t\tGu\u00eda paso a paso para implementar la factura electr\u00f3nica en tu asesor\u00eda\t\t\t\t\t<\/h1>\n\t\t\t\t<\/div>\n\n\t\t\t\t\t\t\t\t\t<p class=\"entry-header__description\">\n\t\t\t\t\t\t\t\t\t\t\t<\/p>\n\t\t\t\t\n\t\t\t\t\t\t\t\t<div class=\"entry-header__cta-list\">\n\t\t\t\t\t<div class=\"single-cta\">\n\t\t\t<button\n\t\t\tclass=\"button button--primary js-component-modal-header-video-trigger\"\n\t\t\tdata-href=\"#js-component-modal-header-video\"\n\t\t\tdata-modal-alert=\"true\"\n\t\t\tdata-action=\"modal-open\"\n\t\t\taria-controls=\"js-component-modal-header-video\">\n\t\t\tVer v\u00eddeo\t\t<\/button>\n\t<\/div>\n\t\t\t\t<\/div>\n\t\t\t\t\n\t\t\t\t\n\t\t\t<\/div>\n\n\t\t\t\t\t<\/div>\n\t\t\t\t\t<\/div>\n\t<\/div>\n\t<div class=\"single-post-details container\">\n\t\t<div class=\"col\">\n\t\t\t<span class=\"posted-on \"><time class=\"entry-date published\" datetime=\"2025-10-02T17:12:58+02:00\">2 October, 2025<\/time><\/span><span class=\"reading-time\"> minutos de lectura<\/span>\n\t\t<button\n\t\t\ttype=\"button\"\n\t\t\tclass=\"social-share-button button button--icon button--secondary js-social-share-button\"\n\t\t\tdata-share-title=\"Gu\u00eda paso a paso para implementar la factura electr\u00f3nica en tu asesor\u00eda\"\n\t\t\tdata-share-url=\"https:\/\/www.sage.com\/es-es\/blog\/implantacion-factura-electronica-asesoria\/\"\n\t\t\tdata-share-text=\"Please read this interesting article\"\n\t\t>\n\t\t\t<span class=\"social-share-button__share-label\">Compartir<\/span>\n\t\t\t<span class=\"social-share-button__copy-label\" hidden>Copiar enlace<\/span>\n\t\t\t<span class=\"social-share-button__copy-tooltip\" aria-hidden=\"true\" hidden>Copiado<\/span>\n\t\t<\/button>\n\n\t\t\t\t<\/div>\n\t<\/div>\n<\/header>\n\n\n\n<div class=\"wp-block-post-author has-dark-background-color alignfull\">\n\t<div class=\"container\">\n\t\t<div class=\"col\">\n\t\t\t\t\t\t\t<div class=\"co-authors\">\n\t\t\t\t\t\n\t\t<div class=\"entry-author-wrapper\">\n\t\t\t<a class=\"entry-author\" href=\"https:\/\/www.sage.com\/es-es\/blog\/author\/conchisancar\/\">\n\t\t\t\t<img loading=\"lazy\" decoding=\"async\" width=\"40\" height=\"40\" src=\"https:\/\/www.sage.com\/es-es\/blog\/wp-content\/uploads\/sites\/8\/2024\/11\/Conchi-Sancar_600x600-350x350.jpg\" class=\"entry-author__image\" alt=\"Conchi Sancar\" srcset=\"https:\/\/www.sage.com\/es-es\/blog\/wp-content\/uploads\/sites\/8\/2024\/11\/Conchi-Sancar_600x600-350x350.jpg 350w, https:\/\/www.sage.com\/es-es\/blog\/wp-content\/uploads\/sites\/8\/2024\/11\/Conchi-Sancar_600x600.jpg 600w\" sizes=\"auto, (max-width: 40px) 100vw, 40px\" \/>\t\t\t\t<span class=\"entry-author__name\">Conchi Sancar<\/span>\n\t\t\t<\/a>\n\n\t\t\t\t\t<\/div>\n\n\t\t\t\t\t\t<\/div>\n\t\t\t\t\t<\/div>\n\t<\/div>\n<\/div>\n\n\n\n\n\n<p class=\"has-paragraph-medium-font-size\">En esta entrega de la serie de art\u00edculos de la campa\u00f1a\u00a0<em>\u00abGet Ready. La nueva factura\u00bb<\/em>, y como parte del equipo de\u00a0<em>Legal Changes Ambassadors<\/em>\u00a0de Sage, os explico c\u00f3mo los despachos profesionales pueden llevar a cabo la implantaci\u00f3n de la factura electr\u00f3nica en asesor\u00edas y adaptarse a la nueva normativa.<\/p>\n\n\n\n<ul class=\"wp-block-list\">\n<li>\u00bfEst\u00e1s listo para el cambio? La factura electr\u00f3nica es un paso esencial para adaptarte a la nueva normativa y ofrecer un servicio m\u00e1s \u00e1gil a tus clientes.<\/li>\n\n\n\n<li>Hazlo con \u00e9xito: sigue estos pasos para implementar la factura electr\u00f3nica en tu despacho y liderar la transformaci\u00f3n digital.<\/li>\n<\/ul>\n\n\n\n<p>Solo unos meses atr\u00e1s, compart\u00ed en este mismo blog un art\u00edculo sobre la <a href=\"https:\/\/www.sage.com\/es-es\/blog\/implantar-efactura-con-exito\/\">llegada de la factura electr\u00f3nica<\/a>. Hoy, sin embargo, ese momento est\u00e1 a la vuelta de la esquina. Me gustar\u00eda que reflexionaras sobre los avances que has logrado en esta transici\u00f3n hacia la digitalizaci\u00f3n.<\/p>\n\n\n\n<p>Con la entrada en vigor de la <strong>Ley Crea y Crece<\/strong>, la <strong>implantaci\u00f3n de la factura electr\u00f3nica en asesor\u00edas<\/strong> <a href=\"https:\/\/www.sage.com\/es-es\/blog\/factura-electronica-obligatoria-este-es-el-calendario-de-implementacion\/\">ser\u00e1 obligatoria<\/a> para empresas y aut\u00f3nomos en sus relaciones comerciales. Para las asesor\u00edas, esto supone un trabajo extra. Y es que adem\u00e1s de cumplir la ley para el propio despacho, tiene la responsabilidad de informar y ayudar a sus clientes en su correcto cumplimiento.<\/p>\n\n\n\n<p><em><mark class=\"highlight-and-share\"><strong>COMPARTE <\/strong>Transforma tu despacho con la factura electr\u00f3nica. \u00a1Te explico paso a paso c\u00f3mo adaptar tu negocio a la nueva normativa!<\/mark><\/em><\/p>\n\n\n\n<section class=\"wp-block-sage-container is-constrained is-style-bordered\"><div class=\"sage-container__inner\">\n<p>\u2705 \u00bfTu software ya est\u00e1 Verifactu Ready? \u2705<\/p>\n\n\n\n<p>\u2022 En Sage hemos sido los primeros en certificar nuestras soluciones de facturaci\u00f3n con la Ley Antifraude.<br>\u2022 Si eres aut\u00f3nomo, pyme o asesor\u00eda, es el momento de asegurarte de que tu software cumple.<\/p>\n\n\n\n<p><a href=\"https:\/\/www.sage.com\/es-es\/certificacion-software\/certificaciones-sage\/\">\u00a1Consulta aqu\u00ed si tu producto Sage ya est\u00e1 certificado y prep\u00e1rate con confianza para Verifactu!<\/a><\/p>\n<\/div><\/section>\n\n\n\n<h2 class=\"wp-block-heading\">Contenido del post<\/h2>\n\n\n<?xml encoding=\"utf-8\" ?><div class=\"wp-block-yoast-seo-table-of-contents yoast-table-of-contents\"><ul><li><a href=\"#como-preparar-tu-despacho-para-la-implantacion-de-la-factura-electronica\" data-level=\"2\">C&oacute;mo preparar tu despacho para la implantaci&oacute;n de la factura electr&oacute;nica<\/a><ul><li><a href=\"#explica-las-ventajas-de-la-factura-electronica\" data-level=\"3\">1. Explica las ventajas de la factura electr&oacute;nica<\/a><\/li><li><a href=\"#evalua-como-trabajas-ahora-y-tu-nivel-de-digitalizacion-actual\" data-level=\"3\">2. Eval&uacute;a c&oacute;mo trabajas ahora y tu nivel de digitalizaci&oacute;n actual<\/a><\/li><li><a href=\"#selecciona-un-software-de-facturacion-electronica-adecuado\" data-level=\"3\">3. Selecciona un software de facturaci&oacute;n electr&oacute;nica adecuado<\/a><\/li><li><a href=\"#forma-al-equipo-y-a-los-clientes\" data-level=\"3\">4. Forma al equipo y a los clientes<\/a><\/li><li><a href=\"#adapta-los-procesos-internos\" data-level=\"3\">5. Adapta los procesos internos<\/a><\/li><li><a href=\"#informa-y-acompana-a-tus-clientes-en-la-transicion\" data-level=\"3\">6. Informa y acompa&ntilde;a a tus clientes en la transici&oacute;n<\/a><\/li><li><a href=\"#haz-pruebas\" data-level=\"3\">7. Haz pruebas<\/a><\/li><li><a href=\"#audita-y-evalua-el-proceso\" data-level=\"3\">8. Audita y eval&uacute;a el proceso<\/a><\/li><li><a href=\"#actualizacion-sobre-cambios-normativos-posteriores\" data-level=\"3\">9. Actualizaci&oacute;n sobre cambios normativos posteriores<\/a><\/li><li><a href=\"#10-ofrece-nuevos-servicios\" data-level=\"3\">10. Ofrece nuevos servicios<\/a><\/li><\/ul><\/li><\/ul><\/div>\n\n\n\n<h2 class=\"wp-block-heading\" id=\"como-preparar-tu-despacho-para-la-implantacion-de-la-factura-electronica\">C\u00f3mo preparar tu despacho para la implantaci\u00f3n de la factura electr\u00f3nica<\/h2>\n\n\n\n<p>Reto, oportunidad y a la vez trabajo. Debes adaptarte a la ley, pero a la vez aprovechar para modernizar tu despacho y a tus clientes.<\/p>\n\n\n\n<p>Coger ventaja ser\u00eda lo ideal, sin embargo, muchas asesor\u00edas a\u00fan no han dado el paso y corren el riesgo de quedarse atr\u00e1s.<\/p>\n\n\n\n<p>Para lograr una correcta implantaci\u00f3n de la factura electr\u00f3nica en asesor\u00edas, es fundamental seguir una serie de <strong>pasos estrat\u00e9gicos <\/strong>que garantizan una transici\u00f3n exitosa.<\/p>\n\n\n\n<h3 class=\"wp-block-heading\" id=\"explica-las-ventajas-de-la-factura-electronica\">1. Explica las ventajas de la factura electr\u00f3nica<\/h3>\n\n\n\n<p>La Ley Crea y Crece establece la obligatoriedad de la factura electr\u00f3nica para todas las empresas y aut\u00f3nomos en sus relaciones comerciales. Este cambio favorece la transparencia, reduce la morosidad y fomenta la digitalizaci\u00f3n.&nbsp;<\/p>\n\n\n\n<p>Adi\u00f3s a esos clientes rezagados que todav\u00eda te llevan papeles al despacho.Te recomiendo <strong>hacerle ver al cliente<\/strong> que hay obligaci\u00f3n, pero a la vez tendr\u00e1n su <strong>negocio m\u00e1s ordenado<\/strong> y con el m\u00e1ximo <strong>control<\/strong> en cuanto a <strong>cobros y pagos<\/strong>.<\/p>\n\n\n\n<h3 class=\"wp-block-heading\" id=\"evalua-como-trabajas-ahora-y-tu-nivel-de-digitalizacion-actual\">2. Eval\u00faa c\u00f3mo trabajas ahora y tu nivel de digitalizaci\u00f3n actual<\/h3>\n\n\n\n<p>Antes de implementar la factura electr\u00f3nica, te recomiendo analizar el <a href=\"https:\/\/sagefacturaflow.com\/\">nivel de digitalizaci\u00f3n de tu asesor\u00eda<\/a>. Esto implica revisar los procesos actuales, identificar \u00e1reas de mejora y determinar la capacidad del equipo para adaptarse a nuevas herramientas digitales.<\/p>\n\n\n\n<figure class=\"wp-block-image size-full\"><img loading=\"lazy\" decoding=\"async\" width=\"1200\" height=\"684\" src=\"https:\/\/www.sage.com\/es-es\/blog\/wp-content\/uploads\/sites\/8\/2025\/10\/SAGE_Articulos_Conchi_Sancar_Articulo-7_01.png\" alt=\"Sage\" class=\"wp-image-32825\" srcset=\"https:\/\/www.sage.com\/es-es\/blog\/wp-content\/uploads\/sites\/8\/2025\/10\/SAGE_Articulos_Conchi_Sancar_Articulo-7_01.png 1200w, https:\/\/www.sage.com\/es-es\/blog\/wp-content\/uploads\/sites\/8\/2025\/10\/SAGE_Articulos_Conchi_Sancar_Articulo-7_01-768x438.png 768w\" sizes=\"auto, (max-width: 1200px) 100vw, 1200px\" \/><\/figure>\n\n\n\n<h3 class=\"wp-block-heading\" id=\"selecciona-un-software-de-facturacion-electronica-adecuado\">3. Selecciona un software de facturaci\u00f3n electr\u00f3nica adecuado<\/h3>\n\n\n\n<p>La elecci\u00f3n de un software adecuado para ti y para tus clientes es una decisi\u00f3n muy importante, es por eso por lo que te aconsejo considerar los siguientes factores:<\/p>\n\n\n\n<figure class=\"wp-block-table\"><table class=\"has-fixed-layout\"><tbody><tr><td><strong>Adaptado a la normativa<\/strong><\/td><td>El software debe cumplir con la legislaci\u00f3n vigente y estar certificado.<\/td><\/tr><tr><td><strong>Integraci\u00f3n<\/strong><\/td><td>Debe integrarse f\u00e1cilmente con otros sistemas utilizados en la asesor\u00eda, como contabilidad y gesti\u00f3n de clientes. Adem\u00e1s, debe ser sencillo de utilizar tanto para ti como para tus clientes.<\/td><\/tr><tr><td><strong>Usabilidad<\/strong><\/td><td>Una interfaz intuitiva facilitar\u00e1 la adopci\u00f3n por parte del equipo y por parte de los clientes. Recuerda que cada uno de ellos tiene sus conocimientos y\/o limitaciones.<\/td><\/tr><tr><td><strong>Soporte y actualizaciones<\/strong><\/td><td>Valora el soporte t\u00e9cnico y actualizaciones para que te sientes totalmente seguro a la hora de utilizarlo.<\/td><\/tr><\/tbody><\/table><\/figure>\n\n\n\n<figure class=\"wp-block-pullquote\"><blockquote><p>Tanto <a href=\"https:\/\/www.sage.com\/pt-pt\/contabilistas\/sage-for-accountants\/\">Sage for Accountants<\/a> como las soluciones de Sage para pymes cumplen con todos los requisitos normativos, y est\u00e1n dise\u00f1adas para adaptarse a las nuevas regulaciones con anticipaci\u00f3n, ayud\u00e1ndote a estar siempre un paso adelante.<\/p><\/blockquote><\/figure>\n\n\n\n<h3 class=\"wp-block-heading\" id=\"forma-al-equipo-y-a-los-clientes\">4. Forma al equipo y a los clientes<\/h3>\n\n\n\n<p><strong>La formaci\u00f3n es clave<\/strong> para asegurar una implementaci\u00f3n efectiva. Organiza sesiones de formaci\u00f3n para tu equipo y ofrece talleres o seminarios para informar a los clientes sobre el uso y <a href=\"https:\/\/www.sage.com\/es-es\/blog\/beneficios-factura-electronica\/\">beneficios de la factura electr\u00f3nica<\/a>.<\/p>\n\n\n\n<figure class=\"wp-block-pullquote\"><blockquote><p>Sage, por ejemplo, ha preparado una <a href=\"https:\/\/www.sage.com\/es-es\/cp\/formacion-gratuita-getready\/\">formaci\u00f3n en la que he tenido el placer de participar<\/a>, sobre las novedades normativas, su impacto en las empresas y el papel crucial del asesor. \u00a1No te pierdas esta oportunidad de estar al d\u00eda!<\/p><\/blockquote><\/figure>\n\n\n\n<h3 class=\"wp-block-heading\" id=\"adapta-los-procesos-internos\">5. Adapta los procesos internos<\/h3>\n\n\n\n<p><strong>Revisa y ajusta<\/strong> los procesos internos <strong>para alinearlos con la facturaci\u00f3n electr\u00f3nica<\/strong>. Esto puede implicar cambios en la gesti\u00f3n documental, almacenamiento de facturas y procedimientos de auditor\u00eda.&nbsp;<\/p>\n\n\n\n<h3 class=\"wp-block-heading\" id=\"informa-y-acompana-a-tus-clientes-en-la-transicion\">6. Informa y acompa\u00f1a a tus clientes en la transici\u00f3n<\/h3>\n\n\n\n<p><strong>La comunicaci\u00f3n<\/strong> con los clientes <strong>es esencial<\/strong> y sobre todo ahora que estamos ante una transformaci\u00f3n digital que todo lo digitaliza. No nos olvidemos de lo m\u00e1s importante: el contacto.<\/p>\n\n\n\n<p>Informa sobre la obligatoriedad de la factura electr\u00f3nica, los beneficios que conlleva y c\u00f3mo afectar\u00e1 sus operaciones. Ofrece soporte durante el cambio para garantizar que todo se realiza de manera efectiva y sin problemas.<\/p>\n\n\n\n<h3 class=\"wp-block-heading\" id=\"haz-pruebas\">7. Haz pruebas<\/h3>\n\n\n\n<p>Antes de la implementaci\u00f3n completa, realiza pruebas con un <strong>grupo reducido<\/strong> de clientes. Esto <strong>te permitir\u00e1 identificar posibles inconvenientes<\/strong> y ajustar procesos antes de una adopci\u00f3n generalizada.<\/p>\n\n\n\n<h3 class=\"wp-block-heading\" id=\"audita-y-evalua-el-proceso\">8. Audita y eval\u00faa el proceso<\/h3>\n\n\n\n<p>Una vez implementada la factura electr\u00f3nica, <strong>establece mecanismos de monitoreo<\/strong> para evaluar su eficacia. Recoge todo el feedback que puedas, tanto de personas del equipo como de los clientes, para realizar mejoras continuas.<\/p>\n\n\n\n<figure class=\"wp-block-image size-full\"><img loading=\"lazy\" decoding=\"async\" width=\"1200\" height=\"773\" src=\"https:\/\/www.sage.com\/es-es\/blog\/wp-content\/uploads\/sites\/8\/2025\/10\/SAGE_Articulos_Conchi_Sancar_Articulo-7_02.png\" alt=\"Sage\" class=\"wp-image-32826\" srcset=\"https:\/\/www.sage.com\/es-es\/blog\/wp-content\/uploads\/sites\/8\/2025\/10\/SAGE_Articulos_Conchi_Sancar_Articulo-7_02.png 1200w, https:\/\/www.sage.com\/es-es\/blog\/wp-content\/uploads\/sites\/8\/2025\/10\/SAGE_Articulos_Conchi_Sancar_Articulo-7_02-768x495.png 768w\" sizes=\"auto, (max-width: 1200px) 100vw, 1200px\" \/><\/figure>\n\n\n\n<h3 class=\"wp-block-heading\" id=\"actualizacion-sobre-cambios-normativos-posteriores\">9. Actualizaci\u00f3n sobre cambios normativos posteriores<\/h3>\n\n\n\n<p>Ya sabemos que las leyes cambian, se modifican y lo que hoy es v\u00e1lido dejar\u00e1 de serlo en unos a\u00f1os. Es por eso por lo que podr\u00edas <strong>establecer un mecanismo para informar<\/strong> siempre sobre <strong>posibles cambios en la normativa de facturaci\u00f3n electr\u00f3nica<\/strong> para asegurar el cumplimiento continuo y adaptar los procesos seg\u00fan sea necesario. Ya no solo para ti, recuerda que esto es importante que tu cliente lo sepa y est\u00e9 preparado para ello.<\/p>\n\n\n\n<h3 class=\"wp-block-heading\" id=\"10-ofrece-nuevos-servicios\">10. Ofrece nuevos servicios<\/h3>\n\n\n\n<p>La <a href=\"https:\/\/www.sage.com\/es-es\/blog\/efactura-en-la-empresa-es-muy-facil-implantarla\/\">implementaci\u00f3n de la factura electr\u00f3nica<\/a> te presenta<a href=\"https:\/\/www.sage.com\/es-es\/blog\/estrategias-marketing-asesorias-e-factura\/\"> nuevas oportunidades en relaci\u00f3n con tus servicios<\/a>. <strong>Es el momento de expandir tu cartera de servicios<\/strong>, como, por ejemplo:&nbsp;<\/p>\n\n\n\n<ul class=\"wp-block-list\">\n<li>consultor\u00edas de negocio;<\/li>\n\n\n\n<li>an\u00e1lisis de datos financieros en tiempo real;<\/li>\n\n\n\n<li>asesoramiento para empresarios que buscan algo m\u00e1s que vivir mejor de su negocio;<\/li>\n\n\n\n<li>etc.<\/li>\n<\/ul>\n\n\n\n<figure class=\"wp-block-pullquote\"><blockquote><p>Investiga el mercado y la demanda en busca de validaci\u00f3n para este tipo de servicios adaptados a hacer m\u00e1s sencilla y rentable la vida empresarial de tus clientes.<\/p><\/blockquote><\/figure>\n\n\n\n<p>Mi opini\u00f3n personal sobre la implantaci\u00f3n de estas medidas, tanto de la Ley Crea y Crece como de la Ley Antifraude, es clara: <strong>ventaja por encima de obligaci\u00f3n.<\/strong><\/p>\n\n\n\n<p>Si bien realizar algo de forma obligatoria no es del todo un ideal, en este caso nos ayuda a poner al d\u00eda nuestros negocios. Y si eres un despacho profesional no puedes dejar pasar de largo tu puerta de entrada hacia <strong>nuevas formas de generar negocio<\/strong>. Te invito a que sigas los pasos que te he indicado y no dejes para muy tarde este cambio que tenemos a la vuelta de la esquina.<\/p>\n\n\n\n<h4 class=\"wp-block-heading\" id=\"h-contenido-relacionado\">CONTENIDO RELACIONADO<\/h4>\n\n\n\n<p>Sigue leyendo para descubrir m\u00e1s estrategias de&nbsp;<strong>Conchi Sancar<\/strong>, Legal Changes Ambassadors de Sage,<strong>&nbsp;<\/strong>sobre c\u00f3mo preparar tu asesor\u00eda para la&nbsp;<strong>nueva era de la facturaci\u00f3n electr\u00f3nica.<\/strong><\/p>\n\n\n\n<ul class=\"wp-block-list\">\n<li><a href=\"https:\/\/www.sage.com\/es-es\/blog\/efactura-una-oportunidad-para-tu-asesoria\/\">La e-factura, una oportunidad para tu asesor\u00eda<\/a><\/li>\n\n\n\n<li><a href=\"https:\/\/www.sage.com\/es-es\/blog\/implantar-efactura-con-exito\/\">C\u00f3mo hacer que tus clientes implanten la e-factura con \u00e9xito<\/a><\/li>\n\n\n\n<li><a href=\"https:\/\/www.sage.com\/es-es\/blog\/reforzar-autoridad-asesor-efactura\/\">Comunica con eficiencia la implantaci\u00f3n de la e-factura y mejora tu autoridad en el mercado<\/a><\/li>\n\n\n\n<li><a href=\"https:\/\/www.sage.com\/es-es\/blog\/estrategias-marketing-asesorias-e-factura\/\">Estrategias de marketing para asesor\u00edas: Usa la e-factura para atraer y fidelizar clientes<\/a><\/li>\n\n\n\n<li><a href=\"https:\/\/www.sage.com\/es-es\/blog\/software-para-asesorias-transformacion\/\">Mejora la gesti\u00f3n con software adecuado y gana tiempo para asesorar<\/a><\/li>\n\n\n\n<li><a href=\"https:\/\/www.sage.com\/es-es\/blog\/impacto-ley-antifraude-en-las-asesorias\/\">C\u00f3mo afecta la Ley Antifraude al sector de la asesor\u00eda<\/a><\/li>\n<\/ul>\n\n\n\n<div class=\"single-cta gated-content\">\n\t<div class=\"single-cta__positioner\">\n\t\t<div class=\"single-cta__wrapper has-dark-background-color\">\n\t\t\t<div class=\"single-cta__content\">\n\t\t\t\t\t\t\t\t<h2 class=\"single-cta__title h3\">Verifactu: Simplificar o no tu relaci\u00f3n con Hacienda<\/h2>\n\n\t\t\t\t\t\t\t\t\t<div class=\"single-cta__description\">\n\t\t\t\t\t\t<p><!-- wp:paragraph --><\/p>\n<p>\u00a1Descarga la gu\u00eda gratuita que te ayudar\u00e1 a tomar decisiones informadas para tus comunicaciones con Hacienda! \ud83d\udcbc\ud83d\udcca<\/p>\n<p><!-- \/wp:paragraph --><\/p>\n<p><!-- wp:paragraph --><\/p>\n<p><!-- \/wp:paragraph --><\/p>\n\t\t\t\t\t<\/div>\n\t\t\t\t\n\t\t\t\t\t\t\t\t\t\t\t\t\t\t<a\n\t\t\t\t\t\thref=\"#gate-9fe23f17-8845-4354-af27-4a52b4bae666\"\n\t\t\t\t\t\tclass=\"single-cta__button button button--primary\"\n\t\t\t\t\t\t\t\t\t\t\t\t\t\t\t\t\t>\u00a1Quiero gratis mi GUIA!<\/a>\n\t\t\t\t\t\t\t<\/div>\n\n\t\t\t\t\t<\/div>\n\n\t\t\t\t\t<img decoding=\"async\" width=\"1252\" height=\"810\" src=\"https:\/\/www.sage.com\/es-es\/blog\/wp-content\/uploads\/sites\/8\/2024\/10\/mockup_SGE_EBK_Simplificar-o-no-tu-relacion-con-Hacienda-esa-es-la-cuestion_blanco-1252x810.jpg\" class=\"single-cta__image\" alt=\"Laptop &amp; smartphone\" loading=\"lazy\" srcset=\"https:\/\/www.sage.com\/es-es\/blog\/wp-content\/uploads\/sites\/8\/2024\/10\/mockup_SGE_EBK_Simplificar-o-no-tu-relacion-con-Hacienda-esa-es-la-cuestion_blanco-1252x810.jpg 1252w\" sizes=\"auto, (min-width: 48em) 33vw, 100vw\" \/>\t\t\t<\/div>\n<\/div>\n","protected":false},"excerpt":{"rendered":"<p>C\u00f3mo llevar a cabo la implantaci\u00f3n de la factura electr\u00f3nica en tu asesor\u00eda. Sigue estos pasos y optimiza tu despacho profesional.<\/p>\n","protected":false},"author":1838,"featured_media":28965,"comment_status":"closed","ping_status":"closed","sticky":false,"template":"","format":"standard","meta":{"_sage_video":true,"post_featured_image_hide":false,"footnotes":""},"categories":[7,3],"tags":[390],"business_type":[10,11,8],"lilypad":[],"context":[],"industry":[],"persona":[],"imagine_tag":[266,363],"coauthors":[407],"class_list":["post-32823","post","type-post","status-publish","format-standard","has-post-thumbnail","hentry","category-asesorias-despachos-profesionales","category-estrategia-gestion","tag-la-nueva-factura","business_type-pequena-empresa","business_type-mediana-empresa","business_type-asesorias-despachos-profesionales"],"sage_meta":{"region":"es-es","author_name":"Conchi Sancar","featured_image":"https:\/\/www.sage.com\/es-es\/blog\/wp-content\/uploads\/sites\/8\/2024\/12\/2024_Noviembre19_EventoSAGE_Adelanto_029_low.jpg","imagine_tags":{"266":"Facturaci\u00f3n","363":"Ley Antifraude"}},"distributor_meta":false,"distributor_terms":false,"distributor_media":false,"distributor_original_site_name":"Sage Advice Espa\u00f1a","distributor_original_site_url":"https:\/\/www.sage.com\/es-es\/blog","push-errors":false,"_links":{"self":[{"href":"https:\/\/www.sage.com\/es-es\/blog\/api\/wp\/v2\/posts\/32823","targetHints":{"allow":["GET"]}}],"collection":[{"href":"https:\/\/www.sage.com\/es-es\/blog\/api\/wp\/v2\/posts"}],"about":[{"href":"https:\/\/www.sage.com\/es-es\/blog\/api\/wp\/v2\/types\/post"}],"author":[{"embeddable":true,"href":"https:\/\/www.sage.com\/es-es\/blog\/api\/wp\/v2\/users\/1838"}],"replies":[{"embeddable":true,"href":"https:\/\/www.sage.com\/es-es\/blog\/api\/wp\/v2\/comments?post=32823"}],"version-history":[{"count":0,"href":"https:\/\/www.sage.com\/es-es\/blog\/api\/wp\/v2\/posts\/32823\/revisions"}],"wp:featuredmedia":[{"embeddable":true,"href":"https:\/\/www.sage.com\/es-es\/blog\/api\/wp\/v2\/media\/28965"}],"wp:attachment":[{"href":"https:\/\/www.sage.com\/es-es\/blog\/api\/wp\/v2\/media?parent=32823"}],"wp:term":[{"taxonomy":"category","embeddable":true,"href":"https:\/\/www.sage.com\/es-es\/blog\/api\/wp\/v2\/categories?post=32823"},{"taxonomy":"post_tag","embeddable":true,"href":"https:\/\/www.sage.com\/es-es\/blog\/api\/wp\/v2\/tags?post=32823"},{"taxonomy":"business_type","embeddable":true,"href":"https:\/\/www.sage.com\/es-es\/blog\/api\/wp\/v2\/business_type?post=32823"},{"taxonomy":"lilypad","embeddable":true,"href":"https:\/\/www.sage.com\/es-es\/blog\/api\/wp\/v2\/lilypad?post=32823"},{"taxonomy":"context","embeddable":true,"href":"https:\/\/www.sage.com\/es-es\/blog\/api\/wp\/v2\/context?post=32823"},{"taxonomy":"industry","embeddable":true,"href":"https:\/\/www.sage.com\/es-es\/blog\/api\/wp\/v2\/industry?post=32823"},{"taxonomy":"persona","embeddable":true,"href":"https:\/\/www.sage.com\/es-es\/blog\/api\/wp\/v2\/persona?post=32823"},{"taxonomy":"imagine_tag","embeddable":true,"href":"https:\/\/www.sage.com\/es-es\/blog\/api\/wp\/v2\/imagine_tag?post=32823"},{"taxonomy":"author","embeddable":true,"href":"https:\/\/www.sage.com\/es-es\/blog\/api\/wp\/v2\/coauthors?post=32823"}],"curies":[{"name":"wp","href":"https:\/\/api.w.org\/{rel}","templated":true}]}}