{"id":33068,"date":"2025-11-03T00:00:14","date_gmt":"2025-11-02T23:00:14","guid":{"rendered":"https:\/\/www.sage.com\/es-es\/blog\/?p=33068"},"modified":"2026-03-12T17:09:44","modified_gmt":"2026-03-12T16:09:44","slug":"cambios-legales-como-adaptarse-sin-frenar-negocio","status":"publish","type":"post","link":"https:\/\/www.sage.com\/es-es\/blog\/cambios-legales-como-adaptarse-sin-frenar-negocio\/","title":{"rendered":"\u00bfCambios legales, decisiones estrat\u00e9gicas?: C\u00f3mo adaptarse sin frenar tu negocio"},"content":{"rendered":"<header class=\"entry-header has-dark-background-color entry-header--standard entry-header--has-illustration entry-header--has-illustration--standard\">\n\t<div class=\"container\">\n\t\t<div class=\"entry-header__row row align-center\">\n\t\t\t<div class=\"col col-lg-7 col-xlg-6 entry-header__content\">\n\t\t\t\t\t\t\t<div class=\"component component-single-header\">\n\t\t\t\t\t\t\t\t\t\t<div class=\"entry-header__misc text--subtitle text--uppercase text--small\">\n\t\t\t\t\t\t\t<a href=\"https:\/\/www.sage.com\/es-es\/blog\/categoria\/asesorias-despachos-profesionales\/\" class=\"entry-header__link\">Asesor\u00edas y Despachos Profesionales<\/a>\t\t\t\t\t\t<\/div>\n\t\t\t\t\n\t\t\t\t<div class=\"entry-title-wrapper\">\n\t\t\t\t\t<h1 class=\"entry-title\">\n\t\t\t\t\t\t\u00bfCambios legales, decisiones estrat\u00e9gicas?: C\u00f3mo adaptarse sin frenar tu negocio\t\t\t\t\t<\/h1>\n\t\t\t\t<\/div>\n\n\t\t\t\t\t\t\t\t\t<p class=\"entry-header__description\">\n\t\t\t\t\t\tLos cambios legales son una oportunidad para que la empresa crezca \u00bfSabes c\u00f3mo? Te lo contamos con detalle en Sage Advice.\t\t\t\t\t<\/p>\n\t\t\t\t\n\t\t\t\t\n\t\t\t\t\n\t\t\t<\/div>\n\n\t\t\t\t\t<\/div>\n\t\t\t\t\t<\/div>\n\t<\/div>\n\t<div class=\"single-post-details container\">\n\t\t<div class=\"col\">\n\t\t\t<span class=\"posted-on \"><time class=\"entry-date published\" datetime=\"2025-11-03T00:00:14+01:00\">3 November, 2025<\/time><\/span><span class=\"reading-time\"> minutos de lectura<\/span>\n\t\t<button\n\t\t\ttype=\"button\"\n\t\t\tclass=\"social-share-button button button--icon button--secondary js-social-share-button\"\n\t\t\tdata-share-title=\"\u00bfCambios legales, decisiones estrat\u00e9gicas?: C\u00f3mo adaptarse sin frenar tu negocio\"\n\t\t\tdata-share-url=\"https:\/\/www.sage.com\/es-es\/blog\/cambios-legales-como-adaptarse-sin-frenar-negocio\/\"\n\t\t\tdata-share-text=\"Please read this interesting article\"\n\t\t>\n\t\t\t<span class=\"social-share-button__share-label\">Compartir<\/span>\n\t\t\t<span class=\"social-share-button__copy-label\" hidden>Copiar enlace<\/span>\n\t\t\t<span class=\"social-share-button__copy-tooltip\" aria-hidden=\"true\" hidden>Copiado<\/span>\n\t\t<\/button>\n\n\t\t\t\t<\/div>\n\t<\/div>\n<\/header>\n\n\n\n<div class=\"wp-block-post-author has-dark-background-color alignfull\">\n\t<div class=\"container\">\n\t\t<div class=\"col\">\n\t\t\t\t\t\t\t<div class=\"co-authors\">\n\t\t\t\t\t\n\t\t<div class=\"entry-author-wrapper\">\n\t\t\t<a class=\"entry-author\" href=\"https:\/\/www.sage.com\/es-es\/blog\/author\/davidgonzalez\/\">\n\t\t\t\t<img loading=\"lazy\" decoding=\"async\" width=\"40\" height=\"40\" src=\"https:\/\/www.sage.com\/es-es\/blog\/wp-content\/uploads\/sites\/8\/2024\/11\/David-Gonzalez_600x600-350x350.jpg\" class=\"entry-author__image\" alt=\"David Gonzalez Headshot\" srcset=\"https:\/\/www.sage.com\/es-es\/blog\/wp-content\/uploads\/sites\/8\/2024\/11\/David-Gonzalez_600x600-350x350.jpg 350w, https:\/\/www.sage.com\/es-es\/blog\/wp-content\/uploads\/sites\/8\/2024\/11\/David-Gonzalez_600x600.jpg 600w\" sizes=\"auto, (max-width: 40px) 100vw, 40px\" \/>\t\t\t\t<span class=\"entry-author__name\">David Gonz\u00e1lez<\/span>\n\t\t\t<\/a>\n\n\t\t\t\t\t<\/div>\n\n\t\t\t\t\t\t<\/div>\n\t\t\t\t\t<\/div>\n\t<\/div>\n<\/div>\n\n\n\n<p class=\"has-paragraph-medium-font-size\">Adaptarse a los cambios legales requiere tener visi\u00f3n estrat\u00e9gica para convertir la transformaci\u00f3n en oportunidad para crecer y sin poner en riesgo el negocio.<\/p>\n\n\n\n<ul class=\"wp-block-list\">\n<li>Es clave dise\u00f1ar estrategias ante cambios normativos para anticiparse y ahorrar costes. La asesor\u00eda legal estrat\u00e9gica se convierte en el mejor aliado para ayudar a pymes y aut\u00f3nomos a afrontar esta transformaci\u00f3n.<\/li>\n\n\n\n<li>Este enfoque ser\u00e1 tambi\u00e9n el eje de la intervenci\u00f3n de Sage en Accountex, donde participar\u00e9 como ponente invitado en una de las mesas redondas del programa oficial.<\/li>\n<\/ul>\n\n\n\n<p>Empresas y despachos de asesores est\u00e1n inmersos en los <strong>cambios<\/strong> que llegan con Verifactu y la factura electr\u00f3nica por la entrada en vigor de la <a href=\"https:\/\/www.sage.com\/es-es\/blog\/ley-antifraude-facturacion-electronica-claves-expertos-sage\/\"><strong>Ley 11\/2021 de medidas antifraude<\/strong><\/a><strong> y <\/strong><a href=\"https:\/\/www.sage.com\/es-es\/certificacion-software\/ley-crea-y-crece\/\"><strong>La ley 18\/2022, \u201cCrea y Crece\u201d<\/strong><\/a>.\u00a0Es una situaci\u00f3n en la que hay que <strong>adaptarse a los cambios legales<\/strong>. Por eso, con la mano de Sage, hemos querido poner sobre la mesa esta transformaci\u00f3n en <strong>Accountex 2025<\/strong>, donde tendr\u00e9 el placer de participar como <strong>ponente en una de las mesas redondas organizadas por Sage<\/strong>, centrada en los retos y oportunidades que plantea esta nueva era de la facturaci\u00f3n digital.<\/p>\n\n\n\n<p>Los cambios legales <strong>abren una oportunidad<\/strong> a los asesores para introducir mejoras. Es la ocasi\u00f3n de avanzar en <strong>mejorar el control financiero<\/strong> y <strong>fiscal<\/strong>, el <strong>flujo de caja <\/strong>y la <strong>gesti\u00f3n de la empresa<\/strong> para ganar en competitividad. La <strong>asesor\u00eda legal estrat\u00e9gica<\/strong> es clave. En este art\u00edculo abordo estos aspectos.&nbsp;&nbsp;<\/p>\n\n\n\n<p><em><mark class=\"highlight-and-share\"><strong>COMPARTE<\/strong> \u00bfSabes ya c\u00f3mo adaptarte a Verifactu? Toma buena nota de estos consejos y pautas que te damos.<\/mark><\/em><\/p>\n\n\n\n<div class=\"single-cta gated-content\">\n\t<div class=\"single-cta__positioner\">\n\t\t<div class=\"single-cta__wrapper has-dark-background-color\">\n\t\t\t<div class=\"single-cta__content\">\n\t\t\t\t\t\t\t\t<h2 class=\"single-cta__title h3\">Verifactu para asesor\u00edas: gu\u00eda pr\u00e1ctica de implantaci\u00f3n<\/h2>\n\n\t\t\t\t\t\t\t\t\t<div class=\"single-cta__description\">\n\t\t\t\t\t\t<p><!-- wp:paragraph --><\/p>\n<p>\u00bfC\u00f3mo implantar Verifactu sin desorganizar tu despacho ni perder margen?<\/p>\n<p><!-- \/wp:paragraph --><\/p>\n<p><!-- wp:paragraph --><\/p>\n<p>\u2705Plan estructurado de implantaci\u00f3n en 6 semanas<br \/>\u2705Checklist t\u00e9cnica para validar a cada cliente<br \/>\u2705Plantilla de email lista para comunicar el cambio<\/p>\n<p><!-- \/wp:paragraph --><\/p>\n\t\t\t\t\t<\/div>\n\t\t\t\t\n\t\t\t\t\t\t\t\t\t\t\t\t\t\t<a\n\t\t\t\t\t\thref=\"#gate-cc8225eb-13f7-4b16-b104-c64f6f3834cf\"\n\t\t\t\t\t\tclass=\"single-cta__button button button--primary\"\n\t\t\t\t\t\t\t\t\t\t\t\t\t\t\t\t\t>Descarga gratis<\/a>\n\t\t\t\t\t\t\t<\/div>\n\n\t\t\t\t\t<\/div>\n\n\t\t\t\t\t<img decoding=\"async\" width=\"1252\" height=\"810\" src=\"https:\/\/www.sage.com\/es-es\/blog\/wp-content\/uploads\/sites\/8\/2026\/02\/1700x1100_Kit-Verifactu-1252x810.jpg\" class=\"single-cta__image\" alt=\"Sage\" loading=\"lazy\" srcset=\"https:\/\/www.sage.com\/es-es\/blog\/wp-content\/uploads\/sites\/8\/2026\/02\/1700x1100_Kit-Verifactu-1252x810.jpg 1252w\" sizes=\"auto, (min-width: 48em) 33vw, 100vw\" \/>\t\t\t<\/div>\n<\/div>\n\n\n\n<h2 class=\"wp-block-heading\">Contenido del post<\/h2>\n\n\n<?xml encoding=\"utf-8\" ?><div class=\"wp-block-yoast-seo-table-of-contents yoast-table-of-contents\"><ul><li><a href=\"#estrategia-para-adaptarse-a-los-cambios-legales\" data-level=\"2\">Estrategia para adaptarse a los cambios legales<\/a><\/li><\/ul><\/div>\n\n\n\n<h2 class=\"wp-block-heading\" id=\"estrategia-para-adaptarse-a-los-cambios-legales\">Estrategia para adaptarse a los cambios legales<\/h2>\n\n\n\n<p>La <strong>primera medida que entra en vigor<\/strong> es <a href=\"https:\/\/www.sage.com\/es-es\/blog\/fases-para-prepararte-futuro-facturacion-comunicacion-y-planificacion\/\"><strong>Verifactu<\/strong><\/a>. Este sistema comunicar\u00e1 las facturas a la Agencia Tributaria de forma directa y en tiempo real. Es un proceso que nos permite ya adelantarnos a otros cambios legales posteriores en materia de facturaci\u00f3n y contabilidad.<\/p>\n\n\n\n<p>Es el momento de <strong>pensar procesos, tecnolog\u00eda y <\/strong><a href=\"https:\/\/www.sage.com\/es-es\/blog\/quien-debe-liderar-proyecto-verifactu-empresa\/\"><strong>roles<\/strong> para <strong>adaptarse<\/strong><\/a><strong> a los cambios legales<\/strong>. De nada sirve que implantes una soluci\u00f3n tecnol\u00f3gica para cumplir con Verifactu para luego tener que seguir avanzando en el resto de medidas. Es clave <a href=\"https:\/\/www.sage.com\/es-es\/blog\/fases-para-prepararte-futuro-facturacion-comunicacion-y-planificacion\/\">dise\u00f1ar <strong>estrategias<\/strong><\/a><strong> <\/strong><strong>ante cambios normativos<\/strong> para definir criterios y <a href=\"https:\/\/www.sage.com\/es-es\/blog\/por-que-no-dejar-adaptacion-verifactu\/\"><strong>anticiparse<\/strong><\/a><strong> para que esta transici\u00f3n<\/strong> no suponga un freno al negocio, <strong>ahorres costes<\/strong> y <strong>ganes competitividad<\/strong>.<\/p>\n\n\n\n<h3 class=\"wp-block-heading\" id=\"estrategias-ante-cambios-normativos-para-asesores-y-despachos\">Estrategias ante cambios normativos para asesores y despachos<\/h3>\n\n\n\n<p>Muchas <strong>pymes y aut\u00f3nomos delegan este proceso<\/strong> y la <strong>elecci\u00f3n del software<\/strong> en los asesores. La <strong>asesor\u00eda legal estrat\u00e9gica<\/strong> se convierte en clave para dar el paso sin afecciones en el d\u00eda a d\u00eda del negocio.&nbsp;<\/p>\n\n\n\n<p><a href=\"https:\/\/www.sage.com\/es-es\/blog\/verifactu-asesor-adaptacion-facturacion-electronica\/\">Tu <strong>papel como asesor<\/strong><\/a><strong> <\/strong>de las empresas para <strong>adaptarse a los cambios legales<\/strong> va m\u00e1s all\u00e1 de validar las declaraciones. Ahora, vas a ser el <strong>socio estrat\u00e9gico<\/strong>. Esto puedes hacer:&nbsp;<\/p>\n\n\n\n<ul class=\"wp-block-list\">\n<li><strong>Oferta<\/strong>: presenta distintos programas o paquetes de revisi\u00f3n de procesos y de compatibilidad tecnol\u00f3gica para ayudar a las pymes en este tr\u00e1nsito. Es positivo que tu programa como asesor y el de la compa\u00f1\u00eda sean el mismo para facilitar la comunicaci\u00f3n.<\/li>\n\n\n\n<li><strong>Servicios<\/strong>: mientras las pymes y aut\u00f3nomos aprenden toda la operativa, puede que debas tener un papel m\u00e1s activo temporalmente asumiendo la emisi\u00f3n y registro.<\/li>\n\n\n\n<li><strong>Formaci\u00f3n<\/strong>: aunque ya se conocen los detalles de Verifactu y de la factura electr\u00f3nica, puedes dar talleres de formaci\u00f3n pr\u00e1cticos. Haz estas p\u00edldoras formativas por sectores: comercio, hosteler\u00eda, etc. para dar respuestas espec\u00edficas.<\/li>\n\n\n\n<li><strong>Cambio de modelo<\/strong>: las nuevas normas seguramente van a cambiar el modelo de asesor\u00eda. Quiz\u00e1 sea el momento de repensar c\u00f3mo facturas. Al aumentar la relaci\u00f3n con tus clientes y abrir nuevos flujos de trabajo, puedes obtener nuevos ingresos recurrentes.<\/li>\n<\/ul>\n\n\n\n<h4 class=\"wp-block-heading\" id=\"el-papel-de-la-asesoria-legal-estrategica-puntos-clave\">El papel de la asesor\u00eda legal estrat\u00e9gica: puntos clave<\/h4>\n\n\n\n<p><strong>Adaptarse a los cambios legales<\/strong> no es tampoco s\u00f3lo una cuesti\u00f3n t\u00e9cnica para los asesores. Precisamente, la nueva forma de trabajar y ese nuevo posible modelo de negocio lleva a dar <strong>otros pasos<\/strong>. Esto es lo que debes tener en cuenta para que se convierta en una <strong>ventaja contractual y fiscal<\/strong>:&nbsp;<\/p>\n\n\n\n<ul class=\"wp-block-list\">\n<li><strong>Cl\u00e1usulas contractuales<\/strong>: rev\u00edsalas para actualizarlas si es preciso y definir responsabilidades ante posibles sanciones.&nbsp;<\/li>\n\n\n\n<li><strong>Revisi\u00f3n de condiciones comerciales<\/strong>: aclara toda la gesti\u00f3n de plazos de facturaci\u00f3n, aceptaci\u00f3n t\u00e1cita o disputas y posibles conflictos sobre facturas electr\u00f3nicas.<\/li>\n\n\n\n<li><strong>Protecci\u00f3n de datos<\/strong>: cerci\u00f3rate de que las integraciones cumplen las normativas de protecci\u00f3n de datos de Espa\u00f1a y de la Uni\u00f3n Europa. Adem\u00e1s, f\u00edjate en que el intercambio con la AEAT garantiza la trazabilidad y confidencialidad.<\/li>\n<\/ul>\n\n\n\n<h3 class=\"wp-block-heading\" id=\"vision-de-futuro-para-adaptarse-a-los-cambios-legales\">Visi\u00f3n de futuro para adaptarse a los cambios legales<\/h3>\n\n\n\n<p>Adem\u00e1s de las pautas anteriores, hay que tener <strong>visi\u00f3n de futuro<\/strong> para <strong>adaptarse a los cambios legales<\/strong>. Aunque cambiar da miedo, piensa en las ventajas.&nbsp;<\/p>\n\n\n\n<h3 class=\"wp-block-heading\" id=\"vision-en-el-corto-plazo\">Visi\u00f3n en el corto plazo<\/h3>\n\n\n\n<p>En el corto plazo, pon el foco en los beneficios tangibles:&nbsp;<\/p>\n\n\n\n<ul class=\"wp-block-list\">\n<li>Mejor <strong>control de los cobros.<\/strong><\/li>\n\n\n\n<li><strong>Reducci\u00f3n del fraude.<\/strong><\/li>\n\n\n\n<li><strong>Menos carga administrativa<\/strong> al estar automatizada.<\/li>\n\n\n\n<li>Haz<strong> una nueva gesti\u00f3n<\/strong> en la pyme con acciones o estrategias de bajo esfuerzo y bajo riesgo, pero con ganancias r\u00e1pidas para generar impulso y sentar las bases para proyectos m\u00e1s amplios y a largo plazo.&nbsp;<\/li>\n<\/ul>\n\n\n\n<h3 class=\"wp-block-heading\" id=\"vision-a-medio-plazo\">Visi\u00f3n a medio plazo<\/h3>\n\n\n\n<p>Aunque para <strong>adaptarse a los cambios legales<\/strong> la visi\u00f3n debe ser global, en el medio plazo, atiende a:<\/p>\n\n\n\n<ul class=\"wp-block-list\">\n<li>Aprovechar los <strong>datos<\/strong> para un mejor an\u00e1lisis de la empresa en relaci\u00f3n con el estado financiero como m\u00e1rgenes y morosidad.<\/li>\n\n\n\n<li>Analizar <strong>la cadena de suministro<\/strong> para optimizarla.<\/li>\n\n\n\n<li>Dise\u00f1ar <strong>arquitecturas de datos<\/strong> para explotar la informaci\u00f3n de la que dispones.<\/li>\n<\/ul>\n\n\n\n<h3 class=\"wp-block-heading\" id=\"vision-a-largo-plazo\">Visi\u00f3n a largo plazo<\/h3>\n\n\n\n<p>Las <strong>estrategias ante cambios normativos<\/strong> deben contemplar tambi\u00e9n pasos m\u00e1s all\u00e1. Piensa en preparar la <strong>interoperabilidad con proveedores cloud<\/strong> y <strong>otras herramientas<\/strong> que se empleen en la pyme, incluyendo las bancarias.&nbsp;<\/p>\n\n\n\n<figure class=\"wp-block-pullquote\"><blockquote><p>No basta con que el programa elegido est\u00e9 homologado para Verifactu. Debe dar respuesta a las necesidades de facturaci\u00f3n de tu empresa.<\/p><\/blockquote><\/figure>\n\n\n\n<h3 class=\"wp-block-heading\" id=\"la-tecnologia-como-palanca-de-crecimiento\">La tecnolog\u00eda como palanca de crecimiento<\/h3>\n\n\n\n<p>Anteriormente, ya he hablado de la importancia de la elecci\u00f3n del programa para cumplir la normativa y de la visi\u00f3n a corto, medio y largo plazo. Para ejecutar todo esto, es clave que no se vea la <strong>tecnolog\u00eda<\/strong> como un coste. Piensa que es una <strong>palanca de crecimiento<\/strong>.&nbsp;<\/p>\n\n\n\n<p>Te recomiendo que <strong>inviertas en soluciones<\/strong> homologadas y cumplan todos los requisitos. Prioriza estos aspectos:&nbsp;<\/p>\n\n\n\n<ul class=\"wp-block-list\">\n<li><strong>Sistemas con APIs abiertas<\/strong> para integrarse con ERPs y bancos.<\/li>\n\n\n\n<li><strong>Backups y trazabilidad<\/strong> para auditor\u00edas y reclamaciones.<\/li>\n\n\n\n<li><strong>Cl\u00e1usulas de responsabilidad<\/strong> ante errores de facturaci\u00f3n, fugas de datos y cumplimiento de las normas de protecci\u00f3n de datos.<\/li>\n<\/ul>\n\n\n\n<p>Son consejos para <strong>adaptarse a los cambios legales<\/strong> y para que puedas dise\u00f1ar estrategias ante cambios normativos. La clave est\u00e1 en <a href=\"https:\/\/www.sage.com\/es-es\/blog\/puntos-clave-adaptacion-verifactu\/\"><strong>planificar con anticipaci\u00f3n<\/strong><\/a>, establecer prioridades en las <strong>integraciones<\/strong> y convertir el despacho en <strong>socio estrat\u00e9gico<\/strong>.&nbsp;<\/p>\n\n\n\n<div class=\"single-cta gated-content\">\n\t<div class=\"single-cta__positioner\">\n\t\t<div class=\"single-cta__wrapper has-dark-background-color\">\n\t\t\t<div class=\"single-cta__content\">\n\t\t\t\t\t\t\t\t<h2 class=\"single-cta__title h3\">Verifactu para asesor\u00edas: gu\u00eda pr\u00e1ctica de implantaci\u00f3n<\/h2>\n\n\t\t\t\t\t\t\t\t\t<div class=\"single-cta__description\">\n\t\t\t\t\t\t<p><!-- wp:paragraph --><\/p>\n<p>\u00bfC\u00f3mo implantar Verifactu sin desorganizar tu despacho ni perder margen?<\/p>\n<p><!-- \/wp:paragraph --><\/p>\n<p><!-- wp:paragraph --><\/p>\n<p>\u2705Plan estructurado de implantaci\u00f3n en 6 semanas<br \/>\u2705Checklist t\u00e9cnica para validar a cada cliente<br \/>\u2705Plantilla de email lista para comunicar el cambio<\/p>\n<p><!-- \/wp:paragraph --><\/p>\n\t\t\t\t\t<\/div>\n\t\t\t\t\n\t\t\t\t\t\t\t\t\t\t\t\t\t\t<a\n\t\t\t\t\t\thref=\"#gate-cc8225eb-13f7-4b16-b104-c64f6f3834cf\"\n\t\t\t\t\t\tclass=\"single-cta__button button button--primary\"\n\t\t\t\t\t\t\t\t\t\t\t\t\t\t\t\t\t>Descarga gratis<\/a>\n\t\t\t\t\t\t\t<\/div>\n\n\t\t\t\t\t<\/div>\n\n\t\t\t\t\t<img decoding=\"async\" width=\"1252\" height=\"810\" src=\"https:\/\/www.sage.com\/es-es\/blog\/wp-content\/uploads\/sites\/8\/2026\/02\/1700x1100_Kit-Verifactu-1252x810.jpg\" class=\"single-cta__image\" alt=\"Sage\" loading=\"lazy\" srcset=\"https:\/\/www.sage.com\/es-es\/blog\/wp-content\/uploads\/sites\/8\/2026\/02\/1700x1100_Kit-Verifactu-1252x810.jpg 1252w\" sizes=\"auto, (min-width: 48em) 33vw, 100vw\" \/>\t\t\t<\/div>\n<\/div>\n","protected":false},"excerpt":{"rendered":"<p>Los cambios legales son una oportunidad para que la empresa crezca \u00bfSabes c\u00f3mo? Te lo contamos con detalle en Sage Advice.<\/p>\n","protected":false},"author":1836,"featured_media":31902,"comment_status":"open","ping_status":"open","sticky":false,"template":"","format":"standard","meta":{"_sage_video":false,"post_featured_image_hide":false,"footnotes":""},"categories":[7],"tags":[187,361],"business_type":[8],"lilypad":[],"context":[],"industry":[],"persona":[],"imagine_tag":[280,363],"coauthors":[404],"class_list":["post-33068","post","type-post","status-publish","format-standard","has-post-thumbnail","hentry","category-asesorias-despachos-profesionales","tag-asesorias-y-despachos-profesionales","tag-antifraude","business_type-asesorias-despachos-profesionales"],"sage_meta":{"region":"es-es","author_name":"David Gonz\u00e1lez","featured_image":"https:\/\/www.sage.com\/es-es\/blog\/wp-content\/uploads\/sites\/8\/2025\/06\/BrandShoot-US_Mar2025_Construction-Commerical_0683_low.jpg","imagine_tags":{"280":"Asesor\u00edas y despachos","363":"Ley Antifraude"}},"distributor_meta":false,"distributor_terms":false,"distributor_media":false,"distributor_original_site_name":"Sage Advice Espa\u00f1a","distributor_original_site_url":"https:\/\/www.sage.com\/es-es\/blog","push-errors":false,"_links":{"self":[{"href":"https:\/\/www.sage.com\/es-es\/blog\/api\/wp\/v2\/posts\/33068","targetHints":{"allow":["GET"]}}],"collection":[{"href":"https:\/\/www.sage.com\/es-es\/blog\/api\/wp\/v2\/posts"}],"about":[{"href":"https:\/\/www.sage.com\/es-es\/blog\/api\/wp\/v2\/types\/post"}],"author":[{"embeddable":true,"href":"https:\/\/www.sage.com\/es-es\/blog\/api\/wp\/v2\/users\/1836"}],"replies":[{"embeddable":true,"href":"https:\/\/www.sage.com\/es-es\/blog\/api\/wp\/v2\/comments?post=33068"}],"version-history":[{"count":2,"href":"https:\/\/www.sage.com\/es-es\/blog\/api\/wp\/v2\/posts\/33068\/revisions"}],"predecessor-version":[{"id":37264,"href":"https:\/\/www.sage.com\/es-es\/blog\/api\/wp\/v2\/posts\/33068\/revisions\/37264"}],"wp:featuredmedia":[{"embeddable":true,"href":"https:\/\/www.sage.com\/es-es\/blog\/api\/wp\/v2\/media\/31902"}],"wp:attachment":[{"href":"https:\/\/www.sage.com\/es-es\/blog\/api\/wp\/v2\/media?parent=33068"}],"wp:term":[{"taxonomy":"category","embeddable":true,"href":"https:\/\/www.sage.com\/es-es\/blog\/api\/wp\/v2\/categories?post=33068"},{"taxonomy":"post_tag","embeddable":true,"href":"https:\/\/www.sage.com\/es-es\/blog\/api\/wp\/v2\/tags?post=33068"},{"taxonomy":"business_type","embeddable":true,"href":"https:\/\/www.sage.com\/es-es\/blog\/api\/wp\/v2\/business_type?post=33068"},{"taxonomy":"lilypad","embeddable":true,"href":"https:\/\/www.sage.com\/es-es\/blog\/api\/wp\/v2\/lilypad?post=33068"},{"taxonomy":"context","embeddable":true,"href":"https:\/\/www.sage.com\/es-es\/blog\/api\/wp\/v2\/context?post=33068"},{"taxonomy":"industry","embeddable":true,"href":"https:\/\/www.sage.com\/es-es\/blog\/api\/wp\/v2\/industry?post=33068"},{"taxonomy":"persona","embeddable":true,"href":"https:\/\/www.sage.com\/es-es\/blog\/api\/wp\/v2\/persona?post=33068"},{"taxonomy":"imagine_tag","embeddable":true,"href":"https:\/\/www.sage.com\/es-es\/blog\/api\/wp\/v2\/imagine_tag?post=33068"},{"taxonomy":"author","embeddable":true,"href":"https:\/\/www.sage.com\/es-es\/blog\/api\/wp\/v2\/coauthors?post=33068"}],"curies":[{"name":"wp","href":"https:\/\/api.w.org\/{rel}","templated":true}]}}