{"id":37342,"date":"2026-03-20T16:37:16","date_gmt":"2026-03-20T15:37:16","guid":{"rendered":"https:\/\/www.sage.com\/es-es\/blog\/?p=37342"},"modified":"2026-03-20T16:37:18","modified_gmt":"2026-03-20T15:37:18","slug":"personalizacion-clave-competitiva-erp-senales","status":"publish","type":"post","link":"https:\/\/www.sage.com\/es-es\/blog\/personalizacion-clave-competitiva-erp-senales\/","title":{"rendered":"\u00bfTu tecnolog\u00eda te est\u00e1 frenando? 4 se\u00f1ales de que tu sistema no permite personalizar"},"content":{"rendered":"<header class=\"entry-header has-dark-background-color entry-header--standard entry-header--has-illustration entry-header--has-illustration--standard\">\n\t<div class=\"container\">\n\t\t<div class=\"entry-header__row row align-center\">\n\t\t\t<div class=\"col col-lg-7 col-xlg-6 entry-header__content\">\n\t\t\t\t\t\t\t<div class=\"component component-single-header\">\n\t\t\t\t\t\t\t\t\t\t<div class=\"entry-header__misc text--subtitle text--uppercase text--small\">\n\t\t\t\t\t\t\t<a href=\"https:\/\/www.sage.com\/es-es\/blog\/categoria\/tecnologia-innovacion\/\" class=\"entry-header__link\">Tecnolog\u00eda e Innovaci\u00f3n<\/a>\t\t\t\t\t\t<\/div>\n\t\t\t\t\n\t\t\t\t<div class=\"entry-title-wrapper\">\n\t\t\t\t\t<h1 class=\"entry-title\">\n\t\t\t\t\t\t\u00bfTu tecnolog\u00eda te est\u00e1 frenando? 4 se\u00f1ales de que tu sistema no permite personalizar\t\t\t\t\t<\/h1>\n\t\t\t\t<\/div>\n\n\t\t\t\t\t\t\t\t\t<p class=\"entry-header__description\">\n\t\t\t\t\t\tLa personalizaci\u00f3n como clave competitiva depende de tu ERP. Descubre las se\u00f1ales de que tu sistema no facilita la personalizaci\u00f3n.\t\t\t\t\t<\/p>\n\t\t\t\t\n\t\t\t\t\n\t\t\t\t\n\t\t\t<\/div>\n\n\t\t\t\t\t<\/div>\n\t\t\t\t\t<\/div>\n\t<\/div>\n\t<div class=\"single-post-details container\">\n\t\t<div class=\"col\">\n\t\t\t<span class=\"posted-on \"><time class=\"entry-date published\" datetime=\"2026-03-20T16:37:16+01:00\">20 March, 2026<\/time><\/span><span class=\"reading-time\"> minutos de lectura<\/span>\n\t\t<button\n\t\t\ttype=\"button\"\n\t\t\tclass=\"social-share-button button button--icon button--secondary js-social-share-button\"\n\t\t\tdata-share-title=\"\u00bfTu tecnolog\u00eda te est\u00e1 frenando? 4 se\u00f1ales de que tu sistema no permite personalizar\"\n\t\t\tdata-share-url=\"https:\/\/www.sage.com\/es-es\/blog\/personalizacion-clave-competitiva-erp-senales\/\"\n\t\t\tdata-share-text=\"Please read this interesting article\"\n\t\t>\n\t\t\t<span class=\"social-share-button__share-label\">Compartir<\/span>\n\t\t\t<span class=\"social-share-button__copy-label\" hidden>Copiar enlace<\/span>\n\t\t\t<span class=\"social-share-button__copy-tooltip\" aria-hidden=\"true\" hidden>Copiado<\/span>\n\t\t<\/button>\n\n\t\t\t\t<\/div>\n\t<\/div>\n<\/header>\n\n\n\n<div class=\"wp-block-post-author has-dark-background-color alignfull\">\n\t<div class=\"container\">\n\t\t<div class=\"col\">\n\t\t\t\t\t\t\t<div class=\"co-authors\">\n\t\t\t\t\t\n\t\t<div class=\"entry-author-wrapper\">\n\t\t\t<a class=\"entry-author\" href=\"https:\/\/www.sage.com\/es-es\/blog\/author\/jose-ramon-fernandez-de-la-cigona\/\">\n\t\t\t\t<img loading=\"lazy\" decoding=\"async\" width=\"40\" height=\"40\" src=\"https:\/\/www.sage.com\/es-es\/blog\/wp-content\/uploads\/sites\/8\/2024\/02\/foto_jose-ramon_400x400-350x350.jpg\" class=\"entry-author__image\" alt=\"Sage\" srcset=\"https:\/\/www.sage.com\/es-es\/blog\/wp-content\/uploads\/sites\/8\/2024\/02\/foto_jose-ramon_400x400-350x350.jpg 350w, https:\/\/www.sage.com\/es-es\/blog\/wp-content\/uploads\/sites\/8\/2024\/02\/foto_jose-ramon_400x400.jpg 585w\" sizes=\"auto, (max-width: 40px) 100vw, 40px\" \/>\t\t\t\t<span class=\"entry-author__name\">Jose Ram\u00f3n Fern\u00e1ndez de la Cigo\u00f1a<\/span>\n\t\t\t<\/a>\n\n\t\t\t\t\t<\/div>\n\n\t\t\t\t\t\t<\/div>\n\t\t\t\t\t<\/div>\n\t<\/div>\n<\/div>\n\n\n\n<p class=\"has-paragraph-medium-font-size\">La personalizaci\u00f3n como clave competitiva no es solo una tendencia, es un factor determinante para la competitividad en mercados B2B.<\/p>\n\n\n\n<p>Empresas y despachos profesionales necesitan adaptar procesos, ofertas y relaciones con clientes a realidades muy distintas entre s\u00ed. Sin embargo, muchas organizaciones intentan avanzar en esta direcci\u00f3n con sistemas que, en la pr\u00e1ctica, lo impiden.<\/p>\n\n\n\n<ul class=\"wp-block-list\">\n<li>Conoce las se\u00f1ales que indican que tu ERP est\u00e1 limitando la personalizaci\u00f3n en tu negocio.<\/li>\n\n\n\n<li>Las empresas que lideran la personalizaci\u00f3n suelen apoyarse en ERPs 360\u00ba que integran todo el proceso.<\/li>\n<\/ul>\n\n\n\n<p>La tecnolog\u00eda deber\u00eda ser un habilitador de la <strong>personalizaci\u00f3n como clave competitiva<\/strong>, no un freno. Cuando el ERP no acompa\u00f1a, las iniciativas estrat\u00e9gicas se diluyen, los equipos se frustran y la experiencia del cliente se resiente.<\/p>\n\n\n\n<p>En este art\u00edculo analizamos <strong>cuatro se\u00f1ales claras de que tu sistema no facilita la personalizaci\u00f3n<\/strong>.<\/p>\n\n\n\n<p><em><mark class=\"highlight-and-share\"><strong>\u00a1COMPARTE! <\/strong>Si quieres personalizar, pero no lo consigues, puede que tu tecnolog\u00eda no sea la adecuada. Conoce las se\u00f1ales que te indican que necesitas renovar tu ERP.<\/mark><\/em><\/p>\n\n\n\n<div class=\"single-cta gated-content\">\n\t<div class=\"single-cta__positioner\">\n\t\t<div class=\"single-cta__wrapper has-dark-background-color\">\n\t\t\t<div class=\"single-cta__content\">\n\t\t\t\t\t\t\t\t<h2 class=\"single-cta__title h3\">\u00bfTe perdiste el webinar?<\/h2>\n\n\t\t\t\t\t\t\t\t\t<div class=\"single-cta__description\">\n\t\t\t\t\t\t<p><!-- wp:paragraph --><\/p>\n<p>No pasa nada. <\/p>\n<p><!-- \/wp:paragraph --><\/p>\n<p><!-- wp:paragraph --><\/p>\n<p>Vuelve a ver el <strong>webinar on-demand<\/strong><em> <\/em><em>&#8220;Personalizar: La f\u00f3rmula para vender m\u00e1s&#8221; <\/em>cuando quieras.<\/p>\n<p><!-- \/wp:paragraph --><\/p>\n<p><!-- wp:paragraph --><\/p>\n<p>\u00a1Y de modo gratuito!<\/p>\n<p><!-- \/wp:paragraph --><\/p>\n<p><!-- wp:paragraph --><\/p>\n<p><!-- \/wp:paragraph --><\/p>\n\t\t\t\t\t<\/div>\n\t\t\t\t\n\t\t\t\t\t\t\t\t\t\t\t\t\t\t<a\n\t\t\t\t\t\thref=\"#gate-a1bb886e-df41-433f-8581-799b4a096d05\"\n\t\t\t\t\t\tclass=\"single-cta__button button button--primary\"\n\t\t\t\t\t\t\t\t\t\t\t\t\t\t\t\t\t>Ver el webinar on-demand<\/a>\n\t\t\t\t\t\t\t<\/div>\n\n\t\t\t\t\t<\/div>\n\n\t\t\t\t\t<img decoding=\"async\" width=\"1252\" height=\"810\" src=\"https:\/\/www.sage.com\/es-es\/blog\/wp-content\/uploads\/sites\/8\/2025\/10\/1700x1100_02-1252x810.jpg\" class=\"single-cta__image\" alt=\"Sage\" loading=\"lazy\" srcset=\"https:\/\/www.sage.com\/es-es\/blog\/wp-content\/uploads\/sites\/8\/2025\/10\/1700x1100_02-1252x810.jpg 1252w\" sizes=\"auto, (min-width: 48em) 33vw, 100vw\" \/>\t\t\t<\/div>\n<\/div>\n\n\n\n<h2 class=\"wp-block-heading\">Contenido del post<\/h2>\n\n\n<?xml encoding=\"utf-8\" ?><div class=\"wp-block-yoast-seo-table-of-contents yoast-table-of-contents\"><ul><li><a href=\"#senal-1-todos-tus-clientes-funcionan-igual-en-el-sistema\" data-level=\"2\">Se&ntilde;al 1: Todos tus clientes &ldquo;funcionan igual&rdquo; en el sistema<\/a><\/li><li><a href=\"#senal-2-cualquier-cambio-requiere-desarrollos-costosos-o-externos\" data-level=\"2\">Se&ntilde;al 2: Cualquier cambio requiere desarrollos costosos o externos<\/a><\/li><li><a href=\"#senal-3-los-datos-no-facilitan-la-toma-de-decisiones-en-el-proceso-de-personalizacion\" data-level=\"2\">Se&ntilde;al 3: Los datos no facilitan la toma de decisiones en el proceso de personalizaci&oacute;n<\/a><\/li><li><a href=\"#senal-4-el-equipo-evita-el-sistema-para-ganar-agilidad\" data-level=\"2\">Se&ntilde;al 4: El equipo evita el sistema para &ldquo;ganar agilidad&rdquo;<\/a><\/li><li><a href=\"#el-erp-como-aliado-estrategico-en-el-proceso-de-personalizacion\" data-level=\"2\">El ERP como aliado estrat&eacute;gico en el proceso de personalizaci&oacute;n<\/a><\/li><\/ul><\/div>\n\n\n\n<figure class=\"wp-block-pullquote\"><blockquote><p>Descubre c\u00f3mo <a href=\"https:\/\/www.sage.com\/es-es\/sage-business-cloud\/sage-x3\/\">Sage X3<\/a> te ayuda a adaptar tu gesti\u00f3n a la realidad de tu negocio y a convertir la personalizaci\u00f3n en una ventaja competitiva sostenible.<\/p><\/blockquote><\/figure>\n\n\n\n<h2 class=\"wp-block-heading\" id=\"senal-1-todos-tus-clientes-funcionan-igual-en-el-sistema\">Se\u00f1al 1: Todos tus clientes \u201cfuncionan igual\u201d en el sistema<\/h2>\n\n\n\n<p>Una de las primeras alertas aparece cuando el <a href=\"https:\/\/www.sage.com\/es-es\/blog\/personalizar-sin-complicarte-software-erp-personalizado\/\">ERP<\/a> obliga a <strong>tratar a todos los clientes bajo el mismo esquema<\/strong>: mismos circuitos, mismas condiciones, mismos flujos operativos.<\/p>\n\n\n\n<p>Si cualquier excepci\u00f3n requiere realizar trabajo manual, utilizar hojas de c\u00e1lculo externas o soluciones \u201cparche\u201d, el problema no est\u00e1 en el cliente y en la personalizaci\u00f3n, sino en la herramienta que utilizas.<\/p>\n\n\n\n<p>En la pr\u00e1ctica, esto se traduce en:<\/p>\n\n\n\n<ul class=\"wp-block-list\">\n<li>Dificultad para adaptar precios, descuentos o condiciones comerciales.<\/li>\n\n\n\n<li>Procesos r\u00edgidos que dificultan la personalizaci\u00f3n y su escalado.<\/li>\n\n\n\n<li>Dependencia excesiva de tareas manuales para \u201cajustar\u201d la operativa.<\/li>\n<\/ul>\n\n\n\n<p>La <a href=\"https:\/\/www.sage.com\/es-es\/blog\/webinar-conquistando-al-nuevo-cliente\/\">personalizaci\u00f3n como clave competitiva<\/a> exige poder <strong>segmentar, parametrizar y automatizar<\/strong> sin romper el sistema. Cuando el ERP no lo permite, la empresa acaba renunciando a diferenciarse para mantener \u201ceficiencia\u201d, que es justo lo contrario de lo que necesita.<\/p>\n\n\n\n<h2 class=\"wp-block-heading\" id=\"senal-2-cualquier-cambio-requiere-desarrollos-costosos-o-externos\">Se\u00f1al 2: Cualquier cambio requiere desarrollos costosos o externos<\/h2>\n\n\n\n<p>Otra se\u00f1al clara es cuando <strong>cada ajuste del sistema implica desarrollos a medida<\/strong>, largos plazos de implantaci\u00f3n o dependencia total de proveedores externos. Esto suele provocar que se pospongan las mejoras necesarias al acumularse en un cuello de botella o que se descarten por su elevado coste.<\/p>\n\n\n\n<p>Un ERP preparado para entornos cambiantes deber\u00eda permitir:<\/p>\n\n\n\n<ul class=\"wp-block-list\">\n<li>Configurar procesos sin programaci\u00f3n compleja.<\/li>\n\n\n\n<li>Adaptar f\u00e1cilmente flujos y reglas de negocio para facilitar la personalizaci\u00f3n.<\/li>\n\n\n\n<li>Escalar la personalizaci\u00f3n a otros clientes.<\/li>\n<\/ul>\n\n\n\n<p>Cuando la tecnolog\u00eda no acompa\u00f1a, la estrategia de personalizaci\u00f3n se convierte en un proyecto caro y lento, en lugar de una <strong>capacidad integrada con visibilidad 360\u00ba<\/strong> que facilite el d\u00eda a d\u00eda.<\/p>\n\n\n\n<figure class=\"wp-block-pullquote\"><blockquote><p>La personalizaci\u00f3n empieza con una declaraci\u00f3n de intenciones, pero sin la capacidad real de los sistemas para adaptarse a cada cliente, proceso y contexto, est\u00e1 abocada al fracaso.\u00a0<\/p><\/blockquote><\/figure>\n\n\n\n<h2 class=\"wp-block-heading\" id=\"senal-3-los-datos-no-facilitan-la-toma-de-decisiones-en-el-proceso-de-personalizacion\">Se\u00f1al 3: Los datos no facilitan la toma de decisiones en el proceso de personalizaci\u00f3n<\/h2>\n\n\n\n<p>La personalizaci\u00f3n no solo afecta a procesos, sino tambi\u00e9n a la <strong>forma en que se capturan, analizan y utilizan los datos<\/strong>. Si el ERP obliga a trabajar con campos cerrados, informes est\u00e1ndar poco flexibles o estructuras de informaci\u00f3n r\u00edgidas, se limita la capacidad de tomar <strong>decisiones ajustadas a las necesidades espec\u00edficas de cada cliente o unidad de negocio<\/strong>.<\/p>\n\n\n\n<p>Algunas consecuencias habituales de esto ser\u00edan:<\/p>\n\n\n\n<ul class=\"wp-block-list\">\n<li>Informes est\u00e1ndar que no responden a necesidades reales.<\/li>\n\n\n\n<li>Dificultad para medir la rentabilidad por cliente, servicio o proyecto.<\/li>\n\n\n\n<li>Falta de una visi\u00f3n 360\u00ba integrada del negocio.<\/li>\n<\/ul>\n\n\n\n<p>Un sistema flexible debe permitir adaptar la <a href=\"https:\/\/www.sage.com\/es-es\/blog\/fiabilidad-dato-nuevo-oro-cfos-como-conseguirla\/\">informaci\u00f3n que proporcionan los datos<\/a> a la l\u00f3gica del negocio, no al rev\u00e9s. De lo contrario, la personalizaci\u00f3n queda reducida a una intenci\u00f3n sin respaldo operativo.<\/p>\n\n\n\n<h2 class=\"wp-block-heading\" id=\"senal-4-el-equipo-evita-el-sistema-para-ganar-agilidad\">Se\u00f1al 4: El equipo evita el sistema para \u201cganar agilidad\u201d<\/h2>\n\n\n\n<p>Cuando los usuarios buscan soluciones fuera del <a href=\"https:\/\/www.sage.com\/es-es\/blog\/erp-y-la-personalizacion-del-mismo-en-funcion-de-las-necesidades\/\">ERP para sus procesos de personalizaci\u00f3n<\/a>, tales como hojas de c\u00e1lculo, herramientas paralelas o procesos informales, suele haber un motivo claro: <strong>el sistema no facilita el trabajo, sino que lo ralentiza<\/strong>.<\/p>\n\n\n\n<p>Esto no es solo un problema de adopci\u00f3n, sino de dise\u00f1o tecnol\u00f3gico, ya que la tecnolog\u00eda, en lugar de ayudar, limita. Un ERP poco personalizable genera:<\/p>\n\n\n\n<ul class=\"wp-block-list\">\n<li>Duplicidades de informaci\u00f3n.<\/li>\n\n\n\n<li>Riesgos de error y p\u00e9rdida de control.<\/li>\n\n\n\n<li>Falta de trazabilidad en los procesos.<\/li>\n\n\n\n<li>Dificultades de comunicaci\u00f3n entre el \u00e1rea comercial y operaciones.<\/li>\n<\/ul>\n\n\n\n<p>La personalizaci\u00f3n efectiva necesita <strong>facilitar que cada \u00e1rea trabaje con flujos coherentes, sin renunciar a la integraci\u00f3n y al control<\/strong>. Si el sistema se percibe como un obst\u00e1culo, la ventaja competitiva se diluye desde dentro.<\/p>\n\n\n\n<p>Estas se\u00f1ales no detectan problemas puntuales, sino que son s\u00edntomas de un ERP que ya no acompa\u00f1a la estrategia del negocio.<\/p>\n\n\n\n<h2 class=\"wp-block-heading\" id=\"el-erp-como-aliado-estrategico-en-el-proceso-de-personalizacion\">El ERP como aliado estrat\u00e9gico en el proceso de personalizaci\u00f3n<\/h2>\n\n\n\n<p>Apostar por la personalizaci\u00f3n como clave competitiva implica <strong>asumir que la <\/strong><a href=\"https:\/\/www.sage.com\/es-es\/blog\/consejos-sobre-como-elegir-un-erp-adecuado-para-tu-empresa-caminar-antes-de-correr\/\"><strong>tecnolog\u00eda es parte de la estrategia<\/strong><\/a>, no un mero soporte administrativo. Un ERP moderno debe ser <strong>flexible, escalable y capaz de acompa\u00f1ar la evoluci\u00f3n del negocio<\/strong> sin fricciones constantes.<\/p>\n\n\n\n<p>Identificar las se\u00f1ales que indican que tu software no facilita la personalizaci\u00f3n es clave para no comprometer el crecimiento y el futuro de la empresa.<\/p>\n\n\n\n<p>La personalizaci\u00f3n no es un lujo ni una moda pasajera, es una <strong>respuesta necesaria a clientes m\u00e1s exigentes y mercados m\u00e1s complejos<\/strong>. Sin una base tecnol\u00f3gica adecuada, cualquier iniciativa en este sentido se quedar\u00e1 a medio camino.<\/p>\n\n\n\n<p>Soluciones como <a href=\"https:\/\/www.sage.com\/es-es\/sage-business-cloud\/sage-x3\/\"><strong>Sage X3<\/strong><\/a> est\u00e1n dise\u00f1adas precisamente para este contexto, ya que permiten <strong>adaptar procesos, informaci\u00f3n y operativa a distintas realidades empresariales<\/strong>, manteniendo el <strong>control y la eficiencia<\/strong>. La personalizaci\u00f3n deja de ser una excepci\u00f3n para convertirse en una capacidad estructural.<\/p>\n\n\n\n<div class=\"single-cta gated-content\">\n\t<div class=\"single-cta__positioner\">\n\t\t<div class=\"single-cta__wrapper has-dark-background-color\">\n\t\t\t<div class=\"single-cta__content\">\n\t\t\t\t\t\t\t\t<h2 class=\"single-cta__title h3\">\u00bfTe perdiste el webinar?<\/h2>\n\n\t\t\t\t\t\t\t\t\t<div class=\"single-cta__description\">\n\t\t\t\t\t\t<p><!-- wp:paragraph --><\/p>\n<p>No pasa nada. <\/p>\n<p><!-- \/wp:paragraph --><\/p>\n<p><!-- wp:paragraph --><\/p>\n<p>Vuelve a ver el <strong>webinar on-demand<\/strong><em> <\/em><em>&#8220;Personalizar: La f\u00f3rmula para vender m\u00e1s&#8221; <\/em>cuando quieras.<\/p>\n<p><!-- \/wp:paragraph --><\/p>\n<p><!-- wp:paragraph --><\/p>\n<p>\u00a1Y de modo gratuito!<\/p>\n<p><!-- \/wp:paragraph --><\/p>\n<p><!-- wp:paragraph --><\/p>\n<p><!-- \/wp:paragraph --><\/p>\n\t\t\t\t\t<\/div>\n\t\t\t\t\n\t\t\t\t\t\t\t\t\t\t\t\t\t\t<a\n\t\t\t\t\t\thref=\"#gate-a1bb886e-df41-433f-8581-799b4a096d05\"\n\t\t\t\t\t\tclass=\"single-cta__button button button--primary\"\n\t\t\t\t\t\t\t\t\t\t\t\t\t\t\t\t\t>Ver el webinar on-demand<\/a>\n\t\t\t\t\t\t\t<\/div>\n\n\t\t\t\t\t<\/div>\n\n\t\t\t\t\t<img decoding=\"async\" width=\"1252\" height=\"810\" src=\"https:\/\/www.sage.com\/es-es\/blog\/wp-content\/uploads\/sites\/8\/2025\/10\/1700x1100_02-1252x810.jpg\" class=\"single-cta__image\" alt=\"Sage\" loading=\"lazy\" srcset=\"https:\/\/www.sage.com\/es-es\/blog\/wp-content\/uploads\/sites\/8\/2025\/10\/1700x1100_02-1252x810.jpg 1252w\" sizes=\"auto, (min-width: 48em) 33vw, 100vw\" \/>\t\t\t<\/div>\n<\/div>\n","protected":false},"excerpt":{"rendered":"<p>La personalizaci\u00f3n como clave competitiva depende de tu ERP. Descubre las se\u00f1ales de que tu sistema no facilita la personalizaci\u00f3n.<\/p>\n","protected":false},"author":238,"featured_media":32284,"comment_status":"closed","ping_status":"closed","sticky":false,"template":"","format":"standard","meta":{"_sage_video":false,"post_featured_image_hide":false,"footnotes":""},"categories":[5],"tags":[130,124],"business_type":[11],"lilypad":[],"context":[],"industry":[],"persona":[],"imagine_tag":[278],"coauthors":[396],"class_list":["post-37342","post","type-post","status-publish","format-standard","has-post-thumbnail","hentry","category-tecnologia-innovacion","tag-erp","tag-solucion-de-gestion-empresarial-erp","business_type-mediana-empresa"],"sage_meta":{"region":"es-es","author_name":"Jose Ram\u00f3n Fern\u00e1ndez de la Cigo\u00f1a","featured_image":"https:\/\/www.sage.com\/es-es\/blog\/wp-content\/uploads\/sites\/8\/2025\/08\/Mar2025_GB-Trucking-Logistics_0826.jpeg","imagine_tags":{"278":"ERP"}},"distributor_meta":false,"distributor_terms":false,"distributor_media":false,"distributor_original_site_name":"Sage Advice Espa\u00f1a","distributor_original_site_url":"https:\/\/www.sage.com\/es-es\/blog","push-errors":false,"_links":{"self":[{"href":"https:\/\/www.sage.com\/es-es\/blog\/api\/wp\/v2\/posts\/37342","targetHints":{"allow":["GET"]}}],"collection":[{"href":"https:\/\/www.sage.com\/es-es\/blog\/api\/wp\/v2\/posts"}],"about":[{"href":"https:\/\/www.sage.com\/es-es\/blog\/api\/wp\/v2\/types\/post"}],"author":[{"embeddable":true,"href":"https:\/\/www.sage.com\/es-es\/blog\/api\/wp\/v2\/users\/238"}],"replies":[{"embeddable":true,"href":"https:\/\/www.sage.com\/es-es\/blog\/api\/wp\/v2\/comments?post=37342"}],"version-history":[{"count":1,"href":"https:\/\/www.sage.com\/es-es\/blog\/api\/wp\/v2\/posts\/37342\/revisions"}],"predecessor-version":[{"id":37343,"href":"https:\/\/www.sage.com\/es-es\/blog\/api\/wp\/v2\/posts\/37342\/revisions\/37343"}],"wp:featuredmedia":[{"embeddable":true,"href":"https:\/\/www.sage.com\/es-es\/blog\/api\/wp\/v2\/media\/32284"}],"wp:attachment":[{"href":"https:\/\/www.sage.com\/es-es\/blog\/api\/wp\/v2\/media?parent=37342"}],"wp:term":[{"taxonomy":"category","embeddable":true,"href":"https:\/\/www.sage.com\/es-es\/blog\/api\/wp\/v2\/categories?post=37342"},{"taxonomy":"post_tag","embeddable":true,"href":"https:\/\/www.sage.com\/es-es\/blog\/api\/wp\/v2\/tags?post=37342"},{"taxonomy":"business_type","embeddable":true,"href":"https:\/\/www.sage.com\/es-es\/blog\/api\/wp\/v2\/business_type?post=37342"},{"taxonomy":"lilypad","embeddable":true,"href":"https:\/\/www.sage.com\/es-es\/blog\/api\/wp\/v2\/lilypad?post=37342"},{"taxonomy":"context","embeddable":true,"href":"https:\/\/www.sage.com\/es-es\/blog\/api\/wp\/v2\/context?post=37342"},{"taxonomy":"industry","embeddable":true,"href":"https:\/\/www.sage.com\/es-es\/blog\/api\/wp\/v2\/industry?post=37342"},{"taxonomy":"persona","embeddable":true,"href":"https:\/\/www.sage.com\/es-es\/blog\/api\/wp\/v2\/persona?post=37342"},{"taxonomy":"imagine_tag","embeddable":true,"href":"https:\/\/www.sage.com\/es-es\/blog\/api\/wp\/v2\/imagine_tag?post=37342"},{"taxonomy":"author","embeddable":true,"href":"https:\/\/www.sage.com\/es-es\/blog\/api\/wp\/v2\/coauthors?post=37342"}],"curies":[{"name":"wp","href":"https:\/\/api.w.org\/{rel}","templated":true}]}}