{"id":4315,"date":"2024-05-13T13:03:32","date_gmt":"2024-05-13T11:03:32","guid":{"rendered":"https:\/\/www.sage.com\/es-es\/blog\/asi-es-como-puedes-recuperar-el-iva-de-los-morosos\/"},"modified":"2026-02-04T15:36:20","modified_gmt":"2026-02-04T14:36:20","slug":"como-recuperar-iva-morosos","status":"publish","type":"post","link":"https:\/\/www.sage.com\/es-es\/blog\/como-recuperar-iva-morosos\/","title":{"rendered":"As\u00ed es como puedes recuperar el IVA de los morosos"},"content":{"rendered":"<header class=\"entry-header has-dark-background-color entry-header--has-illustration entry-header--has-illustration--generic\">\n\t<div class=\"container\">\n\t\t<div class=\"entry-header__row row align-center\">\n\t\t\t<div class=\"col col-lg-7 col-xlg-6 entry-header__content\">\n\t\t\t\t\t\t\t<div class=\"component component-single-header\">\n\t\t\t\t\t\t\t\t\t\t<div class=\"entry-header__misc text--subtitle text--uppercase text--small\">\n\t\t\t\t\t\t\t<a href=\"https:\/\/www.sage.com\/es-es\/blog\/categoria\/finanzas\/\" class=\"entry-header__link\">Finanzas<\/a>\t\t\t\t\t\t<\/div>\n\t\t\t\t\n\t\t\t\t<div class=\"entry-title-wrapper\">\n\t\t\t\t\t<h1 class=\"entry-title\">\n\t\t\t\t\t\tAs\u00ed es como puedes recuperar el IVA de los morosos\t\t\t\t\t<\/h1>\n\t\t\t\t<\/div>\n\n\t\t\t\t\t\t\t\t\t<p class=\"entry-header__description\">\n\t\t\t\t\t\t\t\t\t\t\t<\/p>\n\t\t\t\t\n\t\t\t\t\n\t\t\t\t\n\t\t\t<\/div>\n\n\t\t\t\t\t<\/div>\n\t\t\t\t\t<\/div>\n\t<\/div>\n\t<div class=\"single-post-details container\">\n\t\t<div class=\"col\">\n\t\t\t<span class=\"posted-on \"><time class=\"entry-date published\" datetime=\"2024-05-13T13:03:32+02:00\">13 May, 2024<\/time><\/span><span class=\"reading-time\"> minutos de lectura<\/span>\n\t\t<button\n\t\t\ttype=\"button\"\n\t\t\tclass=\"social-share-button button button--icon button--secondary js-social-share-button\"\n\t\t\tdata-share-title=\"As\u00ed es como puedes recuperar el IVA de los morosos\"\n\t\t\tdata-share-url=\"https:\/\/www.sage.com\/es-es\/blog\/como-recuperar-iva-morosos\/\"\n\t\t\tdata-share-text=\"Please read this interesting article\"\n\t\t>\n\t\t\t<span class=\"social-share-button__share-label\">Compartir<\/span>\n\t\t\t<span class=\"social-share-button__copy-label\" hidden>Copiar enlace<\/span>\n\t\t\t<span class=\"social-share-button__copy-tooltip\" aria-hidden=\"true\" hidden>Copiado<\/span>\n\t\t<\/button>\n\n\t\t\t\t<\/div>\n\t<\/div>\n<\/header>\n\n\n\n<div class=\"wp-block-post-author has-dark-background-color alignfull\">\n\t<div class=\"container\">\n\t\t<div class=\"col\">\n\t\t\t\t\t\t\t<div class=\"co-authors\">\n\t\t\t\t\t\n\t\t<div class=\"entry-author-wrapper\">\n\t\t\t<a class=\"entry-author\" href=\"https:\/\/www.sage.com\/es-es\/blog\/author\/gonzalo-garcia-abad\/\">\n\t\t\t\t<img loading=\"lazy\" decoding=\"async\" width=\"40\" height=\"40\" src=\"https:\/\/www.sage.com\/es-es\/blog\/wp-content\/uploads\/sites\/8\/2024\/02\/Gonzalo-Garcia_2024_600x600-350x350.jpg\" class=\"entry-author__image\" alt=\"\" srcset=\"https:\/\/www.sage.com\/es-es\/blog\/wp-content\/uploads\/sites\/8\/2024\/02\/Gonzalo-Garcia_2024_600x600-350x350.jpg 350w, https:\/\/www.sage.com\/es-es\/blog\/wp-content\/uploads\/sites\/8\/2024\/02\/Gonzalo-Garcia_2024_600x600.jpg 600w\" sizes=\"auto, (max-width: 40px) 100vw, 40px\" \/>\t\t\t\t<span class=\"entry-author__name\">Gonzalo Garc\u00eda Abad<\/span>\n\t\t\t<\/a>\n\n\t\t\t\t\t<\/div>\n\n\t\t\t\t\t\t<\/div>\n\t\t\t\t\t<\/div>\n\t<\/div>\n<\/div>\n\n\n\n<h4 class=\"wp-block-heading\" id=\"h-en-este-contenido-actualizado-te-explicamos-como-recuperar-el-iva-de-morosos-te-detallamos-los-requisitos-y-te-indicamos-como-debes-proceder-ante-hacienda-y-en-la-llevanza-de-registros-facturas-y-documentos-contables-y-fiscales\">En este contenido actualizado, te explicamos c\u00f3mo recuperar el IVA de morosos. Te detallamos los requisitos y te indicamos c\u00f3mo debes proceder ante Hacienda y en la llevanza de registros, facturas y documentos contables y fiscales.<\/h4>\n\n\n\n<ul class=\"wp-block-list\">\n<li>Entre los requisitos para recuperar el IVA de morosos se encuentra la cumplimentaci\u00f3n del modelo 952.<\/li>\n\n\n\n<li>Recuperar el IVA de las facturas impagadas reclama orden en la gesti\u00f3n.<\/li>\n<\/ul>\n\n\n\n<p><strong>Recuperar el IVA de los morosos <\/strong>es una labor ingrata pero necesaria. Has realizado una operaci\u00f3n, has cumplido con tu parte, has tenido que ingresar el impuesto correspondiente\u2026 pero te falta cobrar lo que tu cliente te debe. Cuando este no cumple, tendr\u00e1s que examinar unos requisitos y cubrir un procedimiento para que Hacienda te devuelva lo que apuntaste de m\u00e1s como IVA repercutido.<\/p>\n\n\n\n<p>La teor\u00eda es sencilla. Como no has cobrado, no tienes que pagar a Hacienda.&nbsp;<\/p>\n\n\n\n<p>Sin embargo, la realidad es un poco m\u00e1s compleja. Las normas delimitan <strong>cu\u00e1ndo y c\u00f3mo podr\u00e1s recuperar el IVA de <\/strong><a href=\"https:\/\/www.sage.com\/es-es\/blog\/como-cobrar-una-factura-impagada-caso-practico\/\"><strong>facturas impagadas<\/strong><\/a>. Y lo mejor es tener estas reglas claras y alguna soluci\u00f3n de contabilidad y gesti\u00f3n, como <a href=\"https:\/\/www.sage.com\/es-es\/productos\/sage-50cloud\/\">Sage 50<\/a>, que te ayude a mantener toda la informaci\u00f3n en orden.<\/p>\n\n\n\n<p><strong>CONTENIDO DEL POST<\/strong><\/p>\n\n\n<?xml encoding=\"utf-8\" ?><div class=\"wp-block-yoast-seo-table-of-contents yoast-table-of-contents\"><ul><li><a href=\"#requisitos-para-recuperar-el-iva-de-morosos\" data-level=\"2\">Requisitos para recuperar el IVA de morosos<\/a><ul><li><a href=\"#impago-de-las-cuotas-del-iva\" data-level=\"3\">Impago de las cuotas del IVA<\/a><\/li><li><a href=\"#contabilidad-y-registro\" data-level=\"3\">Contabilidad y registro<\/a><\/li><li><a href=\"#las-caracteristicas-del-credito\" data-level=\"3\">Las caracter&iacute;sticas del cr&eacute;dito<\/a><\/li><li><a href=\"#lugar-de-establecimiento-del-cliente\" data-level=\"3\">Lugar de establecimiento del cliente<\/a><\/li><li><a href=\"#actividad-del-destinatario-de-la-operacion\" data-level=\"3\">Actividad del destinatario de la operaci&oacute;n<\/a><\/li><li><a href=\"#la-reclamacion-del-pago-para-recuperar-el-iva-de-facturas-impagadas\" data-level=\"3\">La reclamaci&oacute;n del pago para recuperar el IVA de facturas impagadas<\/a><\/li><li><a href=\"#la-factura-rectificativa-y-los-plazos-para-recuperar-el-iva-de-morosos\" data-level=\"3\">La factura rectificativa y los plazos para recuperar el IVA de morosos<\/a><\/li><li><a href=\"#comunicacion-a-hacienda\" data-level=\"3\">Comunicaci&oacute;n a Hacienda<\/a><\/li><\/ul><\/li><li><a href=\"#el-iva-en-los-concursos-de-acreedores\" data-level=\"2\">El IVA en los concursos de acreedores&nbsp;<\/a><\/li><\/ul><\/div>\n\n\n\n<div class=\"single-cta gated-content\">\n\t<div class=\"single-cta__positioner\">\n\t\t<div class=\"single-cta__wrapper has-dark-background-color\">\n\t\t\t<div class=\"single-cta__content\">\n\t\t\t\t\t\t\t\t<h2 class=\"single-cta__title h3\">Convi\u00e9rtete en un experto contable<\/h2>\n\n\t\t\t\t\t\t\t\t\t<div class=\"single-cta__description\">\n\t\t\t\t\t\t<p><!-- wp:paragraph --><\/p>\n<p class=\"\">\u00bfQuieres saber m\u00e1s? \u00a1Descarga ahora tu Kit b\u00e1sico para mantener tu contabilidad al d\u00eda!<\/p>\n<p><!-- \/wp:paragraph --><\/p>\n\t\t\t\t\t<\/div>\n\t\t\t\t\n\t\t\t\t\t\t\t\t\t\t\t\t\t\t<a\n\t\t\t\t\t\thref=\"#gate-e1fb06a2-63d9-4444-ba2e-9b07f7a66fac\"\n\t\t\t\t\t\tclass=\"single-cta__button button button--primary\"\n\t\t\t\t\t\t\t\t\t\t\t\t\t\t\t\t\t>\u00a1Quiero descargar mi gu\u00eda!<\/a>\n\t\t\t\t\t\t\t<\/div>\n\n\t\t\t\t\t\t\t<div class=\"single-cta__downloads\">\n\t\t\t\t\t\n\t\t\t\t\tM\u00e1s de 2,000 usuarios se han descargado esta gu\u00eda\t\t\t\t<\/div>\n\t\t\t\t\t<\/div>\n\n\t\t\t\t\t<img decoding=\"async\" width=\"1252\" height=\"810\" src=\"https:\/\/www.sage.com\/es-es\/blog\/wp-content\/uploads\/sites\/8\/2023\/12\/Mockup_banner_Sage_Conviertete-en-un-experto-contable_Fondo-blanco_V2-1-1252x810.jpg\" class=\"single-cta__image\" alt=\"Sage\" loading=\"lazy\" srcset=\"https:\/\/www.sage.com\/es-es\/blog\/wp-content\/uploads\/sites\/8\/2023\/12\/Mockup_banner_Sage_Conviertete-en-un-experto-contable_Fondo-blanco_V2-1-1252x810.jpg 1252w\" sizes=\"auto, (min-width: 48em) 33vw, 100vw\" \/>\t\t\t<\/div>\n<\/div>\n\n\n\n<h2 class=\"wp-block-heading\" id=\"requisitos-para-recuperar-el-iva-de-morosos\">Requisitos para recuperar el IVA de morosos<\/h2>\n\n\n\n<p>Para poder<strong> modificar <\/strong><a href=\"https:\/\/www.sage.com\/es-es\/blog\/como-calcular-base-imponible-de-una-factura\/\"><strong>la base imponible del IVA<\/strong><\/a> por morosidad, generalmente, deber\u00e1n cumplirse varios requisitos que muestren que los cr\u00e9ditos son incobrables.<\/p>\n\n\n\n<h3 class=\"wp-block-heading\" id=\"impago-de-las-cuotas-del-iva\">Impago de las cuotas del IVA<\/h3>\n\n\n\n<p>Obviamente, si el cliente te ha pagado las cuotas que le repercutiste, no podr\u00e1s reducir la base imponible. Puede surgirte la duda en caso de pagos parciales. Entonces, se entiende que el IVA se ha pagado en proporci\u00f3n a la parte que s\u00ed te han satisfecho.<\/p>\n\n\n\n<h3 class=\"wp-block-heading\" id=\"contabilidad-y-registro\">Contabilidad y registro<\/h3>\n\n\n\n<p>Las principales <strong>obligaciones de contabilidad y registro<\/strong> son:<\/p>\n\n\n\n<ul class=\"wp-block-list\">\n<li>Debe quedar reflejada en los libros registro del IVA la <strong>circunstancia de que el cr\u00e9dito es considerado total o parcialmente incobrable<\/strong>.&nbsp;<\/li>\n\n\n\n<li>Tambi\u00e9n ha de constar en el<strong> libro registro de facturas expedidas <\/strong>en tiempo y forma no solo la rectificaci\u00f3n, sino la propia operaci\u00f3n que se rectifica.<\/li>\n\n\n\n<li><strong>Si est\u00e1s obligado a llevar una contabilidad<\/strong> conforme al C\u00f3digo de Comercio, tambi\u00e9n tendr\u00e1s que registrarlo siguiendo las reglas del <a href=\"https:\/\/www.sage.com\/es-es\/blog\/plan-general-de-contabilidad-para-pymes-que-es\/\">Plan General de Contabilidad.<\/a><\/li>\n<\/ul>\n\n\n\n<h3 class=\"wp-block-heading\" id=\"las-caracteristicas-del-credito\">Las caracter\u00edsticas del cr\u00e9dito<\/h3>\n\n\n\n<p><strong>El cr\u00e9dito que no has cobrado <\/strong>debe cumplir ciertas caracter\u00edsticas:<\/p>\n\n\n\n<ul class=\"wp-block-list\">\n<li><strong>No debe disfrutar de una garant\u00eda real <\/strong>(una hipoteca o una prenda, por ejemplo). Si lo est\u00e1 y esta solo garantiza una parte del cr\u00e9dito, en esa parte no puede reducirse la base imponible.<\/li>\n\n\n\n<li><strong>Tampoco puede ser afianzado por entidades de cr\u00e9dito o sociedades de garant\u00eda rec\u00edproca ni puede haber sido asegurado por un seguro de cr\u00e9dito o cauci\u00f3n<\/strong>. Lo mismo que antes, si estas fianzas o seguros solo cubren una parte del cr\u00e9dito, en esa parte no puede reducirse la base imponible.&nbsp;<\/li>\n\n\n\n<li>No puede tratarse de un cr\u00e9dito concedido a una persona o entidad vinculada.<\/li>\n\n\n\n<li>Salvo excepciones, el cr\u00e9dito <strong>no puede estar adeudado ni afianzado por una entidad p\u00fablica.<\/strong><\/li>\n<\/ul>\n\n\n\n<h3 class=\"wp-block-heading\" id=\"lugar-de-establecimiento-del-cliente\">Lugar de establecimiento del cliente<\/h3>\n\n\n\n<p>El cliente debe estar<strong> establecido en el territorio en el que se aplica el IVA o bien en Canarias, Ceuta o Melilla<\/strong>. No obstante, como excepci\u00f3n, se permite reducir la base imponible en determinados cr\u00e9ditos sometidos a procesos judiciales por insolvencia regulados en la normativa comunitaria.<\/p>\n\n\n\n<figure class=\"wp-block-pullquote\"><blockquote><p>Integra contabilidad y gesti\u00f3n en un \u00fanico programa con <a href=\"https:\/\/www.sage.com\/es-es\/productos\/sage-50cloud\/\"><strong>Sage 50<\/strong><\/a>.<\/p><\/blockquote><\/figure>\n\n\n\n<h3 class=\"wp-block-heading\" id=\"actividad-del-destinatario-de-la-operacion\">Actividad del destinatario de la operaci\u00f3n<\/h3>\n\n\n\n<p>Aqu\u00ed, tienes<strong> dos regulaciones distintas<\/strong>:<\/p>\n\n\n\n<ul class=\"wp-block-list\">\n<li>Si el cliente es un<strong> <\/strong>empresario o profesional, podr\u00e1s recuperar el IVA de las facturas impagadas sea cual sea el importe de estas.<\/li>\n\n\n\n<li>Cuando<strong> el cliente no es un empresario o profesional<\/strong>, te exigen un importe m\u00ednimo de la base imponible de la factura (excluido el IVA) de <strong>50 euros<\/strong>.<\/li>\n<\/ul>\n\n\n\n<h3 class=\"wp-block-heading\" id=\"la-reclamacion-del-pago-para-recuperar-el-iva-de-facturas-impagadas\">La reclamaci\u00f3n del pago para recuperar el IVA de facturas impagadas<\/h3>\n\n\n\n<p>Deber\u00e1s instar el cobro mediante<strong> reclamaci\u00f3n judicial <\/strong>o por medio de<strong> requerimiento notarial <\/strong>al deudor.<\/p>\n\n\n\n<h3 class=\"wp-block-heading\" id=\"la-factura-rectificativa-y-los-plazos-para-recuperar-el-iva-de-morosos\">La factura rectificativa y los plazos para recuperar el IVA de morosos<\/h3>\n\n\n\n<p>Deber\u00e1s remitir <a href=\"https:\/\/www.sage.com\/es-es\/blog\/facturas-rectificativas-no-pagues-el-iva-que-no-te-corresponde\/\"><strong>una factura rectificativa<\/strong><\/a> tan pronto tengas constancia de que se cumplen los requisitos para modificar la base imponible del IVA. Para ello, debe pasar un plazo que ser\u00e1:<\/p>\n\n\n\n<ul class=\"wp-block-list\">\n<li>Normalmente, de un a\u00f1o.<\/li>\n\n\n\n<li>Si tu volumen de operaciones del a\u00f1o anterior es menor de 6&nbsp;010&nbsp;121,04 euros, entonces, el plazo ser\u00e1 de seis meses o un a\u00f1o.<\/li>\n<\/ul>\n\n\n\n<p>Un supuesto especial se da si est\u00e1s acogido al <strong>r\u00e9gimen de caja<\/strong>. En principio, el IVA no se devengar\u00e1 hasta que no hayas cobrado. No obstante, llegado el 31 de diciembre del a\u00f1o siguiente a la realizaci\u00f3n de las operaciones, se devengar\u00eda el IVA. Sin embargo, precisamente en ese mismo momento del devengo, tendr\u00edas derecho a deducir el IVA repercutido no cobrado.<\/p>\n\n\n\n<p>En cualquier caso, una vez pasados esos plazos, dispones de<strong> un m\u00e1ximo de seis meses para realizar la modificaci\u00f3n<\/strong>.<\/p>\n\n\n\n<figure class=\"wp-block-pullquote\"><blockquote><p>Recuperar el IVA de los morosos no es algo autom\u00e1tico, sino que hay que cumplir unos requisitos y cubrir ciertos procedimientos.<\/p><\/blockquote><\/figure>\n\n\n\n<h3 class=\"wp-block-heading\" id=\"comunicacion-a-hacienda\">Comunicaci\u00f3n a Hacienda<\/h3>\n\n\n\n<p>En el plazo de un mes a contar desde la fecha de expedici\u00f3n de la factura rectificativa, debe comunicarse a <strong>Hacienda<\/strong> la rectificaci\u00f3n efectuada. Se realiza <strong>telem\u00e1ticamente <\/strong>mediante la presentaci\u00f3n del <a href=\"https:\/\/sede.agenciatributaria.gob.es\/Sede\/procedimientoini\/G416.shtml\">modelo 952<\/a>.<\/p>\n\n\n\n<p>A esta comunicaci\u00f3n deber\u00e1n acompa\u00f1arse, tambi\u00e9n telem\u00e1ticamente, los siguientes documentos:<\/p>\n\n\n\n<ul class=\"wp-block-list\">\n<li>La copia de las <strong>facturas<\/strong> <strong>rectificativas<\/strong>,<\/li>\n\n\n\n<li>Documentos que acrediten que has instado el cobro del cr\u00e9dito mediante reclamaci\u00f3n judicial al deudor o mediante <strong>requerimiento<\/strong> <strong>notarial<\/strong>.<\/li>\n\n\n\n<li>En el caso de cr\u00e9ditos adeudados por entes p\u00fablicos, el <strong>certificado <\/strong>expedido por el \u00f3rgano competente del ente p\u00fablico deudor.<\/li>\n<\/ul>\n\n\n\n<h2 class=\"wp-block-heading\" id=\"el-iva-en-los-concursos-de-acreedores\">El IVA en los concursos de acreedores&nbsp;<\/h2>\n\n\n\n<p>Si tu cliente est\u00e1 en <strong>situaci\u00f3n de concurso<\/strong>, todo el proceso se facilita. Bajo ciertas condiciones, ya no tendr\u00e1s que cumplir los requisitos habituales.<\/p>\n\n\n\n<p>Por tanto, lo recomendable es <strong>hacer un seguimiento peri\u00f3dico <\/strong>de las operaciones impagadas y c\u00f3mo se han gestionado desde el punto de vista del IVA.<\/p>\n\n\n\n<p><em>Nota del editor: Este art\u00edculo fue publicado con anterioridad y actualizado a 2024 por su relevancia.<\/em><\/p>\n\n\n\n<div class=\"single-cta gated-content\">\n\t<div class=\"single-cta__positioner\">\n\t\t<div class=\"single-cta__wrapper has-dark-background-color\">\n\t\t\t<div class=\"single-cta__content\">\n\t\t\t\t\t\t\t\t<h2 class=\"single-cta__title h3\">Convi\u00e9rtete en un experto contable<\/h2>\n\n\t\t\t\t\t\t\t\t\t<div class=\"single-cta__description\">\n\t\t\t\t\t\t<p>KIT B\u00c1SICO PARA LLEVAR LA CONTABILIDAD AL D\u00cdA<\/p>\n<p><strong>Consigue gratis tu gu\u00eda en PDF y descubre:<\/strong><\/p>\n<ul>\n<li><span style=\"font-size: 11pt\">El papel del contable frente al empresario<br \/>\n<\/span><\/li>\n<li><span style=\"font-size: 11pt\">Los conocimientos que diferencian al buen contable<br \/>\n<\/span><\/li>\n<li><span style=\"font-size: 11pt\">Qu\u00e9 tecnolog\u00eda tiene el contable a su alcance<br \/>\n<\/span><\/li>\n<\/ul>\n\t\t\t\t\t<\/div>\n\t\t\t\t\n\t\t\t\t\t\t\t\t\t\t\t\t\t\t<a\n\t\t\t\t\t\thref=\"#gate-e1fb06a2-63d9-4444-ba2e-9b07f7a66fac\"\n\t\t\t\t\t\tclass=\"single-cta__button button button--primary\"\n\t\t\t\t\t\t\t\t\t\t\t\t\t\t\t\t\t>\u00a1Quiero descargar mi gu\u00eda!<\/a>\n\t\t\t\t\t\t\t<\/div>\n\n\t\t\t\t\t\t\t<div class=\"single-cta__downloads\">\n\t\t\t\t\t\n\t\t\t\t\tM\u00e1s de 2,000 personas se han descargado esta gu\u00eda\t\t\t\t<\/div>\n\t\t\t\t\t<\/div>\n\n\t\t\t\t\t<img decoding=\"async\" width=\"1252\" height=\"810\" src=\"https:\/\/www.sage.com\/es-es\/blog\/wp-content\/uploads\/sites\/8\/2023\/11\/Mockup_banner_Sage_Conviertete-en-un-experto-contable_V2_FONDO-VERDE-1252x810.jpg\" class=\"single-cta__image\" alt=\"Sage\" loading=\"lazy\" srcset=\"https:\/\/www.sage.com\/es-es\/blog\/wp-content\/uploads\/sites\/8\/2023\/11\/Mockup_banner_Sage_Conviertete-en-un-experto-contable_V2_FONDO-VERDE-1252x810.jpg 1252w\" sizes=\"auto, (min-width: 48em) 33vw, 100vw\" \/>\t\t\t<\/div>\n<\/div>\n","protected":false},"excerpt":{"rendered":"<p>Describimos los requisitos y pasos para recuperar el IVA de los morosos. Todo lo que necesitas saber para hacer un seguimiento peri\u00f3dico.<\/p>\n","protected":false},"author":240,"featured_media":20035,"comment_status":"open","ping_status":"closed","sticky":false,"template":"","format":"standard","meta":{"_sage_video":false,"post_featured_image_hide":false,"footnotes":""},"categories":[2],"tags":[23,29,243],"business_type":[10],"lilypad":[],"context":[],"industry":[],"persona":[],"imagine_tag":[265,266,270,268,274],"coauthors":[412],"class_list":["post-4315","post","type-post","status-publish","format-standard","has-post-thumbnail","hentry","category-finanzas","tag-contabilidad","tag-facturacion","tag-software-contabilidad","business_type-pequena-empresa"],"sage_meta":{"region":"es-es","author_name":"Gonzalo Garc\u00eda Abad","featured_image":"https:\/\/www.sage.com\/es-es\/blog\/wp-content\/uploads\/sites\/8\/2022\/04\/GettyImages-1314039604.jpg","imagine_tags":{"265":"Contabilidad","266":"Facturaci\u00f3n","270":"Hacienda","268":"Impuestos","274":"Software contabilidad"}},"distributor_meta":false,"distributor_terms":false,"distributor_media":false,"distributor_original_site_name":"Sage Advice Espa\u00f1a","distributor_original_site_url":"https:\/\/www.sage.com\/es-es\/blog","push-errors":false,"_links":{"self":[{"href":"https:\/\/www.sage.com\/es-es\/blog\/api\/wp\/v2\/posts\/4315","targetHints":{"allow":["GET"]}}],"collection":[{"href":"https:\/\/www.sage.com\/es-es\/blog\/api\/wp\/v2\/posts"}],"about":[{"href":"https:\/\/www.sage.com\/es-es\/blog\/api\/wp\/v2\/types\/post"}],"author":[{"embeddable":true,"href":"https:\/\/www.sage.com\/es-es\/blog\/api\/wp\/v2\/users\/240"}],"replies":[{"embeddable":true,"href":"https:\/\/www.sage.com\/es-es\/blog\/api\/wp\/v2\/comments?post=4315"}],"version-history":[{"count":0,"href":"https:\/\/www.sage.com\/es-es\/blog\/api\/wp\/v2\/posts\/4315\/revisions"}],"wp:featuredmedia":[{"embeddable":true,"href":"https:\/\/www.sage.com\/es-es\/blog\/api\/wp\/v2\/media\/20035"}],"wp:attachment":[{"href":"https:\/\/www.sage.com\/es-es\/blog\/api\/wp\/v2\/media?parent=4315"}],"wp:term":[{"taxonomy":"category","embeddable":true,"href":"https:\/\/www.sage.com\/es-es\/blog\/api\/wp\/v2\/categories?post=4315"},{"taxonomy":"post_tag","embeddable":true,"href":"https:\/\/www.sage.com\/es-es\/blog\/api\/wp\/v2\/tags?post=4315"},{"taxonomy":"business_type","embeddable":true,"href":"https:\/\/www.sage.com\/es-es\/blog\/api\/wp\/v2\/business_type?post=4315"},{"taxonomy":"lilypad","embeddable":true,"href":"https:\/\/www.sage.com\/es-es\/blog\/api\/wp\/v2\/lilypad?post=4315"},{"taxonomy":"context","embeddable":true,"href":"https:\/\/www.sage.com\/es-es\/blog\/api\/wp\/v2\/context?post=4315"},{"taxonomy":"industry","embeddable":true,"href":"https:\/\/www.sage.com\/es-es\/blog\/api\/wp\/v2\/industry?post=4315"},{"taxonomy":"persona","embeddable":true,"href":"https:\/\/www.sage.com\/es-es\/blog\/api\/wp\/v2\/persona?post=4315"},{"taxonomy":"imagine_tag","embeddable":true,"href":"https:\/\/www.sage.com\/es-es\/blog\/api\/wp\/v2\/imagine_tag?post=4315"},{"taxonomy":"author","embeddable":true,"href":"https:\/\/www.sage.com\/es-es\/blog\/api\/wp\/v2\/coauthors?post=4315"}],"curies":[{"name":"wp","href":"https:\/\/api.w.org\/{rel}","templated":true}]}}