{"id":4355,"date":"2017-01-05T08:42:55","date_gmt":"2017-01-05T08:42:55","guid":{"rendered":"https:\/\/www.sage.com\/es-es\/blog\/cuatro-cambios-en-el-plan-general-contable-que-pueden-afectar-a-tu-empresa\/"},"modified":"2026-02-04T19:22:32","modified_gmt":"2026-02-04T18:22:32","slug":"cambios-plan-general-contable","status":"publish","type":"post","link":"https:\/\/www.sage.com\/es-es\/blog\/cambios-plan-general-contable\/","title":{"rendered":"Cuatro cambios en el Plan General Contable que pueden afectar a tu empresa"},"content":{"rendered":"<header class=\"entry-header has-dark-background-color entry-header--has-illustration entry-header--has-illustration--generic\">\n\t<div class=\"container\">\n\t\t<div class=\"entry-header__row row align-center\">\n\t\t\t<div class=\"col col-lg-7 col-xlg-6 entry-header__content\">\n\t\t\t\t\t\t\t<div class=\"component component-single-header\">\n\t\t\t\t\t\t\t\t\t\t<div class=\"entry-header__misc text--subtitle text--uppercase text--small\">\n\t\t\t\t\t\t\t<a href=\"https:\/\/www.sage.com\/es-es\/blog\/categoria\/finanzas\/\" class=\"entry-header__link\">Finanzas<\/a>\t\t\t\t\t\t<\/div>\n\t\t\t\t\n\t\t\t\t<div class=\"entry-title-wrapper\">\n\t\t\t\t\t<h1 class=\"entry-title\">\n\t\t\t\t\t\tCuatro cambios en el Plan General Contable que pueden afectar a tu empresa\t\t\t\t\t<\/h1>\n\t\t\t\t<\/div>\n\n\t\t\t\t\t\t\t\t\t<p class=\"entry-header__description\">\n\t\t\t\t\t\t\t\t\t\t\t<\/p>\n\t\t\t\t\n\t\t\t\t\n\t\t\t\t\n\t\t\t<\/div>\n\n\t\t\t\t\t<\/div>\n\t\t\t\t\t<\/div>\n\t<\/div>\n\t<div class=\"single-post-details container\">\n\t\t<div class=\"col\">\n\t\t\t<span class=\"posted-on \"><time class=\"entry-date published\" datetime=\"2017-01-05T08:42:55+01:00\">5 January, 2017<\/time><\/span><span class=\"reading-time\"> minutos de lectura<\/span>\n\t\t<button\n\t\t\ttype=\"button\"\n\t\t\tclass=\"social-share-button button button--icon button--secondary js-social-share-button\"\n\t\t\tdata-share-title=\"Cuatro cambios en el Plan General Contable que pueden afectar a tu empresa\"\n\t\t\tdata-share-url=\"https:\/\/www.sage.com\/es-es\/blog\/cambios-plan-general-contable\/\"\n\t\t\tdata-share-text=\"Please read this interesting article\"\n\t\t>\n\t\t\t<span class=\"social-share-button__share-label\">Compartir<\/span>\n\t\t\t<span class=\"social-share-button__copy-label\" hidden>Copiar enlace<\/span>\n\t\t\t<span class=\"social-share-button__copy-tooltip\" aria-hidden=\"true\" hidden>Copiado<\/span>\n\t\t<\/button>\n\n\t\t\t\t<\/div>\n\t<\/div>\n<\/header>\n\n\n\n<div class=\"wp-block-post-author has-dark-background-color alignfull\">\n\t<div class=\"container\">\n\t\t<div class=\"col\">\n\t\t\t\t\t\t\t<div class=\"co-authors\">\n\t\t\t\t\t\n\t\t<div class=\"entry-author-wrapper\">\n\t\t\t<a class=\"entry-author\" href=\"https:\/\/www.sage.com\/es-es\/blog\/author\/jose-ramon-fernandez-de-la-cigona\/\">\n\t\t\t\t<img loading=\"lazy\" decoding=\"async\" width=\"40\" height=\"40\" src=\"https:\/\/www.sage.com\/es-es\/blog\/wp-content\/uploads\/sites\/8\/2024\/02\/foto_jose-ramon_400x400-350x350.jpg\" class=\"entry-author__image\" alt=\"Sage\" srcset=\"https:\/\/www.sage.com\/es-es\/blog\/wp-content\/uploads\/sites\/8\/2024\/02\/foto_jose-ramon_400x400-350x350.jpg 350w, https:\/\/www.sage.com\/es-es\/blog\/wp-content\/uploads\/sites\/8\/2024\/02\/foto_jose-ramon_400x400.jpg 585w\" sizes=\"auto, (max-width: 40px) 100vw, 40px\" \/>\t\t\t\t<span class=\"entry-author__name\">Jose Ram\u00f3n Fern\u00e1ndez de la Cigo\u00f1a<\/span>\n\t\t\t<\/a>\n\n\t\t\t\t\t<\/div>\n\n\t\t\t\t\t\t<\/div>\n\t\t\t\t\t<\/div>\n\t<\/div>\n<\/div>\n<div class=\"sage-block-classic-wrapper\">\n\n<p>Cuando o\u00edmos hablar de cambios o <strong>modificaciones en el Plan General Contable<\/strong>, pudi\u00e9ramos pensar antes de leer el <a href=\"http:\/\/www.boe.es\/diario_boe\/txt.php?id=BOE-A-2016-11954\" target=\"_blank\" rel=\"noopener noreferrer\">Real Decreto 602\/2016<\/a>, de 2 de diciembre, que la forma de llevar la contabilidad va a cambiar sustancialmente, pero nada m\u00e1s lejos de la realidad. Las modificaciones realizadas en este Real Decreto, en el cual se indica que se modifica el <a href=\"https:\/\/www.sage.com\/es-es\/blog\/cambios-plan-general-contable\/\">Plan General de Contabilidad<\/a>, el Plan General de Contabilidad de Pymes, las Normas para la Formulaci\u00f3n de Cuentas Anuales Consolidadas y las Normas de Adaptaci\u00f3n del Plan General de Contabilidad a las entidades sin fines lucrativos, <strong>se resumen en cuatro art\u00edculos<\/strong>, sin cambios sustanciales, pero que s\u00ed hay que tener en cuenta.<!--more--><span id=\"more-33790\"><\/span><\/p>\n<p>Las modificaciones que se introducen tienen por objeto adaptar el Plan General Contable a las Directivas Contables emanadas del Parlamento Europeo, y su principal finalidad es <strong>simplificar las obligaciones contables de las peque\u00f1as empresas<\/strong>, por lo que afortunadamente, en lugar de incluir nuevas normas y obligaciones, se eliminan algunas, como por ejemplo, la obligaci\u00f3n de incluir en la memoria de las Pymes el Estado de Cambios en el Patrimonio Neto (ECPN).<\/p>\n<h2>Principales cambios en el Plan General Contable derivados del Real Decreto 602\/2016<\/h2>\n<p>Los cambios que ahora se aprueban se concentran en cuatro bloques.<\/p>\n<p>1.<strong> Simplificaci\u00f3n de las obligaciones contables de las peque\u00f1as empresas<\/strong>, que se materializa en la eliminaci\u00f3n de la obligatoriedad de confeccionar el estado de cambios en el patrimonio neto (ECPN) y en la reducci\u00f3n de las indicaciones a incluir en la memoria de las cuentas anuales. Se ampl\u00eda el \u00e1mbito de aplicaci\u00f3n del Plan General Contable de Peque\u00f1as y Medianas Empresas, de manera que, para los ejercicios que se inicien a partir del 1 de enero de 2016, los l\u00edmites del total activo, importe neto de la cifra de negocios y n\u00famero de trabajadores se igualan con los previstos <strong>para poder elaborar modelo abreviado de balance y memoria<\/strong>.<\/p>\n<p>2. En lo relativo a los criterios de registro y valoraci\u00f3n, la \u00fanica modificaci\u00f3n que se ha incorporado, para todo tipo de empresas, es la que ata\u00f1e a los <a href=\"https:\/\/www.sage.com\/es-es\/blog\/activos-intangibles-ayudar-empresa\/\">activos intangibles<\/a>, especialmente el fondo de comercio, que desde la reforma del a\u00f1o 2008 se calificaron como activos de vida \u00fatil indefinida, <strong>pasando el Fondo de comercio y los activos intangibles a tener vida definida<\/strong> y, por tanto,<strong> deber\u00e1n ser objeto de amortizaci\u00f3n sistem\u00e1tica<\/strong> en el periodo durante el cual se prev\u00e9 razonablemente, que los beneficios econ\u00f3micos inherentes al activo, produzcan rendimientos para la empresa. Si la vida \u00fatil de estos activos, no se puede estimar de manera fiable, se podr\u00e1n amortizar en un plazo de diez a\u00f1os.<\/p>\n<p>3. Se realiza una <strong>revisi\u00f3n de las Normas para la Formulaci\u00f3n de las Cuentas Anuales Consolidadas<\/strong> (NFCAC), sobre los supuestos de dispensa y exclusi\u00f3n de la obligaci\u00f3n de consolidar, el tratamiento del fondo de comercio de consolidaci\u00f3n y algunas mejoras t\u00e9cnicas.<\/p>\n<p>4.<strong> Modificaci\u00f3n de las normas de adaptaci\u00f3n del Plan General Contable de las entidades sin fines lucrativos<\/strong>, de manera que estas entidades podr\u00e1n aplicar el Plan General de Contabilidad de Pymes en los mismos t\u00e9rminos previstos para las empresas. Por tanto, podr\u00e1n aplicar el <a href=\"https:\/\/www.sage.com\/es-es\/blog\/que-es-el-plan-general-contable\/\">Plan General de Contabilidad<\/a> de PYMES todas las entidades sin fines lucrativos, cualquiera que sea su forma jur\u00eddica, que durante dos ejercicios consecutivos <strong>re\u00fanan, a la fecha de cierre de cada uno de ellos, al menos dos de las circunstancias siguientes<\/strong>:<\/p>\n<ul>\n<li>Que el total de las partidas del activo no supere los cuatro millones de euros.<\/li>\n<li>Que el importe neto de su volumen anual de ingresos no supere los ocho millones de euros.<\/li>\n<li>Que el n\u00famero medio de trabajadores empleados durante el ejercicio no sea superior a cincuenta.<\/li>\n<\/ul>\n<\/div>\n<div class=\"single-cta\">\n\t<div class=\"single-cta__positioner\">\n\t\t<div class=\"single-cta__wrapper has-dark-background-color\">\n\t\t\t<div class=\"single-cta__content\">\n\t\t\t\t\t\t\t\t<h2 class=\"single-cta__title h3\">Subscr\u00edbete a la newsletter de Sage Advice<\/h2>\n\n\t\t\t\t\t\t\t\t\t<div class=\"single-cta__description\">\n\t\t\t\t\t\t<p>Recibe nuestros consejos m\u00e1s recientes directamente en la bandeja de entrada de tu correo electr\u00f3nico.<\/p>\n\t\t\t\t\t<\/div>\n\t\t\t\t\n\t\t\t\t\t\t\t\t\t\t\t\t\t\t<a\n\t\t\t\t\t\thref=\"#gate-263a5c00-99e4-4e71-8421-469deda8e674\"\n\t\t\t\t\t\tclass=\"single-cta__button button button--primary\"\n\t\t\t\t\t\t\t\t\t\t\t\t\t\t\t\t\t>Suscr\u00edbete<\/a>\n\t\t\t\t\t\t\t<\/div>\n\n\t\t\t\t\t<\/div>\n\n\t\t\t\t\t<img decoding=\"async\" width=\"1440\" height=\"810\" src=\"https:\/\/www.sage.com\/es-es\/blog\/wp-content\/uploads\/sites\/8\/2022\/04\/GettyImages-1171960556-1440x810.jpg\" class=\"single-cta__image\" alt=\"Sage\" loading=\"lazy\" srcset=\"https:\/\/www.sage.com\/es-es\/blog\/wp-content\/uploads\/sites\/8\/2022\/04\/GettyImages-1171960556-1440x810.jpg 1440w\" sizes=\"auto, (min-width: 48em) 33vw, 100vw\" \/>\t\t\t<\/div>\n<\/div>\n","protected":false},"excerpt":{"rendered":"<p>Cuando o\u00edmos hablar de cambios o modificaciones en el Plan General Contable, pudi\u00e9ramos pensar antes de leer el Real Decreto 602\/2016, de 2 de diciembre, que la forma de llevar la contabilidad va a cambiar sustancialmente, pero nada m\u00e1s lejos de la realidad. Las modificaciones realizadas en este Real Decreto, en el cual se indica [&hellip;]<\/p>\n","protected":false},"author":238,"featured_media":6977,"comment_status":"open","ping_status":"closed","sticky":false,"template":"","format":"standard","meta":{"_sage_video":false,"post_featured_image_hide":false,"footnotes":""},"categories":[2],"tags":[47],"business_type":[10,11],"lilypad":[],"context":[],"industry":[],"persona":[],"imagine_tag":[265,260],"coauthors":[396],"class_list":["post-4355","post","type-post","status-publish","format-standard","has-post-thumbnail","hentry","category-finanzas","tag-legislacion-contable","business_type-pequena-empresa","business_type-mediana-empresa"],"sage_meta":{"region":"es-es","author_name":"Jose Ram\u00f3n Fern\u00e1ndez de la Cigo\u00f1a","featured_image":"https:\/\/www.sage.com\/es-es\/blog\/wp-content\/uploads\/sites\/8\/2017\/11\/14-noviembre-GettyImages-566357525_super-1675x1225.jpg","imagine_tags":{"265":"Contabilidad","260":"Legal"}},"distributor_meta":false,"distributor_terms":false,"distributor_media":false,"distributor_original_site_name":"Sage Advice Espa\u00f1a","distributor_original_site_url":"https:\/\/www.sage.com\/es-es\/blog","push-errors":false,"_links":{"self":[{"href":"https:\/\/www.sage.com\/es-es\/blog\/api\/wp\/v2\/posts\/4355","targetHints":{"allow":["GET"]}}],"collection":[{"href":"https:\/\/www.sage.com\/es-es\/blog\/api\/wp\/v2\/posts"}],"about":[{"href":"https:\/\/www.sage.com\/es-es\/blog\/api\/wp\/v2\/types\/post"}],"author":[{"embeddable":true,"href":"https:\/\/www.sage.com\/es-es\/blog\/api\/wp\/v2\/users\/238"}],"replies":[{"embeddable":true,"href":"https:\/\/www.sage.com\/es-es\/blog\/api\/wp\/v2\/comments?post=4355"}],"version-history":[{"count":0,"href":"https:\/\/www.sage.com\/es-es\/blog\/api\/wp\/v2\/posts\/4355\/revisions"}],"wp:featuredmedia":[{"embeddable":true,"href":"https:\/\/www.sage.com\/es-es\/blog\/api\/wp\/v2\/media\/6977"}],"wp:attachment":[{"href":"https:\/\/www.sage.com\/es-es\/blog\/api\/wp\/v2\/media?parent=4355"}],"wp:term":[{"taxonomy":"category","embeddable":true,"href":"https:\/\/www.sage.com\/es-es\/blog\/api\/wp\/v2\/categories?post=4355"},{"taxonomy":"post_tag","embeddable":true,"href":"https:\/\/www.sage.com\/es-es\/blog\/api\/wp\/v2\/tags?post=4355"},{"taxonomy":"business_type","embeddable":true,"href":"https:\/\/www.sage.com\/es-es\/blog\/api\/wp\/v2\/business_type?post=4355"},{"taxonomy":"lilypad","embeddable":true,"href":"https:\/\/www.sage.com\/es-es\/blog\/api\/wp\/v2\/lilypad?post=4355"},{"taxonomy":"context","embeddable":true,"href":"https:\/\/www.sage.com\/es-es\/blog\/api\/wp\/v2\/context?post=4355"},{"taxonomy":"industry","embeddable":true,"href":"https:\/\/www.sage.com\/es-es\/blog\/api\/wp\/v2\/industry?post=4355"},{"taxonomy":"persona","embeddable":true,"href":"https:\/\/www.sage.com\/es-es\/blog\/api\/wp\/v2\/persona?post=4355"},{"taxonomy":"imagine_tag","embeddable":true,"href":"https:\/\/www.sage.com\/es-es\/blog\/api\/wp\/v2\/imagine_tag?post=4355"},{"taxonomy":"author","embeddable":true,"href":"https:\/\/www.sage.com\/es-es\/blog\/api\/wp\/v2\/coauthors?post=4355"}],"curies":[{"name":"wp","href":"https:\/\/api.w.org\/{rel}","templated":true}]}}