{"id":4384,"date":"2010-07-26T09:40:21","date_gmt":"2010-07-26T09:40:21","guid":{"rendered":"https:\/\/www.sage.com\/es-es\/blog\/paro-de-los-autonomos-condiciones-para-cobrar-la-prestacion-por-desempleo\/"},"modified":"2026-02-04T20:59:15","modified_gmt":"2026-02-04T19:59:15","slug":"paro-de-los-autonomos-condiciones-para-cobrar-la-prestacion-por-desempleo","status":"publish","type":"post","link":"https:\/\/www.sage.com\/es-es\/blog\/paro-de-los-autonomos-condiciones-para-cobrar-la-prestacion-por-desempleo\/","title":{"rendered":"Paro de los aut\u00f3nomos: condiciones para cobrar la prestaci\u00f3n por desempleo"},"content":{"rendered":"<header class=\"entry-header has-dark-background-color entry-header--has-illustration entry-header--has-illustration--generic\">\n\t<div class=\"container\">\n\t\t<div class=\"entry-header__row row align-center\">\n\t\t\t<div class=\"col col-lg-7 col-xlg-6 entry-header__content\">\n\t\t\t\t\t\t\t<div class=\"component component-single-header\">\n\t\t\t\t\t\t\t\t\t\t<div class=\"entry-header__misc text--subtitle text--uppercase text--small\">\n\t\t\t\t\t\t\t<a href=\"https:\/\/www.sage.com\/es-es\/blog\/categoria\/finanzas\/\" class=\"entry-header__link\">Finanzas<\/a>\t\t\t\t\t\t<\/div>\n\t\t\t\t\n\t\t\t\t<div class=\"entry-title-wrapper\">\n\t\t\t\t\t<h1 class=\"entry-title\">\n\t\t\t\t\t\tParo de los aut\u00f3nomos: condiciones para cobrar la prestaci\u00f3n por desempleo\t\t\t\t\t<\/h1>\n\t\t\t\t<\/div>\n\n\t\t\t\t\t\t\t\t\t<p class=\"entry-header__description\">\n\t\t\t\t\t\t\t\t\t\t\t<\/p>\n\t\t\t\t\n\t\t\t\t\n\t\t\t\t\n\t\t\t<\/div>\n\n\t\t\t\t\t<\/div>\n\t\t\t\t\t<\/div>\n\t<\/div>\n\t<div class=\"single-post-details container\">\n\t\t<div class=\"col\">\n\t\t\t<span class=\"posted-on \"><time class=\"entry-date published\" datetime=\"2010-07-26T09:40:21+02:00\">26 July, 2010<\/time><\/span><span class=\"reading-time\"> minutos de lectura<\/span>\n\t\t<button\n\t\t\ttype=\"button\"\n\t\t\tclass=\"social-share-button button button--icon button--secondary js-social-share-button\"\n\t\t\tdata-share-title=\"Paro de los aut\u00f3nomos: condiciones para cobrar la prestaci\u00f3n por desempleo\"\n\t\t\tdata-share-url=\"https:\/\/www.sage.com\/es-es\/blog\/paro-de-los-autonomos-condiciones-para-cobrar-la-prestacion-por-desempleo\/\"\n\t\t\tdata-share-text=\"Please read this interesting article\"\n\t\t>\n\t\t\t<span class=\"social-share-button__share-label\">Compartir<\/span>\n\t\t\t<span class=\"social-share-button__copy-label\" hidden>Copiar enlace<\/span>\n\t\t\t<span class=\"social-share-button__copy-tooltip\" aria-hidden=\"true\" hidden>Copiado<\/span>\n\t\t<\/button>\n\n\t\t\t\t<\/div>\n\t<\/div>\n<\/header>\n\n\n\n<div class=\"wp-block-post-author has-dark-background-color alignfull\">\n\t<div class=\"container\">\n\t\t<div class=\"col\">\n\t\t\t\t\t\t\t<div class=\"co-authors\">\n\t\t\t\t\t\n\t\t<div class=\"entry-author-wrapper\">\n\t\t\t<a class=\"entry-author\" href=\"https:\/\/www.sage.com\/es-es\/blog\/author\/remo\/\">\n\t\t\t\t<img loading=\"lazy\" decoding=\"async\" width=\"40\" height=\"40\" src=\"https:\/\/www.sage.com\/es-es\/blog\/wp-content\/uploads\/sites\/8\/2017\/10\/Remo_400x400-350x350.jpg\" class=\"entry-author__image\" alt=\"Remo\" srcset=\"https:\/\/www.sage.com\/es-es\/blog\/wp-content\/uploads\/sites\/8\/2017\/10\/Remo_400x400-350x350.jpg 350w, https:\/\/www.sage.com\/es-es\/blog\/wp-content\/uploads\/sites\/8\/2017\/10\/Remo_400x400.jpg 400w\" sizes=\"auto, (max-width: 40px) 100vw, 40px\" \/>\t\t\t\t<span class=\"entry-author__name\">Remo<\/span>\n\t\t\t<\/a>\n\n\t\t\t\t\t<\/div>\n\n\t\t\t\t\t\t<\/div>\n\t\t\t\t\t<\/div>\n\t<\/div>\n<\/div>\n<div class=\"sage-block-classic-wrapper\">\n\n<p>Desde hace m\u00e1s de un a\u00f1o y medio, la <strong>prestaci\u00f3n por desempleo para aut\u00f3nomos<\/strong> se encuentra atravesando el tr\u00e1mite parlamentario que tiene que aprobar y promulgar la ley que articular\u00e1 este derecho. Esta ley, est\u00e1 a punto de ser aprobada, tal y como <a href=\"https:\/\/www.sage.com\/es-es\/blog\/el-paro-de-los-autonomos-requisitos-duracion-y-cuantia\/\" target=\"_blank\" rel=\"noopener noreferrer\">ya comentamos hace unos d\u00edas<\/a>.<\/p>\n<p>Esta protecci\u00f3n es una demanda de todo el tejido microempresarial de pymes y aut\u00f3nomos que quieren tener una cobertura de ingresos en el caso de que se cese en la actividad empresarial o profesional que se desempe\u00f1e, aunque como todas las prestaciones, la letra peque\u00f1a en el caso del paro de los aut\u00f3nomos es abundante.<\/p>\n<p><!--more--><\/p>\n<h2>Requisitos para acceder al paro para aut\u00f3nomos<\/h2>\n<p>A pesar de la publicidad que se le ha dado a esta protecci\u00f3n, los <strong>requisitos de acceso al paro de aut\u00f3nomos son bastante estrictos<\/strong> y en el anteproyecto de ley que se ha aprobado y se va a convertir en ley, s\u00f3lo tendr\u00e1n derecho al paro de los aut\u00f3nomos los siguientes supuestos:<\/p>\n<p><strong>Por la concurrencia de motivos econ\u00f3micos<\/strong>, t\u00e9cnicos, productivos u organizativos determinantes de la inviabilidad de proseguir la actividad econ\u00f3mica o profesional. En caso de establecimiento abierto al p\u00fablico, se exigir\u00e1 el cierre del mismo durante la percepci\u00f3n de la prestaci\u00f3n. estos motivos se alegan con alguna de las siguientes condiciones:<\/p>\n<ul>\n<li>Unas p\u00e9rdidas derivadas del ejercicio de su actividad en un a\u00f1o completo superiores al 40% de los ingresos o superiores al 30% en dos a\u00f1os consecutivos y completos. En ning\u00fan caso el primer a\u00f1o de inicio de la actividad computar\u00e1 a estos efectos.<\/li>\n<li>Unas ejecuciones judiciales tendentes al cobro de deudas reconocidas por los \u00f3rganos judiciales que comporten al menos el 50% de los ingresos correspondientes al ejercicio econ\u00f3mico de la actividad del trabajador aut\u00f3nomo inmediatamente anterior.<\/li>\n<li>La declaraci\u00f3n judicial de concurso que impida continuar con la actividad, en los t\u00e9rminos de la Ley 22\/2003, de 9 de julio, Ley Concursal.<\/li>\n<\/ul>\n<p><strong>Causas de fuerza mayor<\/strong> que determinen el cese de la actividad, como inundaciones, incendios o desastres naturales que impidan el ejercicio empresarial.<\/p>\n<p><strong>Por p\u00e9rdida de la licencia administrativa, <\/strong>siempre que la misma constituya un requisito para el ejercicio de la actividad econ\u00f3mica o profesional y no venga motivada por incumplimientos contractuales o por la comisi\u00f3n de infracciones, faltas administrativas o delitos imputables al aut\u00f3nomo solicitante.<\/p>\n<p>Cierre de la actividad por<strong> motivos de violencia de g\u00e9nero<\/strong>, limitando este supuesto a trabajadoras aut\u00f3nomas as\u00ed como divorcio en los que el c\u00f3nyuge preste una relaci\u00f3n laboral de car\u00e1cter familiar con el c\u00f3nyuge en r\u00e9gimen de aut\u00f3nomos.<\/p>\n<p>en el caso de <strong>aut\u00f3nomos dependientes<\/strong>, se considerar\u00e1 que se tiene derecho a la prestaci\u00f3n por:<\/p>\n<ul>\n<li>Muerte, incapacidad laboral o jubilaci\u00f3n del cliente principal, adem\u00e1s de las causas determinadas en concurso de acreedores.<\/li>\n<li>Incumplimiento contractual o rescisi\u00f3n injustificada de la relaci\u00f3n laboral por parte del cliente.<\/li>\n<\/ul>\n<p><strong>En todo el resto de supuestos<\/strong>, la baja del aut\u00f3nomo se considerar\u00e1 como baja voluntaria de la actividad empresarial o profesional y l<strong>e impedir\u00e1 el acceso a la prestaci\u00f3n econ\u00f3mica por desempleo<\/strong>, aunque cumpla los requisitos de cotizaci\u00f3n.<\/p>\n<p>Los medios de prueba que se pueden utilizar en todos los casos, pasan por las oportunas resoluciones judiciales, bien de concurso, de reclamaci\u00f3n de cumplimiento contractual o de siniestro, expedido por la Administraci\u00f3n P\u00fablica competente.<\/p>\n<h2>Conclusiones y reflexi\u00f3n sobre la prestaci\u00f3n por desempleo<\/h2>\n<p>El desempleo para aut\u00f3nomos es un derecho que el sector viene reclamando desde hace bastantes a\u00f1os, dado que dota de mayor seguridad econ\u00f3mica a todos los empresarios peque\u00f1os que se embarcan en la aventura empresarial.<\/p>\n<p>Pero tal y como podemos apreciar, ni la prestaci\u00f3n econ\u00f3mica es los suficientemente grande, ni los requisitos son tan sencillos como parece para acceder a su cobro. Bajo mi \u00f3ptica personal, <strong>creo que no merece la pena cotizar voluntariamente por el desempleo para aut\u00f3nomos,<\/strong> dado que el equilibro coste adicional\/coberturas que se obtienen es muy complejo de alcanzar.<\/p>\n<p>M\u00e1s Informaci\u00f3n | <a href=\"http:\/\/www.congreso.es\/portal\/page\/portal\/Congreso\/PopUpCGI?CMD=VERLST&amp;BASE=puw9&amp;DOCS=1-1&amp;DOCORDER=LIFO&amp;QUERY=(CDA20100209005501.CODI.)#(P\u00e1gina1)\">Borrador Proyecto Ley Paro de Aut\u00f3nomos<\/a><\/p>\n<\/div>\n<div class=\"single-cta\">\n\t<div class=\"single-cta__positioner\">\n\t\t<div class=\"single-cta__wrapper has-dark-background-color\">\n\t\t\t<div class=\"single-cta__content\">\n\t\t\t\t\t\t\t\t<h2 class=\"single-cta__title h3\">Subscr\u00edbete a la newsletter de Sage Advice<\/h2>\n\n\t\t\t\t\t\t\t\t\t<div class=\"single-cta__description\">\n\t\t\t\t\t\t<p>Recibe nuestros consejos m\u00e1s recientes directamente en la bandeja de entrada de tu correo electr\u00f3nico.<\/p>\n\t\t\t\t\t<\/div>\n\t\t\t\t\n\t\t\t\t\t\t\t\t\t\t\t\t\t\t<a\n\t\t\t\t\t\thref=\"#gate-263a5c00-99e4-4e71-8421-469deda8e674\"\n\t\t\t\t\t\tclass=\"single-cta__button button button--primary\"\n\t\t\t\t\t\t\t\t\t\t\t\t\t\t\t\t\t>Suscr\u00edbete<\/a>\n\t\t\t\t\t\t\t<\/div>\n\n\t\t\t\t\t<\/div>\n\n\t\t\t\t\t<img decoding=\"async\" width=\"1440\" height=\"810\" src=\"https:\/\/www.sage.com\/es-es\/blog\/wp-content\/uploads\/sites\/8\/2022\/04\/GettyImages-1171960556-1440x810.jpg\" class=\"single-cta__image\" alt=\"Sage\" loading=\"lazy\" srcset=\"https:\/\/www.sage.com\/es-es\/blog\/wp-content\/uploads\/sites\/8\/2022\/04\/GettyImages-1171960556-1440x810.jpg 1440w\" sizes=\"auto, (min-width: 48em) 33vw, 100vw\" \/>\t\t\t<\/div>\n<\/div>\n","protected":false},"excerpt":{"rendered":"<p>Desde hace m\u00e1s de un a\u00f1o y medio, la prestaci\u00f3n por desempleo para aut\u00f3nomos se encuentra atravesando el tr\u00e1mite parlamentario que tiene que aprobar y promulgar la ley que articular\u00e1 este derecho. Esta ley, est\u00e1 a punto de ser aprobada, tal y como ya comentamos hace unos d\u00edas. Esta protecci\u00f3n es una demanda de todo [&hellip;]<\/p>\n","protected":false},"author":235,"featured_media":6223,"comment_status":"open","ping_status":"closed","sticky":false,"template":"","format":"standard","meta":{"_sage_video":false,"post_featured_image_hide":false,"footnotes":""},"categories":[2],"tags":[16,80,37],"business_type":[10,8],"lilypad":[],"context":[],"industry":[],"persona":[],"imagine_tag":[287],"coauthors":[395],"class_list":["post-4384","post","type-post","status-publish","format-standard","has-post-thumbnail","hentry","category-finanzas","tag-autonomos","tag-despido","tag-gestion-empresarial","business_type-pequena-empresa","business_type-asesorias-despachos-profesionales"],"sage_meta":{"region":"es-es","author_name":"Remo","featured_image":"https:\/\/www.sage.com\/es-es\/blog\/wp-content\/uploads\/sites\/8\/2017\/09\/SageNorthPark_230317-145.jpg","imagine_tags":{"287":"Aut\u00f3nomos"}},"distributor_meta":false,"distributor_terms":false,"distributor_media":false,"distributor_original_site_name":"Sage Advice Espa\u00f1a","distributor_original_site_url":"https:\/\/www.sage.com\/es-es\/blog","push-errors":false,"_links":{"self":[{"href":"https:\/\/www.sage.com\/es-es\/blog\/api\/wp\/v2\/posts\/4384","targetHints":{"allow":["GET"]}}],"collection":[{"href":"https:\/\/www.sage.com\/es-es\/blog\/api\/wp\/v2\/posts"}],"about":[{"href":"https:\/\/www.sage.com\/es-es\/blog\/api\/wp\/v2\/types\/post"}],"author":[{"embeddable":true,"href":"https:\/\/www.sage.com\/es-es\/blog\/api\/wp\/v2\/users\/235"}],"replies":[{"embeddable":true,"href":"https:\/\/www.sage.com\/es-es\/blog\/api\/wp\/v2\/comments?post=4384"}],"version-history":[{"count":0,"href":"https:\/\/www.sage.com\/es-es\/blog\/api\/wp\/v2\/posts\/4384\/revisions"}],"wp:featuredmedia":[{"embeddable":true,"href":"https:\/\/www.sage.com\/es-es\/blog\/api\/wp\/v2\/media\/6223"}],"wp:attachment":[{"href":"https:\/\/www.sage.com\/es-es\/blog\/api\/wp\/v2\/media?parent=4384"}],"wp:term":[{"taxonomy":"category","embeddable":true,"href":"https:\/\/www.sage.com\/es-es\/blog\/api\/wp\/v2\/categories?post=4384"},{"taxonomy":"post_tag","embeddable":true,"href":"https:\/\/www.sage.com\/es-es\/blog\/api\/wp\/v2\/tags?post=4384"},{"taxonomy":"business_type","embeddable":true,"href":"https:\/\/www.sage.com\/es-es\/blog\/api\/wp\/v2\/business_type?post=4384"},{"taxonomy":"lilypad","embeddable":true,"href":"https:\/\/www.sage.com\/es-es\/blog\/api\/wp\/v2\/lilypad?post=4384"},{"taxonomy":"context","embeddable":true,"href":"https:\/\/www.sage.com\/es-es\/blog\/api\/wp\/v2\/context?post=4384"},{"taxonomy":"industry","embeddable":true,"href":"https:\/\/www.sage.com\/es-es\/blog\/api\/wp\/v2\/industry?post=4384"},{"taxonomy":"persona","embeddable":true,"href":"https:\/\/www.sage.com\/es-es\/blog\/api\/wp\/v2\/persona?post=4384"},{"taxonomy":"imagine_tag","embeddable":true,"href":"https:\/\/www.sage.com\/es-es\/blog\/api\/wp\/v2\/imagine_tag?post=4384"},{"taxonomy":"author","embeddable":true,"href":"https:\/\/www.sage.com\/es-es\/blog\/api\/wp\/v2\/coauthors?post=4384"}],"curies":[{"name":"wp","href":"https:\/\/api.w.org\/{rel}","templated":true}]}}