{"id":4408,"date":"2011-01-21T08:00:26","date_gmt":"2011-01-21T08:00:26","guid":{"rendered":"https:\/\/www.sage.com\/es-es\/blog\/sage-responde-ser-funcionario-y-empresarios-y-cotizacion-de-socios-trabajadores\/"},"modified":"2026-02-04T20:55:25","modified_gmt":"2026-02-04T19:55:25","slug":"sage-responde-ser-funcionario-y-empresarios-y-cotizacion-de-socios-trabajadores","status":"publish","type":"post","link":"https:\/\/www.sage.com\/es-es\/blog\/sage-responde-ser-funcionario-y-empresarios-y-cotizacion-de-socios-trabajadores\/","title":{"rendered":"Sage responde: ser funcionario y empresarios y cotizaci\u00f3n de socios trabajadores"},"content":{"rendered":"<header class=\"entry-header has-dark-background-color entry-header--has-illustration entry-header--has-illustration--generic\">\n\t<div class=\"container\">\n\t\t<div class=\"entry-header__row row align-center\">\n\t\t\t<div class=\"col col-lg-7 col-xlg-6 entry-header__content\">\n\t\t\t\t\t\t\t<div class=\"component component-single-header\">\n\t\t\t\t\t\t\t\t\t\t<div class=\"entry-header__misc text--subtitle text--uppercase text--small\">\n\t\t\t\t\t\t\t<a href=\"https:\/\/www.sage.com\/es-es\/blog\/categoria\/legal\/\" class=\"entry-header__link\">Legal<\/a>\t\t\t\t\t\t<\/div>\n\t\t\t\t\n\t\t\t\t<div class=\"entry-title-wrapper\">\n\t\t\t\t\t<h1 class=\"entry-title\">\n\t\t\t\t\t\tSage responde: ser funcionario y empresarios y cotizaci\u00f3n de socios trabajadores\t\t\t\t\t<\/h1>\n\t\t\t\t<\/div>\n\n\t\t\t\t\t\t\t\t\t<p class=\"entry-header__description\">\n\t\t\t\t\t\t\t\t\t\t\t<\/p>\n\t\t\t\t\n\t\t\t\t\n\t\t\t\t\n\t\t\t<\/div>\n\n\t\t\t\t\t<\/div>\n\t\t\t\t\t<\/div>\n\t<\/div>\n\t\t<div class=\"single-post-details container\">\n\t\t<div class=\"col\">\n\t\t\t<span class=\"posted-on \">Publicado el <time class=\"entry-date published\" datetime=\"2011-01-21T08:00:26+01:00\">21 enero, 2011<\/time><\/span><span class=\"reading-time\"> minutos de lectura<\/span>\n\t\t<button\n\t\t\ttype=\"button\"\n\t\t\tclass=\"social-share-button button button--icon button--secondary js-social-share-button\"\n\t\t\tdata-share-title=\"Sage responde: ser funcionario y empresarios y cotizaci\u00f3n de socios trabajadores\"\n\t\t\tdata-share-url=\"https:\/\/www.sage.com\/es-es\/blog\/sage-responde-ser-funcionario-y-empresarios-y-cotizacion-de-socios-trabajadores\/\"\n\t\t\tdata-share-text=\"Please read this interesting article\"\n\t\t>\n\t\t\t<span class=\"social-share-button__share-label\">Compartir<\/span>\n\t\t\t<span class=\"social-share-button__copy-label\" hidden>Copy Link<\/span>\n\t\t\t<span class=\"social-share-button__copy-tooltip\" aria-hidden=\"true\" hidden>Copied<\/span>\n\t\t<\/button>\n\n\t\t\t\t<\/div>\n\t<\/div>\n\t<\/header>\n\n\n\n<div class=\"wp-block-post-author has-dark-background-color alignfull\">\n\t<div class=\"container\">\n\t\t<div class=\"col\">\n\t\t\t\t\t\t\t<div class=\"co-authors\">\n\t\t\t\t\t\n\t\t<div class=\"entry-author-wrapper\">\n\t\t\t<a class=\"entry-author\" href=\"https:\/\/www.sage.com\/es-es\/blog\/author\/remo\/\">\n\t\t\t\t<img loading=\"lazy\" decoding=\"async\" width=\"40\" height=\"40\" src=\"https:\/\/www.sage.com\/es-es\/blog\/wp-content\/uploads\/sites\/8\/2017\/10\/Remo_400x400-350x350.jpg\" class=\"entry-author__image\" alt=\"Remo\" srcset=\"https:\/\/www.sage.com\/es-es\/blog\/wp-content\/uploads\/sites\/8\/2017\/10\/Remo_400x400-350x350.jpg 350w, https:\/\/www.sage.com\/es-es\/blog\/wp-content\/uploads\/sites\/8\/2017\/10\/Remo_400x400.jpg 400w\" sizes=\"auto, (max-width: 40px) 100vw, 40px\" \/>\t\t\t\t<span class=\"entry-author__name\">Remo<\/span>\n\t\t\t<\/a>\n\n\t\t\t\t\t<\/div>\n\n\t\t\t\t\t\t<\/div>\n\t\t\t\t\t<\/div>\n\t<\/div>\n<\/div>\n<div class=\"sage-block-classic-wrapper mb-m\">\n\n<p>Siguiendo con nuestro apartado de <strong>Sage Responde<\/strong>, tenemos un par de consultas relativas a socios trabajadores y a la titularidad y administraci\u00f3n de una empresa <strong>compatibilizando la actividad empresarial y funcionario<\/strong>.<\/p>\n<blockquote><p>Buenos d\u00edas, mi duda es la siguiente: Yo estoy trabajando en una empresa como contable, y por unas circunstancias queremos crear una empresa de limpieza, mi cu\u00f1ado y yo. Ambos estamos trabajando, \u00e9l es polic\u00eda nacional y ninguno de los dos queremos dejar nuestro puesto de trabajo a corto plazo. Nuestras parejas son trabajadores tambi\u00e9n, enfermera y polic\u00eda nacional respectivamente. \u00b4Quien nos convendr\u00eda que apareciese como titular de la misma?<\/p><\/blockquote>\n<p>Partimos de la premisa que la empresa que se quiere montar es una <strong>sociedad limitada y que la duda fundamental radica en la administraci\u00f3n de la sociedad<\/strong>. Dado que ambos quieren mantener su trabajo, hay que analizar primero si tienen alg\u00fan tipo de incompatilidad para dirigir una empresa y desempe\u00f1ar el trabajo.<\/p>\n<p><!--more--> <span id=\"more-5033\"><\/span><br \/>\nPara el caso del contable, la incompatibilidad estar\u00eda fijada si tiene alguna restricci\u00f3n impuesta por la empresa actual.<strong> Lo m\u00e1s normal es que no tenga ning\u00fan tipo de incompatibilidad<\/strong> y que pudiera actuar como administrador sin mayor problema.<\/p>\n<p>Para el caso del polic\u00eda, al <strong>ser funcionario o trabajador de la administraci\u00f3n p\u00fablica si tiene que tener en cuenta las hipot\u00e9ticas incompatibilidades<\/strong> que pueda tener con el desempe\u00f1o de actividades privadas. Existe una <a href=\"http:\/\/noticias.juridicas.com\/base_datos\/Admin\/l53-1984.html\" target=\"_blank\" rel=\"noopener noreferrer\">Ley de Incompatibilidades<\/a> que se aplica a cargos electos y altos cargos de la administraci\u00f3n p\u00fablica. Adem\u00e1s, en determinadas \u00e1reas de la administraci\u00f3n p\u00fablica, se paga un plus de exclusividad y se prohibe la realizaci\u00f3n de actividades an\u00e1logas de manera privada.<\/p>\n<p>Dado que no sabemos exactamente en qu\u00e9 situaci\u00f3n laboral se encuentra el polic\u00eda (y tampoco sabemos si es local o nacional) ni la enfermera, hay que comprobar previamente si en sus respectivos puestos de trabajo existe alg\u00fan tipo de incompatibilidad.<\/p>\n<p>En el supuesto que dicha incompatibilidad no exista, <strong>cualquiera de ellos puede ser el administrador de la empresa<\/strong>, siendo aconsejable que administra aquel que tenga la base de cotizaci\u00f3n m\u00e1s alta en su trabajo actual.<\/p>\n<h2>Socios trabajadores y accionistas de la empresa<\/h2>\n<p>La siguiente consulta solicita que aclaremos el <strong>r\u00e9gimen de cotizaci\u00f3n de cuatro socios trabajadores de una empresa<\/strong>, caso que ampl\u00eda a esta primera consulta que resolvimos sobre la <a href=\"https:\/\/www.sage.com\/es-es\/blog\/sage-responde-cotizacion-de-socios-trabajadores-y-pagos-a-administradores-jubilados\/\" target=\"_blank\" rel=\"noopener noreferrer\">cotizaci\u00f3n de socios trabajadores<\/a>.<\/p>\n<blockquote><p>Hola, quisiera saber que tipo de contrato necesitamos, 4 socios que hemos dividido el capital entre los 4 y seremos trabajadores de la misma empresa, y queremos saber que tipo de contrato necesitamos, y en que r\u00e9gimen estamos.<\/p><\/blockquote>\n<p>En este caso, cotizar\u00e1 <strong>en el R\u00e9gimen de Aut\u00f3nomos obligatoriamente el administrador<\/strong> y el <strong>resto podr\u00e1 escoger <\/strong>si cotiza en el r\u00e9gimen general o en aut\u00f3nomos. Podr\u00e1 escoger porque en este formato de empresas, al no llegar al 33% del capital social cada uno y no existir v\u00ednculos. No obstante, si alg\u00fan socio quisiera cotizar en aut\u00f3nomos, bastar\u00eda con que tuviera tambi\u00e9n la condici\u00f3n de administrador de la empresa. En este ejemplo, podr\u00eda darse la circunstancia de que los cuatro socios fuesen tambi\u00e9n administradores y todos ellos cotizaran en aut\u00f3nomos.<\/p>\n<p>En Blog Sage | <a href=\"https:\/\/www.sage.com\/es-es\/blog\/sage-responde-cotizacion-de-socios-trabajadores-y-pagos-a-administradores-jubilados\/\">cotizaci\u00f3n de socios trabajadores<\/a>.Sage Responde: cotizaci\u00f3n de socios trabajadores y pagos a administradores jubilados<br \/>\nImagen | <a href=\"http:\/\/www.flickr.com\/photos\/-bast-\/349497988\/sizes\/z\/in\/photostream\/\">Stefan Baudy<\/a><\/p>\n<\/div>\n<div class=\"single-cta\">\n\t<div class=\"single-cta__positioner on-scroll-highlight__target\">\n\t\t<div class=\"single-cta__wrapper has-dark-background-color\">\n\t\t\t<div class=\"single-cta__content\">\n\t\t\t\t\t\t\t\t<h2 class=\"single-cta__title h3\">Subscr\u00edbete a la newsletter de Sage Advice<\/h2>\n\n\t\t\t\t\t\t\t\t\t<div class=\"single-cta__description\">\n\t\t\t\t\t\t<p>Recibe nuestros consejos m\u00e1s recientes directamente en la bandeja de entrada de tu correo electr\u00f3nico.<\/p>\n\t\t\t\t\t<\/div>\n\t\t\t\t\n\t\t\t\t\t\t\t\t\t\t\t\t\t\t<a\n\t\t\t\t\t\thref=\"#gate-263a5c00-99e4-4e71-8421-469deda8e674\"\n\t\t\t\t\t\tclass=\"single-cta__button button button--primary\"\n\t\t\t\t\t\t\t\t\t\t\t\t\t\t\t\t\t>Suscr\u00edbete<\/a>\n\t\t\t\t\t\t\t<\/div>\n\n\t\t\t\t\t<\/div>\n\n\t\t\t\t\t<img decoding=\"async\" width=\"1440\" height=\"810\" src=\"https:\/\/www.sage.com\/es-es\/blog\/wp-content\/uploads\/sites\/8\/2022\/04\/GettyImages-1171960556-1440x810.jpg\" class=\"single-cta__image\" alt=\"Sage\" loading=\"lazy\" srcset=\"https:\/\/www.sage.com\/es-es\/blog\/wp-content\/uploads\/sites\/8\/2022\/04\/GettyImages-1171960556-1440x810.jpg 1440w\" sizes=\"auto, (min-width: 48em) 33vw, 100vw\" \/>\t\t\t<\/div>\n<\/div>\n\n<section class=\"more-topics alignfull has-grey-light-background-color wp-block-sage-post-topics\">\n\t<div class=\"container\">\n\t\t<div class=\"row\">\n\t\t\t<div class=\"col col-12 col-lg-4\">\n\t\t\t\t<h3 class=\"more-topics__title h2\">Encuentra m\u00e1s art\u00edculos sobre estas tem\u00e1ticas<\/h3>\n\t\t\t<\/div>\n\t\t\t<div class=\"col col-12 col-lg-8\">\n\t\t\t\t<ul class=\"post-tags__list\">\n\t\t\t\t\t\t\t\t\t\t\t<li class=\"post-tags__item\">\n\t\t\t\t\t\t\t<a href=\"https:\/\/www.sage.com\/es-es\/blog\/tag\/gestion-empresarial\/\" class=\"post-tags__link button button--secondary\">\n\t\t\t\t\t\t\t\tGesti\u00f3n empresarial\t\t\t\t\t\t\t<\/a>\n\t\t\t\t\t\t<\/li>\n\t\t\t\t\t\t\t\t\t\t\t<li class=\"post-tags__item\">\n\t\t\t\t\t\t\t<a href=\"https:\/\/www.sage.com\/es-es\/blog\/tag\/seguridad-social\/\" class=\"post-tags__link button button--secondary\">\n\t\t\t\t\t\t\t\tSeguridad social\t\t\t\t\t\t\t<\/a>\n\t\t\t\t\t\t<\/li>\n\t\t\t\t\t\t\t\t\t\t\t<li class=\"post-tags__item\">\n\t\t\t\t\t\t\t<a href=\"https:\/\/www.sage.com\/es-es\/blog\/tag\/sociedades\/\" class=\"post-tags__link button button--secondary\">\n\t\t\t\t\t\t\t\tSociedades\t\t\t\t\t\t\t<\/a>\n\t\t\t\t\t\t<\/li>\n\t\t\t\t\t\t\t\t\t<\/ul>\n\t\t\t<\/div>\n\t\t<\/div>\n\t<\/div>\n<\/section>\n\n<div class=\"alignfull wp-block-sage-related-posts\">\n\t<section class=\"related-posts card-grid has-dark-background-color\">\n\t<div class=\"container\">\n\t\t\t\t\t<div class=\"row\">\n\t\t\t\t<div class=\"col\">\n\t\t\t\t\t<h2 class=\"related-posts__heading related-posts__heading--featured h1\">Encuentra m\u00e1s consejos<\/h2>\n\t\t\t\t<\/div>\n\t\t\t<\/div>\n\n\t\t\t<div class=\"row related-posts__featured\">\n\t\t\t\t<div class=\"col card-grid__item\">\n\t\t\t\t\t<article\n\t\tclass=\"card-post related-post related-post-0 post-6454 post type-post status-publish format-standard has-post-thumbnail hentry category-asesorias-despachos-profesionales tag-asesorias-y-despachos-profesionales tag-gestion-empresarial tag-impuesto-de-sociedades business_type-asesorias-despachos-profesionales card-post--is-clickable\"\n>\n\t<div class=\"card-post__media-wrapper\">\n\t\t<figure class=\"card-post__media\">\n\t\t\t\t\t\t\t<img decoding=\"async\" width=\"1440\" height=\"810\" src=\"https:\/\/www.sage.com\/es-es\/blog\/wp-content\/uploads\/sites\/8\/2022\/04\/GettyImages-1300507545-1440x810.jpg\" class=\"card-post__image\" alt=\"Chica revisando en una tablet\" loading=\"lazy\" srcset=\"https:\/\/www.sage.com\/es-es\/blog\/wp-content\/uploads\/sites\/8\/2022\/04\/GettyImages-1300507545-684x384.jpg 684w, https:\/\/www.sage.com\/es-es\/blog\/wp-content\/uploads\/sites\/8\/2022\/04\/GettyImages-1300507545-768x432.jpg 768w, https:\/\/www.sage.com\/es-es\/blog\/wp-content\/uploads\/sites\/8\/2022\/04\/GettyImages-1300507545-1440x810.jpg 1440w\" sizes=\"auto, (min-width: 48em) 250px, (min-width: 30em) 100vw, 100vw\" \/>\t\t\t\n\t\t\t\n\t\t\t\t\t<\/figure>\n\t<\/div>\n\n\t<div class=\"card-post__content\">\n\t\t\t\t\t<div class=\"card-post__label\">Recomendado<\/div>\n\t\t\n\t\t\t\t\t<div class=\"card-post__meta\">\n\t\t\t\t\t\t\t\t\t\t\t\t\t\t\t\t\t\t\t<span class=\"card-post__meta-text\"><span class=\"posted-on \"><time class=\"entry-date published\" datetime=\"2026-07-14T15:59:58+02:00\">14 julio, 2026<\/time><\/span><\/span>\n\t\t\t\t\t\t\t\t\t\t\t<span class=\"card-post__meta-text\"><span class=\"reading-time\">19 minutos de lectura<\/span><\/span>\n\t\t\t\t\t\t\t\t\t\t\t\t<\/div>\n\t\t\n\t\t<p class=\"card-post__title h3\">\n\t\t\t\t\t\t\t<a\n\t\t\t\t\tclass=\"card-post__title-link\"\n\t\t\t\t\thref=\"https:\/\/www.sage.com\/es-es\/blog\/conoce-el-impuesto-de-sociedades-con-el-ebook-gratuito-de-sage\/\"\n\t\t\t\t>\n\t\t\t\n\t\t\tImpuesto sobre Sociedades 2026: Plazos, tipos y claves para presentar el modelo 200\n\t\t\t\t\t\t\t<\/a>\n\t\t\t\t\t<\/p>\n\n\t\t\n\t\t\t\t\t<p class=\"card-post__description\">\n\t\t\t\tLa campa\u00f1a del Impuesto sobre Sociedades de 2026 corresponde, con car\u00e1cter general, al ejercicio 2025. Revisa los plazos, tipos, modelos y novedades antes de presentar el modelo 200.\t\t\t<\/p>\n\t\t\n\t\t\t<\/div>\n\n\t<\/article>\n\t\t\t\t<\/div>\n\t\t\t<\/div>\n\t\t\n\t\t\t\t\t<div class=\"row related-posts__non-featured\">\n\t\t\t\t<div class=\"col col-12\">\n\t\t\t\t\t<h2 class=\"related-posts__heading related-posts__heading--more h4\">M\u00e1s sobre esta tem\u00e1tica<\/h2>\n\t\t\t\t<\/div>\n\n\t\t\t\t\n\t\t\t\t\t<div class=\"col col-6 col-lg-3 card-grid__item\">\n\t\t\t\t\t\t<article\n\t\tclass=\"card-post related-post related-post-1 post-38120 post type-post status-publish format-standard has-post-thumbnail hentry category-asesorias-despachos-profesionales tag-asesorias-y-despachos-profesionales tag-fiscalidad tag-impuesto-de-sociedades tag-iva tag-sociedades business_type-asesorias-despachos-profesionales\"\n>\n\t\t\t<a\n\t\t\tclass=\"card-post__link\"\n\t\t\thref=\"https:\/\/www.sage.com\/es-es\/blog\/julio-fiscal-despacho-iva-sociedades-control\/\"\n\t\t\t\t\t>\n\t\t\t<figure class=\"card-post__media\">\n\t\t\t\t\t\t\t<img decoding=\"async\" width=\"684\" height=\"384\" src=\"https:\/\/www.sage.com\/es-es\/blog\/wp-content\/uploads\/sites\/8\/2024\/03\/Sage_BrandShootNC_Feb2024_Accountants_0233-684x384.jpg\" class=\"card-post__image\" alt=\"Mujer hablando con su asesora profesional.\" loading=\"lazy\" srcset=\"https:\/\/www.sage.com\/es-es\/blog\/wp-content\/uploads\/sites\/8\/2024\/03\/Sage_BrandShootNC_Feb2024_Accountants_0233-684x384.jpg 684w, https:\/\/www.sage.com\/es-es\/blog\/wp-content\/uploads\/sites\/8\/2024\/03\/Sage_BrandShootNC_Feb2024_Accountants_0233-768x512.jpg 768w, https:\/\/www.sage.com\/es-es\/blog\/wp-content\/uploads\/sites\/8\/2024\/03\/Sage_BrandShootNC_Feb2024_Accountants_0233-1215x810.jpg 1215w\" sizes=\"auto, (min-width: 48em) 250px, (min-width: 30em) 100vw, 100vw\" \/>\t\t\t\n\t\t\t\n\t\t\t\t\t<\/figure>\n\n\t\t\n\t\t\t\t\t<div class=\"card-post__meta\">\n\t\t\t\t\t\t\t\t\t\t\t\t\t\t\t\t\t\t\t\t\t\t\t\t\t\t<span class=\"card-post__meta-text\"><span class=\"posted-on \"><time class=\"entry-date published\" datetime=\"2026-07-06T13:53:28+02:00\">6 julio, 2026<\/time><\/span><\/span>\n\t\t\t\t\t\t\t\t\t\t\t\t\t\t\t\t\t\t\t\t\t\t\t\t<span class=\"card-post__meta-text\"><span class=\"reading-time\">10 minutos de lectura<\/span><\/span>\n\t\t\t\t\t\t\t\t\t\t\t\t\t\t\t\t\t\t<\/div>\n\t\t\n\t\t<p class=\"card-post__title h5\">\n\t\t\tJulio fiscal en el despacho: C\u00f3mo afrontar IVA y Sociedades sin perder el control\t\t<\/p>\n\n\t\t\t<\/a>\n\t\n\t\n\t\t\n\t\n\t<\/article>\n\t\t\t\t\t<\/div>\n\t\t\t\t\n\t\t\t\t\t<div class=\"col col-6 col-lg-3 card-grid__item\">\n\t\t\t\t\t\t<article\n\t\tclass=\"card-post related-post related-post-2 post-17747 post type-post status-publish format-standard has-post-thumbnail hentry category-asesorias-despachos-profesionales tag-asesorias-y-despachos-profesionales tag-autonomos tag-emprendedores tag-seguridad-social business_type-pequena-empresa business_type-asesorias-despachos-profesionales\"\n>\n\t\t\t<a\n\t\t\tclass=\"card-post__link\"\n\t\t\thref=\"https:\/\/www.sage.com\/es-es\/blog\/bases-de-cotizacion-minimas-y-maximas-para-autonomos-que-podemos-esperar\/\"\n\t\t\t\t\t>\n\t\t\t<figure class=\"card-post__media\">\n\t\t\t\t\t\t\t<img decoding=\"async\" width=\"684\" height=\"384\" src=\"https:\/\/www.sage.com\/es-es\/blog\/wp-content\/uploads\/sites\/8\/2023\/09\/GettyImages-1163568066-684x384.jpg\" class=\"card-post__image\" alt=\"Compa\u00f1eras de trabajo revisando temas en la oficina\" loading=\"lazy\" srcset=\"https:\/\/www.sage.com\/es-es\/blog\/wp-content\/uploads\/sites\/8\/2023\/09\/GettyImages-1163568066-684x384.jpg 684w, https:\/\/www.sage.com\/es-es\/blog\/wp-content\/uploads\/sites\/8\/2023\/09\/GettyImages-1163568066-768x512.jpg 768w, https:\/\/www.sage.com\/es-es\/blog\/wp-content\/uploads\/sites\/8\/2023\/09\/GettyImages-1163568066-1215x810.jpg 1215w\" sizes=\"auto, (min-width: 48em) 250px, (min-width: 30em) 100vw, 100vw\" \/>\t\t\t\n\t\t\t\n\t\t\t\t\t<\/figure>\n\n\t\t\n\t\t\t\t\t<div class=\"card-post__meta\">\n\t\t\t\t\t\t\t\t\t\t\t\t\t\t\t\t\t\t\t\t\t\t\t\t\t\t<span class=\"card-post__meta-text\"><span class=\"posted-on \"><time class=\"entry-date published\" datetime=\"2026-03-26T15:23:03+01:00\">26 marzo, 2026<\/time><\/span><\/span>\n\t\t\t\t\t\t\t\t\t\t\t\t\t\t\t\t\t\t\t\t\t\t\t\t<span class=\"card-post__meta-text\"><span class=\"reading-time\">8 minutos de lectura<\/span><\/span>\n\t\t\t\t\t\t\t\t\t\t\t\t\t\t\t\t\t\t<\/div>\n\t\t\n\t\t<p class=\"card-post__title h5\">\n\t\t\tBases de cotizaci\u00f3n de aut\u00f3nomos en 2026: Tramos, cambios y qu\u00e9 puedes esperar\t\t<\/p>\n\n\t\t\t<\/a>\n\t\n\t\n\t\t\n\t\n\t<\/article>\n\t\t\t\t\t<\/div>\n\t\t\t\t\n\t\t\t\t\t<div class=\"col col-6 col-lg-3 card-grid__item\">\n\t\t\t\t\t\t<article\n\t\tclass=\"card-post related-post related-post-3 post-21483 post type-post status-publish format-standard has-post-thumbnail hentry category-finanzas tag-autonomos tag-emprendedores tag-seguridad-social business_type-pequena-empresa\"\n>\n\t\t\t<a\n\t\t\tclass=\"card-post__link\"\n\t\t\thref=\"https:\/\/www.sage.com\/es-es\/blog\/obligaciones-autonomos-declaracion-ingresos-reales-seguridad-social\/\"\n\t\t\t\t\t>\n\t\t\t<figure class=\"card-post__media\">\n\t\t\t\t\t\t\t<img decoding=\"async\" width=\"684\" height=\"384\" src=\"https:\/\/www.sage.com\/es-es\/blog\/wp-content\/uploads\/sites\/8\/2022\/04\/GettyImages-527862202-684x384.jpg\" class=\"card-post__image\" alt=\"Sage\" loading=\"lazy\" srcset=\"https:\/\/www.sage.com\/es-es\/blog\/wp-content\/uploads\/sites\/8\/2022\/04\/GettyImages-527862202-684x384.jpg 684w, https:\/\/www.sage.com\/es-es\/blog\/wp-content\/uploads\/sites\/8\/2022\/04\/GettyImages-527862202-768x432.jpg 768w, https:\/\/www.sage.com\/es-es\/blog\/wp-content\/uploads\/sites\/8\/2022\/04\/GettyImages-527862202-1440x810.jpg 1440w\" sizes=\"auto, (min-width: 48em) 250px, (min-width: 30em) 100vw, 100vw\" \/>\t\t\t\n\t\t\t\n\t\t\t\t\t<\/figure>\n\n\t\t\n\t\t\t\t\t<div class=\"card-post__meta\">\n\t\t\t\t\t\t\t\t\t\t\t\t\t\t\t\t\t\t\t\t\t\t\t\t\t\t<span class=\"card-post__meta-text\"><span class=\"posted-on \"><time class=\"entry-date published\" datetime=\"2026-03-19T16:44:04+01:00\">19 marzo, 2026<\/time><\/span><\/span>\n\t\t\t\t\t\t\t\t\t\t\t\t\t\t\t\t\t\t\t\t\t\t\t\t<span class=\"card-post__meta-text\"><span class=\"reading-time\">9 minutos de lectura<\/span><\/span>\n\t\t\t\t\t\t\t\t\t\t\t\t\t\t\t\t\t\t<\/div>\n\t\t\n\t\t<p class=\"card-post__title h5\">\n\t\t\tObligaciones de los aut\u00f3nomos con la Seguridad Social: Qu\u00e9 debes tener en cuenta\t\t<\/p>\n\n\t\t\t<\/a>\n\t\n\t\n\t\t\n\t\n\t<\/article>\n\t\t\t\t\t<\/div>\n\t\t\t\t\n\t\t\t\t\t<div class=\"col col-6 col-lg-3 card-grid__item\">\n\t\t\t\t\t\t<article\n\t\tclass=\"card-post related-post related-post-4 post-17684 post type-post status-publish format-standard has-post-thumbnail hentry category-asesorias-despachos-profesionales tag-asesorias-y-despachos-profesionales tag-autonomos tag-recursos-humanos tag-seguridad-social business_type-asesorias-despachos-profesionales\"\n>\n\t\t\t<a\n\t\t\tclass=\"card-post__link\"\n\t\t\thref=\"https:\/\/www.sage.com\/es-es\/blog\/las-cotizaciones-a-la-seguridad-social-conceptos-bases-y-porcentajes\/\"\n\t\t\t\t\t>\n\t\t\t<figure class=\"card-post__media\">\n\t\t\t\t\t\t\t<img decoding=\"async\" width=\"684\" height=\"384\" src=\"https:\/\/www.sage.com\/es-es\/blog\/wp-content\/uploads\/sites\/8\/2025\/06\/BrandShootSA_Apr2022_Finance_1318-low-684x384.jpg\" class=\"card-post__image\" alt=\"Despacho de abogados trabajando\" loading=\"lazy\" srcset=\"https:\/\/www.sage.com\/es-es\/blog\/wp-content\/uploads\/sites\/8\/2025\/06\/BrandShootSA_Apr2022_Finance_1318-low-684x384.jpg 684w, https:\/\/www.sage.com\/es-es\/blog\/wp-content\/uploads\/sites\/8\/2025\/06\/BrandShootSA_Apr2022_Finance_1318-low-768x512.jpg 768w, https:\/\/www.sage.com\/es-es\/blog\/wp-content\/uploads\/sites\/8\/2025\/06\/BrandShootSA_Apr2022_Finance_1318-low-1215x810.jpg 1215w\" sizes=\"auto, (min-width: 48em) 250px, (min-width: 30em) 100vw, 100vw\" \/>\t\t\t\n\t\t\t\n\t\t\t\t\t<\/figure>\n\n\t\t\n\t\t\t\t\t<div class=\"card-post__meta\">\n\t\t\t\t\t\t\t\t\t\t\t\t\t\t\t\t\t\t\t\t\t\t\t\t\t\t<span class=\"card-post__meta-text\"><span class=\"posted-on \"><time class=\"entry-date published\" datetime=\"2026-03-16T12:37:13+01:00\">16 marzo, 2026<\/time><\/span><\/span>\n\t\t\t\t\t\t\t\t\t\t\t\t\t\t\t\t\t\t\t\t\t\t\t\t<span class=\"card-post__meta-text\"><span class=\"reading-time\">10 minutos de lectura<\/span><\/span>\n\t\t\t\t\t\t\t\t\t\t\t\t\t\t\t\t\t\t<\/div>\n\t\t\n\t\t<p class=\"card-post__title h5\">\n\t\t\tLas cotizaciones a la Seguridad Social en 2026: Conceptos, bases y porcentajes\t\t<\/p>\n\n\t\t\t<\/a>\n\t\n\t\n\t\t\n\t\n\t<\/article>\n\t\t\t\t\t<\/div>\n\t\t\t\t\t\t\t<\/div>\n\t\t\t<\/div>\n<\/section>\n<\/div>\n","protected":false},"excerpt":{"rendered":"<p>Siguiendo con nuestro apartado de Sage Responde, tenemos un par de consultas relativas a socios trabajadores y a la titularidad y administraci\u00f3n de una empresa compatibilizando la actividad empresarial y funcionario. Buenos d\u00edas, mi duda es la siguiente: Yo estoy trabajando en una empresa como contable, y por unas circunstancias queremos crear una empresa de [&hellip;]<\/p>\n","protected":false},"author":235,"featured_media":18720,"comment_status":"open","ping_status":"closed","sticky":false,"template":"","format":"standard","meta":{"_yoast_wpseo_is_cornerstone":"","_yoast_wpseo_meta-robots-noindex":"","_yoast_wpseo_meta-robots-nofollow":"","_yoast_wpseo_opengraph-title":"","_yoast_wpseo_opengraph-description":"","_yoast_wpseo_opengraph-image":"","_yoast_wpseo_opengraph-image-id":"","_yoast_wpseo_twitter-title":"","_yoast_wpseo_twitter-description":"","_yoast_wpseo_twitter-image":"","_yoast_wpseo_twitter-image-id":"","_yoast_wpseo_schema_page_type":"","_yoast_wpseo_schema_article_type":"","_sage_video":false,"_yoast_wpseo_focuskeywords":"","_yoast_wpseo_keywordsynonyms":"","_yoast_wpseo_primary_category":"6","post_featured_image_hide":false,"sage_hide_published_date":false,"sage_hide_read_time":false,"sage_hide_share_buttons":false,"_pwl_sage_podcast_buzzsprout_src":"","footnotes":""},"categories":[6],"tags":[37,123,208],"business_type":[10,8],"lilypad":[],"context":[],"industry":[],"persona":[],"imagine_tag":[],"coauthors":[395],"class_list":["post-4408","post","type-post","status-publish","format-standard","has-post-thumbnail","hentry","category-legal","tag-gestion-empresarial","tag-seguridad-social","tag-sociedades","business_type-pequena-empresa","business_type-asesorias-despachos-profesionales"],"sage_meta":{"region":"es-es","author_name":"Remo","featured_image":"https:\/\/www.sage.com\/es-es\/blog\/wp-content\/uploads\/sites\/8\/2021\/08\/GettyImages-879258484-OK.jpg","imagine_tags":[]},"distributor_meta":false,"distributor_terms":false,"distributor_media":false,"distributor_original_site_name":"Sage Advice Espa\u00f1a","distributor_original_site_url":"https:\/\/www.sage.com\/es-es\/blog","push-errors":false,"_links":{"self":[{"href":"https:\/\/www.sage.com\/es-es\/blog\/api\/wp\/v2\/posts\/4408","targetHints":{"allow":["GET"]}}],"collection":[{"href":"https:\/\/www.sage.com\/es-es\/blog\/api\/wp\/v2\/posts"}],"about":[{"href":"https:\/\/www.sage.com\/es-es\/blog\/api\/wp\/v2\/types\/post"}],"author":[{"embeddable":true,"href":"https:\/\/www.sage.com\/es-es\/blog\/api\/wp\/v2\/users\/235"}],"replies":[{"embeddable":true,"href":"https:\/\/www.sage.com\/es-es\/blog\/api\/wp\/v2\/comments?post=4408"}],"version-history":[{"count":0,"href":"https:\/\/www.sage.com\/es-es\/blog\/api\/wp\/v2\/posts\/4408\/revisions"}],"wp:featuredmedia":[{"embeddable":true,"href":"https:\/\/www.sage.com\/es-es\/blog\/api\/wp\/v2\/media\/18720"}],"wp:attachment":[{"href":"https:\/\/www.sage.com\/es-es\/blog\/api\/wp\/v2\/media?parent=4408"}],"wp:term":[{"taxonomy":"category","embeddable":true,"href":"https:\/\/www.sage.com\/es-es\/blog\/api\/wp\/v2\/categories?post=4408"},{"taxonomy":"post_tag","embeddable":true,"href":"https:\/\/www.sage.com\/es-es\/blog\/api\/wp\/v2\/tags?post=4408"},{"taxonomy":"business_type","embeddable":true,"href":"https:\/\/www.sage.com\/es-es\/blog\/api\/wp\/v2\/business_type?post=4408"},{"taxonomy":"lilypad","embeddable":true,"href":"https:\/\/www.sage.com\/es-es\/blog\/api\/wp\/v2\/lilypad?post=4408"},{"taxonomy":"context","embeddable":true,"href":"https:\/\/www.sage.com\/es-es\/blog\/api\/wp\/v2\/context?post=4408"},{"taxonomy":"industry","embeddable":true,"href":"https:\/\/www.sage.com\/es-es\/blog\/api\/wp\/v2\/industry?post=4408"},{"taxonomy":"persona","embeddable":true,"href":"https:\/\/www.sage.com\/es-es\/blog\/api\/wp\/v2\/persona?post=4408"},{"taxonomy":"imagine_tag","embeddable":true,"href":"https:\/\/www.sage.com\/es-es\/blog\/api\/wp\/v2\/imagine_tag?post=4408"},{"taxonomy":"author","embeddable":true,"href":"https:\/\/www.sage.com\/es-es\/blog\/api\/wp\/v2\/coauthors?post=4408"}],"curies":[{"name":"wp","href":"https:\/\/api.w.org\/{rel}","templated":true}]}}