{"id":4419,"date":"2011-05-06T08:28:07","date_gmt":"2011-05-06T08:28:07","guid":{"rendered":"https:\/\/www.sage.com\/es-es\/blog\/renta-2010-tributacion-del-pago-unico-en-emprendedores-y-deduccion-por-mantenimiento-de-empleo\/"},"modified":"2026-02-04T20:54:07","modified_gmt":"2026-02-04T19:54:07","slug":"renta-2010-tributacion-del-pago-unico-en-emprendedores-y-deduccion-por-mantenimiento-de-empleo","status":"publish","type":"post","link":"https:\/\/www.sage.com\/es-es\/blog\/renta-2010-tributacion-del-pago-unico-en-emprendedores-y-deduccion-por-mantenimiento-de-empleo\/","title":{"rendered":"Renta 2010: tributaci\u00f3n del pago \u00fanico en emprendedores y deducci\u00f3n por mantenimiento de empleo"},"content":{"rendered":"<header class=\"entry-header has-dark-background-color entry-header--has-illustration entry-header--has-illustration--generic\">\n\t<div class=\"container\">\n\t\t<div class=\"entry-header__row row align-center\">\n\t\t\t<div class=\"col col-lg-7 col-xlg-6 entry-header__content\">\n\t\t\t\t\t\t\t<div class=\"component component-single-header\">\n\t\t\t\t\t\t\t\t\t\t<div class=\"entry-header__misc text--subtitle text--uppercase text--small\">\n\t\t\t\t\t\t\t<a href=\"https:\/\/www.sage.com\/es-es\/blog\/categoria\/legal\/\" class=\"entry-header__link\">Legal<\/a>\t\t\t\t\t\t<\/div>\n\t\t\t\t\n\t\t\t\t<div class=\"entry-title-wrapper\">\n\t\t\t\t\t<h1 class=\"entry-title\">\n\t\t\t\t\t\tRenta 2010: tributaci\u00f3n del pago \u00fanico en emprendedores y deducci\u00f3n por mantenimiento de empleo\t\t\t\t\t<\/h1>\n\t\t\t\t<\/div>\n\n\t\t\t\t\t\t\t\t\t<p class=\"entry-header__description\">\n\t\t\t\t\t\t\t\t\t\t\t<\/p>\n\t\t\t\t\n\t\t\t\t\n\t\t\t\t\n\t\t\t<\/div>\n\n\t\t\t\t\t<\/div>\n\t\t\t\t\t<\/div>\n\t<\/div>\n\t<div class=\"single-post-details container\">\n\t\t<div class=\"col\">\n\t\t\t<span class=\"posted-on \"><time class=\"entry-date published\" datetime=\"2011-05-06T08:28:07+02:00\">6 May, 2011<\/time><\/span><span class=\"reading-time\"> minutos de lectura<\/span>\n\t\t<button\n\t\t\ttype=\"button\"\n\t\t\tclass=\"social-share-button button button--icon button--secondary js-social-share-button\"\n\t\t\tdata-share-title=\"Renta 2010: tributaci\u00f3n del pago \u00fanico en emprendedores y deducci\u00f3n por mantenimiento de empleo\"\n\t\t\tdata-share-url=\"https:\/\/www.sage.com\/es-es\/blog\/renta-2010-tributacion-del-pago-unico-en-emprendedores-y-deduccion-por-mantenimiento-de-empleo\/\"\n\t\t\tdata-share-text=\"Please read this interesting article\"\n\t\t>\n\t\t\t<span class=\"social-share-button__share-label\">Compartir<\/span>\n\t\t\t<span class=\"social-share-button__copy-label\" hidden>Copiar enlace<\/span>\n\t\t\t<span class=\"social-share-button__copy-tooltip\" aria-hidden=\"true\" hidden>Copiado<\/span>\n\t\t<\/button>\n\n\t\t\t\t<\/div>\n\t<\/div>\n<\/header>\n\n\n\n<div class=\"wp-block-post-author has-dark-background-color alignfull\">\n\t<div class=\"container\">\n\t\t<div class=\"col\">\n\t\t\t\t\t\t\t<div class=\"co-authors\">\n\t\t\t\t\t\n\t\t<div class=\"entry-author-wrapper\">\n\t\t\t<a class=\"entry-author\" href=\"https:\/\/www.sage.com\/es-es\/blog\/author\/remo\/\">\n\t\t\t\t<img loading=\"lazy\" decoding=\"async\" width=\"40\" height=\"40\" src=\"https:\/\/www.sage.com\/es-es\/blog\/wp-content\/uploads\/sites\/8\/2017\/10\/Remo_400x400-350x350.jpg\" class=\"entry-author__image\" alt=\"Remo\" srcset=\"https:\/\/www.sage.com\/es-es\/blog\/wp-content\/uploads\/sites\/8\/2017\/10\/Remo_400x400-350x350.jpg 350w, https:\/\/www.sage.com\/es-es\/blog\/wp-content\/uploads\/sites\/8\/2017\/10\/Remo_400x400.jpg 400w\" sizes=\"auto, (max-width: 40px) 100vw, 40px\" \/>\t\t\t\t<span class=\"entry-author__name\">Remo<\/span>\n\t\t\t<\/a>\n\n\t\t\t\t\t<\/div>\n\n\t\t\t\t\t\t<\/div>\n\t\t\t\t\t<\/div>\n\t<\/div>\n<\/div>\n<div class=\"sage-block-classic-wrapper\">\n\n<p>Desde el pasado d\u00eda 3 podemos presentar nuestra <a href=\"https:\/\/www.sage.com\/es-es\/blog\/nueve-olvidos-que-se-pueden-cometer-al-confirmar-el-borrador-de-la-renta\/\">declaraci\u00f3n de la renta<\/a> 2010. En el caso de los aut\u00f3nomos, todos ellos est\u00e1n obligados a presentar dicha declaraci\u00f3n y para este ejercicio, <strong>tenemos dos novedades importantes a considerar<\/strong>, bien si hemos arrancado una actividad empresarial mediante la <strong>capitalizaci\u00f3n del desempleo y el pago \u00fanico <\/strong>y la segunda, si somos aut\u00f3nomos con asalariados y nos podemos beneficiar la <strong>deducci\u00f3n por el mantenimiento y creaci\u00f3n de empleo<\/strong>.<\/p>\n<p>Es importante recordar que los aut\u00f3nomos que tengan actividad profesional o empresarial, declarar\u00e1n dichos ingresos en el apartado de los rendimientos de actividades econ\u00f3micas y en funci\u00f3n del tipo de tributaci\u00f3n elegida en su actividad, tributar\u00e1n bien en estimaci\u00f3n directa (ingresos menos gastos) o bien en estimaci\u00f3n simplificada o m\u00f3dulos.<\/p>\n<p><!--more--><\/p>\n<h2>Cambios en la tributaci\u00f3n de la capitalizaci\u00f3n del desempleo<\/h2>\n<p>Los <strong>desempleados que decidieran comenzar una actividad empresarial en el a\u00f1o 2010<\/strong> mediante la capitalizaci\u00f3n del paro \u00fanico, tienen en esta declaraci\u00f3n la modificaci\u00f3n de los importes exentos en la <a href=\"https:\/\/www.sage.com\/es-es\/blog\/diccionario-empresarial\/impuesto\/\">tributaci\u00f3n<\/a>. Recordemos que el dinero que se recibe en el pago \u00fanico tributa como rendimientos del trabajo en nuestra declaraci\u00f3n de la renta.<\/p>\n<p>Para el a\u00f1o 2010, <strong>se ha elevado la cuant\u00eda exenta de tributaci\u00f3n a 15.000 euros<\/strong> desde los 12.020 euros en el caso de la capitalizaci\u00f3n del desempleo. A efectos pr\u00e1cticos, si yo he recibido 17.000 euros en concepto del pago \u00fanico para montar mi empresa, s\u00f3lo considerar\u00e9 2.000 euros como ingresos del trabajo y el resto, estar\u00e1 exento de tributaci\u00f3n.<\/p>\n<p>Para que esta exenci\u00f3n se mantenga y no tengamos que corregir nuestra declaraci\u00f3n de la renta en los pr\u00f3ximos a\u00f1os, los aut\u00f3nomos que hayan optado por este formato de capitalizaci\u00f3n del paro, tienen que <strong>mantener la actividad econ\u00f3mica durante 5 a\u00f1os<\/strong>. Por \u00faltimo, nos olvidemos que las bonificaciones que tenemos en la cotizaci\u00f3n a aut\u00f3nomos en la Seguridad Social por el resto del porcentaje del pago \u00fanico que no hemos recibido, tributan en el IRPF como rendimientos del trabajo.<\/p>\n<h2>Reducci\u00f3n por mantenimiento y creaci\u00f3n de empleo<\/h2>\n<p>En la declaraci\u00f3n de la renta del 2010 podremos aplicar una <strong>reducci\u00f3n del 20% sobre el rendimiento neto positivo<\/strong> declarado previamente minorado en su caso, por la reducci\u00f3n por rendimientos generados en m\u00e1s de 2 a\u00f1os u obtenidos de forma notoriamente irregular en el tiempo y por la reducci\u00f3n por el ejercicio de determinadas actividades econ\u00f3micas, siempre que se den los siguientes requisitos:<\/p>\n<ul>\n<li>Actividades econ\u00f3micas cuya cifra de negocios para el conjunto de actividades que realicen sea inferior a 5 millones de euros<br \/>\nPlantilla media inferior a 25 empleados<\/li>\n<li>Y se haya mantenido la cifra media de empleados o se haya aumentado el empleo desde el a\u00f1o 2009. Para que se produzca dicho aumento de plantilla, tenemos que calcular el n\u00famero medio de trabajadores de cada a\u00f1o, con el mismo m\u00e9todo que se calcula la plantilla media en el impuesto de sociedades.<\/li>\n<\/ul>\n<p>El <strong>c\u00e1lculo de plantilla media<\/strong> se realiza distinguiendo entre los trabajadores con <a href=\"https:\/\/www.sage.com\/es-es\/blog\/el-contrato-indefinido-con-tarifa-plana-contra-el-contrato-psicologico\/\">contrato indefinido y temporal<\/a> a cierre de ejercicio. Para los contratos indefinidos, calcularemos la media mensual ponderada de los trabajadores fijos por meses y dividiremos entre 12.<\/p>\n<p>Para el personal con contrato temporal que haya estado en la empresa durante el 2010, realizaremos la media semanal ponderada por cada trabajador que haya estado en plantilla durante el a\u00f1o. El resultado se redondea en dos decimales y la suma de estos dos c\u00e1lculos debe ser igual o superior a la suma de la plantilla media del a\u00f1o anterior.<\/p>\n<\/div>\n<div class=\"single-cta\">\n\t<div class=\"single-cta__positioner\">\n\t\t<div class=\"single-cta__wrapper has-dark-background-color\">\n\t\t\t<div class=\"single-cta__content\">\n\t\t\t\t\t\t\t\t<h2 class=\"single-cta__title h3\">Subscr\u00edbete a la newsletter de Sage Advice<\/h2>\n\n\t\t\t\t\t\t\t\t\t<div class=\"single-cta__description\">\n\t\t\t\t\t\t<p>Recibe nuestros consejos m\u00e1s recientes directamente en la bandeja de entrada de tu correo electr\u00f3nico.<\/p>\n\t\t\t\t\t<\/div>\n\t\t\t\t\n\t\t\t\t\t\t\t\t\t\t\t\t\t\t<a\n\t\t\t\t\t\thref=\"#gate-263a5c00-99e4-4e71-8421-469deda8e674\"\n\t\t\t\t\t\tclass=\"single-cta__button button button--primary\"\n\t\t\t\t\t\t\t\t\t\t\t\t\t\t\t\t\t>Suscr\u00edbete<\/a>\n\t\t\t\t\t\t\t<\/div>\n\n\t\t\t\t\t<\/div>\n\n\t\t\t\t\t<img decoding=\"async\" width=\"1440\" height=\"810\" src=\"https:\/\/www.sage.com\/es-es\/blog\/wp-content\/uploads\/sites\/8\/2022\/04\/GettyImages-1171960556-1440x810.jpg\" class=\"single-cta__image\" alt=\"Sage\" loading=\"lazy\" srcset=\"https:\/\/www.sage.com\/es-es\/blog\/wp-content\/uploads\/sites\/8\/2022\/04\/GettyImages-1171960556-1440x810.jpg 1440w\" sizes=\"auto, (min-width: 48em) 33vw, 100vw\" \/>\t\t\t<\/div>\n<\/div>\n","protected":false},"excerpt":{"rendered":"<p>Desde el pasado d\u00eda 3 podemos presentar nuestra declaraci\u00f3n de la renta 2010. En el caso de los aut\u00f3nomos, todos ellos est\u00e1n obligados a presentar dicha declaraci\u00f3n y para este ejercicio, tenemos dos novedades importantes a considerar, bien si hemos arrancado una actividad empresarial mediante la capitalizaci\u00f3n del desempleo y el pago \u00fanico y la [&hellip;]<\/p>\n","protected":false},"author":235,"featured_media":7519,"comment_status":"open","ping_status":"closed","sticky":false,"template":"","format":"standard","meta":{"_sage_video":false,"post_featured_image_hide":false,"footnotes":""},"categories":[6],"tags":[78,37,43],"business_type":[10,11],"lilypad":[],"context":[],"industry":[],"persona":[],"imagine_tag":[],"coauthors":[395],"class_list":["post-4419","post","type-post","status-publish","format-standard","has-post-thumbnail","hentry","category-legal","tag-deducciones","tag-gestion-empresarial","tag-irpf","business_type-pequena-empresa","business_type-mediana-empresa"],"sage_meta":{"region":"es-es","author_name":"Remo","featured_image":"https:\/\/www.sage.com\/es-es\/blog\/wp-content\/uploads\/sites\/8\/2017\/11\/eficiencia.jpg","imagine_tags":[]},"distributor_meta":false,"distributor_terms":false,"distributor_media":false,"distributor_original_site_name":"Sage Advice Espa\u00f1a","distributor_original_site_url":"https:\/\/www.sage.com\/es-es\/blog","push-errors":false,"_links":{"self":[{"href":"https:\/\/www.sage.com\/es-es\/blog\/api\/wp\/v2\/posts\/4419","targetHints":{"allow":["GET"]}}],"collection":[{"href":"https:\/\/www.sage.com\/es-es\/blog\/api\/wp\/v2\/posts"}],"about":[{"href":"https:\/\/www.sage.com\/es-es\/blog\/api\/wp\/v2\/types\/post"}],"author":[{"embeddable":true,"href":"https:\/\/www.sage.com\/es-es\/blog\/api\/wp\/v2\/users\/235"}],"replies":[{"embeddable":true,"href":"https:\/\/www.sage.com\/es-es\/blog\/api\/wp\/v2\/comments?post=4419"}],"version-history":[{"count":0,"href":"https:\/\/www.sage.com\/es-es\/blog\/api\/wp\/v2\/posts\/4419\/revisions"}],"wp:featuredmedia":[{"embeddable":true,"href":"https:\/\/www.sage.com\/es-es\/blog\/api\/wp\/v2\/media\/7519"}],"wp:attachment":[{"href":"https:\/\/www.sage.com\/es-es\/blog\/api\/wp\/v2\/media?parent=4419"}],"wp:term":[{"taxonomy":"category","embeddable":true,"href":"https:\/\/www.sage.com\/es-es\/blog\/api\/wp\/v2\/categories?post=4419"},{"taxonomy":"post_tag","embeddable":true,"href":"https:\/\/www.sage.com\/es-es\/blog\/api\/wp\/v2\/tags?post=4419"},{"taxonomy":"business_type","embeddable":true,"href":"https:\/\/www.sage.com\/es-es\/blog\/api\/wp\/v2\/business_type?post=4419"},{"taxonomy":"lilypad","embeddable":true,"href":"https:\/\/www.sage.com\/es-es\/blog\/api\/wp\/v2\/lilypad?post=4419"},{"taxonomy":"context","embeddable":true,"href":"https:\/\/www.sage.com\/es-es\/blog\/api\/wp\/v2\/context?post=4419"},{"taxonomy":"industry","embeddable":true,"href":"https:\/\/www.sage.com\/es-es\/blog\/api\/wp\/v2\/industry?post=4419"},{"taxonomy":"persona","embeddable":true,"href":"https:\/\/www.sage.com\/es-es\/blog\/api\/wp\/v2\/persona?post=4419"},{"taxonomy":"imagine_tag","embeddable":true,"href":"https:\/\/www.sage.com\/es-es\/blog\/api\/wp\/v2\/imagine_tag?post=4419"},{"taxonomy":"author","embeddable":true,"href":"https:\/\/www.sage.com\/es-es\/blog\/api\/wp\/v2\/coauthors?post=4419"}],"curies":[{"name":"wp","href":"https:\/\/api.w.org\/{rel}","templated":true}]}}